{"id":7141,"date":"2021-12-01T06:00:39","date_gmt":"2021-12-01T06:00:39","guid":{"rendered":"https:\/\/www.affinite.fr\/index.php\/2021\/12\/01\/plus-belle-la-vie-comment-marseille-sest-retrouvee-plongee-dans-le-noir-pour-le-prime-black-out-news-series-a-la-tv\/"},"modified":"2021-12-01T06:00:39","modified_gmt":"2021-12-01T06:00:39","slug":"plus-belle-la-vie-comment-marseille-sest-retrouvee-plongee-dans-le-noir-pour-le-prime-black-out-news-series-a-la-tv","status":"publish","type":"post","link":"http:\/\/www.affinite.fr\/index.php\/2021\/12\/01\/plus-belle-la-vie-comment-marseille-sest-retrouvee-plongee-dans-le-noir-pour-le-prime-black-out-news-series-a-la-tv\/","title":{"rendered":"Plus Belle la vie : comment Marseille s&rsquo;est retrouv\u00e9e plong\u00e9e dans le noir pour le prime Black-Out &#8211; News S\u00e9ries \u00e0 la TV"},"content":{"rendered":"<p> [ad_1]<br \/>\n<\/p>\n<div id=\"article-container\">\n<div class=\"author-signature\">\n<div class=\"main-author\">\n<div class=\"main-author-avatar\">\n<img decoding=\"async\" src=\"https:\/\/fr.web.img6.acsta.net\/f_png\/r_50_50\/c_50_50\/img\/5c\/0d\/5c0d97fee7846b05f77349f831fa1c69.jpg\" alt=\"Julia Fernandez\"\/>\n<\/div>\n<div class=\"main-author-info\">\n<div class=\"main-author-id\">\n<span class=\"author-link author-name isnt-clickable\">Julia Fernandez<\/span><\/p>\n<p><span class=\"separator\">&#8211;<\/span>Journaliste S\u00e9ries TV<\/p>\n<\/div>\n<p>Elev\u00e9e \u00e0 \u00ab La Trilogie du samedi \u00bb, accro aux s\u00e9ries HBO, aux sitcoms et aux dramas britanniques, elle suit avec curiosit\u00e9 et enthousiasme l\u2019\u00e9volution des s\u00e9ries fran\u00e7aises. Peu importe le genre et le format, tant que les fictions sortent des sentiers battus et aident la soci\u00e9t\u00e9 \u00e0 se raconter.<\/p>\n<\/div>\n<\/div>\n<\/div>\n<p class=\"article-lead\">Dans le prime in\u00e9dit diffus\u00e9 ce soir sur France 3, les personnages de Plus Belle la Vie se retrouvent confront\u00e9s \u00e0 une coupure d&rsquo;\u00e9lectricit\u00e9 totale, plongeant la ville dans l&rsquo;obscurit\u00e9. Comment la production a-t-elle mis en sc\u00e8ne le black-out ?<\/p>\n<div id=\"article-content\">\n<figure class=\"article-figure article-main-figure\">\n<img loading=\"lazy\" decoding=\"async\" class=\"article-figure-img\" width=\"654\" height=\"368\" src=\"https:\/\/fr.web.img2.acsta.net\/r_654_368\/newsv7\/21\/11\/26\/11\/57\/5698160.jpg\"\/><figcaption class=\"article-figcaption-copy\">Olivier MARTINO &#8211; FTV &#8211; TELFRANCE<\/figcaption><\/figure>\n<p>Dans \u00ab\u00a0Black-Out\u00a0\u00bb, le nouveau prime in\u00e9dit de\u00a0<a title=\"Plus belle la vie (France) (Drame,Soap)\" href=\"http:\/\/www.allocine.fr\/series\/ficheserie_gen_cserie=322.html\">Plus Belle la vie<\/a> diffus\u00e9 ce soir sur France 3, les habitants du Mistral se retrouvent plong\u00e9s dans le noir \u00e0 la suite d&rsquo;une panne d&rsquo;\u00e9lectricit\u00e9 g\u00e9ante frappant le pays, et vont devoir s&rsquo;organiser pour survivre sans courant.<\/p>\n<p>L\u00e9a (<span\/><a href=\"\/\/www.allocine.fr\/personne\/fichepersonne_gen_cpersonne=764399.html\" title=\"Marie Hennerez (France) (Acteur)\">Marie Hennerez<\/a><span>)<\/span>, sur le point d&rsquo;accoucher, se retrouve prise au pi\u00e8ge d&rsquo;une cabine t\u00e9l\u00e9ph\u00e9rique avec No\u00e9 (<span\/><a href=\"\/\/www.allocine.fr\/personne\/fichepersonne_gen_cpersonne=941845.html\" title=\"Florian Lesieur (France)\">Florian Lesieur<\/a>), Bilal (<span\/><a href=\"\/\/www.allocine.fr\/personne\/fichepersonne_gen_cpersonne=893739.html\" title=\"Kjel Bennett (France) (Acteur)\">Kjel Bennett<\/a>)<span>\u00a0<\/span>et Betty (<span\/><a href=\"\/\/www.allocine.fr\/personne\/fichepersonne_gen_cpersonne=949084.html\" title=\"Horya Benabet (France) (Acteur)\">Horya Benabet<\/a>), tandis que Jean-Paul (<a href=\"\/\/www.allocine.fr\/personne\/fichepersonne_gen_cpersonne=177874.html\" title=\"St\u00e9phane Henon (France) (Acteur,Sc\u00e9nariste,R\u00e9alisateur)\">St\u00e9phane H\u00e9non<\/a>), qui se rendait \u00e0 sa c\u00e9r\u00e9monie de remise de galons de capitaine, doit g\u00e9rer une situation de crise sans pr\u00e9c\u00e9dent.<\/p>\n<p>Dans ce prime qui mettra en avant la solidarit\u00e9 et l&rsquo;entraide des Mistraliens, de nombreuses sc\u00e8nes de chaos dans les rues de la ville ont du \u00eatre tourn\u00e9es, ainsi que plusieurs s\u00e9quences o\u00f9 la ville se retrouve plong\u00e9e dans le noir total au moment o\u00f9 la panne de courant a lieu.<\/p>\n<p>Afin de mettre en sc\u00e8ne ce black-out de mani\u00e8re spectaculaire, la production de Plus Belle la vie a du relever un d\u00e9fi de taille. A cet effet, l&rsquo;\u00e9quipe technique a sollicit\u00e9 la mairie de Marseille pour \u00f4ter les \u00e9clairages des rues en privant de courant un quartier entier de la cit\u00e9 phoc\u00e9enne !<\/p>\n<p>Selon les propos de la r\u00e9alisatrice,\u00a0<a title=\"Marion Lallier (France) (1er assistant r\u00e9alisateur,R\u00e9alisateur)\" href=\"http:\/\/www.allocine.fr\/personne\/fichepersonne_gen_cpersonne=434918.html\">Marion Lallier<\/a>, au magazine T\u00e9l\u00e9star, la production est parvenue<i>\u00a0<\/i><i>\u00ab\u00a0\u00e0 faire \u00e9teindre les \u00e9clairages publics\u00a0\u00bb\u00a0<\/i>et<i>\u00a0\u00ab\u00a0<\/i><i>\u00e0 couper le courant dans tout un quartier<\/i><i>\u00a0pour le tournage de deux sc\u00e8nes strat\u00e9giques<\/i>\u00a0\u00bb\u00a0avec l&rsquo;aide de la municipalit\u00e9.<\/p>\n<p>Le r\u00e9sultat ? Une restitution pour le moins r\u00e9aliste et post-apocalyptique d&rsquo;une crise \u00e9nerg\u00e9tique qui semble de plus en plus vraisemblable face aux diff\u00e9rentes pannes de courants g\u00e9antes qui se succ\u00e8dent ces derniers mois dans le pays.<\/p>\n<p><span>A la suite du prime, comme \u00e0 l&rsquo;accoutum\u00e9e, France 3 diffuse \u00e0 22h35 un nouveau num\u00e9ro du reportage <i>Les Secrets de Plus Belle la vie<\/i>, mettant en avant des t\u00e9moignages r\u00e9els de personnes ayant v\u00e9cu des situations similaires \u00e0 celles des h\u00e9ros de la quotidienne.\u00a0<\/span><\/p>\n<\/div>\n<\/div>\n<p>[ad_2]<br \/>\n<br \/><a href=\"http:\/\/www.allocine.fr\/article\/fichearticle_gen_carticle=18704722.html\">Source link <\/a><\/p>\n","protected":false},"excerpt":{"rendered":"<p>[ad_1] Julia Fernandez &#8211;Journaliste S\u00e9ries TV Elev\u00e9e \u00e0 \u00ab La Trilogie du samedi \u00bb, accro aux s\u00e9ries HBO, aux sitcoms &hellip; <a href=\"http:\/\/www.affinite.fr\/index.php\/2021\/12\/01\/plus-belle-la-vie-comment-marseille-sest-retrouvee-plongee-dans-le-noir-pour-le-prime-black-out-news-series-a-la-tv\/\" class=\"more-link\">Plus <span class=\"screen-reader-text\">Plus Belle la vie : comment Marseille s&rsquo;est retrouv\u00e9e plong\u00e9e dans le noir pour le prime Black-Out &#8211; News S\u00e9ries \u00e0 la TV<\/span> <span class=\"meta-nav\">&rarr;<\/span><\/a><\/p>\n","protected":false},"author":1,"featured_media":7142,"comment_status":"open","ping_status":"open","sticky":false,"template":"","format":"standard","meta":{"_sitemap_exclude":false,"_sitemap_priority":"","_sitemap_frequency":"","footnotes":""},"categories":[1],"tags":[],"class_list":["post-7141","post","type-post","status-publish","format-standard","has-post-thumbnail","hentry","category-tous"],"_links":{"self":[{"href":"http:\/\/www.affinite.fr\/index.php\/wp-json\/wp\/v2\/posts\/7141"}],"collection":[{"href":"http:\/\/www.affinite.fr\/index.php\/wp-json\/wp\/v2\/posts"}],"about":[{"href":"http:\/\/www.affinite.fr\/index.php\/wp-json\/wp\/v2\/types\/post"}],"author":[{"embeddable":true,"href":"http:\/\/www.affinite.fr\/index.php\/wp-json\/wp\/v2\/users\/1"}],"replies":[{"embeddable":true,"href":"http:\/\/www.affinite.fr\/index.php\/wp-json\/wp\/v2\/comments?post=7141"}],"version-history":[{"count":0,"href":"http:\/\/www.affinite.fr\/index.php\/wp-json\/wp\/v2\/posts\/7141\/revisions"}],"wp:featuredmedia":[{"embeddable":true,"href":"http:\/\/www.affinite.fr\/index.php\/wp-json\/wp\/v2\/media\/7142"}],"wp:attachment":[{"href":"http:\/\/www.affinite.fr\/index.php\/wp-json\/wp\/v2\/media?parent=7141"}],"wp:term":[{"taxonomy":"category","embeddable":true,"href":"http:\/\/www.affinite.fr\/index.php\/wp-json\/wp\/v2\/categories?post=7141"},{"taxonomy":"post_tag","embeddable":true,"href":"http:\/\/www.affinite.fr\/index.php\/wp-json\/wp\/v2\/tags?post=7141"}],"curies":[{"name":"wp","href":"https:\/\/api.w.org\/{rel}","templated":true}]}}