{"id":7139,"date":"2021-11-30T18:42:54","date_gmt":"2021-11-30T18:42:54","guid":{"rendered":"https:\/\/www.affinite.fr\/index.php\/2021\/11\/30\/un-pere-de-famille-accuse-davoir-tue-ses-quatre-enfants\/"},"modified":"2021-11-30T18:42:54","modified_gmt":"2021-11-30T18:42:54","slug":"un-pere-de-famille-accuse-davoir-tue-ses-quatre-enfants","status":"publish","type":"post","link":"http:\/\/www.affinite.fr\/index.php\/2021\/11\/30\/un-pere-de-famille-accuse-davoir-tue-ses-quatre-enfants\/","title":{"rendered":"Un p\u00e8re de famille, accus\u00e9 d&rsquo;avoir tu\u00e9 ses quatre\u00a0enfants"},"content":{"rendered":"<p> [ad_1]<br \/>\n<br \/><img decoding=\"async\" src=\"https:\/\/img-3.journaldesfemmes.fr\/Bzgq3JJj-x6ecv-JlMPEOKYxkzE=\/1280x\/smart\/a1f05095389749f1bfdf5aebd8295fde\/ccmcms-jdf\/29903810.jpg\" \/><\/p>\n<p>\n                Un p\u00e8re de famille est soup\u00e7onn\u00e9 d&rsquo;avoir abattu ses quatre enfants, dont l&rsquo;a\u00een\u00e9 avait 12\u00a0ans, et leur grand-m\u00e8re.            <\/p>\n<div>\n<p><strong>Macabre d\u00e9couverte. <\/strong>Cinq membres d&rsquo;une famille ont \u00e9t\u00e9 retrouv\u00e9s morts\u00a0dimanche 28\u00a0novembre \u00e0 Lancaster, un quartier calme du nord de Los Angeles, rapporte le journal am\u00e9ricain<em>\u00a0Los<\/em>\u00a0<em>Angeles Time<\/em>. La police aurait \u00e9t\u00e9 alert\u00e9e par le voisinage qui avait entendu une fusillade\u00a0et une\u00a0m\u00e8re de famille hurler dans la rue: \u00ab\u00a0<em>Mes b\u00e9b\u00e9s sont morts<\/em>\u00ab\u00a0.\u00a0Lorsque les autorit\u00e9s sont arriv\u00e9es sur place vers 22h30, elles ont d\u00e9couvert\u00a0une sc\u00e8ne de crime effroyable.\u00a0<strong>Les victimes, quatre enfants et leur grand-m\u00e8re, ont\u00a0\u00e9t\u00e9 retrouv\u00e9es cribl\u00e9es de balles <\/strong>au domicile familial. Tous les cinq ont \u00e9t\u00e9 d\u00e9clar\u00e9s morts sur le coup\u00a0par les secours d\u00e9p\u00each\u00e9s sur place. Les enqu\u00eateurs ont lanc\u00e9 des recherches pour retrouver <b>le p\u00e8re de famille soup\u00e7onn\u00e9 d&rsquo;\u00eatre l&rsquo;auteur <\/b>de ces atrocit\u00e9s. <b>L&rsquo;ain\u00e9 des enfants n&rsquo;avait que 12\u00a0ans et le plus jeune \u00e9tait un nourrisson.<\/b><\/p>\n<h2>Le p\u00e8re de famille arr\u00eat\u00e9\u00a0: sa caution fix\u00e9e \u00e0 deux millions de dollars<\/h2>\n<p>Au lendemain de cette sc\u00e8ne de crime gla\u00e7ante, les services de police du comt\u00e9 de Los Angeles ont annonc\u00e9 avoir interpell\u00e9 lundi matin <strong>l&rsquo;homme recherch\u00e9 pour meurtre.<\/strong>\u00a0Germarcus David, <strong>le p\u00e8re des enfants, <\/strong>\u00e2g\u00e9 de 29 ans et\u00a0vigile de profession,<strong>\u00a0est incarc\u00e9r\u00e9<\/strong>.<strong> Sa caution est fix\u00e9e\u00a0\u00e0 deux millions de dollars.<\/strong> Selon une information du\u00a0<em>Los Angeles Times<\/em>, <strong>le permis de port d&rsquo;arme de l&rsquo;individu soup\u00e7onn\u00e9 n&rsquo;\u00e9tait valide au moment des faits<\/strong> car annul\u00e9 pr\u00e9c\u00e9demment apr\u00e8s son expiration en ao\u00fbt 2020. Pour l&rsquo;heure, la police californienne n&rsquo;a pas r\u00e9v\u00e9l\u00e9 d&rsquo;information concernant le\u00a0motif du crime.\u00a0<\/p>\n<\/p><\/div>\n<p>[ad_2]<br \/>\n<br \/><a href=\"https:\/\/www.journaldesfemmes.fr\/societe\/actu\/2762507-un-homme-soupconne-d-avoir-crible-de-balles-ses-4-enfants-ages-de-moins-de-12-ans\/\">Source link <\/a><\/p>\n","protected":false},"excerpt":{"rendered":"<p>[ad_1] Un p\u00e8re de famille est soup\u00e7onn\u00e9 d&rsquo;avoir abattu ses quatre enfants, dont l&rsquo;a\u00een\u00e9 avait 12\u00a0ans, et leur grand-m\u00e8re. Macabre &hellip; <a href=\"http:\/\/www.affinite.fr\/index.php\/2021\/11\/30\/un-pere-de-famille-accuse-davoir-tue-ses-quatre-enfants\/\" class=\"more-link\">Plus <span class=\"screen-reader-text\">Un p\u00e8re de famille, accus\u00e9 d&rsquo;avoir tu\u00e9 ses quatre\u00a0enfants<\/span> <span class=\"meta-nav\">&rarr;<\/span><\/a><\/p>\n","protected":false},"author":1,"featured_media":7140,"comment_status":"open","ping_status":"open","sticky":false,"template":"","format":"standard","meta":{"_sitemap_exclude":false,"_sitemap_priority":"","_sitemap_frequency":"","footnotes":""},"categories":[1],"tags":[],"class_list":["post-7139","post","type-post","status-publish","format-standard","has-post-thumbnail","hentry","category-tous"],"_links":{"self":[{"href":"http:\/\/www.affinite.fr\/index.php\/wp-json\/wp\/v2\/posts\/7139"}],"collection":[{"href":"http:\/\/www.affinite.fr\/index.php\/wp-json\/wp\/v2\/posts"}],"about":[{"href":"http:\/\/www.affinite.fr\/index.php\/wp-json\/wp\/v2\/types\/post"}],"author":[{"embeddable":true,"href":"http:\/\/www.affinite.fr\/index.php\/wp-json\/wp\/v2\/users\/1"}],"replies":[{"embeddable":true,"href":"http:\/\/www.affinite.fr\/index.php\/wp-json\/wp\/v2\/comments?post=7139"}],"version-history":[{"count":0,"href":"http:\/\/www.affinite.fr\/index.php\/wp-json\/wp\/v2\/posts\/7139\/revisions"}],"wp:featuredmedia":[{"embeddable":true,"href":"http:\/\/www.affinite.fr\/index.php\/wp-json\/wp\/v2\/media\/7140"}],"wp:attachment":[{"href":"http:\/\/www.affinite.fr\/index.php\/wp-json\/wp\/v2\/media?parent=7139"}],"wp:term":[{"taxonomy":"category","embeddable":true,"href":"http:\/\/www.affinite.fr\/index.php\/wp-json\/wp\/v2\/categories?post=7139"},{"taxonomy":"post_tag","embeddable":true,"href":"http:\/\/www.affinite.fr\/index.php\/wp-json\/wp\/v2\/tags?post=7139"}],"curies":[{"name":"wp","href":"https:\/\/api.w.org\/{rel}","templated":true}]}}