{"id":7130,"date":"2021-11-29T18:41:58","date_gmt":"2021-11-29T18:41:58","guid":{"rendered":"https:\/\/www.affinite.fr\/index.php\/2021\/11\/29\/en-france-symptome-vaccin-cest-quoi\/"},"modified":"2021-11-29T18:41:58","modified_gmt":"2021-11-29T18:41:58","slug":"en-france-symptome-vaccin-cest-quoi","status":"publish","type":"post","link":"http:\/\/www.affinite.fr\/index.php\/2021\/11\/29\/en-france-symptome-vaccin-cest-quoi\/","title":{"rendered":"en France, sympt\u00f4me, vaccin, c&rsquo;est quoi\u00a0?"},"content":{"rendered":"<p> [ad_1]<br \/>\n<br \/><img decoding=\"async\" src=\"https:\/\/img-3.journaldesfemmes.fr\/AyeunBa0JaqQIN2JJbqZd7aYIvM=\/1280x\/smart\/8333cfa7de4a44af95ebddf156298261\/ccmcms-jdf\/29869665.jpg\" \/><\/p>\n<p>\n                NOUVEAU VARIANT COVID. Le variant Omicron diverge des pr\u00e9c\u00e9dents par un nombre \u00e9lev\u00e9 de mutations. La probabilit\u00e9 d&rsquo;une propagation mondiale est \u00e9lev\u00e9e, a pr\u00e9venu l&rsquo;OMS. Des cas sont d\u00e9j\u00e0 confirm\u00e9s dans plusieurs pays d&rsquo;Europe. Et en France\u00a0? Sympt\u00f4mes, origine, cons\u00e9quences sur la maladie, vaccins&#8230; Derni\u00e8res infos.            <\/p>\n<div>\n<aside class=\"ccmsummary marqueur_module ccmcss_cms_summary ccmcss_cms_summary--right\">\n<p>Sommaire<\/p>\n<\/aside>\n<p><strong>Mise \u00e0 jour le 29\u00a0novembre 2021\u00a0\u00e0 18h57] Espagne, Portugal, Allemagne, Pays-Bas, Belgique, Italie,<\/strong> Danemark, Autriche,\u00a0<strong>Royaume Uni&#8230;\u00a0<\/strong>Le nouveau <a href=\"https:\/\/sante.journaldesfemmes.fr\/fiches-maladies\/2685453-variant-covid-nouveau-afrique-france-delta-mu-liste-danger-contagion-omicron\/\" title=\"Variant de la Covid\">variant du Covid<\/a>,<strong>\u00a0<\/strong>venu d&rsquo;Afrique du Sud et baptis\u00e9 <strong>Omicron<\/strong>, continue de se diffuser dans le monde. Plusieurs pays comme le\u00a0<strong>Japon, I<strong>sra\u00ebl, le Maroc, l&rsquo;Australie et les\u00a0<\/strong>Philippines<\/strong> ont d\u00e9cid\u00e9 de fermer leurs fronti\u00e8res ou de ne pas les rouvrir comme c&rsquo;\u00e9tait pr\u00e9vu. Aux Etats-Unis,\u00a0le pr\u00e9sident am\u00e9ricain Joe Biden a estim\u00e9 lundi qu&rsquo;il n&rsquo;y avait <strong><em>\u00ab\u00a0pas de raison de paniquer\u00a0\u00bb<\/em><\/strong>\u00a0et pr\u00e9cis\u00e9 ne pas<em> \u00ab\u00a0anticiper \u00e0 ce stade\u00a0\u00bb <\/em>de nouvelles restrictions aux voyages internationaux. La variante Omicron a \u00e9t\u00e9 <strong>signal\u00e9e pour la premi\u00e8re fois \u00e0 l&rsquo;OMS par l&rsquo;Afrique du Sud le 24\u00a0novembre 2021<\/strong>. Il va falloir\u00a0<strong><em>\u00ab\u00a0plusieurs semaines pour comprendre son impact\u00a0\u00bb<\/em><\/strong>, a expliqu\u00e9\u00a0l&rsquo;<a href=\"https:\/\/www.who.int\/publications\/m\/item\/enhancing-readiness-for-omicron-(b.1.1.529)-technical-brief-and-priority-actions-for-member-states\" target=\"_blank\" rel=\"noopener\">Organisation mondiale de la Sant\u00e9<\/a>\u00a0car il s&rsquo;agit d&rsquo;une\u00a0<em>\u00ab\u00a0<strong>variante tr\u00e8s divergente avec un nombre \u00e9lev\u00e9 de mutations,<\/strong>\u00a0dont certaines sont pr\u00e9occupantes et peuvent \u00eatre <strong>associ\u00e9es \u00e0 un potentiel d&rsquo;\u00e9vasion immunitaire et \u00e0 une transmissibilit\u00e9 plus \u00e9lev\u00e9e<\/strong>\u00ab\u00a0. <\/em>Les preuves pr\u00e9liminaires sugg\u00e8rent un<strong> risque accru de r\u00e9infection<\/strong>. En <strong>France<\/strong>, le minist\u00e8re de la Sant\u00e9 a annonc\u00e9 dimanche dans un <a href=\"https:\/\/solidarites-sante.gouv.fr\/actualites\/presse\/communiques-de-presse\/article\/les-autorites-sanitaires-francaises-surveillent-les-cas-possibles-de-personnes\" target=\"_blank\" rel=\"noopener\">communiqu\u00e9<\/a>\u00a0que<strong> huit cas \u00ab\u00a0possibles\u00a0\u00bb <\/strong>ont \u00e9t\u00e9 rep\u00e9r\u00e9s sur le territoire national\u00a0: <em>\u00ab\u00a0<strong>Sont consid\u00e9r\u00e9s comme cas possibles de contamination au variant Omicron les personnes s&rsquo;\u00e9tant rendues en Afrique australe dans les 14\u00a0derniers jours et ayant un r\u00e9sultat de test positif avec un criblage n\u00e9gatif pour les mutations retrouv\u00e9es dans les autres variants pr\u00e9occupants (alpha, b\u00eata, gamma, delta).<\/strong>\u00a0\u00bb\u00a0<\/em>L<strong>e s\u00e9quen\u00e7age des pr\u00e9l\u00e8vements de ces patients est prioris\u00e9<\/strong>. <em>\u00ab\u00a0D\u00e8s que ces cas possibles ont \u00e9t\u00e9 identifi\u00e9s, et avant m\u00eame l&rsquo;obtention des r\u00e9sultats du s\u00e9quen\u00e7age, les mesures renforc\u00e9es d&rsquo;identification et d&rsquo;isolement des cas possibles et de leurs personnes contacts \u00e0 risque ont \u00e9t\u00e9 mises en \u0153uvre. L&rsquo;ensemble des <strong>contacts \u00e0 risque <\/strong>continuent d&rsquo;\u00eatre suivis par l&rsquo;Assurance maladie et les Agences r\u00e9gionales de Sant\u00e9.\u00a0\u00bb\u00a0<\/em><strong>L&rsquo;ensemble des vols sont suspendus depuis le 26\u00a0novembre et jusqu&rsquo;au 1er d\u00e9cembre\u00a0en provenance de sept pays d&rsquo;Afrique Australe<\/strong> (Afrique du Sud, Botswana, Eswatini, Lesotho, Mozambique, Namibie, Zimbabwe).\u00a0D\u00e9sormais, toute personne souhaitant se d\u00e9placer <strong>en provenance de Mayotte ou de La R\u00e9union<\/strong> et \u00e0 destination du reste du territoire national devra <strong>\u00eatre munie d&rsquo;un r\u00e9sultat de test ou d&rsquo;examen de d\u00e9pistage n\u00e9gatif r\u00e9alis\u00e9 moins de 48\u00a0heures<\/strong> avant le d\u00e9placement.<\/p>\n<div class=\"ccminsert\">\n<blockquote class=\"twitter-tweet\">\n<p dir=\"ltr\" lang=\"fr\">Consensus du G7 sant\u00e9 pour renforcer l\u00e9change dinformations sur le nouveau variant Omicron. Avec ses partenaires internationaux, la r\u00e9affirme que transparence et solidarit\u00e9 entre pays doivent pr\u00e9valoir.<\/p>\n<p>\u2014 Olivier V\u00e9ran (@olivierveran) <a href=\"https:\/\/twitter.com\/olivierveran\/status\/1465332140019793923?ref_src=twsrc%5Etfw\">November 29, 2021<\/a><\/p><\/blockquote>\n<\/div>\n<h2 id=\"quest-ce-que-le-variant-b11529-\">C&rsquo;est quoi le variant omicron ?<\/h2>\n<p>La variante Omicron a \u00e9t\u00e9 signal\u00e9e pour la premi\u00e8re fois \u00e0 l&rsquo;OMS par l&rsquo;Afrique du Sud le 24\u00a0novembre 2021.\u00a0Elle appartient \u00e0 la lign\u00e9e Pango B.1.1.529 (d&rsquo;o\u00f9 son autre nom \u00ab\u00a0B.1.1.529\u00a0\u00bb), est caract\u00e9ris\u00e9e\u00a045-52\u00a0changements d&rsquo;acides amin\u00e9s, dont 26-32 sur la prot\u00e9ine de pointe\u00a0par rapport \u00e0 la souche de r\u00e9f\u00e9rence du Sars-Cov-2.\u00a0<em>\u00ab\u00a0C&rsquo;est un variant qui a un grand nombre de mutations et nous savons que dans ce cas, cela peut avoir un impact sur le comportement du virus<\/em>, a expliqu\u00e9 le Dr Maria Van Kerkhove de l&rsquo;OMS le 25\u00a0novembre 2021. <em>Les chercheurs l&rsquo;analysent pour comprendre ses mutations. Il va falloir plusieurs semaines pour comprendre quel impact a ce variant.\u00a0\u00bb\u00a0<\/em>Il y a trois types de variants selon le\u00a0<a href=\"https:\/\/www.who.int\/en\/activities\/tracking-SARS-CoV-2-variants\/\" target=\"_blank\" rel=\"noopener\">classement de\u00a0l&rsquo;OMS<\/a> : les <strong>VOC (variant pr\u00e9occupant comme les variants Delta, Alpha, Beta, Gamma),<\/strong> les VOI (variant \u00e0 suivre\u00a0comme le variant Mu et le variant Lambda) et les VUM (variant sous surveillance). Le variant Omicron est\u00a0<strong>class\u00e9 comme\u00a0VOC <\/strong>par l&rsquo;<a href=\"https:\/\/www.who.int\/publications\/m\/item\/enhancing-readiness-for-omicron-(b.1.1.529)-technical-brief-and-priority-actions-for-member-states\" target=\"_blank\" rel=\"noopener\">OMS<\/a> soit un variant associ\u00e9 \u00e0 :<\/p>\n<ul>\n<li>une augmentation de la transmissibilit\u00e9 ou changement pr\u00e9judiciable dans l&rsquo;\u00e9pid\u00e9miologie du COVID-19\u00a0;<\/li>\n<\/ul>\n<p>OU<\/p>\n<ul>\n<li>une augmentation de la virulence ou modification de la pr\u00e9sentation clinique de la maladie\u00a0;<\/li>\n<\/ul>\n<p>OU<\/p>\n<ul>\n<li>une diminution de l&rsquo;efficacit\u00e9 des mesures de sant\u00e9 publique et sociales ou des diagnostics, vaccins, th\u00e9rapeutiques disponibles.<\/li>\n<\/ul>\n<p>Le 28 novembre, l&rsquo;OMS a expliqu\u00e9 que le variant Omicron <em>\u00ab\u00a0est une<strong> variante tr\u00e8s divergente avec un nombre \u00e9lev\u00e9 de mutations<\/strong>, dont 26-32\u00a0dans la prot\u00e9ine Spike, dont certaines sont <strong>pr\u00e9occupantes <\/strong>et peuvent \u00eatre associ\u00e9es \u00e0 un potentiel d&rsquo;\u00e9vasion immunitaire et \u00e0 une transmissibilit\u00e9 plus \u00e9lev\u00e9e. Cependant, des <strong>incertitudes <\/strong>consid\u00e9rables subsistent.\u00a0Les principales incertitudes sont\u00a0:<strong> dans quelle mesure le variant est transmissible<\/strong> et si les augmentations sont li\u00e9es \u00e0 l&rsquo;\u00e9vasion immunitaire, \u00e0 une transmissibilit\u00e9 intrins\u00e8que accrue, ou aux deux\u00a0; <strong>dans quelle mesure les vaccins prot\u00e8gent-ils contre l&rsquo;infection<\/strong>, la transmission, la maladie clinique de diff\u00e9rents degr\u00e9s de gravit\u00e9 et la mort ; et\u00a0la variante pr\u00e9sente-t-elle un profil de gravit\u00e9 diff\u00e9rent.\u00a0\u00bb<\/em><\/p>\n<h2 id=\"combien-de-cas-en-france\">Combien de cas en France\u00a0?<\/h2>\n<p>Dimanche 28\u00a0novembre, le minist\u00e8re de la Sant\u00e9 a confirm\u00e9<strong> \u00ab\u00a0huit cas possibles\u00a0\u00bb <\/strong>de variant Omicron sur le territoire national.\u00a0<em>\u00ab\u00a0Sont consid\u00e9r\u00e9s comme cas possibles de contamination au variant Omicron les personnes s&rsquo;\u00e9tant rendues en Afrique australe dans les 14\u00a0derniers jours et ayant un r\u00e9sultat de test positif avec un criblage n\u00e9gatif pour les mutations retrouv\u00e9es dans les autres variants pr\u00e9occupants (alpha, b\u00eata, gamma, delta).\u00a0\u00bb\u00a0<\/em>L<strong>e s\u00e9quen\u00e7age des pr\u00e9l\u00e8vements de ces patients est prioris\u00e9<\/strong> ou en cours d&rsquo;organisation afin de disposer d&rsquo;une confirmation diagnostique dans les meilleurs d\u00e9lais. <em>\u00ab\u00a0D\u00e8s que ces cas possibles ont \u00e9t\u00e9 identifi\u00e9s, et avant m\u00eame l&rsquo;obtention des r\u00e9sultats du s\u00e9quen\u00e7age, les mesures renforc\u00e9es d&rsquo;identification et d&rsquo;isolement des cas possibles et de leurs personnes contacts \u00e0 risque ont \u00e9t\u00e9 mises en \u0153uvre. L&rsquo;ensemble des <strong>contacts \u00e0 risque <\/strong>continuent d&rsquo;\u00eatre suivis par l&rsquo;Assurance maladie et les Agences r\u00e9gionales de Sant\u00e9.\u00a0\u00bb\u00a0<\/em><\/p>\n<ul>\n<li>L&rsquo;ensemble des vols sont suspendus depuis le 26\u00a0novembre et jusqu&rsquo;au 1er d\u00e9cembre (00h) en provenance de sept pays d&rsquo;Afrique Australe (Afrique du Sud, Botswana, Eswatini, Lesotho, Mozambique, Namibie, Zimbabwe).<\/li>\n<li>Le minist\u00e8re surveille avec une attention particuli\u00e8re les territoires ultramarins de La R\u00e9union et Mayotte qui sont en lien direct ou indirect avec ces pays. <strong>Depuis le 28\u00a0novembre, toute personne en provenance de Mayotte ou de La R\u00e9union et \u00e0 destination du reste du territoire national doit \u00eatre munie d&rsquo;un r\u00e9sultat de test ou d&rsquo;examen de d\u00e9pistage n\u00e9gatif r\u00e9alis\u00e9 moins de 48\u00a0heures<\/strong> avant l&#8217;embarquement.<\/li>\n<\/ul>\n<h2 id=\"douvient-il-\">D&rsquo;o\u00f9\u00a0vient-il ?<\/h2>\n<p>La variante Omicron a \u00e9t\u00e9 signal\u00e9e pour la premi\u00e8re fois \u00e0 l&rsquo;OMS par l&rsquo;Afrique du Sud le 24\u00a0novembre 2021.<em> \u00ab\u00a0Ces derni\u00e8res semaines, les infections ont fortement augment\u00e9 en Afrique du Sud, co\u00efncidant avec la d\u00e9tection d&rsquo;Omicron\u00a0\u00bb <\/em>explique l&rsquo;OMS. La premi\u00e8re infection confirm\u00e9e connue \u00e0 Omicron en Afrique du Sud provenait d&rsquo;un \u00e9chantillon pr\u00e9lev\u00e9 le 9\u00a0novembre 2021.\u00a0Le variant Omicron a \u00e9galement \u00e9t\u00e9 d\u00e9tect\u00e9 au <strong>Botswana <\/strong>dans des \u00e9chantillons collect\u00e9s le 11\u00a0novembre 2021.<\/p>\n<p>Les tests PCR\u00a0actuels de d\u00e9pistage du SARS-CoV-2\u00a0sont capables de d\u00e9tecter le\u00a0variant\u00a0Omicron, a indiqu\u00e9 l&rsquo;OMS. En France, la Direction g\u00e9n\u00e9rale de la Sant\u00e9 a donn\u00e9 ses consignes le 27 novembre aux professionnels :\u00a0<\/p>\n<ul>\n<li>Les\u00a0laboratoires et\u00a0professionnels de sant\u00e9 r\u00e9alisant un d\u00e9pistage du SARS-CoV-2\u00a0doivent\u00a0q<strong>uestionner syst\u00e9matiquement toute personne venant se faire tester sur un potentiel s\u00e9jour \u00e0 l&rsquo;\u00e9tranger <\/strong>dans les 14\u00a0jours pr\u00e9c\u00e9dant la date des sympt\u00f4mes ou du pr\u00e9l\u00e8vement ou sur un potentiel contact \u00e0 risque avec une personne y ayant s\u00e9journ\u00e9. En cas de r\u00e9ponse positive, cette mention fait l&rsquo;objet d&rsquo;un renseignement obligatoire de SIDEP. Une<strong> attention particuli\u00e8re devra \u00eatre port\u00e9e aux pays \u00e0 risque <\/strong>vis-\u00e0-vis du variant B1.1.529. A ce jour\u00a0: Afrique du Sud, Botswana, Eswatini, Lesotho, Mozambique, Namibie, Zimbabwe. Cette liste est susceptible d&rsquo;\u00e9voluer dans les jours \u00e0 venir.<\/li>\n<li>Dans ce cas, Ia personne doit \u00eatre orient\u00e9e vers un test\u00a0PCR (y compris si elle se pr\u00e9sente pour la r\u00e9alisation d&rsquo;un test antig\u00e9nique, il convient de lui indiquer de r\u00e9aliser un 2nd test RTPCR si elle est positive).<\/li>\n<li>Il est demand\u00e9 de<strong> r\u00e9aliser de fa\u00e7on prioritaire et acc\u00e9l\u00e9r\u00e9e le s\u00e9quen\u00e7age de tout pr\u00e9l\u00e8vement positif<\/strong>\u00a0:<\/li>\n<\/ul>\n<p>\u25ba d&rsquo;une personne ayant s\u00e9journ\u00e9 dans un pays \u00e0 risque dans les 14\u00a0jours pr\u00e9c\u00e9dant la date des sympt\u00f4mes ou du pr\u00e9l\u00e8vement ;<\/p>\n<p>\u25ba ou d&rsquo;une personne ayant eu un contact \u00e0 risque avec une personne y ayant s\u00e9journ\u00e9 dans les 14\u00a0jours suivant son retour ;<\/p>\n<p>\u25ba ou cribl\u00e9 A0B0C0\u00a0pour le SARS-CoV-2\u00a0;<\/p>\n<p>\u25baou dont le r\u00e9sultat de RT-PCR (kit ThermoFisher avec 3\u00a0cibles\u00a0: N, ORF1ab, S) est positif (Ct pour le g\u00e8ne N &lt;28) mais atteste d&rsquo;un d\u00e9faut de d\u00e9tection pour le g\u00e8ne S.<\/p>\n<p>Un<strong> contact-tracing renforc\u00e9<\/strong> sera r\u00e9alis\u00e9 par les CPAM pour tous les cas possibles et les ARS pour les cas confirm\u00e9s.<\/p>\n<blockquote>\n<p>\u00ab\u00a0Omicron a un nombre sans pr\u00e9c\u00e9dent de mutations de pointe\u00a0\u00bb<\/p>\n<\/blockquote>\n<h2 id=\"de-quel-type-de-variant-sagit-il-\">Est-il dangereux\u00a0?<\/h2>\n<p>Comme l&rsquo;a indiqu\u00e9 le Dr\u00a0Van Kerkhove de l&rsquo;OMS le 25\u00a0novembre 2021, <em>\u00ab\u00a0il\u00a0va falloir plusieurs semaines pour comprendre quel impact a ce variant\u00a0\u00bb. <\/em>N\u00e9anmoins<em> \u00ab\u00a0Omicron a un nombre sans pr\u00e9c\u00e9dent de mutations de pointe\u00a0\u00bb <\/em>pr\u00e9vient l&rsquo;OMS : <em>\u00ab\u00a0La probabilit\u00e9 d&rsquo;une nouvelle propagation au niveau mondial est \u00e9lev\u00e9e (&#8230;) Il<strong>\u00a0pourrait y avoir de futures pouss\u00e9es de COVID-19, qui pourraient\u00a0avoir des cons\u00e9quences graves<\/strong>.<\/em>\u00a0<em>Le risque global\u00a0li\u00e9 au nouveau variant\u00a0Omicron est\u00a0tr\u00e8s \u00e9lev\u00e9\u00a0\u00bb<\/em>. Parmi ces risques, des \u00ab\u00a0<em>preuves pr\u00e9liminaires sugg\u00e8rent qu&rsquo;il peut y avoir un<strong>\u00a0risque accru de r\u00e9infection<\/strong>\u00ab\u00a0.<\/em> Les tests PCR\u00a0actuels de d\u00e9pistage du SARS-CoV-2\u00a0sont cependant capables de d\u00e9tecter la variante Omicron. Les \u00e9tudes se poursuivent.<\/p>\n<h2 id=\"la-maladie-est-elle-plus-grave-\">La maladie est-elle plus grave ?\u00a0<\/h2>\n<p><em>\u00ab\u00a0Il n&rsquo;est <strong>pas encore clair si l&rsquo;infection par Omicron provoque une maladie plus grave <\/strong>par rapport aux infections par d&rsquo;autres variantes, y compris Delta. Les donn\u00e9es pr\u00e9liminaires sugg\u00e8rent qu&rsquo;il y a une augmentation des taux d&rsquo;hospitalisation en Afrique du Sud, mais cela peut \u00eatre d\u00fb \u00e0 l&rsquo;augmentation du nombre global de personnes infect\u00e9es, plut\u00f4t qu&rsquo;\u00e0 une infection sp\u00e9cifique par Omicron\u00a0\u00bb<\/em> r\u00e9pond <a href=\"https:\/\/www.who.int\/news\/item\/28-11-2021-update-on-omicron\" target=\"_blank\" rel=\"noopener\">l&rsquo;OMS<\/a>.\u00a0 Il faut attendre<em> \u00ab\u00a0plusieurs jours \u00e0 plusieurs semaines pour comprendre le niveau de gravit\u00e9 de la variante\u00a0\u00bb<\/em>.<\/p>\n<h2 id=\"combien-de-mutations-\">Combien de mutations\u00a0?<\/h2>\n<p>Les <a href=\"http:\/\/cdn.24.co.za\/files\/cms\/general\/d\/510\/d8a38971a4474d9d800c60805cb9fad6.pdf\" target=\"_blank\" rel=\"noopener\">scientifiques sud-africains<\/a> \u00e0 l&rsquo;origine de l&rsquo;identification du variant Omicron ont d\u00e9clar\u00e9 tout de suite que\u00a0<em>\u00ab\u00a0cette lign\u00e9e poss\u00e8de un nombre \u00e9lev\u00e9 de mutations pr\u00e9c\u00e9demment vues dans d&rsquo;autres variants du SARS-CoV-2, variants d&rsquo;int\u00e9r\u00eat (VOI) ou variants pr\u00e9occupants (VOC) mais aussi d&rsquo;autres mutations qui\u00a0sont nouvelles\u00a0\u00bb<\/em>. L&rsquo;OMS a confirm\u00e9 qu&rsquo;il s&rsquo;agissait d&rsquo;une variante \u00ab\u00a0divergente\u00a0\u00bb poss\u00e9dant\u00a026 \u00e0 32 mutations au niveau de la prot\u00e9ine Spike. <em>\u00ab\u00a0\u00c9tant donn\u00e9 les mutations qui peuvent conf\u00e9rer un potentiel d&rsquo;\u00e9vasion immunitaire et \u00e9ventuellement une transmissibilit\u00e9\u00a0augment\u00e9s, la probabilit\u00e9 d&rsquo;une nouvelle propagation potentielle d&rsquo;Omicron au niveau mondial est \u00e9lev\u00e9e, a poursuivi l&rsquo;autorit\u00e9.\u00a0Selon ces caract\u00e9ristiques,<strong> il pourrait y avoir de futures pouss\u00e9es de COVID-19, qui pourraient\u00a0avoir des cons\u00e9quences graves<\/strong>.\u00a0\u00bb<\/em>\u00a0<\/p>\n<h2 id=\"quelles-differences-avec-le-variant-delta-\">Quelles diff\u00e9rences avec le variant Delta\u00a0?<\/h2>\n<p><em>\u00ab\u00a0Alors que la lign\u00e9e B.1.1.529\u00a0partage <strong>quelques mutations communes avec les variantes Delta<\/strong> mais aussi Beta et C.1.2, il a \u00e9galement un certain nombre de mutations suppl\u00e9mentaires. \u00c0 l&rsquo;heure actuelle, la lign\u00e9e B.1.1.529\u00a0est relativement distincte\u00a0des variantes C.1.2, Beta et Delta et a une voie \u00e9volutive diff\u00e9rente\u00a0\u00bb<\/em> ont expliqu\u00e9 les scientifiques sud-africains.<\/p>\n<p>\u25ba On ne sait pas encore si Omicron est plus transmissible\u00a0que le variant\u00a0Delta.<\/p>\n<p>\u25ba On ne sait pas encore si l&rsquo;infection est plus grave que celle caus\u00e9e par le Delta.<\/p>\n<blockquote>\n<p>\u00ab\u00a0Il n&rsquo;y a actuellement aucune information sugg\u00e9rant que les sympt\u00f4mes associ\u00e9s \u00e0 Omicron sont diff\u00e9rents de ceux d&rsquo;autres variantes\u00a0\u00bb<\/p>\n<\/blockquote>\n<h2 id=\"quels-sont-les-symptomes-\">Quels sont ses sympt\u00f4mes\u00a0?<\/h2>\n<p>Comme les autres variants identifi\u00e9s avant lui, le nouveau variant sud-africain\u00a0n&rsquo;entra\u00eenerait pas de sympt\u00f4mes sp\u00e9cifiques selon les premi\u00e8res observations\u00a0:<em> \u00ab\u00a0Actuellement, <strong>aucun sympt\u00f4me inhabituel<\/strong> n&rsquo;a \u00e9t\u00e9 signal\u00e9 \u00e0 la suite d&rsquo;une infection par le variant B.1.1.529\u00a0et comme avec d&rsquo;autres variantes, certains<strong> individus sont asymptomatiques<\/strong>\u00ab\u00a0<\/em> d\u00e9taillaient les chercheurs sud-africains dans leurs publications. Le 28 novembre, l&rsquo;OMS confirme qu&rsquo; <em>\u00ab\u00a0<strong>il n&rsquo;y a actuellement aucune information sugg\u00e9rant que les sympt\u00f4mes associ\u00e9s \u00e0 Omicron sont diff\u00e9rents de ceux d&rsquo;autres variantes\u00a0\u00bb.<\/strong><\/em>\u00a0Les infections initialement signal\u00e9es concernaient des \u00e9tudiants universitaires &#8211; des individus plus jeunes qui ont tendance \u00e0 avoir une maladie plus b\u00e9nigne.<\/p>\n<h2 id=\"remet-il-en-cause-lefficacite-des-vaccins-\">Les vaccins sont-ils efficaces\u00a0?<\/h2>\n<p>Des travaux sont en cours pour \u00e9tudier le potentiel d&rsquo;\u00e9chappement immunitaire du variant Omicron face au vaccin.<em> \u00ab\u00a0Sur la base de notre compr\u00e9hension des mutations dans cette lign\u00e9e, une<strong> \u00e9vasion partielle-immune est probable<\/strong>\u00a0\u00bb <\/em>ont indiqu\u00e9 les\u00a0chercheurs sud-africains. La variante Omicron est la variante la plus divergente en terme de mutations depuis le d\u00e9but de la pand\u00e9mie<strong><em> \u00ab\u00a0ce qui soul\u00e8ve de s\u00e9rieuses inqui\u00e9tudes quant \u00e0 son association avec une r\u00e9duction significative de l&rsquo;efficacit\u00e9 des vaccins\u00a0\u00bb<\/em><\/strong> indique le Centre europ\u00e9en de pr\u00e9vention et de contr\u00f4le des maladies (<a href=\"https:\/\/www.ecdc.europa.eu\/en\/publications-data\/threat-assessment-brief-emergence-sars-cov-2-variant-b.1.1.529\" target=\"_blank\" rel=\"noopener\">ECDC<\/a>). <em>\u00ab\u00a0Des recherches suppl\u00e9mentaires sont n\u00e9cessaires pour mieux comprendre le potentiel d&rsquo;\u00e9vasion contre l&rsquo;immunit\u00e9 induite par le vaccin et l&rsquo;infection. Les efforts de recherche sont en cours et les<strong> donn\u00e9es devraient \u00eatre disponibles dans les\u00a0semaines \u00e0 venir.<\/strong>\u00a0Malgr\u00e9 les incertitudes, il est <strong>raisonnable de supposer que les vaccins actuellement disponibles prot\u00e8gent\u00a0contre les formes\u00a0graves <\/strong>et les d\u00e9c\u00e8s li\u00e9s \u00e0 ce variant\u00a0\u00bb <\/em>rassure l&rsquo;OMS.\u00a0Le laboratoire BioNTech alli\u00e9 \u00e0 Pfizer a<em> \u00ab\u00a0imm\u00e9diatement lanc\u00e9 des \u00e9tudes sur le variant B.1.1.529\u00a0\u00bb<\/em> selon les d\u00e9clarations d&rsquo;une porte-parole \u00e0 l&rsquo;<a href=\"https:\/\/twitter.com\/afpfr\/status\/1464198247178813473\" target=\"_blank\" rel=\"noopener\">AFP<\/a>.<em> <\/em>\u00ab\u00a0<strong><em>Pfizer et BioNTech se sont pr\u00e9par\u00e9s il y a plusieurs mois \u00e0 ajuster leur vaccin en moins de six semaines et \u00e0 livrer les premi\u00e8res doses en 100\u00a0jours\u00a0\u00bb<\/em><\/strong> si un variant s&rsquo;av\u00e9rait r\u00e9sistant.<\/p>\n<h2 id=\"dans-quels-pays-dumonde\">Dans quels pays du\u00a0monde\u00a0?<\/h2>\n<p>Selon un <a href=\"https:\/\/reliefweb.int\/sites\/reliefweb.int\/files\/resources\/Focused%20COVID-19_Media%20Monitoring_November%2026%2C%202021.pdf\" target=\"_blank\" rel=\"noopener\">document<\/a> publi\u00e9 par l&rsquo;OMS le 26\u00a0novembre 2021, le variant a \u00e9t\u00e9 identifi\u00e9 <strong>en Afrique du Sud, au Botswana et \u00e0 Hong Kong<\/strong>. Pour ces deux pays, les personnes contamin\u00e9es ont voyag\u00e9 en Afrique du Sud auparavant. <strong>Isra\u00ebl <\/strong>a \u00e9galement annonc\u00e9 un cas de ce nouveau variant\u00a0:\u00a0<em>\u00a0\u00bb\u00a0Il s&rsquo;agit d&rsquo;une personne revenue du Malawi\u00a0\u00ab\u00a0<\/em>, a indiqu\u00e9 le minist\u00e8re isra\u00e9lien de la Sant\u00e9 disant craindre\u00a0<em>\u00a0\u00bb\u00a0deux cas suppl\u00e9mentaires de personnes revenues de l&rsquo;\u00e9tranger\u00a0\u00ab\u00a0<\/em>\u00a0et plac\u00e9es en confinement. En Europe,\u00a0des cas confirm\u00e9s du variant Omicron ont \u00e9galement \u00e9t\u00e9 signal\u00e9s\u00a0: Espagne, Portugal, Allemagne, Pays-Bas, Belgique, Italie, Danemark, Autriche\u00a0ainsi qu&rsquo;au Royaume Uni.<\/p>\n<p>Les r\u00e8gles de pr\u00e9vention face au nouveau variant Omicron sont identiques \u00e0 celles du Sars-Cov-2 originel :<\/p>\n<p>\u25ba La vaccination : l&rsquo;OMS recommande\u00a0d&rsquo;acc\u00e9l\u00e9rer la couverture vaccinale contre le Covid le plus rapidement possible, en particulier parmi les populations\u00a0d\u00e9sign\u00e9s comme hautement prioritaires qui ne sont pas vaccin\u00e9s ou qui ne sont pas encore compl\u00e8tement vaccin\u00e9s.<\/p>\n<p>\u25baLes gestes barri\u00e8res :\u00a0masques,\u00a0distanciation physique, ventilation de l&rsquo;espace int\u00e9rieur, \u00e9vitement des foules, hygi\u00e8ne des mains<br \/>l&rsquo;hygi\u00e8ne<\/p>\n<p><u>Sources\u00a0:\u00a0<\/u><\/p>\n<p>Les autorit\u00e9s sanitaires fran\u00e7aises surveillent les cas possibles de personnes atteintes du variant Omicron sur le territoire fran\u00e7ais. Minist\u00e8re de la Sant\u00e9. 28\u00a0novembre 2021<\/p>\n<p>Enhancing Readiness for Omicron (B.1.1.529): Technical Brief and Priority Actions for Member States World Health Organization HQ 28\u00a0Novembre\u00a02021<\/p>\n<p>Un nouveau variant d\u00e9tect\u00e9 dans plusieurs pays d&rsquo;Afrique australe. Gouvernement.fr. 26\u00a0novembre 2021.<\/p>\n<p>Frequently asked questions about the B.1.1.529\u00a0mutated SARS-CoV-2\u00a0lineage in South Africa. National Institute for communicable diseases. 25\u00a0novembre 2021.<\/p>\n<p>Focused COVID-19\u00a0Media Monitoring Nepal. OMS. 26\u00a0novembre 2021.<\/p>\n<\/p><\/div>\n<p><script async src=\"http:\/\/platform.twitter.com\/widgets.js\" charset=\"utf-8\"><\/script><br \/>\n<br \/>[ad_2]<br \/>\n<br \/><a href=\"https:\/\/sante.journaldesfemmes.fr\/fiches-maladies\/2761129-variant-omicron-covid-symptomes-definition-nouveau-danger-france-frontieres-vaccin-origine\/\">Source link <\/a><\/p>\n","protected":false},"excerpt":{"rendered":"<p>[ad_1] NOUVEAU VARIANT COVID. Le variant Omicron diverge des pr\u00e9c\u00e9dents par un nombre \u00e9lev\u00e9 de mutations. La probabilit\u00e9 d&rsquo;une propagation &hellip; <a href=\"http:\/\/www.affinite.fr\/index.php\/2021\/11\/29\/en-france-symptome-vaccin-cest-quoi\/\" class=\"more-link\">Plus <span class=\"screen-reader-text\">en France, sympt\u00f4me, vaccin, c&rsquo;est quoi\u00a0?<\/span> <span class=\"meta-nav\">&rarr;<\/span><\/a><\/p>\n","protected":false},"author":1,"featured_media":7131,"comment_status":"open","ping_status":"open","sticky":false,"template":"","format":"standard","meta":{"_sitemap_exclude":false,"_sitemap_priority":"","_sitemap_frequency":"","footnotes":""},"categories":[1],"tags":[],"class_list":["post-7130","post","type-post","status-publish","format-standard","has-post-thumbnail","hentry","category-tous"],"_links":{"self":[{"href":"http:\/\/www.affinite.fr\/index.php\/wp-json\/wp\/v2\/posts\/7130"}],"collection":[{"href":"http:\/\/www.affinite.fr\/index.php\/wp-json\/wp\/v2\/posts"}],"about":[{"href":"http:\/\/www.affinite.fr\/index.php\/wp-json\/wp\/v2\/types\/post"}],"author":[{"embeddable":true,"href":"http:\/\/www.affinite.fr\/index.php\/wp-json\/wp\/v2\/users\/1"}],"replies":[{"embeddable":true,"href":"http:\/\/www.affinite.fr\/index.php\/wp-json\/wp\/v2\/comments?post=7130"}],"version-history":[{"count":0,"href":"http:\/\/www.affinite.fr\/index.php\/wp-json\/wp\/v2\/posts\/7130\/revisions"}],"wp:featuredmedia":[{"embeddable":true,"href":"http:\/\/www.affinite.fr\/index.php\/wp-json\/wp\/v2\/media\/7131"}],"wp:attachment":[{"href":"http:\/\/www.affinite.fr\/index.php\/wp-json\/wp\/v2\/media?parent=7130"}],"wp:term":[{"taxonomy":"category","embeddable":true,"href":"http:\/\/www.affinite.fr\/index.php\/wp-json\/wp\/v2\/categories?post=7130"},{"taxonomy":"post_tag","embeddable":true,"href":"http:\/\/www.affinite.fr\/index.php\/wp-json\/wp\/v2\/tags?post=7130"}],"curies":[{"name":"wp","href":"https:\/\/api.w.org\/{rel}","templated":true}]}}