{"id":7120,"date":"2021-11-26T18:36:26","date_gmt":"2021-11-26T18:36:26","guid":{"rendered":"https:\/\/www.affinite.fr\/index.php\/2021\/11\/26\/frida-kahlo-est-un-exemple-dindependance-et-de-liberte\/"},"modified":"2021-11-26T18:36:26","modified_gmt":"2021-11-26T18:36:26","slug":"frida-kahlo-est-un-exemple-dindependance-et-de-liberte","status":"publish","type":"post","link":"http:\/\/www.affinite.fr\/index.php\/2021\/11\/26\/frida-kahlo-est-un-exemple-dindependance-et-de-liberte\/","title":{"rendered":"\u00ab\u00a0Frida Kahlo est un exemple d&rsquo;ind\u00e9pendance et de libert\u00e9\u00a0\u00bb"},"content":{"rendered":"<p> [ad_1]<br \/>\n<\/p>\n<p>\n                En consacrant un documentaire \u00e0 la forme travaill\u00e9e \u00e0 Frida Kahlo, le r\u00e9alisateur et photographe italien Giovanni Troilo lui rend un hommage po\u00e9tique. \u00ab\u00a0Frida Viva la Vida\u00a0\u00bb, au cin\u00e9ma depuis le 24\u00a0novembre, manifeste le g\u00e9nie et l&rsquo;esprit joueur de la Mexicaine. Interview.            <\/p>\n<div>\n<p>Giovanni Troilo est \u00e0 la base photographe. Avec <strong><em><a href=\"https:\/\/www.journaldesfemmes.fr\/loisirs\/cinema\/frida-viva-la-vida\/\" title=\"Frida Viva La Vida\">Frida Viva La Vida<\/a><\/em>, au cin\u00e9ma le 24\u00a0novembre<\/strong>, l&rsquo;Italien poursuit un travail documentaire entam\u00e9 quelques ann\u00e9es autour de figures embl\u00e9matiques,\u00a0de Casanova \u00e0 William Kentridge, artiste sud-africain. Avec ce film sur l&rsquo;artiste mexicaine, le cin\u00e9aste met \u00e0 l&rsquo;\u0153uvre son rapport \u00e0 l&rsquo;image pour d\u00e9peindre la vie et l&rsquo;\u0153uvre de cette effront\u00e9e de la peinture. Il analyse ses tableaux les plus c\u00e9l\u00e8bres pour saisir la femme derri\u00e8re les toiles et ponctue son travail d&rsquo;archives et d&rsquo;interviews. Le r\u00e9alisateur s&rsquo;appuie sur la <strong>narration d&rsquo;Asia Argento<\/strong> pour donner vie aux textes de Frida et ainsi faire r\u00e9sonner sa voix, presque 70 ans apr\u00e8s sa disparition.<br \/>Apr\u00e8s avoir travaill\u00e9 son sujet pendant des mois, Giovanni Troilo conna\u00eet son sujet mieux que personne. On lui a donc pos\u00e9 des questions sur son documentaire, \u00e9videmment, mais aussi sur Frida Kahlo et son \u00e9tat d&rsquo;esprit.<\/p>\n<p><strong>Comment vous est venue l&rsquo;id\u00e9e d&rsquo;un documentaire sur Frida Kahlo ?<\/strong><br \/><strong>Giovanni Troilo<\/strong> : Frida a construit linguistiquement son ic\u00f4ne, elle ne s&rsquo;est pas fait repr\u00e9senter, elle s&rsquo;est auto-repr\u00e9sent\u00e9e en se destinant \u00e0 la m\u00e9moire future. Cette image, cette \u00e9piphanie perp\u00e9tuelle, toujours \u00e9gale, toujours diff\u00e9rente, m&rsquo;a poursuivi et nous poursuit tous. Le long travail sur ce documentaire est devenu l&rsquo;occasion de se plonger dans le monde complexe que cette ic\u00f4ne cachait, pour d\u00e9couvrir l&rsquo;artiste, la femme et le Mexique plus profond.<\/p>\n<p><strong>Pourquoi avez-vous fait le choix de chapitres, d&rsquo;une narration et de sc\u00e8nes oniriques pour raconter son histoire ?<\/strong><br \/><strong>Giovanni Troilo<\/strong> : Ponctuer le r\u00e9cit biographique \u00e0 l&rsquo;aide de courts chapitres avec ses peintures est une tentative de fournir une boussole claire dans la rivi\u00e8re en pleine que sont la vie et l&rsquo;art de Frida. Par exemple, le tableau <em>Les Deux Fridas<\/em>, fondation du mythe Frida, est pour moi le pilier du film.<\/p>\n<blockquote>\n<p style=\"text-align: center;\"><em>\u00ab\u00a0L&rsquo;art de Frida commence avec son accident\u00a0\u00bb<\/em><\/p>\n<\/blockquote>\n<p><strong>Vous faites la distinction entre Frida la femme et Frida l&rsquo;artiste. En quoi sont-elles diff\u00e9rentes et compl\u00e9mentaires ?<\/strong><br \/><strong>Giovanni Troilo<\/strong> : Sur les 1000\u00a0Frida possibles, nous avons d\u00e9cid\u00e9 d&rsquo;en raconter au moins deux. La Frida de la douleur et la Frida de l&rsquo;art. Elles sont li\u00e9es l&rsquo;une \u00e0 l&rsquo;autre, comme des parties d&rsquo;un seul organisme. Nous les voyons repr\u00e9sent\u00e9es dans son tableau, <em>Les Deux Fridas<\/em>. L&rsquo;une donne de l&rsquo;\u00e9nergie et de la nourriture \u00e0 l&rsquo;autre. L&rsquo;art de Frida commence avec son accident, cette immobilit\u00e9 n&rsquo;a d&rsquo;autre issue que celle de l&rsquo;art. Gr\u00e2ce \u00e0 lui, Frida r\u00e9pare un deuil, traite une perte d&rsquo;int\u00e9grit\u00e9, traite les incidents \u00e9motionnels ou corporels et l&rsquo;utilise\u00a0comme m\u00e9dicament pour soulager une douleur qui ne pourra jamais conduire \u00e0 la gu\u00e9rison.<\/p>\n<p><strong>Pourquoi avez-vous choisi Asia Argento pour endosser le r\u00f4le de narratrice ?<\/strong><br \/><strong>Giovanni Troilo<\/strong> : Il \u00e9tait essentiel pour le documentaire que\u00a0le ou la narrateur.ice aime profond\u00e9ment Frida et que cette personne soit en mesure de transmettre cette passion au public. Asia\u00a0a toujours eu une passion tr\u00e8s profonde pour l&rsquo;artiste et pour la femme qu&rsquo;est Frida, sa voix et son visage ont r\u00e9ussi \u00e0 la raconter magnifiquement.<\/p>\n<div style=\"text-align:center\">\n<figure class=\"image\" style=\"display:inline-block\"><img decoding=\"async\" alt=\"\" src=\"https:\/\/img-3.journaldesfemmes.fr\/gTYY6Y1MimoXXkQjeYZi1y3sEGg=\/600x\/smart\/737ffe07cd4c42358e53f7be6cf180b1\/ccmcms-jdf\/29796790.jpg\"\/><\/figure>\n<\/div>\n<p><strong>Quel \u00e9tait votre lien \u00e0 Frida Kahlo avant ce projet et que vous a appris le film \u00e0 son sujet ?<\/strong><br \/><strong>Giovanni Troilo<\/strong> :\u00a0Avant le voyage au Mexique et l&rsquo;immersion r\u00e9elle dans le projet, je connaissais surtout l&rsquo;artiste. Le film m&rsquo;a donn\u00e9 l&rsquo;occasion de conna\u00eetre beaucoup plus profond\u00e9ment l&rsquo;artiste, mais surtout la femme et de comprendre combien elles restent un tout indissoluble. Outre les textes magnifiques de Hayden Herrera, Luis Roberto Vera, Carlos Fuentes, Sarah M. Lowe et Hilda Trujillo Soto, ancienne directrice du Mus\u00e9e de Frida Kahlo, protagoniste du documentaire, qui nous a accueillis \u00e0 la Maison Azul et nous a donn\u00e9 un acc\u00e8s privil\u00e9gi\u00e9 \u00e0 son art et \u00e0 sa vie.<\/p>\n<p><strong>Comment expliquez-vous que Frida Kahlo transcende les p\u00e9riodes et les cultures ?<\/strong><br \/><strong>Giovanni Troilo<\/strong> :\u00a0Hilda nous a montr\u00e9\u00a0une miniature de la Casa Azul que Frida avait pr\u00e9par\u00e9e avec tant de soin et sa pinc\u00e9e classique d&rsquo;ironie, dans un tiroir, un tiroir minuscule de quelques millim\u00e8tres, Hilda a retrouv\u00e9 un petit mot microscopique \u00e9crit par Frida\u00a0: \u00ab\u00a0Viva\u00a0la Paz\u00a0!\u00a0\u00bb Elle nous parlait d\u00e9j\u00e0, c&rsquo;est comme si elle avait tout pr\u00e9vu et tout pr\u00e9par\u00e9\u00a0: c&rsquo;est peut-\u00eatre cela qui rend si solide et profonde la relation entre le public d&rsquo;aujourd&rsquo;hui et cette artiste extraordinaire.<\/p>\n<blockquote>\n<p style=\"text-align: center;\"><em><strong>\u00ab\u00a0Frida aimait enfreindre les r\u00e8gles\u00a0\u00bb<\/strong><\/em><\/p>\n<\/blockquote>\n<p><strong>En quoi \u00e9tait-elle une rebelle, un esprit libre ?<br \/>Giovanni Troilo<\/strong> : Depuis l&rsquo;adolescence de Frida, son esprit de r\u00e9bellion contre toute convention sociale appara\u00eet clairement. Et son esprit ne changera jamais, quoi qu&rsquo;il arrive. Frida aimait enfreindre les r\u00e8gles dans son art et sa vie. Mais m\u00eame sans \u00eatre un grand connaisseur de sa biographie, il suffit de feuilleter les pages de son journal pour saisir toute l&rsquo;\u00e9nergie condens\u00e9e dans son esprit artistique. Frida est une rivi\u00e8re vitale qui submerge tout ce que son exp\u00e9rience croise et g\u00e9n\u00e8re un imaginaire organique\u00a0et rend ainsi unique son langage.<\/p>\n<p><strong>Pourquoi\u00a0Frida Kahlo a-t-elle depuis \u00e9t\u00e9\u00a0\u00e9rig\u00e9e en figure f\u00e9ministe ?<\/strong><br \/><strong>Giovanni Troilo<\/strong> :\u00a0Frida en se rendant ic\u00f4ne, adopte le mod\u00e8le du matriarcat de l&rsquo;isthme mexicain de Tehuantepec et c&rsquo;est loin d&rsquo;\u00eatre un choix purement esth\u00e9tique. C&rsquo;est avant tout politique, un\u00a0hymne \u00e0 la r\u00e9cup\u00e9ration de la culture zapot\u00e8que (civilisation am\u00e9rindienne pr\u00e9colombienne matriarcale, ndlr) comme mod\u00e8le avanc\u00e9 d&rsquo;\u00e9mancipation paritaire. Dans sa vie et son art, elle sera un exemple d&rsquo;ind\u00e9pendance et de libert\u00e9, de lutte contre les st\u00e9r\u00e9otypes qui clouaient la femme. Frida se r\u00e9tracte continuellement, peint son corps souffrant et l&rsquo;enrichit, accueille les imperfections, les cicatrices, les douleurs bagages de chaque femme et, en transgressant une zone de non-r\u00e9cit, \u00e9l\u00e8ve ces \u00e9l\u00e9ments \u00e0 l&rsquo;art. Elle devient le symbole de la fi\u00e8re r\u00e9appropriation de lui-m\u00eame, elle se consacre avec une obsession foudroyante \u00e0 la proposition d&rsquo;une image diff\u00e9rente. Son visage r\u00e9p\u00e9t\u00e9 \u00e0 l&rsquo;infini toujours \u00e9gal, toujours diff\u00e9rent, s&rsquo;insinue lentement comme r\u00e9volution dans la t\u00eate de quiconque, abat et r\u00e9\u00e9difie un nouvel imaginaire capable de briser la repr\u00e9sentation traditionnelle du corps f\u00e9minin et des tabous qui y sont li\u00e9s.<\/p>\n<p><strong>Pourquoi <em>Frida \u00ab\u00a0Viva la Vida\u00a0\u00bb<\/em> ?<\/strong><br \/><strong>Giovanni Troilo<\/strong> : Derri\u00e8re Frida Kahlo, il y a une sorte de nihilisme actif, li\u00e9 aussi \u00e0 un esprit de r\u00e9sistance qui a dur\u00e9 toute la vie. La douleur l\u00e9gitime l&rsquo;ic\u00f4ne, le symbole de la r\u00e9sistance \u00e0 la vie et de l&rsquo;esp\u00e9rance. Comme Frida le dira elle-m\u00eame, elle a surv\u00e9cu \u00e0 la vie. <em>Viva la Vida<\/em> est consid\u00e9r\u00e9e comme son dernier tableau, je crois que c&rsquo;est le message le plus puissant qu&rsquo;elle a\u00a0voulu nous laisser.<\/p>\n<\/p><\/div>\n<p>[ad_2]<br \/>\n<br \/><a href=\"https:\/\/www.journaldesfemmes.fr\/loisirs\/cinema\/2761323-giovanni-troilo-realisateur-frida-viva-la-vida\/\">Source link <\/a><\/p>\n","protected":false},"excerpt":{"rendered":"<p>[ad_1] En consacrant un documentaire \u00e0 la forme travaill\u00e9e \u00e0 Frida Kahlo, le r\u00e9alisateur et photographe italien Giovanni Troilo lui &hellip; <a href=\"http:\/\/www.affinite.fr\/index.php\/2021\/11\/26\/frida-kahlo-est-un-exemple-dindependance-et-de-liberte\/\" class=\"more-link\">Plus <span class=\"screen-reader-text\">\u00ab\u00a0Frida Kahlo est un exemple d&rsquo;ind\u00e9pendance et de libert\u00e9\u00a0\u00bb<\/span> <span class=\"meta-nav\">&rarr;<\/span><\/a><\/p>\n","protected":false},"author":1,"featured_media":7121,"comment_status":"open","ping_status":"open","sticky":false,"template":"","format":"standard","meta":{"_sitemap_exclude":false,"_sitemap_priority":"","_sitemap_frequency":"","footnotes":""},"categories":[1],"tags":[],"class_list":["post-7120","post","type-post","status-publish","format-standard","has-post-thumbnail","hentry","category-tous"],"_links":{"self":[{"href":"http:\/\/www.affinite.fr\/index.php\/wp-json\/wp\/v2\/posts\/7120"}],"collection":[{"href":"http:\/\/www.affinite.fr\/index.php\/wp-json\/wp\/v2\/posts"}],"about":[{"href":"http:\/\/www.affinite.fr\/index.php\/wp-json\/wp\/v2\/types\/post"}],"author":[{"embeddable":true,"href":"http:\/\/www.affinite.fr\/index.php\/wp-json\/wp\/v2\/users\/1"}],"replies":[{"embeddable":true,"href":"http:\/\/www.affinite.fr\/index.php\/wp-json\/wp\/v2\/comments?post=7120"}],"version-history":[{"count":0,"href":"http:\/\/www.affinite.fr\/index.php\/wp-json\/wp\/v2\/posts\/7120\/revisions"}],"wp:featuredmedia":[{"embeddable":true,"href":"http:\/\/www.affinite.fr\/index.php\/wp-json\/wp\/v2\/media\/7121"}],"wp:attachment":[{"href":"http:\/\/www.affinite.fr\/index.php\/wp-json\/wp\/v2\/media?parent=7120"}],"wp:term":[{"taxonomy":"category","embeddable":true,"href":"http:\/\/www.affinite.fr\/index.php\/wp-json\/wp\/v2\/categories?post=7120"},{"taxonomy":"post_tag","embeddable":true,"href":"http:\/\/www.affinite.fr\/index.php\/wp-json\/wp\/v2\/tags?post=7120"}],"curies":[{"name":"wp","href":"https:\/\/api.w.org\/{rel}","templated":true}]}}