{"id":7117,"date":"2021-11-26T05:59:06","date_gmt":"2021-11-26T05:59:06","guid":{"rendered":"https:\/\/www.affinite.fr\/index.php\/2021\/11\/26\/rebecca-sur-tf1-un-remake-meilleur-que-la-serie-originale-marcella-anne-marivin-et-benjamin-biolay-repondent-news-series\/"},"modified":"2021-11-26T05:59:06","modified_gmt":"2021-11-26T05:59:06","slug":"rebecca-sur-tf1-un-remake-meilleur-que-la-serie-originale-marcella-anne-marivin-et-benjamin-biolay-repondent-news-series","status":"publish","type":"post","link":"http:\/\/www.affinite.fr\/index.php\/2021\/11\/26\/rebecca-sur-tf1-un-remake-meilleur-que-la-serie-originale-marcella-anne-marivin-et-benjamin-biolay-repondent-news-series\/","title":{"rendered":"Rebecca sur TF1 : un remake meilleur que la s\u00e9rie originale Marcella ? Anne Marivin et Benjamin Biolay r\u00e9pondent &#8211; News S\u00e9ries"},"content":{"rendered":"<p> [ad_1]<br \/>\n<\/p>\n<div id=\"article-container\">\n<div class=\"author-signature\">\n<div class=\"main-author\">\n<div class=\"main-author-avatar\">\n<img decoding=\"async\" src=\"https:\/\/fr.web.img3.acsta.net\/f_png\/r_50_50\/c_50_50\/img\/2d\/86\/2d86763238f54168f3c71193afb0eec0.png\" alt=\"J\u00e9r\u00e9mie Dunand\"\/>\n<\/div>\n<div class=\"main-author-info\">\n<div class=\"main-author-id\">\n<a class=\"author-link author-name\" data-ga-trigger=\"clic\" data-ga=\"{&quot;eventCategory&quot;:&quot;eat&quot;,&quot;eventLabel&quot;:&quot;signature&quot;,&quot;dimension34&quot;:&quot;18704693-rebecca_sur_tf1_un_remake_meilleur_que_la_serie_originale_marcella_anne_marivin_et_benjamin_biolay_repondent&quot;,&quot;dimension84&quot;:&quot;news&quot;,&quot;dimension87&quot;:18704693,&quot;dimension38&quot;:&quot;Ju00e9ru00e9mie Dunand&quot;}\" href=\"http:\/\/www.allocine.fr\/auteur\/29\/\">J\u00e9r\u00e9mie Dunand<\/a><\/p>\n<p><span class=\"separator\">&#8211;<\/span>Chef de rubrique t\u00e9l\u00e9 \/ Journaliste<\/p>\n<\/div>\n<p>Berc\u00e9 d\u00e8s l\u2019enfance au rythme de Sous le soleil, de P.J., ou des sagas de l\u2019\u00e9t\u00e9, il se passionne<br \/>\nde plus en plus pour les s\u00e9ries fran\u00e7aises au fil du temps. Et les d\u00e9vore aujourd\u2019hui (presque)<br \/>\ntoutes, de Balthazar \u00e0 Sc\u00e8nes de m\u00e9nages, en passant par Hippocrate, Candice Renoir, Ici tout<br \/>\ncommence.<\/p>\n<\/div>\n<\/div>\n<\/div>\n<p class=\"article-lead\">Alors que la diffusion de \u00ab\u00a0Rebecca\u00a0\u00bb continue ce soir sur TF1, Anne Marivin et Benjamin Biolay reviennent pour nous sur les diff\u00e9rences principales entre ce remake et la fiction originale \u00ab\u00a0Marcella\u00a0\u00bb, et sur leur collaboration sur le tournage.<\/p>\n<div id=\"article-content\">\n<figure class=\"player player-auto-play js-player\" data-model=\"{&quot;context&quot;:&quot;newspage_news&quot;,&quot;launch&quot;:&quot;auto-play&quot;,&quot;followScroll&quot;:true,&quot;editorialContent&quot;:&quot;18704693-rebecca_sur_tf1_un_remake_meilleur_que_la_serie_originale_marcella_anne_marivin_et_benjamin_biolay_repondent&quot;,&quot;endScreen&quot;:true,&quot;disableAutoPause&quot;:true,&quot;player_position&quot;:&quot;playertop&quot;,&quot;videos&quot;:[{&quot;id&quot;:19594819,&quot;sources&quot;:{&quot;medium&quot;:&quot;\/\/fr.vid.web.acsta.net\/nmedia\/33\/21\/11\/25\/15\/19594819_sd_013.mp4&quot;,&quot;high&quot;:&quot;\/\/fr.vid.web.acsta.net\/nmedia\/33\/21\/11\/25\/15\/19594819_hd_013.mp4&quot;},&quot;image&quot;:&quot;\/videothumbnails\/21\/11\/25\/15\/30\/2749880.jpg&quot;,&quot;title&quot;:&quot;Rebecca sur TF1 : l'interview d'Anne Marvin et Benjamin Biolay&quot;,&quot;trackingIdentifier&quot;:&quot;19594819-rebecca_sur_tf1_l_interview_d_anne_marvin_et_benjamin_biolay&quot;,&quot;embedUrl&quot;:&quot;ACraHRACr0cHM6Ly9wbGF5ZXIuYWxsb2NpbmUuZnIvMTk1OTQ4MTkuaHRtbA==&quot;,&quot;id_type&quot;:31007,&quot;file_type&quot;:&quot;interview&quot;,&quot;description&quot;:&quot;Rebecca sur TF1 : l'interview d'Anne Marvin et Benjamin Biolay&quot;,&quot;duration&quot;:293,&quot;view_count&quot;:null,&quot;added_at&quot;:{&quot;date&quot;:&quot;2021-11-25 15:29:00.000000&quot;,&quot;timezone_type&quot;:3,&quot;timezone&quot;:&quot;Europe\/Paris&quot;},&quot;metas&quot;:{&quot;genre_main_series&quot;:[{&quot;name&quot;:&quot;Drame&quot;,&quot;id&quot;:&quot;13008&quot;},{&quot;name&quot;:&quot;Policier&quot;,&quot;id&quot;:&quot;13018&quot;},{&quot;name&quot;:&quot;Thriller&quot;,&quot;id&quot;:&quot;13023&quot;}],&quot;id_main_person&quot;:96531,&quot;id_main_season&quot;:37853,&quot;id_main_series&quot;:26231,&quot;id_meta_category&quot;:158006,&quot;image_main_person&quot;:&quot;\/pictures\/17\/05\/18\/10\/37\/473150.jpg&quot;,&quot;image_main_series&quot;:&quot;\/pictures\/21\/11\/10\/14\/17\/4557394.jpg&quot;,&quot;localized_file_type&quot;:&quot;interview&quot;,&quot;main_season_number&quot;:1,&quot;main_season_rating&quot;:3.06451607,&quot;main_season_user_note_count&quot;:1,&quot;main_series_rating&quot;:3.12359548,&quot;name_main_person&quot;:&quot;Benjamin Biolay&quot;,&quot;name_main_season&quot;:&quot;Rebecca - Saison 1&quot;,&quot;name_main_series&quot;:&quot;Rebecca&quot;,&quot;name_meta_category&quot;:&quot;Stars&quot;,&quot;release_status_series&quot;:&quot;En cours&quot;,&quot;trans_file_type&quot;:&quot;Interview&quot;},&quot;relatedEntityType&quot;:&quot;series&quot;,&quot;relatedEntityTrackingIdentifier&quot;:&quot;26231-rebecca&quot;,&quot;relatedEntityTitle&quot;:&quot;Rebecca&quot;,&quot;relatedEntityId&quot;:26231,&quot;relatedEntityUrl&quot;:&quot;ACraHRACr0cHM6Ly93d3cuYWxsb2NpbmUuZnIvc2VyaWVzL2ZpY2hlc2VyaWVfZ2VuX2NzZXJpZT0yNjIzMS5odG1s&quot;,&quot;mediaUrl&quot;:&quot;ACraHRACr0cHM6Ly93d3cuYWxsb2NpbmUuZnIvdmlkZW8vcGxheWVyX2dlbl9jbWVkaWE9MTk1OTQ4MTkmY3NlcmllPTI2MjMxLmh0bWw=&quot;,&quot;entityStatus&quot;:&quot;en_cours&quot;}],&quot;disablePreroll&quot;:false,&quot;disablePostroll&quot;:false}\" data-thumb=\"https:\/\/fr.web.img4.acsta.net\/r_640_360\/videothumbnails\/21\/11\/25\/15\/30\/2749880.jpg\">\n<\/figure>\n<p>Lanc\u00e9e la semaine derni\u00e8re devant\u00a03,86 millions de t\u00e9l\u00e9spectateurs en moyenne, la s\u00e9rie \u00e9v\u00e9nement <a title=\"Rebecca (France) (Drame,Policier,Thriller)\" href=\"http:\/\/www.allocine.fr\/series\/ficheserie_gen_cserie=26231.html\">Rebecca<\/a>, port\u00e9e notamment par <a title=\"Anne Marivin (France) (Acteur)\" href=\"http:\/\/www.allocine.fr\/personne\/fichepersonne_gen_cpersonne=95345.html\">Anne Marivi<\/a>n, <a title=\"Benjamin Biolay (France) (Acteur,Compositeur,Sc\u00e9nariste)\" href=\"http:\/\/www.allocine.fr\/personne\/fichepersonne_gen_cpersonne=96531.html\">Benjamin Biolay<\/a>, <a title=\"Val\u00e9rie Karsenti (France) (Acteur)\" href=\"http:\/\/www.allocine.fr\/personne\/fichepersonne_gen_cpersonne=135253.html\">Val\u00e9rie Karsenti<\/a>, <a title=\"Samir Guesmi (France) (Acteur,Sc\u00e9nariste,R\u00e9alisateur)\" href=\"http:\/\/www.allocine.fr\/personne\/fichepersonne_gen_cpersonne=1484.html\">Samir Guesmi<\/a>, <a title=\"Clotilde Courau (France) (Acteur)\" href=\"http:\/\/www.allocine.fr\/personne\/fichepersonne_gen_cpersonne=13693.html\">Clotilde Courau<\/a>, et <a title=\"Gr\u00e9gory Montel (France) (Acteur,R\u00e9alisateur)\" href=\"http:\/\/www.allocine.fr\/personne\/fichepersonne_gen_cpersonne=132714.html\">Gr\u00e9gory Montel<\/a>, continue ce soir \u00e0 21h05 sur TF1 avec deux nouveaux \u00e9pisodes.<\/p>\n<p>Dans ce thriller \u00e9galement disponible en int\u00e9gralit\u00e9 sur Salto, Anne Marivin incarne une flic qui reprend du service afin d&rsquo;\u00e9chapper \u00e0 la d\u00e9pression qui la ronge et se retrouve confront\u00e9e \u00e0 une s\u00e9rie de meurtres qui semble \u00eatre l&rsquo;oeuvre d&rsquo;un serial killer qu&rsquo;elle n&rsquo;\u00e9tait pas parvenue \u00e0 arr\u00eater six ans plus t\u00f4t.<\/p>\n<p>Bien d\u00e9cid\u00e9e \u00e0 r\u00e9parer cette erreur, Rebecca le poursuit avec acharnement mais des pertes de m\u00e9moire perturbent son travail. Et lorsqu\u2019une des victimes s\u2019av\u00e8re \u00eatre la ma\u00eetresse de son mari, la voil\u00e0 qui se retrouve directement impliqu\u00e9e : pourquoi \u00e9tait-elle la seule \u00e0 savoir o\u00f9 se trouvait le cadavre de cette femme ? Est-ce le serial killer qui l\u2019a tu\u00e9e \u2026 ou bien est-ce elle, au cours d\u2019un de ces black-out ?<\/p>\n<p>Rencontr\u00e9s il y a quelques semaines \u00e0 l&rsquo;occasion du Festival S\u00e9ries Mania, Anne Marivin et Benjamin Biolay, le duo star de la s\u00e9rie, sont revenus pour nous sur leur collaboration sur le tournage et la mani\u00e8re dont ils ont abord\u00e9 ce couple au bord de la s\u00e9paration.<\/p>\n<p>Et ont r\u00e9pondu \u00e0 une grande question : Rebecca est-elle plus r\u00e9ussie que <a title=\"Marcella (Grande-Bretagne) (Policier,Thriller)\" href=\"http:\/\/www.allocine.fr\/series\/ficheserie_gen_cserie=20437.html\">Marcella<\/a>, la s\u00e9rie britannique dont elle est l&rsquo;adaptation ? Et m\u00e9rite-t-elle en tout cas que les fans de Marcella s&rsquo;y int\u00e9ressent pour d\u00e9couvrir quelles diff\u00e9rences ont \u00e9t\u00e9 apport\u00e9s par les sc\u00e9naristes\u00a0<a title=\"Delphine Labouret (France) (Sc\u00e9nariste,Cr\u00e9ateur)\" href=\"http:\/\/www.allocine.fr\/personne\/fichepersonne_gen_cpersonne=601496.html\">Delphine Labouret<\/a> et\u00a0<a title=\"Didier Le P\u00eacheur (France) (R\u00e9alisateur,Sc\u00e9nariste,Cr\u00e9ateur)\" href=\"http:\/\/www.allocine.fr\/personne\/fichepersonne_gen_cpersonne=23962.html\">Didier Le P\u00eacheur<\/a> ?<\/p>\n<p>Enfin, les deux com\u00e9diens, tr\u00e8s friands de s\u00e9ries, nous ont fait part de leurs derniers coups de coeur s\u00e9riels \u00e0 la t\u00e9l\u00e9vision et sur les plateformes, d&rsquo;<a title=\"Industry (Grande-Bretagne,U.S.A.) (Drame)\" href=\"http:\/\/www.allocine.fr\/series\/ficheserie_gen_cserie=25250.html\">Industry<\/a> \u00e0 <a title=\"Black Mirror (Grande-Bretagne) (Thriller,Drame,Science fiction)\" href=\"http:\/\/www.allocine.fr\/series\/ficheserie_gen_cserie=10855.html\">Black Mirror<\/a>.<\/p>\n<\/div>\n<\/div>\n<p>[ad_2]<br \/>\n<br \/><a href=\"http:\/\/www.allocine.fr\/article\/fichearticle_gen_carticle=18704693.html\">Source link <\/a><\/p>\n","protected":false},"excerpt":{"rendered":"<p>[ad_1] J\u00e9r\u00e9mie Dunand &#8211;Chef de rubrique t\u00e9l\u00e9 \/ Journaliste Berc\u00e9 d\u00e8s l\u2019enfance au rythme de Sous le soleil, de P.J., &hellip; <a href=\"http:\/\/www.affinite.fr\/index.php\/2021\/11\/26\/rebecca-sur-tf1-un-remake-meilleur-que-la-serie-originale-marcella-anne-marivin-et-benjamin-biolay-repondent-news-series\/\" class=\"more-link\">Plus <span class=\"screen-reader-text\">Rebecca sur TF1 : un remake meilleur que la s\u00e9rie originale Marcella ? Anne Marivin et Benjamin Biolay r\u00e9pondent &#8211; News S\u00e9ries<\/span> <span class=\"meta-nav\">&rarr;<\/span><\/a><\/p>\n","protected":false},"author":1,"featured_media":7118,"comment_status":"open","ping_status":"open","sticky":false,"template":"","format":"standard","meta":{"_sitemap_exclude":false,"_sitemap_priority":"","_sitemap_frequency":"","footnotes":""},"categories":[1],"tags":[],"class_list":["post-7117","post","type-post","status-publish","format-standard","has-post-thumbnail","hentry","category-tous"],"_links":{"self":[{"href":"http:\/\/www.affinite.fr\/index.php\/wp-json\/wp\/v2\/posts\/7117"}],"collection":[{"href":"http:\/\/www.affinite.fr\/index.php\/wp-json\/wp\/v2\/posts"}],"about":[{"href":"http:\/\/www.affinite.fr\/index.php\/wp-json\/wp\/v2\/types\/post"}],"author":[{"embeddable":true,"href":"http:\/\/www.affinite.fr\/index.php\/wp-json\/wp\/v2\/users\/1"}],"replies":[{"embeddable":true,"href":"http:\/\/www.affinite.fr\/index.php\/wp-json\/wp\/v2\/comments?post=7117"}],"version-history":[{"count":0,"href":"http:\/\/www.affinite.fr\/index.php\/wp-json\/wp\/v2\/posts\/7117\/revisions"}],"wp:featuredmedia":[{"embeddable":true,"href":"http:\/\/www.affinite.fr\/index.php\/wp-json\/wp\/v2\/media\/7118"}],"wp:attachment":[{"href":"http:\/\/www.affinite.fr\/index.php\/wp-json\/wp\/v2\/media?parent=7117"}],"wp:term":[{"taxonomy":"category","embeddable":true,"href":"http:\/\/www.affinite.fr\/index.php\/wp-json\/wp\/v2\/categories?post=7117"},{"taxonomy":"post_tag","embeddable":true,"href":"http:\/\/www.affinite.fr\/index.php\/wp-json\/wp\/v2\/tags?post=7117"}],"curies":[{"name":"wp","href":"https:\/\/api.w.org\/{rel}","templated":true}]}}