{"id":7112,"date":"2021-11-24T18:35:02","date_gmt":"2021-11-24T18:35:02","guid":{"rendered":"https:\/\/www.affinite.fr\/index.php\/2021\/11\/24\/il-va-falloir-remettre-des-restrictions\/"},"modified":"2021-11-24T18:35:02","modified_gmt":"2021-11-24T18:35:02","slug":"il-va-falloir-remettre-des-restrictions","status":"publish","type":"post","link":"http:\/\/www.affinite.fr\/index.php\/2021\/11\/24\/il-va-falloir-remettre-des-restrictions\/","title":{"rendered":"\u00ab\u00a0Il va falloir remettre des restrictions\u00a0\u00bb"},"content":{"rendered":"<p> [ad_1]<br \/>\n<br \/><img decoding=\"async\" src=\"https:\/\/img-3.journaldesfemmes.fr\/4kvwiA82YMNxVGA9ATsHvmjsUfA=\/1280x\/smart\/8bc58022d38d4f0e9747d5e26fefeb66\/ccmcms-jdf\/29742036.jpg\" \/><\/p>\n<p>\n                \u00ab\u00a0Si nous voulons sauver les f\u00eates de fin d&rsquo;ann\u00e9e, il faut une mobilisation collective\u00a0\u00bb a pr\u00e9venu Gabriel Attal mercredi \u00e0 la sortie du Conseil des ministres et face \u00e0 la d\u00e9gradation de la situation en France. 3e dose, test, masques, pass sanitaire, rassemblement&#8230; A quoi s&rsquo;attendre\u00a0?            <\/p>\n<div>\n<aside class=\"ccmsummary marqueur_module ccmcss_cms_summary ccmcss_cms_summary--right\">\n<p>Sommaire<\/p>\n<\/aside>\n<p><strong>[Mis \u00e0 jour le 24 novembre 2021\u00a0\u00e0 18h53]<\/strong> La situation \u00e9pid\u00e9mique se d\u00e9grade \u00e0 l&rsquo;approche des f\u00eates de fin d&rsquo;ann\u00e9e. <i>\u00ab\u00a0<strong>Si nous voulons sauver les f\u00eates de fin d&rsquo;ann\u00e9e, il faut une mobilisation collective<\/strong>\u00ab\u00a0<\/i>, a pr\u00e9venu Gabriel Attal mercredi 24 novembre \u00e0 la sortie du Conseil des ministres. <em>\u00ab\u00a0Le constat est sans appel\u00a0:<strong> notre situation \u00e9pid\u00e9mique se d\u00e9grade tr\u00e8s nettement<\/strong>. Il y a quelques jours, je parlais\u00a0d&rsquo;un d\u00e9but de vague fulgurante\u00a0et cela se confirme avec un <strong>taux de reproduction du virus, qui est estim\u00e9 aujourd&rsquo;hui \u00e0 1,6\u00a0<\/strong>et qui devrait tr\u00e8s probablement continuer \u00e0 augmenter dans les prochains jours et les prochaines semaines\u00a0\u00bb<\/em>\u00a0a-t-il poursuivi.<em>\u00a0\u00ab\u00a0Le flux hospitalisation a augment\u00e9 de 40\u00a0% la derni\u00e8re semaine par rapport \u00e0 la pr\u00e9c\u00e9dente.\u00a0\u00bb\u00a0<\/em>Jean-Fran\u00e7ois Delfraissy,\u00a0Pr\u00e9sident du Conseil scientifique, a alert\u00e9\u00a0lundi sur le fait que la 5e vague\u00a0allait avoir \u00ab\u00a0<em><strong>un impact important<\/strong><\/em>\u00a0\u00bb d&rsquo;ici la fin de l&rsquo;ann\u00e9e, avec \u00ab\u00a0<strong><em>des semaines pas faciles, autour de No\u00ebl<\/em><\/strong>\u00ab\u00a0.\u00a0Pour lutter contre ce pic \u00e9pid\u00e9mique,<strong><em> \u00ab\u00a0le vaccin ne suffira pas, il va falloir remettre des restrictions\u00a0\u00bb<\/em><\/strong>, comme le port du <a href=\"https:\/\/sante.journaldesfemmes.fr\/fiches-maladies\/2609189-masque-covid-19-coronavirus-transparent-enfant-chirurgical-lavable-tissu-ffp2-achat-afnor-prix\/\" title=\"Masque anti-virus\">masque<\/a>, estime-t-il. Alors, la 5e vague peut-elle g\u00e2cher les f\u00eates ? Comment c\u00e9l\u00e9brer\u00a0No\u00ebl en toute s\u00e9curit\u00e9 ? Doit-on se faire vacciner ? Se faire tester ? Avoir un <a href=\"https:\/\/sante.journaldesfemmes.fr\/fiches-maladies\/2700095-pass-sanitaire-obligatoire-fin-restaurant-ameli-recuperer-prolongation-sidep\/\" title=\"Passeport sanitaire\">pass sanitaire<\/a> pour les messes de minuit ?\u00a0Les march\u00e9s de No\u00ebl ? Quels gestes barri\u00e8res respecter ? Doit-on s&rsquo;attendre au m\u00eame sc\u00e9nario qu&rsquo;en 2020\u00a0? R\u00e9ponses.<\/p>\n<h2 id=\"y-aura-t-il-des-restrictions-pour-les-fetes-de-noel-\">Y aura-t-il des restrictions pour les f\u00eates de No\u00ebl ?<\/h2>\n<p>A l&rsquo;issue du Conseil des ministres du 17\u00a0novembre, le porte-parole du gouvernement Gabriel Attal a indiqu\u00e9 que <strong>le gouvernement n&rsquo;avait pas l&rsquo;intention de mettre en place de nouvelles mesures restrictives d&rsquo;ici No\u00ebl<\/strong>. A priori, la mise en place d&rsquo;une jauge maximum de convives ou l&rsquo;instauration d&rsquo;un couvre-feu ou d&rsquo;une limitation de d\u00e9placement ne sont pas pr\u00e9vus. \u00ab\u00a0<em>On avait fait confiance \u00e0 la responsabilit\u00e9 des Fran\u00e7ais l&rsquo;an dernier et on a eu raison. Les Fran\u00e7ais ont fait beaucoup d&rsquo;efforts, ils connaissent maintenant ce virus, ils savent comment il se transmet, ils font tr\u00e8s attention, notamment quand <strong>ils sont avec des personnes fragiles<\/strong> et vuln\u00e9rables\u00a0\u00bb,<\/em>\u00a0a-t-il d\u00e9taill\u00e9 mardi 16 novembre.\u00a0\u00ab\u00a0<em>Disons que si l&rsquo;on est au sommet d&rsquo;une tr\u00e8s forte vague automno-hivernale \u00e0 cette p\u00e9riode, les recommandations seront <strong>de rester chez soi et d&rsquo;\u00e9viter \u00e0 nouveau, au maximum les interactions sociales<\/strong>. Mais on n&rsquo;en est pas l\u00e0<\/em>\u00ab\u00a0, compl\u00e8te le professeur Antoine Flahault, directeur de l&rsquo;Institut de sant\u00e9 globale de l&rsquo;universit\u00e9 de Gen\u00e8ve (Suisse), dans les colonnes du <a href=\"https:\/\/www.leparisien.fr\/societe\/sante\/la-cinquieme-vague-de-covid-19-va-t-elle-gacher-noel-17-11-2021-DXMXTFNNNNA4ZECKOGRQYMZISI.php\" target=\"_blank\" rel=\"noopener\">Parisien<\/a>.\u00a0Les mesures\u00a0pourront donc \u00eatre adapt\u00e9es en fonction de l&rsquo;\u00e9volution de la situation sanitaire en France.<\/p>\n<h2 id=\"sur-quel-marche-de-noel-le-pass-sanitaire-est-il-obligatoire-\">Sur quel march\u00e9 de No\u00ebl le pass sanitaire est-il obligatoire ?<\/h2>\n<p>La d\u00e9cision d&rsquo;imposer le pass sanitaire d\u00e9pend de la d\u00e9cision du pr\u00e9fet de chaque d\u00e9partement. Le pass sanitaire pourra \u00eatre imposer si le taux d&rsquo;incidence d\u00e9passe les 200 cas pour 100 000 habitants.\u00a0Pour l&rsquo;instant, le pass sanitaire est exig\u00e9 aux entr\u00e9es de plusieurs march\u00e9s de No\u00ebl de France :\u00a0<\/p>\n<ul>\n<li>Lille<\/li>\n<li>Metz<\/li>\n<li>Paris (Tuileries, Village de la D\u00e9fense)<\/li>\n<li>Kaysersberg (Haut-Rhin)<\/li>\n<li>March\u00e9s de No\u00ebl du d\u00e9partement des Deux-S\u00e8vres<\/li>\n<li>Reims<\/li>\n<li>Marseille (seule la foire aux santons)<\/li>\n<\/ul>\n<p><strong>A Strasbourg, Mulhouse,\u00a0Eguisheim<\/strong><strong> et\u00a0Colmar<\/strong>, le pass sanitaire n&rsquo;est pas obligatoire, mais le port du masque est impos\u00e9 et la distanciation sociale fortement recommand\u00e9e. Tous les march\u00e9s de No\u00ebl situ\u00e9s dans les 28\u00a0d\u00e9partements o\u00f9 le port du masque est d\u00e9sormais obligatoire sont\u00a0concern\u00e9s par cette mesure\u00a0: <strong>Nord, Ardennes, Marne, Meurthe-et-Moselle, Haut-Rhin, Eure, Orne, Sarthe, Loir-et-Cher, Cher, Maine-et-Loire, Deux-S\u00e8vres, Vend\u00e9e, Loire-Atlantique, Morbihan, Finist\u00e8re, C\u00f4tes-d&rsquo;Armor, Haute-Vienne, Loire, Rh\u00f4ne, Is\u00e8re, Tarn-et-Garonne, Ari\u00e8ge, H\u00e9rault, Pyr\u00e9n\u00e9es-Orientales, Bouches-du-Rh\u00f4ne, Var, Alpes-Maritimes.\u00a0<\/strong>Dans tous les cas, le protocole sera adapt\u00e9 en fonction du\u00a0taux d&rsquo;incidence. Dans l&rsquo;un des sc\u00e9narios, les visiteurs ne pourront pas manger ou boire devant les stands mais exclusivement dans des zones d\u00e9di\u00e9es et d\u00e9limit\u00e9es appel\u00e9es \u00ab\u00a0food corner\u00a0\u00bb ou \u00ab\u00a0food court\u00a0\u00bb. Les autres mairies attendent encore les d\u00e9cisions pr\u00e9fectorales pour d\u00e9cider de leur protocole sanitaire.<\/p>\n<h2 id=\"faut-il-un-pass-sanitaire-pour-les-messes-de-minuit-\">Faut-il un pass sanitaire pour les messes de minuit ?<\/h2>\n<p>Les messes de minuit ou veill\u00e9es de No\u00ebl ont lieu dans de nombreux villes et villages de France. Pour le moment, aucune info n&rsquo;a \u00e9t\u00e9 transmise concernant l&rsquo;obligation de pr\u00e9senter un pass sanitaire pour les messes de minuit. Selon <a href=\"https:\/\/www.service-public.fr\/particuliers\/actualites\/A15121\" target=\"_blank\" rel=\"noopener\">le d\u00e9cret officiel<\/a>, le pass sanitaire est seulement obligatoire dans \u00ab\u00a0les\u00a0\u00e9tablissements de culte lorsqu&rsquo;ils accueillent des activit\u00e9s culturelles (concerts, spectacles)\u00a0\u00bb. Donc a priori, les messes ne sont pas concern\u00e9es par cette obligation.\u00a0<\/p>\n<h2 id=\"peut-on-se-rassembler-a-noel-\">Peut-on se rassembler \u00e0 No\u00ebl \u00e0 plus de 6 personnes ?<\/h2>\n<p>A date, il est possible de se r\u00e9unir dans un endroit priv\u00e9 (chez soi&#8230;) pour les f\u00eates de No\u00ebl sans jauge maximum. N\u00e9anmoins, l&rsquo;Assurance maladie recommande toujours de limiter \u00ab\u00a0les\u00a0regroupements professionnels, amicaux ou familiaux \u00e0\u00a0<strong>6\u00a0personnes au maximum\u00a0\u00bb<\/strong>. Les mesures pourront \u00e9galement \u00eatre adapt\u00e9es en fonction de l&rsquo;\u00e9volution de la situation sanitaire. Dans <a href=\"https:\/\/solidarites-sante.gouv.fr\/IMG\/pdf\/avis_conseil_scientifique_20_novembre_2021.pdf\" target=\"_blank\" rel=\"noopener\">un avis du 20 novembre 2021<\/a>, le Conseil scientifique pr\u00e9conise la limitation des rassemblements.\u00a0<\/p>\n<h2 id=\"doit-on-porter-un-masque-a-noel-\">Doit-on porter un masque \u00e0 No\u00ebl ?<\/h2>\n<p>Dans le cadre priv\u00e9, le port du masque n&rsquo;est pas obligatoire mais est fortement recommand\u00e9, surtout quand la distanciation ne peut pas \u00eatre respect\u00e9e. Son port fait partie des <a href=\"https:\/\/sante.journaldesfemmes.fr\/fiches-maladies\/2619739-gestes-barrieres-covid-en-vigueur-novembre-2021-entreprise-restaurant-ecole-affiche-respect\/\" title=\"Geste barri\u00e8re\">gestes barri\u00e8res<\/a>.\u00a0Le port du masque est obligatoire dans certains march\u00e9s de No\u00ebl.\u00a0<\/p>\n<h2 id=\"faudra-il-se-faire-vacciner-avant-noel\">Faut-il se faire vacciner avant No\u00ebl\u00a0?<\/h2>\n<blockquote>\n<p style=\"text-align: right;\">\u00ab\u00a0Il est possible que No\u00ebl ne soit pas difficile \u00e0 cause du Covid, mais \u00e0 cause de la grippe.\u00a0\u00bb<\/p>\n<\/blockquote>\n<p><em>\u00ab\u00a0Aujourd&rsquo;hui il n&rsquo;y a pas de raison de penser\u00a0\u00bb<\/em>\u00a0que les f\u00eates de No\u00ebl\u00a0se d\u00e9roulent comme en 2020. Oui, mais \u00e0 condition\u00a0<em>\u00ab\u00a0que l&rsquo;immunit\u00e9 conf\u00e9r\u00e9e par le vaccin se poursuive et donc que les Fran\u00e7ais \u00e9ligibles fassent leur rappel de vaccination\u00a0\u00bb<\/em>, insiste Gabriel Attal le 16 novembre sur France Inter.\u00a0<em>\u00ab\u00a0<strong>Si les gens sont correctement vaccin\u00e9s,<\/strong> <strong>No\u00ebl sera quasi normal cette ann\u00e9e<\/strong>.\u00a0<\/em>rassure\u00a0de son c\u00f4t\u00e9 Eric Caumes, chef du service de maladies infectieuses et tropicales \u00e0 l&rsquo;h\u00f4pital de La Piti\u00e9 Salp\u00eatri\u00e8re \u00e0 Paris, lors d&rsquo;une interview accord\u00e9e \u00e0\u00a0<a href=\"https:\/\/www.lexpress.fr\/actualite\/societe\/sante\/quelle-sera-la-situation-sanitaire-en-france-a-noel-des-specialistes-nous-repondent_2162335.html\" target=\"_blank\" rel=\"noopener\"><em>L&rsquo;Express<\/em><\/a>.\u00a0<em><strong>La grippe m&rsquo;inqui\u00e8te davantage<\/strong>\u00a0: il est possible que No\u00ebl ne soit pas difficile \u00e0 cause du Covid, mais \u00e0 cause de la <a href=\"https:\/\/sante.journaldesfemmes.fr\/fiches-maladies\/1551976-grippe-2021-saisonniere-virus-symptomes-vaccination-contagion-traitement-h1n1\/\" title=\"Grippe\">grippe<\/a>. Il y a cette ann\u00e9e un vrai risque d&rsquo;\u00e9pid\u00e9mie grippale. Il n&rsquo;y en a pas eu les deux derni\u00e8res ann\u00e9es donc les gens l&rsquo;ont oubli\u00e9e. S&rsquo;il y a un message \u00e0 faire passer, c&rsquo;est\u00a0:\u00a0<\/em>&lsquo;<strong>Vaccinez-vous contre la grippe&rsquo;<\/strong><em>, surtout pour No\u00ebl. Mon autre crainte concerne les difficult\u00e9s rencontr\u00e9es dans les h\u00f4pitaux du fait du manque de personnel et du manque de chambres disponibles. La conjonction de ces trois ph\u00e9nom\u00e8nes, le Covid, la grippe et les soucis dans les h\u00f4pitaux, fait qu&rsquo;il peut y avoir des probl\u00e8mes ces prochaines semaines.\u00a0\u00bb\u00a0<\/em><\/p>\n<h2 id=\"faudra-t-il-une-3e-dose-\">Faut-il une 3e dose ?<\/h2>\n<p>Pour le moment, la <a href=\"https:\/\/sante.journaldesfemmes.fr\/fiches-maladies\/2738153-3e-dose-vaccin-covid-rappel-pass-sanitaire-pour-tous-pour-qui-obligatoire-soignant\/\" title=\"Troisi\u00e8me dose\">dose de rappel<\/a> est obligatoire (pour conserver son pass sanitaire) <strong>exclusivement\u00a0pour certaines personnes<\/strong> : les personnes <strong>de plus de 65\u00a0ans et\u00a0les personnes vaccin\u00e9es avec Janssen.<\/strong> A partir du\u00a015\u00a0d\u00e9cembre, le pass sanitaire sera donc d\u00e9sactiv\u00e9 pour les personnes de plus de 65\u00a0ans et pour les personnes vaccin\u00e9es avec Janssen, qui ont r\u00e9alis\u00e9 leur deuxi\u00e8me dose\u00a0<strong data-insertor-excluded=\"1\">il y a plus de 6\u00a0mois et 5\u00a0semaines<\/strong>\u00a0et qui n&rsquo;ont pas fait leur rappel. Les Fran\u00e7ais de 50 \u00e0 64 ans peuvent d\u00e9j\u00e0 prendre rendez-vous pour recevoir leur dose de rappel \u00e0 partir du 1er d\u00e9cembre.\u00a0Pour eux, la dose de rappel n&rsquo;est pas obligatoire. Enfin, la dose de rappel est recommand\u00e9e pour les personnes atteintes de comorbidit\u00e9s, les immunod\u00e9prim\u00e9s, les soignants et les professionnels de sant\u00e9.\u00a0<\/p>\n<h2 id=\"faudra-t-il-se-faire-tester-\">Faut-il se faire tester ?<\/h2>\n<blockquote>\n<p style=\"text-align: right;\">Il sera\u00a0possible de r\u00e9aliser <strong>un test pr\u00e9ventif en amont d&rsquo;une r\u00e9union familiale<\/strong><\/p>\n<\/blockquote>\n<p>A priori, se faire tester ne sera pas obligatoire pour se r\u00e9unir pour les f\u00eates de fin d&rsquo;ann\u00e9e. Mais comme l&rsquo;ann\u00e9e derni\u00e8re, il sera toujours possible de r\u00e9aliser <strong>un test pr\u00e9ventif en amont d&rsquo;une r\u00e9union familiale<\/strong>. Mais depuis le 15 octobre, les tests dits \u00ab\u00a0de confort\u00a0\u00bb ne sont plus rembours\u00e9s.\u00a0Les personnes majeures non vaccin\u00e9es et sans ordonnance doivent d\u00e9sormais d\u00e9bourser la somme minimale de 44\u00a0euros pour un test PCR, de 22\u00a0euros\u00a0pour un test antig\u00e9nique et de 12,90\u00a0euros pour un autotests r\u00e9alis\u00e9 sous la supervision d&rsquo;un professionnel.<\/p>\n<ul>\n<li><strong>Les personnes symptomatiques (toux, fi\u00e8vre)<\/strong> doivent consulter un m\u00e9decin qui leur prescrira un test PCR ou antig\u00e9nique.<\/li>\n<li><strong>Les personnes asymptomatiques<\/strong> qui n&rsquo;ont pas respect\u00e9 les gestes barri\u00e8re ou qui ont \u00e9t\u00e9 en contact avec une personne symptomatique peuvent faire un test id\u00e9alement entre <strong>48h et 24h<\/strong> avant les retrouvailles avec leurs proches.<\/li>\n<\/ul>\n<p><strong>Attention :<\/strong> les r\u00e9sultats des tests ne sont valables qu&rsquo;<strong>au moment o\u00f9 on se fait pr\u00e9lever<\/strong>. On peut tr\u00e8s bien \u00eatre test\u00e9 n\u00e9gatif la veille de No\u00ebl\u00a0et \u00eatre contamin\u00e9 entre le pr\u00e9l\u00e8vement et le moment de se r\u00e9unir. Un test n\u00e9gatif ne remplace donc pas le respect des gestes barri\u00e8res.\u00a0\u00a0<\/p>\n<h2 id=\"faudra-t-il-sauto-confiner-avant-les-fetes-\">Est-ce qu&rsquo;un confinement est recommand\u00e9 avant les f\u00eates ?<\/h2>\n<p>En 2020, le <a href=\"http:\/\/solidarites-sante.gouv.fr\/actualites\/presse\/dossiers-de-presse\/article\/covid-19-conseil-scientifique-covid-19\" target=\"_blank\" rel=\"noopener\">Conseil Scientifique<\/a> recommandait le recours \u00e0 <strong>un\u00a0auto-confinement pr\u00e9ventif<\/strong> pour les personnes qui ont pr\u00e9vu de passer les f\u00eates de fin d&rsquo;ann\u00e9e avec des personnes \u00e0 risque (\u00e2g\u00e9es ou personnes fragiles). Il s&rsquo;agissait de restreindre au maximum ses contacts une semaine avant le 24\u00a0ou le 31\u00a0d\u00e9cembre. En 2021, le Conseil scientifique et le gouvernement ne se sont pour le moment pas prononc\u00e9s en faveur d&rsquo;un auto-confinement.<\/p>\n<h2 id=\"quels-gestes-barrieres-pendant-les-fetes-de-noel-\">Quels gestes barri\u00e8res pendant les f\u00eates de No\u00ebl ?<\/h2>\n<p>Les gestes barri\u00e8res sont toujours d&rsquo;actualit\u00e9 et doivent \u00eatre respect\u00e9s.\u00a0L&rsquo;objectif est de limiter au maximum <strong>les risques de contamination pour les personnes qui vont c\u00e9l\u00e9brer ensemble les f\u00eates de fin d&rsquo;ann\u00e9e<\/strong>. Ainsi, pour r\u00e9duire les risques de transmission, il convient de :<\/p>\n<ul>\n<li><strong>Respecter les gestes barri\u00e8res<\/strong> lors des rassemblements entre amis et des r\u00e9unions familiales, comme maintenir une distance physique d&rsquo;un m\u00e8tre lorsque c&rsquo;est possible, se laver les mains tr\u00e8s r\u00e9guli\u00e8rement, \u00e9viter les\u00a0embrassades et \u00a0la promiscuit\u00e9 pour minimiser les risques. Eviter les bises pour se dire bonjour ou se remercier pour les cadeaux donc\u00a0!<\/li>\n<li><strong>A\u00e9rer les espaces int\u00e9rieurs r\u00e9guli\u00e8rement<\/strong>\u00a0(la dur\u00e9e d&rsquo;a\u00e9ration d\u00e9pend du volume de la pi\u00e8ce et du renouvellement de l&rsquo;air)<\/li>\n<li><strong>Adapter le plan de table pour le repas<\/strong>\u00a0en espa\u00e7ant les convives avec une distance plus importante pour les personnes pr\u00e9sentant le plus de risques du fait de leur \u00e2ge ou de comorbidit\u00e9s.\u00a0<\/li>\n<li><strong>Porter le masque, <\/strong>dans la mesure du possible<\/li>\n<li><strong>Nettoyer r\u00e9guli\u00e8rement les surfaces communes<\/strong> comme les poign\u00e9es de porte et de tiroirs, les interrupteurs, la\u00a0table \u00e0 manger, les robinets et les sanitaires&#8230;<\/li>\n<li><strong>Se laver les mains<\/strong> apr\u00e8s avoir ouvert les paquets ou utiliser du gel hydro-alcoolique.<\/li>\n<\/ul>\n<h2 id=\"quelles-etaient-les-regles-pendant-noel-2020--\">Quelles \u00e9taient les r\u00e8gles \u00e0 No\u00ebl 2020 ?<\/h2>\n<p>En 2020, les f\u00eates de fin d&rsquo;ann\u00e9es ont \u00e9t\u00e9 ternies par l&rsquo;\u00e9pid\u00e9mie de Covid-19. Le Premier ministre Jean Castex avait notamment recommand\u00e9 aux Fran\u00e7ais de <strong>limiter les repas \u00e0 6\u00a0adultes \u00e0 table, <\/strong>notamment<strong>\u00a0<\/strong>au R\u00e9veillon et le jour de\u00a0No\u00ebl. Se <strong>faire tester contre le Covid-19 <\/strong>avant les r\u00e9unions familiales ou les rassemblements entre amis \u00e9tait recommand\u00e9. Un couvre-feu \u00e9tait \u00e9galement en vigueur.<\/p>\n<\/p><\/div>\n<p>[ad_2]<br \/>\n<br \/><a href=\"https:\/\/sante.journaldesfemmes.fr\/fiches-maladies\/2679119-covid-fetes-de-noel-2021-gestes-barrieres-3e-dose-vaccin-test-regles-restriction-delfraissy-attal\/\">Source link <\/a><\/p>\n","protected":false},"excerpt":{"rendered":"<p>[ad_1] \u00ab\u00a0Si nous voulons sauver les f\u00eates de fin d&rsquo;ann\u00e9e, il faut une mobilisation collective\u00a0\u00bb a pr\u00e9venu Gabriel Attal mercredi &hellip; <a href=\"http:\/\/www.affinite.fr\/index.php\/2021\/11\/24\/il-va-falloir-remettre-des-restrictions\/\" class=\"more-link\">Plus <span class=\"screen-reader-text\">\u00ab\u00a0Il va falloir remettre des restrictions\u00a0\u00bb<\/span> <span class=\"meta-nav\">&rarr;<\/span><\/a><\/p>\n","protected":false},"author":1,"featured_media":7113,"comment_status":"open","ping_status":"open","sticky":false,"template":"","format":"standard","meta":{"_sitemap_exclude":false,"_sitemap_priority":"","_sitemap_frequency":"","footnotes":""},"categories":[1],"tags":[],"class_list":["post-7112","post","type-post","status-publish","format-standard","has-post-thumbnail","hentry","category-tous"],"_links":{"self":[{"href":"http:\/\/www.affinite.fr\/index.php\/wp-json\/wp\/v2\/posts\/7112"}],"collection":[{"href":"http:\/\/www.affinite.fr\/index.php\/wp-json\/wp\/v2\/posts"}],"about":[{"href":"http:\/\/www.affinite.fr\/index.php\/wp-json\/wp\/v2\/types\/post"}],"author":[{"embeddable":true,"href":"http:\/\/www.affinite.fr\/index.php\/wp-json\/wp\/v2\/users\/1"}],"replies":[{"embeddable":true,"href":"http:\/\/www.affinite.fr\/index.php\/wp-json\/wp\/v2\/comments?post=7112"}],"version-history":[{"count":0,"href":"http:\/\/www.affinite.fr\/index.php\/wp-json\/wp\/v2\/posts\/7112\/revisions"}],"wp:featuredmedia":[{"embeddable":true,"href":"http:\/\/www.affinite.fr\/index.php\/wp-json\/wp\/v2\/media\/7113"}],"wp:attachment":[{"href":"http:\/\/www.affinite.fr\/index.php\/wp-json\/wp\/v2\/media?parent=7112"}],"wp:term":[{"taxonomy":"category","embeddable":true,"href":"http:\/\/www.affinite.fr\/index.php\/wp-json\/wp\/v2\/categories?post=7112"},{"taxonomy":"post_tag","embeddable":true,"href":"http:\/\/www.affinite.fr\/index.php\/wp-json\/wp\/v2\/tags?post=7112"}],"curies":[{"name":"wp","href":"https:\/\/api.w.org\/{rel}","templated":true}]}}