{"id":7104,"date":"2021-11-23T17:57:16","date_gmt":"2021-11-23T17:57:16","guid":{"rendered":"https:\/\/www.affinite.fr\/index.php\/2021\/11\/23\/raclette-bowl-chefnini\/"},"modified":"2021-11-23T17:57:16","modified_gmt":"2021-11-23T17:57:16","slug":"raclette-bowl-chefnini","status":"publish","type":"post","link":"http:\/\/www.affinite.fr\/index.php\/2021\/11\/23\/raclette-bowl-chefnini\/","title":{"rendered":"Raclette bowl &#8211; chefNini"},"content":{"rendered":"<p> [ad_1]<br \/>\n<\/p>\n<div id=\"post-40962\">&#13;<br \/>\n\t\t\t\t\t\t\t\t\t&#13;<\/p>\n<div class=\"post-header-inner\">\n<div class=\"post-header-title\">\n<div class=\"post-meta single-post-meta\">\n\t\t\t\t<span class=\"time\"><time class=\"post-published updated\" datetime=\"2021-11-22T14:37:06+01:00\">Publi\u00e9 le <b>22 novembre 2021<\/b><\/time><\/span><br \/>\n\t\t\t<a href=\"https:\/\/www.chefnini.com\/raclette-bowl\/#comments\" title=\"Laisser un commentaire sur &quot;Raclette bowl&quot;\" class=\"comments\"><i class=\"fa fa-comments-o\"\/> 1<\/a><\/div>\n<\/p><\/div>\n<\/p><\/div>\n<p>&#13;<\/p>\n<div class=\"entry-content clearfix single-post-content\">\n<p><img itemprop=\"image\" class=\"aligncenter size-full wp-image-40963\" data-src=\"https:\/\/static.chefnini.com\/wp-content\/uploads\/2021\/11\/raclette-bowl.jpg\" alt=\"\" width=\"730\" height=\"487\" srcset=\"https:\/\/static.chefnini.com\/wp-content\/uploads\/2021\/11\/raclette-bowl.jpg 730w, https:\/\/static.chefnini.com\/wp-content\/uploads\/2021\/11\/raclette-bowl-300x200.jpg 300w, https:\/\/static.chefnini.com\/wp-content\/uploads\/2021\/11\/raclette-bowl-450x300.jpg 450w\" sizes=\"(max-width: 730px) 100vw, 730px\"\/><\/p>\n<p itemprop=\"description\">La raclette, c\u2019est mon repas doudou de l\u2019hiver. Le plat le plus r\u00e9confortant que je puisse me faire. Et j\u2019ai vu passer une nouvelle fa\u00e7on de pr\u00e9parer la raclette qui est parfaite si on est solo ou qu\u2019on n\u2019a pas d\u2019appareil \u00e0 raclette, c\u2019est la raclette bowl. Vous savez, on fait des <em>bowls<\/em> de tout maintenant !<\/p>\n<p>Et j\u2019ai compl\u00e8tement adh\u00e9r\u00e9 \u00e0 ce concept pour la raclette. Je me suis r\u00e9gal\u00e9e juste apr\u00e8s les photos \ud83d\ude09<\/p>\n<p>Libre \u00e0 vous de suivre la recette ou de l\u2019adapter \u00e0 votre go\u00fbt !<\/p>\n<p><img itemprop=\"image\" class=\"aligncenter size-full wp-image-40967\" data-src=\"https:\/\/static.chefnini.com\/wp-content\/uploads\/2021\/11\/raclette-bowl5.jpg\" alt=\"\" width=\"500\" height=\"750\" srcset=\"https:\/\/static.chefnini.com\/wp-content\/uploads\/2021\/11\/raclette-bowl5.jpg 500w, https:\/\/static.chefnini.com\/wp-content\/uploads\/2021\/11\/raclette-bowl5-200x300.jpg 200w\" sizes=\"(max-width: 500px) 100vw, 500px\"\/><\/p>\n<p><img itemprop=\"image\" class=\"aligncenter size-full wp-image-40964\" data-src=\"https:\/\/static.chefnini.com\/wp-content\/uploads\/2021\/11\/raclette-bowl2.jpg\" alt=\"\" width=\"730\" height=\"487\" srcset=\"https:\/\/static.chefnini.com\/wp-content\/uploads\/2021\/11\/raclette-bowl2.jpg 730w, https:\/\/static.chefnini.com\/wp-content\/uploads\/2021\/11\/raclette-bowl2-300x200.jpg 300w, https:\/\/static.chefnini.com\/wp-content\/uploads\/2021\/11\/raclette-bowl2-450x300.jpg 450w\" sizes=\"(max-width: 730px) 100vw, 730px\"\/> <img itemprop=\"image\" class=\"aligncenter size-full wp-image-40965\" data-src=\"https:\/\/static.chefnini.com\/wp-content\/uploads\/2021\/11\/raclette-bowl3.jpg\" alt=\"\" width=\"500\" height=\"750\" srcset=\"https:\/\/static.chefnini.com\/wp-content\/uploads\/2021\/11\/raclette-bowl3.jpg 500w, https:\/\/static.chefnini.com\/wp-content\/uploads\/2021\/11\/raclette-bowl3-200x300.jpg 200w\" sizes=\"(max-width: 500px) 100vw, 500px\"\/><\/p>\n<h3 itemprop=\"recipeYield\">Pour 2 personnes :<\/h3>\n<ul>\n<li itemprop=\"ingredients\">500 g de petites pommes de terre<\/li>\n<li itemprop=\"ingredients\">3 tranches de jambon blanc<\/li>\n<li itemprop=\"ingredients\">4 tranches de jambon cru<\/li>\n<li itemprop=\"ingredients\">10 tranches de fromage \u00e0 raclette<\/li>\n<li itemprop=\"ingredients\">Des cornichons<\/li>\n<li itemprop=\"ingredients\">1\/2 oignon rouge<\/li>\n<li itemprop=\"ingredients\">Un peu de persil hach\u00e9<\/li>\n<\/ul>\n<div itemprop=\"recipeInstructions\">\n<p><img itemprop=\"image\" class=\"aligncenter size-full wp-image-40968\" data-src=\"https:\/\/static.chefnini.com\/wp-content\/uploads\/2021\/11\/raclette-bowl6.jpg\" alt=\"\" width=\"500\" height=\"750\" srcset=\"https:\/\/static.chefnini.com\/wp-content\/uploads\/2021\/11\/raclette-bowl6.jpg 500w, https:\/\/static.chefnini.com\/wp-content\/uploads\/2021\/11\/raclette-bowl6-200x300.jpg 200w\" sizes=\"(max-width: 500px) 100vw, 500px\"\/><\/p>\n<p>1- Hachez finement l\u2019oignon et faites-le revenir dans une petite po\u00eale avec un peu de mati\u00e8re grasse. Laissez cuire 10 minutes.<\/p>\n<p>2- Coupez les tranches de jambon blanc en 2 dans la longueur et roulez-les sur elles-m\u00eames.<\/p>\n<p>3- Roulez les tranches de jambon cru sur elles-m\u00eames.<\/p>\n<p>4- Faites cuire les pommes de terre \u00e0 l\u2019eau (autre option vraiment d\u00e9licieuse : les pommes de terre cuites au four avec la peau.).<\/p>\n<p>5- Versez les tranches de fromage dans un petit plat \u00e0 gratin. Enfournez une dizaine de minutes dans un four pr\u00e9chauff\u00e9 \u00e0 200\u00b0C, le temps de faire fondre le fromage.<\/p>\n<p>6- R\u00e9partissez les pommes de terre chaudes dans deux assiettes creuses. Ajoutez les roul\u00e9s de jambon, des cornichons.<\/p>\n<p>7- Recouvrez les pommes de terre de fromage, puis terminez en ajoutant l\u2019oignon et du persil hach\u00e9.<\/p>\n<p>8- Servez sans attendre.<\/p>\n<p><img itemprop=\"image\" class=\"aligncenter size-full wp-image-40966\" data-src=\"https:\/\/static.chefnini.com\/wp-content\/uploads\/2021\/11\/raclette-bowl4.jpg\" alt=\"\" width=\"500\" height=\"750\" srcset=\"https:\/\/static.chefnini.com\/wp-content\/uploads\/2021\/11\/raclette-bowl4.jpg 500w, https:\/\/static.chefnini.com\/wp-content\/uploads\/2021\/11\/raclette-bowl4-200x300.jpg 200w\" sizes=\"(max-width: 500px) 100vw, 500px\"\/><\/p>\n<\/div>\n<p> <!-- recipeInstructions --> \t\t\t\t\t\t\t\t\t<\/div>\n<p>&#13;<\/p>\n<p>\t\t&#13;\n\t\t\t\t\t\t\t\t\t\t<\/p><\/div>\n<p>[ad_2]<br \/>\n<br \/><a href=\"https:\/\/www.chefnini.com\/raclette-bowl\/\">Source link <\/a><\/p>\n","protected":false},"excerpt":{"rendered":"<p>[ad_1] &#13; &#13; Publi\u00e9 le 22 novembre 2021 1 &#13; La raclette, c\u2019est mon repas doudou de l\u2019hiver. Le plat &hellip; <a href=\"http:\/\/www.affinite.fr\/index.php\/2021\/11\/23\/raclette-bowl-chefnini\/\" class=\"more-link\">Plus <span class=\"screen-reader-text\">Raclette bowl &#8211; chefNini<\/span> <span class=\"meta-nav\">&rarr;<\/span><\/a><\/p>\n","protected":false},"author":1,"featured_media":7105,"comment_status":"open","ping_status":"open","sticky":false,"template":"","format":"standard","meta":{"_sitemap_exclude":false,"_sitemap_priority":"","_sitemap_frequency":"","footnotes":""},"categories":[1],"tags":[],"class_list":["post-7104","post","type-post","status-publish","format-standard","has-post-thumbnail","hentry","category-tous"],"_links":{"self":[{"href":"http:\/\/www.affinite.fr\/index.php\/wp-json\/wp\/v2\/posts\/7104"}],"collection":[{"href":"http:\/\/www.affinite.fr\/index.php\/wp-json\/wp\/v2\/posts"}],"about":[{"href":"http:\/\/www.affinite.fr\/index.php\/wp-json\/wp\/v2\/types\/post"}],"author":[{"embeddable":true,"href":"http:\/\/www.affinite.fr\/index.php\/wp-json\/wp\/v2\/users\/1"}],"replies":[{"embeddable":true,"href":"http:\/\/www.affinite.fr\/index.php\/wp-json\/wp\/v2\/comments?post=7104"}],"version-history":[{"count":0,"href":"http:\/\/www.affinite.fr\/index.php\/wp-json\/wp\/v2\/posts\/7104\/revisions"}],"wp:featuredmedia":[{"embeddable":true,"href":"http:\/\/www.affinite.fr\/index.php\/wp-json\/wp\/v2\/media\/7105"}],"wp:attachment":[{"href":"http:\/\/www.affinite.fr\/index.php\/wp-json\/wp\/v2\/media?parent=7104"}],"wp:term":[{"taxonomy":"category","embeddable":true,"href":"http:\/\/www.affinite.fr\/index.php\/wp-json\/wp\/v2\/categories?post=7104"},{"taxonomy":"post_tag","embeddable":true,"href":"http:\/\/www.affinite.fr\/index.php\/wp-json\/wp\/v2\/tags?post=7104"}],"curies":[{"name":"wp","href":"https:\/\/api.w.org\/{rel}","templated":true}]}}