{"id":7098,"date":"2021-11-21T06:03:37","date_gmt":"2021-11-21T06:03:37","guid":{"rendered":"https:\/\/www.affinite.fr\/index.php\/2021\/11\/21\/dans-la-banlieue-de-lille-une-maison-au-dessin-simple-mais-efficace-2\/"},"modified":"2021-11-21T06:03:37","modified_gmt":"2021-11-21T06:03:37","slug":"dans-la-banlieue-de-lille-une-maison-au-dessin-simple-mais-efficace-2","status":"publish","type":"post","link":"http:\/\/www.affinite.fr\/index.php\/2021\/11\/21\/dans-la-banlieue-de-lille-une-maison-au-dessin-simple-mais-efficace-2\/","title":{"rendered":"Dans la banlieue de Lille, une maison au dessin simple mais efficace"},"content":{"rendered":"<p> [ad_1]<br \/>\n<br \/><img decoding=\"async\" src=\"https:\/\/maison1.advcdn.net\/images\/medias\/000\/055\/000055133\/200.jpg\" \/><\/p>\n<div itemprop=\"articleBody\">\n<p>\n  <strong>Moderne et confortable<\/strong>\n<\/p>\n<p>\n  Situ\u00e9e \u00e0 Wasquehal, sur un terrain de 1200 m\u00b2, class\u00e9 \u00ab\u00a0Secteur Parc\u00a0\u00bb, avec une faible surface constructible, <strong>cette maison en brique doit sa forme compacte de bloc,<\/strong> aux contraintes du site sur lesquelles <strong>les architectes de l\u2019agence Riva<\/strong> se sont appuy\u00e9s pour lui construire une v\u00e9ritable identit\u00e9. Cr\u00e9\u00e9e pour une famille nombreuse de 6 personnes, son <strong>plan optimal, dot\u00e9 de loggias et auvents<\/strong>, permet de se retrouver le soir et le week-end dans les vastes espaces du rez-de-chauss\u00e9e ou sur les terrasses. Et l\u2019on se croit \u00e0 la campagne, alors que l\u2019on est en pleine ville.\n<\/p>\n<p>\n  <strong>Des fen\u00eatres sur la nature<\/strong>\n<\/p>\n<p>\n  Pour capturer la lumi\u00e8re naturelle et profiter pleinement de l\u2019environnement verdoyant, des <strong>menuiseries aluminium Technal<\/strong> ont \u00e9t\u00e9 choisies\u00a0: en particulier, les baies coulissantes Soleal et Lumeal, \u00e0 ouvrant cach\u00e9 et style \u00e9pur\u00e9, qui accentuent les lignes sobres et rectilignes de la maison. Leurs montants verticaux centraux, de seulement 38 mm d\u2019\u00e9paisseur, offrent une esth\u00e9tique minimaliste. Dans les espaces du rez-de-chauss\u00e9e, on profite d\u2019une <strong>vue panoramique sur 15 m\u00e8tres de fa\u00e7ade<\/strong> tandis qu\u2019une perspective de 5,60 m\u00e8tres de large se d\u00e9ploie depuis la suite parentale. Ces <strong>deux ouvertures, aux dormants invisibles<\/strong> avec drainage cach\u00e9, orient\u00e9es sud, se d\u00e9veloppent du sol au plafond, dans lesquels elles sont encastr\u00e9s, sur une hauteur de 2,50 m\u00e8tres.\n<\/p>\n<p>\n  <strong>Une construction \u00e9cologique<\/strong>\n<\/p>\n<p>\n  C\u00f4t\u00e9 mat\u00e9riaux, ils sont simples et bruts. <strong>Les briques de parement coll\u00e9es dialoguent avec le bois des auvents et les ch\u00e2ssis en aluminium<\/strong> (collection Les Exclusives) \u00e0 la teinte textur\u00e9e (r\u00e9f\u00e9rence Montr\u00e9al). Outre leur esth\u00e9tique innovante, <strong>les baies vitr\u00e9es pr\u00e9sentent de bonnes performances thermiques.<\/strong> L\u2019hiver, elles captent les apports caloriques du soleil et limitent les besoins en chauffage. La maison a ainsi obtenu le niveau BBC. Et des auvents recouverts de bois, d\u2019une profondeur d\u20191,50 m\u00e8tre r\u00e9duisent l\u2019impact de l\u2019ensoleillement excessif l\u2019\u00e9t\u00e9.\u00a0\n<\/p>\n<p>\n  <strong>Contacts\u00a0:<\/strong><br \/>Technal\u00a0: <a href=\"http:\/\/www.technal.com\/\">www.technal.com<\/a><br \/>Riva Architectes\u00a0: <a href=\"http:\/\/www.riva-architectes.fr\/\">www.riva-architectes.fr<\/a>\n<\/p>\n<\/p><\/div>\n<p><script async defer crossorigin=\"anonymous\" src=\"https:\/\/connect.facebook.net\/fr_FR\/sdk.js#xfbml=1&#038;version=v6.0&#038;appId=252025098257546&#038;autoLogAppEvents=1\"><\/script><br \/>\n<br \/>[ad_2]<br \/>\n<br \/><a href=\"https:\/\/www.maison.com\/architecture\/maison-basse-consommation\/dans-banlieue-lille-maison-lumineuse-brique-9759\/\">Source link <\/a><\/p>\n","protected":false},"excerpt":{"rendered":"<p>[ad_1] Moderne et confortable Situ\u00e9e \u00e0 Wasquehal, sur un terrain de 1200 m\u00b2, class\u00e9 \u00ab\u00a0Secteur Parc\u00a0\u00bb, avec une faible surface &hellip; <a href=\"http:\/\/www.affinite.fr\/index.php\/2021\/11\/21\/dans-la-banlieue-de-lille-une-maison-au-dessin-simple-mais-efficace-2\/\" class=\"more-link\">Plus <span class=\"screen-reader-text\">Dans la banlieue de Lille, une maison au dessin simple mais efficace<\/span> <span class=\"meta-nav\">&rarr;<\/span><\/a><\/p>\n","protected":false},"author":1,"featured_media":6970,"comment_status":"open","ping_status":"open","sticky":false,"template":"","format":"standard","meta":{"_sitemap_exclude":false,"_sitemap_priority":"","_sitemap_frequency":"","footnotes":""},"categories":[1],"tags":[],"class_list":["post-7098","post","type-post","status-publish","format-standard","has-post-thumbnail","hentry","category-tous"],"_links":{"self":[{"href":"http:\/\/www.affinite.fr\/index.php\/wp-json\/wp\/v2\/posts\/7098"}],"collection":[{"href":"http:\/\/www.affinite.fr\/index.php\/wp-json\/wp\/v2\/posts"}],"about":[{"href":"http:\/\/www.affinite.fr\/index.php\/wp-json\/wp\/v2\/types\/post"}],"author":[{"embeddable":true,"href":"http:\/\/www.affinite.fr\/index.php\/wp-json\/wp\/v2\/users\/1"}],"replies":[{"embeddable":true,"href":"http:\/\/www.affinite.fr\/index.php\/wp-json\/wp\/v2\/comments?post=7098"}],"version-history":[{"count":0,"href":"http:\/\/www.affinite.fr\/index.php\/wp-json\/wp\/v2\/posts\/7098\/revisions"}],"wp:featuredmedia":[{"embeddable":true,"href":"http:\/\/www.affinite.fr\/index.php\/wp-json\/wp\/v2\/media\/6970"}],"wp:attachment":[{"href":"http:\/\/www.affinite.fr\/index.php\/wp-json\/wp\/v2\/media?parent=7098"}],"wp:term":[{"taxonomy":"category","embeddable":true,"href":"http:\/\/www.affinite.fr\/index.php\/wp-json\/wp\/v2\/categories?post=7098"},{"taxonomy":"post_tag","embeddable":true,"href":"http:\/\/www.affinite.fr\/index.php\/wp-json\/wp\/v2\/tags?post=7098"}],"curies":[{"name":"wp","href":"https:\/\/api.w.org\/{rel}","templated":true}]}}