{"id":7096,"date":"2021-11-21T05:56:14","date_gmt":"2021-11-21T05:56:14","guid":{"rendered":"https:\/\/www.affinite.fr\/index.php\/2021\/11\/21\/ici-tout-commence-le-depart-de-clement-remiens-va-avoir-des-consequences-la-productrice-reagit-a-lannonce-choc-news-series-a-la-tv\/"},"modified":"2021-11-21T05:56:14","modified_gmt":"2021-11-21T05:56:14","slug":"ici-tout-commence-le-depart-de-clement-remiens-va-avoir-des-consequences-la-productrice-reagit-a-lannonce-choc-news-series-a-la-tv","status":"publish","type":"post","link":"http:\/\/www.affinite.fr\/index.php\/2021\/11\/21\/ici-tout-commence-le-depart-de-clement-remiens-va-avoir-des-consequences-la-productrice-reagit-a-lannonce-choc-news-series-a-la-tv\/","title":{"rendered":"Ici tout commence : \u00ab\u00a0Le d\u00e9part de Cl\u00e9ment R\u00e9miens va avoir des cons\u00e9quences\u00a0\u00bb&#8230; La productrice r\u00e9agit \u00e0 l&rsquo;annonce choc &#8211; News S\u00e9ries \u00e0 la TV"},"content":{"rendered":"<p> [ad_1]<br \/>\n<\/p>\n<p>D&rsquo;ici quelques semaines, Cl\u00e9ment R\u00e9miens quittera \u00ab\u00a0Ici tout commence\u00a0\u00bb apr\u00e8s un peu plus d&rsquo;un an d&rsquo;aventure. Sarah Farahmand, la productrice de la s\u00e9rie, a r\u00e9agi \u00e0 ce d\u00e9part inattendu et a \u00e9voqu\u00e9 l&rsquo;apr\u00e8s-Maxime et l&rsquo;avenir du feuilleton \u00e0 succ\u00e8s.<\/p>\n<div id=\"article-content\">\n<figure class=\"player player-auto-play js-player\" data-model=\"{&quot;context&quot;:&quot;newspage_news&quot;,&quot;launch&quot;:&quot;auto-play&quot;,&quot;followScroll&quot;:true,&quot;editorialContent&quot;:&quot;18704523-ici_tout_commence_le_depart_de_clement_remiens_va_avoir_des_consequences_la_productrice_reagit_a_l_annonce_choc&quot;,&quot;endScreen&quot;:true,&quot;disableAutoPause&quot;:true,&quot;player_position&quot;:&quot;playertop&quot;,&quot;videos&quot;:[{&quot;id&quot;:19592605,&quot;sources&quot;:{&quot;medium&quot;:&quot;\/\/fr.vid.web.acsta.net\/nmedia\/33\/21\/06\/08\/17\/19592605_sd_013.mp4&quot;,&quot;high&quot;:&quot;\/\/fr.vid.web.acsta.net\/nmedia\/33\/21\/06\/08\/17\/19592605_hd_013.mp4&quot;},&quot;image&quot;:&quot;\/videothumbnails\/21\/06\/08\/17\/26\/0742268.jpg&quot;,&quot;title&quot;:&quot;Ici tout commence : le nouveau gu00e9nu00e9rique de la su00e9rie (u00e9tu00e9 2021)&quot;,&quot;trackingIdentifier&quot;:&quot;19592605-ici_tout_commence_le_nouveau_generique_de_la_serie_ete_2021&quot;,&quot;embedUrl&quot;:&quot;ACraHRACr0cHM6Ly9wbGF5ZXIuYWxsb2NpbmUuZnIvMTk1OTI2MDUuaHRtbA==&quot;,&quot;id_type&quot;:31145,&quot;file_type&quot;:&quot;generic&quot;,&quot;description&quot;:&quot;Ici tout commence : le nouveau gu00e9nu00e9rique de la su00e9rie (u00e9tu00e9 2021)&quot;,&quot;duration&quot;:32,&quot;view_count&quot;:520227,&quot;added_at&quot;:{&quot;date&quot;:&quot;2021-06-08 17:25:00.000000&quot;,&quot;timezone_type&quot;:3,&quot;timezone&quot;:&quot;Europe\/Paris&quot;},&quot;metas&quot;:{&quot;genre_main_series&quot;:[{&quot;name&quot;:&quot;Soap&quot;,&quot;id&quot;:&quot;13032&quot;}],&quot;id_main_season&quot;:37584,&quot;id_main_series&quot;:26049,&quot;image_main_series&quot;:&quot;\/pictures\/20\/10\/14\/11\/06\/4100244.jpg&quot;,&quot;localized_file_type&quot;:&quot;generic&quot;,&quot;main_season_number&quot;:1,&quot;main_season_rating&quot;:3.42390251,&quot;main_season_user_note_count&quot;:11,&quot;main_series_rating&quot;:3.0348959,&quot;name_main_season&quot;:&quot;Ici Tout Commence - Saison 1&quot;,&quot;name_main_series&quot;:&quot;Ici Tout Commence&quot;,&quot;release_status_series&quot;:&quot;En cours&quot;,&quot;trans_file_type&quot;:&quot;Gu00e9nu00e9rique&quot;},&quot;relatedEntityType&quot;:&quot;series&quot;,&quot;relatedEntityTrackingIdentifier&quot;:&quot;26049-ici_tout_commence&quot;,&quot;relatedEntityTitle&quot;:&quot;Ici Tout Commence&quot;,&quot;relatedEntityId&quot;:26049,&quot;relatedEntityUrl&quot;:&quot;ACraHRACr0cHM6Ly93d3cuYWxsb2NpbmUuZnIvc2VyaWVzL2ZpY2hlc2VyaWVfZ2VuX2NzZXJpZT0yNjA0OS5odG1s&quot;,&quot;mediaUrl&quot;:&quot;ACraHRACr0cHM6Ly93d3cuYWxsb2NpbmUuZnIvdmlkZW8vcGxheWVyX2dlbl9jbWVkaWE9MTk1OTI2MDUmY3NlcmllPTI2MDQ5Lmh0bWw=&quot;,&quot;entityStatus&quot;:&quot;en_cours&quot;}],&quot;disablePreroll&quot;:false,&quot;disablePostroll&quot;:false}\" data-thumb=\"https:\/\/fr.web.img6.acsta.net\/r_640_360\/videothumbnails\/21\/06\/08\/17\/26\/0742268.jpg\">\n<\/figure>\n<p>C&rsquo;est l&rsquo;annonce inattendue qui a surpris tout le monde en cette fin de semaine :\u00a0<a title=\"Cl\u00e9ment R\u00e9miens (France) (Acteur)\" href=\"http:\/\/www.allocine.fr\/personne\/fichepersonne_gen_cpersonne=814056.html\">Cl\u00e9ment R\u00e9miens<\/a> quitte\u00a0<a title=\"Ici Tout Commence (France) (Soap)\" href=\"http:\/\/www.allocine.fr\/series\/ficheserie_gen_cserie=26049.html\">Ici tout commence<\/a> un peu plus d&rsquo;un an apr\u00e8s le lancement du feuilleton sur TF1, et apr\u00e8s quatre ans et demi pass\u00e9s dans la peau de Maxime Delcourt, personnage qu&rsquo;il incarne depuis le d\u00e9but de <a title=\"Demain nous appartient (France) (Drame,Thriller)\" href=\"http:\/\/www.allocine.fr\/series\/ficheserie_gen_cserie=22125.html\">Demain nous appartient<\/a>.<\/p>\n<p><i>\u00ab\u00a0J\u2019ai d\u00e9cid\u00e9 d\u2019arr\u00eater. Je suis tr\u00e8s content de tout ce qui s\u2019est pass\u00e9 mais c\u2019est le rush tout le temps, on n\u2019arr\u00eate pas de bosser&#8230; et j\u2019ai besoin de voir autre chose\u00a0\u00bb<\/i>, <a href=\"\/\/www.allocine.fr\/article\/fichearticle_gen_carticle=18704494.html\">a expliqu\u00e9 le com\u00e9dien de 24 ans dans une interview accord\u00e9e \u00e0 La Voix du Nord<\/a>. <i>\u00ab\u00a0\u00c7a fait quatre ans que je travaille, j\u2019ai encha\u00een\u00e9 pas mal de choses, j\u2019en suis tr\u00e8s fier, mais c\u2019est le temps du changement de vie\u00a0\u00bb<\/i>.<\/p>\n<p>\u00ab\u00a0Tu vas nous manquer\u00a0\u00bb<\/p>\n<p>Contact\u00e9e par nos confr\u00e8res de <span class=\"ACraHRACr0cHM6Ly93d3cucHJvZ3JhbW1lLXR2Lm5ldC9uZXdzL2V2ZW5lbWVudC9pY2ktdG91dC1jb21tZW5jZS1URjEvMjg3NjI0LWV4Y2x1LWljaS10b3V0LWNvbW1lbmNlLWNvbW1lbnQtY2xlbWVudC1yZW1pZW5zLW1heGltZS12YS10LWlsLXBhcnRpci1sZXMtcmV2ZWxhdGlvbnMtZGUtbGEtcHJvZHVjdHJpY2Utc2FyYWgtZmFyYWhtYW5kLw==\" target=\"_blank\">T\u00e9l\u00e9 Loisirs<\/span>, <a title=\"Sarah Farahmand (France) (Producteur)\" href=\"http:\/\/www.allocine.fr\/personne\/fichepersonne_gen_cpersonne=865630.html\">Sarah Farahmand<\/a>, la productrice d&rsquo;Ici tout commence, a r\u00e9agi au d\u00e9part de la star de la s\u00e9rie culinaire et a expliqu\u00e9 que la d\u00e9cision de Cl\u00e9ment R\u00e9miens, bien qu&rsquo;accueillie avec surprise par les \u00e9quipes et la production, \u00e9tait m\u00fbrement r\u00e9fl\u00e9chie et tout \u00e0 fait compr\u00e9hensible.<\/p>\n<p><i>\u00ab\u00a0On \u00e9tait \u00e9videmment tr\u00e8s \u00e9mus, surpris, mais c\u2019\u00e9tait une discussion tr\u00e8s sereine. Cl\u00e9ment a m\u00fbrement r\u00e9fl\u00e9chi sa d\u00e9cision. On a tous compris ses arguments. Cl\u00e9ment a eu un d\u00e9but de carri\u00e8re fulgurant. Il sortait du cours Florent quand il a pass\u00e9 le casting de Demain nous appartient, et il est tr\u00e8s vite devenu tr\u00e8s connu. A son \u00e2ge, 24 ans, il est humain et coh\u00e9rent d&rsquo;avoir envie de changement\u00a0\u00bb<\/i>.<\/p>\n<p><i>\u00ab\u00a0Mais on lui a tous dit: \u00ab\u00a0Tu vas nous manquer\u00a0\u00bb\u00a0\u00bb<\/i>, poursuit Sarah Farahmand, qui a travaill\u00e9 comme productrice sur Demain nous appartient avant de chapeauter Ici tout commence. <i>\u00ab\u00a0On a con\u00e7u Ici tout commence avec les personnages de Maxime, Rose et Antoine. \u00c7a nous fait bizarre d&rsquo;imaginer l&rsquo;apr\u00e8s. Mais on \u00e9tait heureux pour lui, heureux qu&rsquo;il parte au bon moment avant d&rsquo;\u00eatre lass\u00e9 de Maxime. On ne peut que respecter sa d\u00e9cision\u00a0\u00bb<\/i>.<\/p>\n<div class=\"article-figure-holder\">\n<figure class=\"article-figure mceNonEditable\">\n<img loading=\"lazy\" decoding=\"async\" class=\"article-figure-img\" src=\"data:image\/gif;base64,R0lGODlhAgABAPAAAAAAAAAAACH5BAEAAAAAIf8LSW1hZ2VNYWdpY2sNZ2FtbWE9MC40NTQ1NQAsAAAAAAIAAQAAAgIECgA7\" data-src=\"https:\/\/fr.web.img2.acsta.net\/newsv7\/21\/11\/20\/13\/23\/1593609.jpg\" width=\"640\" height=\"320\"\/><br \/>\n<span class=\"article-figcaption-copy\">Fabien Malot\/ITC\/TF1<\/span><br \/>\n<\/figure>\n<\/div>\n<p>Pour le moment, le myst\u00e8re demeure quant \u00e0 la mani\u00e8re dont le d\u00e9part de Maxime Delcourt sera mis en sc\u00e8ne dans Ici tout commence. Mais Sarah Farahmand explique \u00e0 T\u00e9l\u00e9 Loisirs que la d\u00e9cision de Cl\u00e9ment R\u00e9miens, prise il y a plusieurs mois maintenant, a permis aux sc\u00e9naristes de lui imaginer une belle porte de sortie :<\/p>\n<p><i>\u00ab\u00a0Il nous a avertis il y a plusieurs mois pour que l&rsquo;on ait le temps d&rsquo;\u00e9crire une belle sortie. Cela nous a permis aussi de ne pas l&rsquo;inclure dans toutes les intrigues, afin d&rsquo;habituer le t\u00e9l\u00e9spectateur au fait que Maxime n&rsquo;\u00e9tait plus au centre de tout\u00a0\u00bb<\/i>.<\/p>\n<p>Tout juste sait-on que le d\u00e9part de Cl\u00e9ment R\u00e9miens devrait intervenir \u00e0 l&rsquo;\u00e9cran <i>\u00ab\u00a0apr\u00e8s No\u00ebl\u00a0\u00bb<\/i>, certainement en d\u00e9but d&rsquo;ann\u00e9e 2022, et sera en lien avec l&rsquo;arriv\u00e9e du chef Michel Sarran dans la s\u00e9rie, dans son propre r\u00f4le.<\/p>\n<p><i>\u00ab\u00a0Je peux vous annoncer qu&rsquo;il va y avoir au sein de l&rsquo;institut un concours inter\u00e9cole\u00a0\u00bb<\/i>, poursuit la productrice d&rsquo;Ici tout commence. <i>\u00ab\u00a0Pour la premi\u00e8re fois, d&rsquo;autres \u00e9coles vont se joindre \u00e0 cette comp\u00e9tition tr\u00e8s prestigieuse. Maxime est choisi pour repr\u00e9senter l&rsquo;institut Auguste Armand. Et c&rsquo;est au cours de cette intrigue-l\u00e0, dans laquelle on verra aussi Michel Sarran, que va pour lui se poser la question de partir. De nombreux \u00e9l\u00e8ves et profs seront tr\u00e8s \u00e9mus de le voir partir. M\u00eame Teyssier !\u00a0\u00bb<\/i>.<\/p>\n<p>Quelles cons\u00e9quences pour Ici tout commence apr\u00e8s le d\u00e9part de Maxime ?<\/p>\n<p>Bien s\u00fbr, le d\u00e9part de Cl\u00e9ment R\u00e9miens ne marque pas pour autant la fin d&rsquo;Ici tout commence, qui continue de cartonner chaque soir de la semaine sur TF1 et qui jouit d&rsquo;un casting choral tr\u00e8s fort, avec de nombreux personnages ador\u00e9s des fans, tels qu&rsquo;Eliott (<a title=\"Nicolas Anselmo (France) (Acteur)\" href=\"http:\/\/www.allocine.fr\/personne\/fichepersonne_gen_cpersonne=916971.html\">Nicolas Anselmo<\/a>), Greg (<a title=\"Mika\u00ebl Mittelstadt (France) (Acteur)\" href=\"http:\/\/www.allocine.fr\/personne\/fichepersonne_gen_cpersonne=693111.html\">Mika\u00ebl Mittelstadt<\/a>), Hortense (<a title=\"Catherine Davydzenka (France) (Acteur)\" href=\"http:\/\/www.allocine.fr\/personne\/fichepersonne_gen_cpersonne=903300.html\">Catherine Davydzenka<\/a>), C\u00e9lia (<a title=\"R\u00e9becca Benhamour (France) (Acteur)\" href=\"http:\/\/www.allocine.fr\/personne\/fichepersonne_gen_cpersonne=862399.html\">Rebecca Benhamour<\/a>) ou Teyssier (<a title=\"Benjamin Baroche (France) (Acteur,Sc\u00e9nariste)\" href=\"http:\/\/www.allocine.fr\/personne\/fichepersonne_gen_cpersonne=186435.html\">Benjamin Baroche<\/a>).<\/p>\n<p>Et Sarah Farahmand ne semble pas inqui\u00e8te pour l&rsquo;avenir du feuilleton, m\u00eame si elle assure que le d\u00e9part de sa t\u00eate d&rsquo;affiche ne sera pas sans cons\u00e9quences.<\/p>\n<p><i>\u00ab\u00a0Forc\u00e9ment, le d\u00e9part de Cl\u00e9ment va avoir des cons\u00e9quences parce qu&rsquo;il \u00e9tait un peu la t\u00eate d&rsquo;affiche de la s\u00e9rie, le fil conducteur de pas mal d&rsquo;histoires\u00a0\u00bb<\/i>, explique la productrice au micro de nos confr\u00e8res. <i>\u00ab\u00a0Mais aujourd&rsquo;hui Ici tout commence est une s\u00e9rie tr\u00e8s chorale. Il n&rsquo;y a pas une seule t\u00eate d&rsquo;affiche mais plusieurs personnages principaux\u00a0\u00bb<\/i>.<\/p>\n<p><i>\u00ab\u00a0Beaucoup de personnages d&rsquo;Ici tout commence plaisent, sont populaires et incarnent des figures contemporaines. Le personnage de Maxime n&rsquo;est pas dans toutes les arches, ni dans tous les \u00e9pisodes. Nous ne sommes pas inquiets quant \u00e0 l&rsquo;avenir de la s\u00e9rie, m\u00eame si sommes tr\u00e8s tristes que Cl\u00e9ment s&rsquo;en aille\u00a0\u00bb<\/i>.<\/p>\n<p>Avant de pr\u00e9ciser, \u00e9videmment, que <i>\u00ab\u00a0la porte reste grand ouverte\u00a0\u00bb<\/i> pour un retour \u00e9ventuel de Cl\u00e9ment R\u00e9miens un jour. Heureusement, une fois Maxime parti de l&rsquo;institut, les fans pourront le retrouver dans Demain nous appartient, la s\u00e9rie m\u00e8re, \u00e0 l&rsquo;occasion d&rsquo;une derni\u00e8re arche \u00e9v\u00e9nement qui lui sera consacr\u00e9e, comme nous l&rsquo;a confirm\u00e9 hier TF1. Apr\u00e8s laquelle Cl\u00e9ment R\u00e9miens et son personnage feront leurs adieux \u00e0 S\u00e8te et \u00e0 la franchise DNA. Pour le moment en tout cas.<\/p>\n<\/div>\n<p>[ad_2]<br \/>\n<br \/><a href=\"http:\/\/www.allocine.fr\/article\/fichearticle_gen_carticle=18704523.html\">Source link <\/a><\/p>\n","protected":false},"excerpt":{"rendered":"<p>[ad_1] D&rsquo;ici quelques semaines, Cl\u00e9ment R\u00e9miens quittera \u00ab\u00a0Ici tout commence\u00a0\u00bb apr\u00e8s un peu plus d&rsquo;un an d&rsquo;aventure. Sarah Farahmand, la &hellip; <a href=\"http:\/\/www.affinite.fr\/index.php\/2021\/11\/21\/ici-tout-commence-le-depart-de-clement-remiens-va-avoir-des-consequences-la-productrice-reagit-a-lannonce-choc-news-series-a-la-tv\/\" class=\"more-link\">Plus <span class=\"screen-reader-text\">Ici tout commence : \u00ab\u00a0Le d\u00e9part de Cl\u00e9ment R\u00e9miens va avoir des cons\u00e9quences\u00a0\u00bb&#8230; La productrice r\u00e9agit \u00e0 l&rsquo;annonce choc &#8211; News S\u00e9ries \u00e0 la TV<\/span> <span class=\"meta-nav\">&rarr;<\/span><\/a><\/p>\n","protected":false},"author":1,"featured_media":7097,"comment_status":"open","ping_status":"open","sticky":false,"template":"","format":"standard","meta":{"_sitemap_exclude":false,"_sitemap_priority":"","_sitemap_frequency":"","footnotes":""},"categories":[1],"tags":[],"class_list":["post-7096","post","type-post","status-publish","format-standard","has-post-thumbnail","hentry","category-tous"],"_links":{"self":[{"href":"http:\/\/www.affinite.fr\/index.php\/wp-json\/wp\/v2\/posts\/7096"}],"collection":[{"href":"http:\/\/www.affinite.fr\/index.php\/wp-json\/wp\/v2\/posts"}],"about":[{"href":"http:\/\/www.affinite.fr\/index.php\/wp-json\/wp\/v2\/types\/post"}],"author":[{"embeddable":true,"href":"http:\/\/www.affinite.fr\/index.php\/wp-json\/wp\/v2\/users\/1"}],"replies":[{"embeddable":true,"href":"http:\/\/www.affinite.fr\/index.php\/wp-json\/wp\/v2\/comments?post=7096"}],"version-history":[{"count":0,"href":"http:\/\/www.affinite.fr\/index.php\/wp-json\/wp\/v2\/posts\/7096\/revisions"}],"wp:featuredmedia":[{"embeddable":true,"href":"http:\/\/www.affinite.fr\/index.php\/wp-json\/wp\/v2\/media\/7097"}],"wp:attachment":[{"href":"http:\/\/www.affinite.fr\/index.php\/wp-json\/wp\/v2\/media?parent=7096"}],"wp:term":[{"taxonomy":"category","embeddable":true,"href":"http:\/\/www.affinite.fr\/index.php\/wp-json\/wp\/v2\/categories?post=7096"},{"taxonomy":"post_tag","embeddable":true,"href":"http:\/\/www.affinite.fr\/index.php\/wp-json\/wp\/v2\/tags?post=7096"}],"curies":[{"name":"wp","href":"https:\/\/api.w.org\/{rel}","templated":true}]}}