{"id":709,"date":"2020-03-16T17:58:14","date_gmt":"2020-03-16T17:58:14","guid":{"rendered":"https:\/\/www.affinite.fr\/index.php\/2020\/03\/16\/les-operateurs-telecoms-nexcluent-pas-de-brider-youtube-et-netflix\/"},"modified":"2020-03-16T17:58:14","modified_gmt":"2020-03-16T17:58:14","slug":"les-operateurs-telecoms-nexcluent-pas-de-brider-youtube-et-netflix","status":"publish","type":"post","link":"http:\/\/www.affinite.fr\/index.php\/2020\/03\/16\/les-operateurs-telecoms-nexcluent-pas-de-brider-youtube-et-netflix\/","title":{"rendered":"les op\u00e9rateurs t\u00e9l\u00e9coms n\u2019excluent pas de brider YouTube et Netflix"},"content":{"rendered":"<p> [ad_1]<br \/>\n<br \/><img decoding=\"async\" src=\"https:\/\/img.bfmtv.com\/i\/0\/0\/5a3\/b4f5da936e7b607b7a85f1f1c6faf.jpeg\" \/><\/p>\n<div itemprop=\"articleBody\">\n<p><em>\u00ab Les infrastructures sont dimensionn\u00e9es pour absorber des pics d\u2019activit\u00e9. \u00bb<\/em> Par cette phrase rassurante, Arthur Dreyfuss, pr\u00e9sident de la F\u00e9d\u00e9ration fran\u00e7aise des t\u00e9l\u00e9coms (et secr\u00e9taire g\u00e9n\u00e9ral d\u2019Altice France\/SFR*), veut montrer que les fournisseurs d\u2019acc\u00e8s \u00e0 Internet sont pr\u00eats \u00e0 faire face aux cons\u00e9quences de l\u2019\u00e9pid\u00e9mie de Covid-19.\u00a0<\/p>\n<h3 style=\"color:#333; font-family:arial,helvetica,sans-serif; font-size:23px; font-weight:700\">70 % d&rsquo;augmentation du trafic en Italie<\/h3>\n<p><em>\u00ab Tous les op\u00e9rateurs t\u00e9l\u00e9coms ont mobilis\u00e9 des milliers d&rsquo;ing\u00e9nieurs et de techniciens qui superviseront et entretiendront l&rsquo;ensemble du r\u00e9seau \u00bb<\/em>, expliquait-il au Journal du dimanche ce 15 mars. Mais face au passage au stade 3 de l\u2019\u00e9pid\u00e9mie d\u00e9cr\u00e9t\u00e9 la veille par le directeur g\u00e9n\u00e9ral de la Sant\u00e9 J\u00e9r\u00f4me Salomon, il est fort probable que l&rsquo;on assiste \u00e0 des\u00a0pics de trafic.\u00a0<\/p>\n<aside class=\"bg-color-0 padding-inside-all-s bloc border-s\">\n<h4 class=\"box-txt-normal\">\n<p><strong>A d\u00e9couvrir aussi en vid\u00e9o<\/strong><\/p>\n<\/h4>\n<\/aside>\n<p>En Italie, o\u00f9 la population est confin\u00e9e, le P.-D.G. de Telecom Italia avait confirm\u00e9 la semaine derni\u00e8re que l\u2019op\u00e9rateur faisait face \u00e0 une hausse de sa bande passante de 70 %, d\u00fbe en grande partie \u00e0 l\u2019utilisation des jeux en ligne. <em>\u00ab En cas de saturation, les op\u00e9rateurs n&rsquo;excluent pas de privil\u00e9gier les usages professionnels en diminuant la bande passante des sites de divertissement \u00bb<\/em>, confirme le JDD. Une d\u00e9cision qui pourrait alors d\u00e9grader la qualit\u00e9 de service de certaines offres, YouTube et Netflix en t\u00eate.\u00a0<\/p>\n<p><em>* 01net.com est \u00e9dit\u00e9 par une filiale de NextRadioTV, elle-m\u00eame propri\u00e9t\u00e9 de SFR M\u00e9dias.<\/em><\/p>\n<p><strong>Source : <a href=\"https:\/\/www.lejdd.fr\/Economie\/coronavirus-les-operateurs-nexcluent-pas-de-limiter-lacces-a-netflix-et-youtube-au-profit-du-teletravail-3955504\" target=\"_blank\" rel=\"noopener noreferrer\">JDD<\/a><\/strong><\/p>\n<\/p><\/div>\n<p><script>\n         !function(f,b,e,v,n,t,s){if(f.fbq)return;n=f.fbq=function()\n         {n.callMethod? n.callMethod.apply(n,arguments):n.queue.push(arguments)}\n         ;if(!f._fbq)f._fbq=n;\n             n.push=n;n.loaded=!0;n.version='2.0';n.queue=[];t=b.createElement(e);t.async=!0;\n             t.src=v;s=b.getElementsByTagName(e)[0];s.parentNode.insertBefore(t,s)}(window,\n                 document,'script','https:\/\/connect.facebook.net\/en_US\/fbevents.js');\n         fbq('init', '1065890633454496');\n         fbq('track', 'PageView');\n     <\/script><br \/>\n<br \/>[ad_2]<br \/>\n<br \/><a href=\"https:\/\/www.01net.com\/actualites\/coronavirus-les-operateurs-telecoms-n-excluent-pas-de-brider-youtube-et-netflix-1875723.html\">Source link <\/a><\/p>\n","protected":false},"excerpt":{"rendered":"<p>[ad_1] \u00ab Les infrastructures sont dimensionn\u00e9es pour absorber des pics d\u2019activit\u00e9. \u00bb Par cette phrase rassurante, Arthur Dreyfuss, pr\u00e9sident de &hellip; <a href=\"http:\/\/www.affinite.fr\/index.php\/2020\/03\/16\/les-operateurs-telecoms-nexcluent-pas-de-brider-youtube-et-netflix\/\" class=\"more-link\">Plus <span class=\"screen-reader-text\">les op\u00e9rateurs t\u00e9l\u00e9coms n\u2019excluent pas de brider YouTube et Netflix<\/span> <span class=\"meta-nav\">&rarr;<\/span><\/a><\/p>\n","protected":false},"author":1,"featured_media":710,"comment_status":"open","ping_status":"open","sticky":false,"template":"","format":"standard","meta":{"_sitemap_exclude":false,"_sitemap_priority":"","_sitemap_frequency":"","footnotes":""},"categories":[1],"tags":[],"class_list":["post-709","post","type-post","status-publish","format-standard","has-post-thumbnail","hentry","category-tous"],"_links":{"self":[{"href":"http:\/\/www.affinite.fr\/index.php\/wp-json\/wp\/v2\/posts\/709"}],"collection":[{"href":"http:\/\/www.affinite.fr\/index.php\/wp-json\/wp\/v2\/posts"}],"about":[{"href":"http:\/\/www.affinite.fr\/index.php\/wp-json\/wp\/v2\/types\/post"}],"author":[{"embeddable":true,"href":"http:\/\/www.affinite.fr\/index.php\/wp-json\/wp\/v2\/users\/1"}],"replies":[{"embeddable":true,"href":"http:\/\/www.affinite.fr\/index.php\/wp-json\/wp\/v2\/comments?post=709"}],"version-history":[{"count":0,"href":"http:\/\/www.affinite.fr\/index.php\/wp-json\/wp\/v2\/posts\/709\/revisions"}],"wp:featuredmedia":[{"embeddable":true,"href":"http:\/\/www.affinite.fr\/index.php\/wp-json\/wp\/v2\/media\/710"}],"wp:attachment":[{"href":"http:\/\/www.affinite.fr\/index.php\/wp-json\/wp\/v2\/media?parent=709"}],"wp:term":[{"taxonomy":"category","embeddable":true,"href":"http:\/\/www.affinite.fr\/index.php\/wp-json\/wp\/v2\/categories?post=709"},{"taxonomy":"post_tag","embeddable":true,"href":"http:\/\/www.affinite.fr\/index.php\/wp-json\/wp\/v2\/tags?post=709"}],"curies":[{"name":"wp","href":"https:\/\/api.w.org\/{rel}","templated":true}]}}