{"id":7083,"date":"2021-11-17T18:18:52","date_gmt":"2021-11-17T18:18:52","guid":{"rendered":"https:\/\/www.affinite.fr\/index.php\/2021\/11\/17\/liconique-sac-24h-de-gerard-darel-sera-le-it-bag-de-2022\/"},"modified":"2021-11-17T18:18:52","modified_gmt":"2021-11-17T18:18:52","slug":"liconique-sac-24h-de-gerard-darel-sera-le-it-bag-de-2022","status":"publish","type":"post","link":"http:\/\/www.affinite.fr\/index.php\/2021\/11\/17\/liconique-sac-24h-de-gerard-darel-sera-le-it-bag-de-2022\/","title":{"rendered":"L&rsquo;iconique sac 24h de G\u00e9rard Darel sera le it bag de 2022"},"content":{"rendered":"<p> [ad_1]<br \/>\n<br \/><img decoding=\"async\" src=\"https:\/\/img-3.journaldesfemmes.fr\/1jHhdM8VL1IlBv-oeEfTumIuB60=\/1280x\/smart\/52acf9cf16ba439ab1118cfd8d9ca71d\/ccmcms-jdf\/29558167.jpg\" \/><\/p>\n<p>\n                G\u00e9rard Darel relance son mythique sac \u00e0 main 24h. Un retour qui nous ravit de plaisir.            <\/p>\n<div>\n<p>Il fait partie de<strong> ces it bags <\/strong>que des g\u00e9n\u00e9rations de jeunes femmes ont poss\u00e9d\u00e9 au d\u00e9but de leur vie d&rsquo;adulte. Le <strong><a href=\"https:\/\/www.journaldesfemmes.fr\/mode\/shopping\/2577449-sacs-it-bag\/\" title=\"Sac de femme\">sac \u00e0 main<\/a> 24h<\/strong>\u00a0de G\u00e9rard Darel, lanc\u00e9 en 2003, s&rsquo;offre \u00e0 nouveau une place de choix dans les collections de la marque parisienne. Alors adopt\u00e9 par <strong>Lindsay Lohan,<\/strong> Eva Longoria, <strong>Angelina Jolie<\/strong>, Jessica Alba ou encore <strong>Cameron Diaz<\/strong>, ce v\u00e9ritable\u00a0hit \u00e9tait la star des ann\u00e9es 2000. Bonne nouvelle : <strong>il s&rsquo;appr\u00eate \u00e0 r\u00e9gner sur 2022<\/strong> !<\/p>\n<p>Pens\u00e9 pour contenir pile poil ce qu&rsquo;il faut pour&#8230;\u00a0<strong>24 heures<\/strong>, le sac \u00e0 main signature de G\u00e9rard Darel se d\u00e9cline \u00e0 l&rsquo;envi. Tricot\u00e9 en laine pour \u00eatre raccord avec nos mailles d&rsquo;hiver, en cuir lisse ou veau velours cognac, kaki, camel,\u00a0noir&#8230; Disponible dans des versions <strong>36h et 72h<\/strong>, forc\u00e9ment plus grandes, il\u00a0nous accompagne aussi\u00a0lors de nos week-ends improvis\u00e9s.\u00a0Son prix ? \u00c0 partir de\u00a0295 euros. <strong>Un investissement plut\u00f4t sage<\/strong>, finalement, puisque les aficionados de la premi\u00e8re heure l&rsquo;amortissent <strong>depuis 18 ans <\/strong>!<\/p>\n<\/p><\/div>\n<p>[ad_2]<br \/>\n<br \/><a href=\"https:\/\/www.journaldesfemmes.fr\/mode\/magazine-mode\/2759297-le-mythique-sac-24h-de-gerard-darel-sera-le-it-bag-de-2022\/\">Source link <\/a><\/p>\n","protected":false},"excerpt":{"rendered":"<p>[ad_1] G\u00e9rard Darel relance son mythique sac \u00e0 main 24h. Un retour qui nous ravit de plaisir. Il fait partie &hellip; <a href=\"http:\/\/www.affinite.fr\/index.php\/2021\/11\/17\/liconique-sac-24h-de-gerard-darel-sera-le-it-bag-de-2022\/\" class=\"more-link\">Plus <span class=\"screen-reader-text\">L&rsquo;iconique sac 24h de G\u00e9rard Darel sera le it bag de 2022<\/span> <span class=\"meta-nav\">&rarr;<\/span><\/a><\/p>\n","protected":false},"author":1,"featured_media":7084,"comment_status":"open","ping_status":"open","sticky":false,"template":"","format":"standard","meta":{"_sitemap_exclude":false,"_sitemap_priority":"","_sitemap_frequency":"","footnotes":""},"categories":[1],"tags":[],"class_list":["post-7083","post","type-post","status-publish","format-standard","has-post-thumbnail","hentry","category-tous"],"_links":{"self":[{"href":"http:\/\/www.affinite.fr\/index.php\/wp-json\/wp\/v2\/posts\/7083"}],"collection":[{"href":"http:\/\/www.affinite.fr\/index.php\/wp-json\/wp\/v2\/posts"}],"about":[{"href":"http:\/\/www.affinite.fr\/index.php\/wp-json\/wp\/v2\/types\/post"}],"author":[{"embeddable":true,"href":"http:\/\/www.affinite.fr\/index.php\/wp-json\/wp\/v2\/users\/1"}],"replies":[{"embeddable":true,"href":"http:\/\/www.affinite.fr\/index.php\/wp-json\/wp\/v2\/comments?post=7083"}],"version-history":[{"count":0,"href":"http:\/\/www.affinite.fr\/index.php\/wp-json\/wp\/v2\/posts\/7083\/revisions"}],"wp:featuredmedia":[{"embeddable":true,"href":"http:\/\/www.affinite.fr\/index.php\/wp-json\/wp\/v2\/media\/7084"}],"wp:attachment":[{"href":"http:\/\/www.affinite.fr\/index.php\/wp-json\/wp\/v2\/media?parent=7083"}],"wp:term":[{"taxonomy":"category","embeddable":true,"href":"http:\/\/www.affinite.fr\/index.php\/wp-json\/wp\/v2\/categories?post=7083"},{"taxonomy":"post_tag","embeddable":true,"href":"http:\/\/www.affinite.fr\/index.php\/wp-json\/wp\/v2\/tags?post=7083"}],"curies":[{"name":"wp","href":"https:\/\/api.w.org\/{rel}","templated":true}]}}