{"id":7051,"date":"2021-11-10T17:55:21","date_gmt":"2021-11-10T17:55:21","guid":{"rendered":"https:\/\/www.affinite.fr\/index.php\/2021\/11\/10\/emily-becaud-brutalisee-a-cause-de-la-celebrite-de-son-pere\/"},"modified":"2021-11-10T17:55:21","modified_gmt":"2021-11-10T17:55:21","slug":"emily-becaud-brutalisee-a-cause-de-la-celebrite-de-son-pere","status":"publish","type":"post","link":"http:\/\/www.affinite.fr\/index.php\/2021\/11\/10\/emily-becaud-brutalisee-a-cause-de-la-celebrite-de-son-pere\/","title":{"rendered":"Emily B\u00e9caud, \u00ab\u00a0brutalis\u00e9e\u00a0\u00bb \u00e0 cause de la c\u00e9l\u00e9brit\u00e9 de son p\u00e8re"},"content":{"rendered":"<p> [ad_1]<br \/>\n<br \/><img decoding=\"async\" src=\"https:\/\/img-3.journaldesfemmes.fr\/XDVGxYFtBP2C8KKLJo_biVNx-IE=\/1280x\/smart\/8efdf1969cd044978ae18f326df185d7\/ccmcms-jdf\/29385251.jpg\" \/><\/p>\n<p>\n                Emily B\u00e9caud a \u00e9t\u00e9 \u00ab\u00a0brutalis\u00e9e\u00a0\u00bb mentalement et physiquement dans son enfance, \u00e0 cause de la notori\u00e9t\u00e9 de son p\u00e8re. La fille de Gilbert B\u00e9caud a racont\u00e9 son traumatisme dans l&rsquo;\u00e9mission Ca Commence Aujourd&rsquo;hui&#8230;            <\/p>\n<div>\n<p>Emily B\u00e9caud, <strong>fille de Gilbert B\u00e9caud<\/strong> et de sa deuxi\u00e8me \u00e9pouse, le<strong> mannequin Cathryn Lee St. John<\/strong>, a <strong>souffert pendant son enfance<\/strong>. La <strong>c\u00e9l\u00e9brit\u00e9 de son p\u00e8re<\/strong> a \u00e9t\u00e9 un lourd poids \u00e0 supporter pour la jeune femme n\u00e9e en 1972.\u00a0Ses camarades d&rsquo;\u00e9cole \u00e9taient bien loin d&rsquo;\u00eatre aimables avec elle.\u00a0\u00ab\u00a0<em><strong>L&rsquo;\u00e9cole n&rsquo;est pas un terrain favorable<\/strong>. En tout cas, \u00e0 l&rsquo;\u00e9poque. Ce n&rsquo;\u00e9tait pas un terrain favorable pour moi, pour la notori\u00e9t\u00e9 de papa<\/em>\u00ab\u00a0, a-t-elle confi\u00e9 le 10 novembre dans l&rsquo;\u00e9mission <em>Ca Commence Aujourd&rsquo;hui, <\/em>face \u00e0 <a href=\"https:\/\/www.journaldesfemmes.fr\/people\/personnalites\/2712329-faustine-bollaert\/\" title=\"Faustine Bollaert\">Faustine Bollaert<\/a>. \u00ab\u00a0<em>Harc\u00e8lement, c&rsquo;est un mot tr\u00e8s sympathique compar\u00e9 \u00e0 ce que j&rsquo;ai v\u00e9cu. <strong>On m&rsquo;a brutalis\u00e9e mentalement<\/strong> et dans un temps, <strong>physiquement<\/strong><\/em>\u00ab\u00a0, a-t-elle pr\u00e9cis\u00e9.<\/p>\n<p><iframe loading=\"lazy\" allow=\"accelerometer; autoplay; clipboard-write; encrypted-media; gyroscope; picture-in-picture\" allowfullscreen=\"\" frameborder=\"0\" height=\"315\" src=\"https:\/\/www.youtube.com\/embed\/S1nYADYAnZ0\" title=\"YouTube video player\" width=\"560\"><\/iframe><\/p>\n<h2>Emily B\u00e9caud : pourquoi elle n&rsquo;a rien dit \u00e0 ses parents\u00a0<\/h2>\n<p>Malgr\u00e9 la souffrance compliqu\u00e9e \u00e0 g\u00e9rer pour une jeune fille, Emily B\u00e9caud, <strong>d\u00e9sormais \u00e2g\u00e9e de 49\u00a0ans<\/strong>, a mis sous boisseau le harc\u00e8lement qu&rsquo;elle subissait, de peur d&rsquo;inqui\u00e9ter ses parents: \u00ab\u00a0<em><strong>J&rsquo;\u00e9tais toute seule<\/strong>, et j&rsquo;\u00e9tais tr\u00e8s bien. Je pr\u00e9f\u00e9rais rentrer chez moi et vite aller me r\u00e9fugier. <strong>Mon p\u00e8re ne s&rsquo;en est pas vraiment rendu compte <\/strong>parce qu&rsquo;il n&rsquo;\u00e9tait pas vraiment l\u00e0.\u00a0Et je pense qu&rsquo;\u00e0 l&rsquo;\u00e9poque, on ne savait pas vraiment comment g\u00e9rer ce genre de choses-l\u00e0. Je n&rsquo;en parlais pas,<strong> je pr\u00e9servais mon p\u00e8re et ma m\u00e8re<\/strong>. C&rsquo;\u00e9tait comme \u00e7a, je ne sais pas pourquoi<\/em>\u00ab\u00a0.<\/p>\n<p><iframe loading=\"lazy\" allow=\"accelerometer; autoplay; clipboard-write; encrypted-media; gyroscope; picture-in-picture\" allowfullscreen=\"\" frameborder=\"0\" height=\"315\" src=\"https:\/\/www.youtube.com\/embed\/IXyCEjZY1A8\" title=\"YouTube video player\" width=\"560\"><\/iframe><\/p>\n<h2>Emily B\u00e9caud : ce qu&rsquo;elle partageait avec son p\u00e8re<\/h2>\n<p>Pourtant, ce <a href=\"https:\/\/sante.journaldesfemmes.fr\/fiches-sante-du-quotidien\/2707422-traumatisme-definition-psychologique-physique-signe-guerir-cause\/\" title=\"Traumatismes\">traumatisme<\/a> ne l&rsquo;a pas emp\u00each\u00e9e de nouer une relation solide et aimante <strong>avec son p\u00e8re<\/strong>, avec qui elle a rapidement commenc\u00e9 \u00e0 travailler.\u00a0\u00ab\u00a0<em>Au d\u00e9part, j&rsquo;\u00e9tais juste &lsquo;la fille de&rsquo;. Je nettoyais les sc\u00e8nes, je <strong>passais le balai<\/strong>, je nettoyais le piano&#8230; Des choses tr\u00e8s sympathiques \u00e0 faire.<strong> C&rsquo;\u00e9tait compliqu\u00e9<\/strong>. Je faisais l&rsquo;infirmi\u00e8re, r\u00e9gisseuse, le <strong>couteau-suisse du groupe<\/strong><\/em>\u00ab\u00a0, s&rsquo;est-elle souvenue dans l&rsquo;\u00e9mission.<br \/>La fille de Gilbert B\u00e9caud, d\u00e9c\u00e9d\u00e9 en 2001\u00a0des suites d&rsquo;un <a href=\"https:\/\/sante.journaldesfemmes.fr\/fiches-maladies\/2518880-cancer-du-poumon-symptomes-stades-traitement\/\" title=\"Cancer pulmonaire\">cancer du poumon<\/a>, a ensuite pu <strong>chanter en duo avec <\/strong>lui \u00e0 de nombreuses reprises, notamment sur la chanson<strong> <em>La Fille Au Tableau<\/em><\/strong>. \u00ab\u00a0<em>On \u00e9tait dans un studio d&rsquo;enregistrement et il y avait un casting avec trois jeunes filles. Moi je suis arriv\u00e9e pour faire la maquette et je pense qu&rsquo;il avait truqu\u00e9 le casting. <strong>Qu&rsquo;il voulait prendre ma version<\/strong> (&#8230;)\u00a0Je pense qu&rsquo;il avait des id\u00e9es derri\u00e8re la t\u00eate mais qu&rsquo;il n&rsquo;a pas \u00e9t\u00e9 tr\u00e8s clair. C&rsquo;est comme \u00e7a que je me suis retrouv\u00e9e \u00e0 l&rsquo;Olympia en train de<strong> faire la chanson en totale panique<\/strong><\/em>\u00ab\u00a0, a-t-elle racont\u00e9.<\/p>\n<\/p><\/div>\n<p>[ad_2]<br \/>\n<br \/><a href=\"https:\/\/www.journaldesfemmes.fr\/people\/actus\/2757653-emily-becaud-gilbert-harcelement-chansons-age-fille\/\">Source link <\/a><\/p>\n","protected":false},"excerpt":{"rendered":"<p>[ad_1] Emily B\u00e9caud a \u00e9t\u00e9 \u00ab\u00a0brutalis\u00e9e\u00a0\u00bb mentalement et physiquement dans son enfance, \u00e0 cause de la notori\u00e9t\u00e9 de son p\u00e8re. &hellip; <a href=\"http:\/\/www.affinite.fr\/index.php\/2021\/11\/10\/emily-becaud-brutalisee-a-cause-de-la-celebrite-de-son-pere\/\" class=\"more-link\">Plus <span class=\"screen-reader-text\">Emily B\u00e9caud, \u00ab\u00a0brutalis\u00e9e\u00a0\u00bb \u00e0 cause de la c\u00e9l\u00e9brit\u00e9 de son p\u00e8re<\/span> <span class=\"meta-nav\">&rarr;<\/span><\/a><\/p>\n","protected":false},"author":1,"featured_media":7052,"comment_status":"open","ping_status":"open","sticky":false,"template":"","format":"standard","meta":{"_sitemap_exclude":false,"_sitemap_priority":"","_sitemap_frequency":"","footnotes":""},"categories":[1],"tags":[],"class_list":["post-7051","post","type-post","status-publish","format-standard","has-post-thumbnail","hentry","category-tous"],"_links":{"self":[{"href":"http:\/\/www.affinite.fr\/index.php\/wp-json\/wp\/v2\/posts\/7051"}],"collection":[{"href":"http:\/\/www.affinite.fr\/index.php\/wp-json\/wp\/v2\/posts"}],"about":[{"href":"http:\/\/www.affinite.fr\/index.php\/wp-json\/wp\/v2\/types\/post"}],"author":[{"embeddable":true,"href":"http:\/\/www.affinite.fr\/index.php\/wp-json\/wp\/v2\/users\/1"}],"replies":[{"embeddable":true,"href":"http:\/\/www.affinite.fr\/index.php\/wp-json\/wp\/v2\/comments?post=7051"}],"version-history":[{"count":0,"href":"http:\/\/www.affinite.fr\/index.php\/wp-json\/wp\/v2\/posts\/7051\/revisions"}],"wp:featuredmedia":[{"embeddable":true,"href":"http:\/\/www.affinite.fr\/index.php\/wp-json\/wp\/v2\/media\/7052"}],"wp:attachment":[{"href":"http:\/\/www.affinite.fr\/index.php\/wp-json\/wp\/v2\/media?parent=7051"}],"wp:term":[{"taxonomy":"category","embeddable":true,"href":"http:\/\/www.affinite.fr\/index.php\/wp-json\/wp\/v2\/categories?post=7051"},{"taxonomy":"post_tag","embeddable":true,"href":"http:\/\/www.affinite.fr\/index.php\/wp-json\/wp\/v2\/tags?post=7051"}],"curies":[{"name":"wp","href":"https:\/\/api.w.org\/{rel}","templated":true}]}}