{"id":7035,"date":"2021-11-07T17:52:34","date_gmt":"2021-11-07T17:52:34","guid":{"rendered":"https:\/\/www.affinite.fr\/index.php\/2021\/11\/07\/tous-les-modeles-pour-se-faire-belle\/"},"modified":"2021-11-07T17:52:34","modified_gmt":"2021-11-07T17:52:34","slug":"tous-les-modeles-pour-se-faire-belle","status":"publish","type":"post","link":"http:\/\/www.affinite.fr\/index.php\/2021\/11\/07\/tous-les-modeles-pour-se-faire-belle\/","title":{"rendered":"tous les mod\u00e8les pour se faire belle"},"content":{"rendered":"<p> [ad_1]<br \/>\n<\/p>\n<p>\n                Dans un calendrier de l&rsquo;Avent beaut\u00e9, chaque case d\u00e9voile maquillage ou produits cosm\u00e9tiques. Cette ann\u00e9e, Blissim, Yves Rocher, Sephora et bien d&rsquo;autres marques d\u00e9voilent leurs p\u00e9pites \u00e0 se procurer d&rsquo;urgence. Gros plan sur les plus beaux calendriers de l&rsquo;Avent beaut\u00e9 de 2021.            <\/p>\n<div>\n<aside class=\"ads--insertor-avoid app_article_content\"><a id=\"meilleur-calendrier-de-l-avent\" name=\"meilleur-calendrier-de-l-avent\"\/><\/p>\n<h2 class=\"main_title\">Meilleur calendrier de l&rsquo;Avent<\/h2>\n<figure>\n<div class=\"product_picture\"><a rel=\"nofollow pass noopener\" class=\"jBlockAmazon\" target=\"_blank\" href=\"https:\/\/www.sephora.fr\/p\/holiday-vibes---calendrier-de-l-avent-531320.html?gclid=Cj0KCQjwwY-LBhD6ARIsACvT72MUpnMcc-_5j5LtPycY2ZWfxxWtTcObgzmHMn1sI6KJoCdkRA1_5KUaAiqKEALw_wcB\"><img decoding=\"async\" loading=\"lazy\" src=\"https:\/\/img-3.journaldesfemmes.fr\/olAZw5JNqzqIGURoOBGLiN2YAbA=\/600x\/smart\/1851c288712047a0b65bec25a4ff9b88\/ccmcms-jdf\/28371688.jpg\" alt=\"Meilleur calendrier de l'Avent\"\/><\/a><\/p>\n<p><span>Meilleur<\/span>Choix<\/p>\n<\/div><figcaption>\n<h3 class=\"item_name\">Calendrier de l&rsquo;Avent Sephora<\/h3>\n<p><span class=\"item_price\">49,99 \u20ac<\/span><a rel=\"nofollow pass noopener\" class=\"item_cta_bottom jBlockAmazon\" name=\"btn_see_1\" target=\"_blank\" href=\"https:\/\/www.sephora.fr\/p\/holiday-vibes---calendrier-de-l-avent-531320.html?gclid=Cj0KCQjwwY-LBhD6ARIsACvT72MUpnMcc-_5j5LtPycY2ZWfxxWtTcObgzmHMn1sI6KJoCdkRA1_5KUaAiqKEALw_wcB\">VOIR LE PRODUIT<\/a><span class=\"partner_sign\">sur\u00a0sephora.fr<\/span><\/figcaption><\/figure>\n<ul>&#13;<\/p>\n<li>Edition limit\u00e9e<\/li>\n<p>&#13;<\/p>\n<li>Coffret girly<\/li>\n<p>&#13;<\/p>\n<li>Bo\u00eetes \u00e0 r\u00e9utiliser<\/li>\n<p>&#13;\n<\/ul>\n<p>&#13;<br \/>\n&#13;<\/p>\n<p>Le tant aim\u00e9 calendrier de l&rsquo;Avent Sephora revient cette ann\u00e9e avec 24 surprises. Son th\u00e8me Holiday Vibes fait rena\u00eetre la magie de No\u00ebl de la plus belle des fa\u00e7ons. Soin, maquillage, accessoire&#8230; Vous serez g\u00e2t\u00e9es comme il se doit.<\/p>\n<p>&#13;<br \/>\n<a rel=\"nofollow pass noopener\" target=\"_blank\" class=\"item_cta_bottom jBlockAmazon\" name=\"btn_see_2\" href=\"https:\/\/www.sephora.fr\/p\/holiday-vibes---calendrier-de-l-avent-531320.html?gclid=Cj0KCQjwwY-LBhD6ARIsACvT72MUpnMcc-_5j5LtPycY2ZWfxxWtTcObgzmHMn1sI6KJoCdkRA1_5KUaAiqKEALw_wcB\">VOIR LE PRODUIT<\/a><\/aside>\n<aside class=\"ads--insertor-avoid app_article_content\"><a data-insertor-excluded=\"1\" data-processed=\"1\" id=\"calendrier-de-l-avent-pas-cher\" name=\"calendrier-de-l-avent-pas-cher\"\/><\/p>\n<h2 class=\"main_title\" data-insertor-excluded=\"1\">Calendrier de l&rsquo;Avent pas cher<\/h2>\n<figure data-insertor-excluded=\"1\">\n<div class=\"product_picture\" data-insertor-excluded=\"1\"><a rel=\"nofollow pass noopener\" class=\"jBlockAmazon\" data-insertor-excluded=\"1\" data-processed=\"1\" target=\"_blank\" href=\"https:\/\/www.amazon.fr\/dp\/B09CVDN4HW?tag=journaldesfemmes-21&amp;ascsubtag=2566926f2fi\"><img decoding=\"async\" loading=\"lazy\" src=\"https:\/\/m.media-amazon.com\/images\/I\/41CPP5yMNwL._SL500_.jpg\" data-insertor-excluded=\"1\" alt=\"Calendrier de l'Avent pas cher\"\/><\/a><\/div><figcaption data-insertor-excluded=\"1\">\n<h3 class=\"item_name\" data-insertor-excluded=\"1\">Calendrier de l&rsquo;Avent Dove<\/h3>\n<div class=\"product_tabs\" data-insertor-excluded=\"1\"><input checked=\"checked\" class=\"radio_partners_neuf\" id=\"radio_partners_neuf_2\" name=\"radio_partners_2\" type=\"radio\" data-insertor-excluded=\"1\"\/> <label for=\"radio_partners_neuf_2\" data-insertor-excluded=\"1\"><strong data-insertor-excluded=\"1\">Neuf<\/strong> \u00e0 partir de 19,99\u00a0\u20ac<\/label><\/p>\n<ul class=\"partners_list tab_partners_neuf\" data-insertor-excluded=\"1\">\n<li data-insertor-excluded=\"1\">\n<p><span data-insertor-excluded=\"1\" class=\"partner_list_logo partner_list_logo--amazon\">Amazon<\/span><\/p>\n<\/li>\n<li data-insertor-excluded=\"1\">\n<p><span data-insertor-excluded=\"1\" class=\"partner_list_logo partner_list_logo--cdiscount\">Cdiscount<\/span><\/p>\n<\/li>\n<li data-insertor-excluded=\"1\">\n<p><span data-insertor-excluded=\"1\" class=\"partner_list_logo partner_list_logo--rakuten\">Rakuten<\/span><\/p>\n<\/li>\n<\/ul>\n<\/div>\n<\/figcaption><\/figure>\n<ul>&#13;<\/p>\n<li>Edition limit\u00e9e<\/li>\n<p>&#13;<\/p>\n<li>12 surprises individuelles<\/li>\n<p>&#13;\n<\/ul>\n<p>&#13;<br \/>\n&#13;<\/p>\n<p>Ce calendrier de 12 cases chouchoute le corps gr\u00e2ce aux produits de soin Dove \u00e0 l&rsquo;int\u00e9rieur. D\u00e8s le premier jour de d\u00e9cembre, vous pourrez ouvrir une case et y d\u00e9couvrir un produit embl\u00e9matique de la marque. Bonheur assur\u00e9 !<\/p>\n<p>&#13;<br \/>\n<\/aside>\n<aside class=\"ads--insertor-avoid app_article_content\"><a id=\"calendrier-de-l-avent-bio\" name=\"calendrier-de-l-avent-bio\"\/><\/p>\n<h2 class=\"main_title\">Calendrier de l&rsquo;Avent bio<\/h2>\n<figure>\n<div class=\"product_picture\"><a rel=\"nofollow pass noopener\" class=\"jBlockAmazon\" target=\"_blank\" href=\"https:\/\/www.drhauschka.fr\/cosmetique-naturelle\/calendrier-de-l-avent-cosmetique-dr-hauschka-2021\/\"><img decoding=\"async\" loading=\"lazy\" src=\"https:\/\/www.drhauschka.fr\/media\/image\/22\/bb\/2c\/advent-calendar-2021-01-420005216.jpg\" alt=\"Calendrier de l'Avent bio\"\/><\/a><\/div><figcaption>\n<h3 class=\"item_name\">Calendrier de l&rsquo;Avent Dr.Hauschka<\/h3>\n<p><span class=\"item_price\">95 \u20ac<\/span><a rel=\"nofollow pass noopener\" class=\"item_cta_bottom jBlockAmazon\" name=\"btn_see_1\" target=\"_blank\" href=\"https:\/\/www.drhauschka.fr\/cosmetique-naturelle\/calendrier-de-l-avent-cosmetique-dr-hauschka-2021\/\">VOIR LE PRODUIT<\/a><span class=\"partner_sign\">sur\u00a0drhauschka.fr<\/span><\/figcaption><\/figure>\n<ul>&#13;<\/p>\n<li>Non test\u00e9 sur les animaux<\/li>\n<p>&#13;<\/p>\n<li>Edition limit\u00e9e<\/li>\n<p>&#13;<\/p>\n<li>Ne contient que des soins pour la peau<\/li>\n<p>&#13;\n<\/ul>\n<p>&#13;<br \/>\n&#13;<\/p>\n<p>Le calendrier de l&rsquo;Avent Dr. Hauschka propose 24 produits de beaut\u00e9 100% naturels\u00a0et dont les mati\u00e8res\u00a0premi\u00e8res sont issues autant que possible de\u00a0cultures biologiques contr\u00f4l\u00e9es ou et\/ou\u00a0du Commerce Equitable. Les cosm\u00e9tiques format miniature sont lov\u00e9s dans des sachets en coton bio. Id\u00e9al \u00e0 offrir ou \u00e0 se faire offrir.<\/p>\n<p>&#13;<br \/>\n&#13;<br \/>\n&#13;<br \/>\n<a rel=\"nofollow pass noopener\" target=\"_blank\" class=\"item_cta_bottom jBlockAmazon\" name=\"btn_see_2\" href=\"https:\/\/www.drhauschka.fr\/cosmetique-naturelle\/calendrier-de-l-avent-cosmetique-dr-hauschka-2021\/\">VOIR LE PRODUIT<\/a><\/aside>\n<aside class=\"ads--insertor-avoid app_article_content\"><a id=\"calendrier-de-l-avent-blissim\" name=\"calendrier-de-l-avent-blissim\"\/><\/p>\n<h2 class=\"main_title\">Calendrier de l&rsquo;Avent Blissim<\/h2>\n<figure>\n<div class=\"product_picture\"><a rel=\"nofollow pass noopener\" class=\"jBlockAmazon\" target=\"_blank\" href=\"https:\/\/blissim.fr\/marques\/blissim\/calendrier-2021\"><img decoding=\"async\" loading=\"lazy\" src=\"https:\/\/img-3.journaldesfemmes.fr\/58w0cqtPbT-FGlQwGyT0jmWzcBI=\/600x\/smart\/6929d581a6fc4da39483dc02ee3d0543\/ccmcms-jdf\/28346817.jpg\" alt=\"Calendrier de l'Avent Blissim\"\/><\/a><\/div><figcaption>\n<h3 class=\"item_name\">Calendrier de l&rsquo;Avent Blissim<\/h3>\n<p><span class=\"item_price\">59  \u20ac<\/span><a rel=\"nofollow pass noopener\" class=\"item_cta_bottom jBlockAmazon\" name=\"btn_see_1\" target=\"_blank\" href=\"https:\/\/blissim.fr\/marques\/blissim\/calendrier-2021\">VOIR LE PRODUIT<\/a><span class=\"partner_sign\">sur\u00a0blissim.fr<\/span><\/figcaption><\/figure>\n<ul>&#13;<\/p>\n<li>Edition limit\u00e9e<\/li>\n<p>&#13;<\/p>\n<li>Contient du soin et du maquillage<\/li>\n<p>&#13;<\/p>\n<li>24 produits dont des nouveaut\u00e9s<\/li>\n<p>&#13;\n<\/ul>\n<p>&#13;<br \/>\n&#13;<\/p>\n<p>Blissim propose un\u00a0calendrier de l&rsquo;avent superbe dans lequel vous pourrez piocher 24 produits iconiques de vos marques pr\u00e9f\u00e9r\u00e9es.<\/p>\n<p>&#13;<br \/>\n<a rel=\"nofollow pass noopener\" target=\"_blank\" class=\"item_cta_bottom jBlockAmazon\" name=\"btn_see_2\" href=\"https:\/\/blissim.fr\/marques\/blissim\/calendrier-2021\">VOIR LE PRODUIT<\/a><\/aside>\n<aside class=\"ads--insertor-avoid app_article_content\"><a id=\"calendrier-de-l-avent-rituals\" name=\"calendrier-de-l-avent-rituals\"\/><\/p>\n<h2 class=\"main_title\">Calendrier de l&rsquo;Avent Rituals<\/h2>\n<figure>\n<div class=\"product_picture\"><a rel=\"nofollow pass noopener\" class=\"jBlockAmazon\" target=\"_blank\" href=\"https:\/\/www.rituals.com\/advent\/fr-fr\/the-ritual-of-advent-deluxe-1112899.html\"><img decoding=\"async\" loading=\"lazy\" src=\"https:\/\/img-3.journaldesfemmes.fr\/a3IMlLrpj-ergwzNGUAmYEM4vjU=\/600x\/smart\/689af0a6b10541f1937c373b10878f71\/ccmcms-jdf\/28353781.jpg\" alt=\"Calendrier de l'Avent Rituals\"\/><\/a><\/div><figcaption>\n<h3 class=\"item_name\">Calendrier de l&rsquo;Avent 3D Deluxe Rituals<\/h3>\n<p><span class=\"item_price\">89,90\u00a0euros \u20ac<\/span><a rel=\"nofollow pass noopener\" class=\"item_cta_bottom jBlockAmazon\" name=\"btn_see_1\" target=\"_blank\" href=\"https:\/\/www.rituals.com\/advent\/fr-fr\/the-ritual-of-advent-deluxe-1112899.html\">VOIR LE PRODUIT<\/a><span class=\"partner_sign\">sur\u00a0rituals.com<\/span><\/figcaption><\/figure>\n<ul>&#13;<\/p>\n<li>24 surprises<\/li>\n<p>&#13;<\/p>\n<li>4 petites bougies en \u00e9dition limit\u00e9e<\/li>\n<p>&#13;<\/p>\n<li>Piles non fournies.<\/li>\n<p>&#13;\n<\/ul>\n<p>&#13;<br \/>\n&#13;<\/p>\n<p>Cette ann\u00e9e, Rituals imagine un v\u00e9ritable village de No\u00ebl avec des illuminations et des maisonnettes dor\u00e9es. Dans ce lieu f\u00e9erique se love\u00a024\u00a0cadeaux \u00e0 tomber, pour se chouchouter.<\/p>\n<p>&#13;<br \/>\n<a rel=\"nofollow pass noopener\" target=\"_blank\" class=\"item_cta_bottom jBlockAmazon\" name=\"btn_see_2\" href=\"https:\/\/www.rituals.com\/advent\/fr-fr\/the-ritual-of-advent-deluxe-1112899.html\">VOIR LE PRODUIT<\/a><\/aside>\n<aside class=\"ads--insertor-avoid app_article_content\"><a id=\"calendrier-de-l-avent-amazon\" name=\"calendrier-de-l-avent-amazon\"\/><\/p>\n<h2 class=\"main_title\">Calendrier de l&rsquo;Avent Amazon<\/h2>\n<figure>\n<div class=\"product_picture\"><a rel=\"nofollow pass noopener\" class=\"jBlockAmazon\" target=\"_blank\" href=\"https:\/\/www.amazon.fr\/dp\/B099BR719F?tag=journaldesfemmes-21&amp;ascsubtag=2566926f6fi\"><img decoding=\"async\" loading=\"lazy\" src=\"https:\/\/img-3.journaldesfemmes.fr\/DXsPupzZ-1ZmWc_3ZENfqxS6pzs=\/600x\/smart\/4cfff8f92347428c8429b153838e1611\/ccmcms-jdf\/28529822.jpg\" alt=\"Calendrier de l'Avent Amazon\"\/><\/a><\/div><figcaption>\n<h3 class=\"item_name\">Calendrier de l&rsquo;Avent Amazon Beauty<\/h3>\n<p><span class=\"item_price\">69,95 euros \u20ac<\/span><a rel=\"nofollow pass noopener\" class=\"item_cta_bottom jBlockAmazon\" name=\"btn_see_1\" target=\"_blank\" href=\"https:\/\/www.amazon.fr\/dp\/B099BR719F?tag=journaldesfemmes-21&amp;ascsubtag=2566926f6fb\">VOIR LE PRODUIT<\/a><span class=\"partner_sign\">sur\u00a0Amazon<\/span><\/figcaption><\/figure>\n<ul>&#13;<\/p>\n<li>Contient du maquillage, du soin, des accessoires et des vernis<\/li>\n<p>&#13;<\/p>\n<li>Plus de 280 euros de produits<\/li>\n<p>&#13;<\/p>\n<li>24 produits<\/li>\n<p>&#13;\n<\/ul>\n<p>&#13;<br \/>\n&#13;<\/p>\n<p>Amazon lance son calendrier de l&rsquo;avent beaut\u00e9 ! 24 produits\u00a0se logent dans une case \u00e0 ouvrir chaque jour. On y retrouve du maquillage vegan, des masques pour les cheveux ou la peau&#8230; Bref, une ribambelle d&rsquo;essentiels \u00e0 d\u00e9couvrir d&rsquo;urgence en attendant No\u00ebl.<\/p>\n<p>&#13;<br \/>\n<a rel=\"nofollow pass noopener\" target=\"_blank\" class=\"item_cta_bottom jBlockAmazon\" name=\"btn_see_2\" href=\"https:\/\/www.amazon.fr\/dp\/B099BR719F?tag=journaldesfemmes-21&amp;ascsubtag=2566926f6fp\">VOIR LE PRODUIT<\/a><\/aside>\n<aside class=\"ads--insertor-avoid app_article_content\"><a id=\"calendrier-de-l-avent-vernis\" name=\"calendrier-de-l-avent-vernis\"\/><\/p>\n<h2 class=\"main_title\">Calendrier de l&rsquo;Avent vernis<\/h2>\n<figure>\n<div class=\"product_picture\"><a rel=\"nofollow pass noopener\" class=\"jBlockAmazon\" target=\"_blank\" href=\"https:\/\/www.amazon.fr\/dp\/B09CTNPNWN?tag=journaldesfemmes-21&amp;linkCode=ogi&amp;th=1&amp;psc=1&amp;tag=journaldesfemmes-21&amp;ascsubtag=2566926f7fi\"><img decoding=\"async\" loading=\"lazy\" src=\"https:\/\/m.media-amazon.com\/images\/I\/51Utz8ZpaXL._SL500_.jpg\" alt=\"Calendrier de l'Avent vernis\"\/><\/a><\/div><figcaption>\n<h3 class=\"item_name\">Calendrier de l&rsquo;Avent Essie<\/h3>\n<p><span class=\"item_price\">59,90 \u20ac<\/span><a rel=\"nofollow pass noopener\" class=\"item_cta_bottom jBlockAmazon\" name=\"btn_see_1\" target=\"_blank\" href=\"https:\/\/www.amazon.fr\/dp\/B09CTNPNWN?tag=journaldesfemmes-21&amp;linkCode=ogi&amp;th=1&amp;psc=1&amp;tag=journaldesfemmes-21&amp;ascsubtag=2566926f7fb\">VOIR LE PRODUIT<\/a><span class=\"partner_sign\">sur\u00a0Amazon<\/span><\/figcaption><\/figure>\n<p>&#13;<br \/>\n&#13;<\/p>\n<p>Chaque jour, ouvrez une case\u00a0pour une manucure parfaite avant No\u00ebl ! Essie d\u00e9voile son magnifique coffret \u00e0 l&rsquo;univers magique avec 24 surprises \u00e0 d\u00e9couvrir. Vous y trouverez des vernis grands et mini formats, des petits accessoires type lime \u00e0 ongles et un mini dissolvant.<\/p>\n<p>&#13;<br \/>\n<a rel=\"nofollow pass noopener\" target=\"_blank\" class=\"item_cta_bottom jBlockAmazon\" name=\"btn_see_2\" href=\"https:\/\/www.amazon.fr\/dp\/B09CTNPNWN?tag=journaldesfemmes-21&amp;linkCode=ogi&amp;th=1&amp;psc=1&amp;tag=journaldesfemmes-21&amp;ascsubtag=2566926f7fp\">VOIR LE PRODUIT<\/a><\/aside>\n<aside class=\"ads--insertor-avoid app_article_content\"><a id=\"calendrier-de-l-avent-maquillage\" name=\"calendrier-de-l-avent-maquillage\"\/><\/p>\n<h2 class=\"main_title\">Calendrier de l&rsquo;Avent maquillage<\/h2>\n<figure>\n<div class=\"product_picture\"><a rel=\"nofollow pass noopener\" class=\"jBlockAmazon\" target=\"_blank\" href=\"https:\/\/www.amazon.fr\/dp\/B09BBF8J5Z?tag=journaldesfemmes-21&amp;linkCode=ogi&amp;th=1&amp;psc=1&amp;tag=journaldesfemmes-21&amp;ascsubtag=2566926f8fi\"><img decoding=\"async\" loading=\"lazy\" src=\"https:\/\/m.media-amazon.com\/images\/I\/51ixogdYXQL._SL500_.jpg\" alt=\"Calendrier de l'Avent maquillage\"\/><\/a><\/div><figcaption>\n<h3 class=\"item_name\">Calendrier de l&rsquo;Avent Maybelline New York<\/h3>\n<p><span class=\"item_price\">59,90 \u20ac<\/span><a rel=\"nofollow pass noopener\" class=\"item_cta_bottom jBlockAmazon\" name=\"btn_see_1\" target=\"_blank\" href=\"https:\/\/www.amazon.fr\/dp\/B09BBF8J5Z?tag=journaldesfemmes-21&amp;linkCode=ogi&amp;th=1&amp;psc=1&amp;tag=journaldesfemmes-21&amp;ascsubtag=2566926f8fb\">VOIR LE PRODUIT<\/a><span class=\"partner_sign\">sur\u00a0Amazon<\/span><\/figcaption><\/figure>\n<ul>&#13;<\/p>\n<li>24 produits grand format<\/li>\n<p>&#13;<\/p>\n<li>Best-sellers teint, regard, l\u00e8vres et ongles<\/li>\n<p>&#13;<\/p>\n<li>Coffret girly en \u00e9dition limit\u00e9e<\/li>\n<p>&#13;\n<\/ul>\n<p>&#13;<br \/>\n&#13;<\/p>\n<p>A offrir ou \u00e0 s\u2019offrir en attendant No\u00ebl, ce coffret maquillage contient 24 produits de beaut\u00e9 pour se faire belle avant le jour J. Chaque matin, fa\u00eetes-vous plaisir et ouvrez une case pour y d\u00e9couvrir une surprise de la marque.\u00a0<\/p>\n<p>&#13;<br \/>\n<a rel=\"nofollow pass noopener\" target=\"_blank\" class=\"item_cta_bottom jBlockAmazon\" name=\"btn_see_2\" href=\"https:\/\/www.amazon.fr\/dp\/B09BBF8J5Z?tag=journaldesfemmes-21&amp;linkCode=ogi&amp;th=1&amp;psc=1&amp;tag=journaldesfemmes-21&amp;ascsubtag=2566926f8fp\">VOIR LE PRODUIT<\/a><\/aside>\n<aside class=\"ads--insertor-avoid app_article_content\"><a id=\"calendrier-de-l-avent-nuxe\" name=\"calendrier-de-l-avent-nuxe\"\/><\/p>\n<h2 class=\"main_title\">Calendrier de l&rsquo;Avent Nuxe<\/h2>\n<figure>\n<div class=\"product_picture\"><a rel=\"nofollow pass noopener\" class=\"jBlockAmazon\" target=\"_blank\" href=\"https:\/\/fr.nuxe.com\/le-calendrier-de-ladvent\/13187241.html\"><img decoding=\"async\" loading=\"lazy\" src=\"https:\/\/img-3.journaldesfemmes.fr\/1ju8StZODDh5ZwAUJX8NW-8ARR8=\/600x\/smart\/92157cdf13c3444585d65f845b91cb2d\/ccmcms-jdf\/28353963.jpg\" alt=\"Calendrier de l'Avent Nuxe\"\/><\/a><\/div><figcaption>\n<h3 class=\"item_name\">Calendrier de l&rsquo;Avent Nuxe<\/h3>\n<p><span class=\"item_price\">79,90 \u20ac<\/span><a rel=\"nofollow pass noopener\" class=\"item_cta_bottom jBlockAmazon\" name=\"btn_see_1\" target=\"_blank\" href=\"https:\/\/fr.nuxe.com\/le-calendrier-de-ladvent\/13187241.html\">VOIR LE PRODUIT<\/a><span class=\"partner_sign\">sur\u00a0fr.nuxe.com<\/span><\/figcaption><\/figure>\n<ul>&#13;<\/p>\n<li>Edition limit\u00e9e<\/li>\n<p>&#13;<\/p>\n<li>Contient des soins embl\u00e9matiques et des nouveaut\u00e9s<\/li>\n<p>&#13;<\/p>\n<li>Coffret fabriqu\u00e9 en France<\/li>\n<p>&#13;\n<\/ul>\n<p>&#13;<br \/>\n&#13;<\/p>\n<p>Ce mod\u00e8le disponible en \u00e9dition limit\u00e9e est parfait pour patienter jusqu&rsquo;\u00e0 No\u00ebl gr\u00e2ce \u00e0 ses 24 cases secr\u00e8tes.\u00a0Son design \u00e9tincelant renferme les soins cultes de la marque.<\/p>\n<p>&#13;<br \/>\n<a rel=\"nofollow pass noopener\" target=\"_blank\" class=\"item_cta_bottom jBlockAmazon\" name=\"btn_see_2\" href=\"https:\/\/fr.nuxe.com\/le-calendrier-de-ladvent\/13187241.html\">VOIR LE PRODUIT<\/a><\/aside>\n<aside class=\"ads--insertor-avoid app_article_content\"><a id=\"calendrier-de-l-avent-l-occitane\" name=\"calendrier-de-l-avent-l-occitane\"\/><\/p>\n<h2 class=\"main_title\">Calendrier de l&rsquo;Avent L&rsquo;Occitane<\/h2>\n<figure>\n<div class=\"product_picture\"><a rel=\"nofollow pass noopener\" class=\"jBlockAmazon\" target=\"_blank\" href=\"https:\/\/fr.loccitane.com\/calendrier-de-l-avent-classique,74,1,93841,1285245.htm\"><img decoding=\"async\" loading=\"lazy\" src=\"https:\/\/img-3.journaldesfemmes.fr\/gAIGCW0NVOHwKONy-VoX3mHCXjo=\/600x\/smart\/94db566da2944d8c9ebd75b503538b20\/ccmcms-jdf\/28370785.jpg\" alt=\"Calendrier de l'Avent L'Occitane\"\/><\/a><\/div><figcaption>\n<h3 class=\"item_name\">Calendrier de l&rsquo;Avent La Fabrique \u00e0 cadeaux L&rsquo;Occitane<\/h3>\n<p><span class=\"item_price\">59 \u20ac<\/span><a rel=\"nofollow pass noopener\" class=\"item_cta_bottom jBlockAmazon\" name=\"btn_see_1\" target=\"_blank\" href=\"https:\/\/fr.loccitane.com\/calendrier-de-l-avent-classique,74,1,93841,1285245.htm\">VOIR LE PRODUIT<\/a><span class=\"partner_sign\">sur\u00a0fr.loccitane.com<\/span><\/figcaption><\/figure>\n<ul>&#13;<\/p>\n<li>24 produits de beaut\u00e9<\/li>\n<p>&#13;<\/p>\n<li>Edition limit\u00e9e<\/li>\n<p>&#13;<\/p>\n<li>Fabriqu\u00e9 \u00e0 partir de carton\u00a0durable<\/li>\n<p>&#13;\n<\/ul>\n<p>&#13;<br \/>\n&#13;<\/p>\n<p>Ce calendrier de l&rsquo;Avent c\u00e9l\u00e8bre les lutins et est fabriqu\u00e9 \u00e0 partir de carton 100 % issu de la sylviculture durable\u00a0! Il met en lumi\u00e8re vos produits pr\u00e9f\u00e9r\u00e9s et fait la part belle aux best-seller. Un <a href=\"http:\/\/www.affinite.fr\/index.php\/2024\/12\/08\/chere-maman-et-si-ce-noel-vous-offriez-a-votre-ado-un-avenir-%f0%9f%8e%84%e2%9c%a8\/\">cadeau<\/a> quotidien \u00e0 ne pas manquer.\u00a0<\/p>\n<p>&#13;<br \/>\n<a rel=\"nofollow pass noopener\" target=\"_blank\" class=\"item_cta_bottom jBlockAmazon\" name=\"btn_see_2\" href=\"https:\/\/fr.loccitane.com\/calendrier-de-l-avent-classique,74,1,93841,1285245.htm\">VOIR LE PRODUIT<\/a><\/aside>\n<aside class=\"ads--insertor-avoid app_article_content\"><a id=\"calendrier-de-l-avent-yves-rocher\" name=\"calendrier-de-l-avent-yves-rocher\"\/><\/p>\n<h2 class=\"main_title\">Calendrier de l&rsquo;Avent Yves Rocher<\/h2>\n<figure>\n<div class=\"product_picture\"><a rel=\"nofollow pass noopener\" class=\"jBlockAmazon\" target=\"_blank\" href=\"https:\/\/www.yves-rocher.fr\/idees-cadeaux\/calendrier-de-l-avent-beaute-2021\/p\/86186\"><img decoding=\"async\" loading=\"lazy\" src=\"https:\/\/img-3.journaldesfemmes.fr\/RzsZI92a_38NP5PHXoagjZSVOwM=\/600x\/smart\/5d54cb4f4ed942e39cabc659e0e1cbfd\/ccmcms-jdf\/28347809.jpg\" alt=\"Calendrier de l'Avent Yves Rocher\"\/><\/a><\/div><figcaption>\n<h3 class=\"item_name\">Calendrier de l&rsquo;Avent Yves Rocher<\/h3>\n<p><span class=\"item_price\">39,95 \u20ac<\/span><a rel=\"nofollow pass noopener\" class=\"item_cta_bottom jBlockAmazon\" name=\"btn_see_1\" target=\"_blank\" href=\"https:\/\/www.yves-rocher.fr\/idees-cadeaux\/calendrier-de-l-avent-beaute-2021\/p\/86186\">VOIR LE PRODUIT<\/a><span class=\"partner_sign\">sur\u00a0yves-rocher.fr<\/span><\/figcaption><\/figure>\n<ul>&#13;<\/p>\n<li>Calendrier r\u00e9utilisable<\/li>\n<p>&#13;<\/p>\n<li>Edition limit\u00e9e<\/li>\n<p>&#13;<\/p>\n<li>Valeur r\u00e9elle estim\u00e9e 109 euros<\/li>\n<p>&#13;\n<\/ul>\n<p>&#13;<br \/>\n&#13;<\/p>\n<p>Yves Rocher d\u00e9voile son jardin des curiosit\u00e9s \u00e0 travers 24 surprises pour se faire plaisir\u00a0avant No\u00ebl.\u00a0Chaque case est merveilleusement bien d\u00e9cor\u00e9e avec feuillage et hibou pour vous faire r\u00eaver jusqu&rsquo;au jour J.<\/p>\n<p>&#13;<br \/>\n<a rel=\"nofollow pass noopener\" target=\"_blank\" class=\"item_cta_bottom jBlockAmazon\" name=\"btn_see_2\" href=\"https:\/\/www.yves-rocher.fr\/idees-cadeaux\/calendrier-de-l-avent-beaute-2021\/p\/86186\">VOIR LE PRODUIT<\/a><\/aside>\n<aside class=\"ads--insertor-avoid app_article_content\"><a id=\"calendrier-de-l-avent-nocibe\" name=\"calendrier-de-l-avent-nocibe\"\/><\/p>\n<h2 class=\"main_title\">Calendrier de l&rsquo;Avent Nocib\u00e9<\/h2>\n<figure>\n<div class=\"product_picture\"><a rel=\"nofollow pass noopener\" class=\"jBlockAmazon\" target=\"_blank\" href=\"https:\/\/www.nocibe.fr\/nocibe-calendrier-de-l-avent-2021-s254979\"><img decoding=\"async\" loading=\"lazy\" src=\"https:\/\/img-3.journaldesfemmes.fr\/9X2lUYx5B_6Ex1d6o_DhwNYoeYo=\/600x\/smart\/d1732520b52446cba93dbb1a4c4770bc\/ccmcms-jdf\/28370390.jpg\" alt=\"Calendrier de l'Avent Nocib\u00e9\"\/><\/a><\/div><figcaption>\n<h3 class=\"item_name\"\/><span class=\"item_price\">29,95 \u20ac<\/span><a rel=\"nofollow pass noopener\" class=\"item_cta_bottom jBlockAmazon\" name=\"btn_see_1\" target=\"_blank\" href=\"https:\/\/www.nocibe.fr\/nocibe-calendrier-de-l-avent-2021-s254979\">VOIR LE PRODUIT<\/a><span class=\"partner_sign\">sur\u00a0nocibe.fr<\/span><\/figcaption><\/figure>\n<ul>&#13;<\/p>\n<li>Edition limit\u00e9e<\/li>\n<p>&#13;<\/p>\n<li>Essentiels maquillage, soins et accessoires<\/li>\n<p>&#13;<\/p>\n<li>Valeur r\u00e9elle estim\u00e9e 54,05 euros<\/li>\n<p>&#13;\n<\/ul>\n<p>&#13;<br \/>\n&#13;<\/p>\n<p>Le calendrier de l&rsquo;avent Cube r\u00e9unit des indispensables \u00e0 petit prix. Bain, maquillage, soin, il y en a pour tous les go\u00fbts. Id\u00e9al \u00e0 offrir ou \u00e0 s&rsquo;offrir.<\/p>\n<p>&#13;<br \/>\n<a rel=\"nofollow pass noopener\" target=\"_blank\" class=\"item_cta_bottom jBlockAmazon\" name=\"btn_see_2\" href=\"https:\/\/www.nocibe.fr\/nocibe-calendrier-de-l-avent-2021-s254979\">VOIR LE PRODUIT<\/a><\/aside>\n<aside class=\"ads--insertor-avoid app_article_content\"><a id=\"calendrier-de-l-avent-the-body-shop\" name=\"calendrier-de-l-avent-the-body-shop\"\/><\/p>\n<h2 class=\"main_title\">Calendrier de l&rsquo;Avent The Body Shop<\/h2>\n<figure>\n<div class=\"product_picture\"><a rel=\"nofollow pass noopener\" class=\"jBlockAmazon\" target=\"_blank\" href=\"https:\/\/www.thebodyshop.com\/fr-fr\/cadeau\/calendrier-de-lavent-beaute\/calendrier-de-lavent-partagez-lamour\/p\/p086001\"><img decoding=\"async\" loading=\"lazy\" src=\"https:\/\/img-3.journaldesfemmes.fr\/oQtQv_9o0MfRGhCBjZA99iXzcb4=\/600x\/smart\/3311c0b0526547cf84d959e3af5090b4\/ccmcms-jdf\/28354546.jpg\" alt=\"Calendrier de l'Avent The Body Shop\"\/><\/a><\/div><figcaption>\n<h3 class=\"item_name\">Calendrier de l&rsquo;Avent partagez l\u2019Amour The Body Shop<\/h3>\n<p><span class=\"item_price\">90 \u20ac<\/span><a rel=\"nofollow pass noopener\" class=\"item_cta_bottom jBlockAmazon\" name=\"btn_see_1\" target=\"_blank\" href=\"https:\/\/www.thebodyshop.com\/fr-fr\/cadeau\/calendrier-de-lavent-beaute\/calendrier-de-lavent-partagez-lamour\/p\/p086001\">VOIR LE PRODUIT<\/a><span class=\"partner_sign\">sur\u00a0thebodyshop.com<\/span><\/figcaption><\/figure>\n<ul>&#13;<\/p>\n<li>25 produits de beaut\u00e9<\/li>\n<p>&#13;<\/p>\n<li>Coffret r\u00e9utilisable<\/li>\n<p>&#13;<\/p>\n<li>Edition limit\u00e9e<\/li>\n<p>&#13;\n<\/ul>\n<p>&#13;<br \/>\n&#13;<\/p>\n<p>Un calendrier au d\u00e9cor de No\u00ebl qui prend vie gr\u00e2ce \u00e0 des personnages partageant des cadeaux, on adore.\u00a0Au programme\u00a0: 25\u00a0produits de beaut\u00e9 \u00e0 d\u00e9couvrir jour apr\u00e8s jour.\u00a0<\/p>\n<p>&#13;<br \/>\n<a rel=\"nofollow pass noopener\" target=\"_blank\" class=\"item_cta_bottom jBlockAmazon\" name=\"btn_see_2\" href=\"https:\/\/www.thebodyshop.com\/fr-fr\/cadeau\/calendrier-de-lavent-beaute\/calendrier-de-lavent-partagez-lamour\/p\/p086001\">VOIR LE PRODUIT<\/a><\/aside>\n<aside class=\"ads--insertor-avoid app_article_content\"><a id=\"calendrier-de-l-avent-feelunique\" name=\"calendrier-de-l-avent-feelunique\"\/><\/p>\n<h2 class=\"main_title\">Calendrier de l&rsquo;Avent Feelunique<\/h2>\n<figure>\n<div class=\"product_picture\"><a rel=\"nofollow pass noopener\" class=\"jBlockAmazon\" target=\"_blank\" href=\"https:\/\/www.awin1.com\/cread.php?awinmid=6968&amp;awinaffid=540299&amp;clickref=2566926f14fi&amp;p=https%3A%2F%2Fwww.laredoute.fr%2Fppdp%2Fprod-540694862.aspx\"><img decoding=\"async\" loading=\"lazy\" src=\"https:\/\/cdn.laredoute.com\/products\/a\/3\/6\/a361b502e0bebd61191e41ec5306fe32.jpg?imgopt=twic&amp;twic=v1\/resize=1200\" alt=\"Calendrier de l'Avent Feelunique\"\/><\/a><\/div><figcaption>\n<h3 class=\"item_name\">Calendrier de l&rsquo;Avent Feelunique<\/h3>\n<p><span class=\"item_price\">140,00 \u20ac<\/span><a rel=\"nofollow pass noopener\" class=\"item_cta_bottom jBlockAmazon\" name=\"btn_see_1\" target=\"_blank\" href=\"https:\/\/www.awin1.com\/cread.php?awinmid=6968&amp;awinaffid=540299&amp;clickref=2566926f14fb&amp;p=https%3A%2F%2Fwww.laredoute.fr%2Fppdp%2Fprod-540694862.aspx\">VOIR LE PRODUIT<\/a><span class=\"partner_sign\">sur\u00a0La Redoute<\/span><\/figcaption><\/figure>\n<ul>&#13;<\/p>\n<li>Valeur r\u00e9elle estim\u00e9e de 440 euros<\/li>\n<p>&#13;<\/p>\n<li>27 produits propos\u00e9s\u00a0<\/li>\n<p>&#13;<\/p>\n<li>Edition limit\u00e9e<\/li>\n<p>&#13;\n<\/ul>\n<p>&#13;<br \/>\n&#13;<\/p>\n<p>Ce calendrier de l&rsquo;avent beaut\u00e9 est parfait pour les beauty addicts. Il compte plus de 20 produits de beaut\u00e9 offrant un joyeux m\u00e9lange des marques du moment : Elemis, Charlotte TIlbury&#8230;. L&rsquo;occasion id\u00e9al de d\u00e9couvrir de belles nouveaut\u00e9s.<\/p>\n<p>&#13;<br \/>\n<a rel=\"nofollow pass noopener\" target=\"_blank\" class=\"item_cta_bottom jBlockAmazon\" name=\"btn_see_2\" href=\"https:\/\/www.awin1.com\/cread.php?awinmid=6968&amp;awinaffid=540299&amp;clickref=2566926f14fp&amp;p=https%3A%2F%2Fwww.laredoute.fr%2Fppdp%2Fprod-540694862.aspx\">VOIR LE PRODUIT<\/a><\/aside>\n<aside class=\"ads--insertor-avoid app_article_content\"><a id=\"calendrier-de-l-avent-nivea\" name=\"calendrier-de-l-avent-nivea\"\/><\/p>\n<h2 class=\"main_title\">Calendrier de l&rsquo;Avent Nivea<\/h2>\n<figure>\n<div class=\"product_picture\"><a rel=\"nofollow pass noopener\" class=\"jBlockAmazon\" target=\"_blank\" href=\"https:\/\/www.amazon.fr\/dp\/B09FKBQJDT?tag=journaldesfemmes-21&amp;linkCode=ogi&amp;th=1&amp;psc=1&amp;tag=journaldesfemmes-21&amp;ascsubtag=2566926f15fi\"><img decoding=\"async\" loading=\"lazy\" src=\"https:\/\/m.media-amazon.com\/images\/I\/41kx5iu1AUL._SL500_.jpg\" alt=\"Calendrier de l'Avent Nivea\"\/><\/a><\/div><figcaption>\n<h3 class=\"item_name\">Calendrier de l&rsquo;Avent Nivea<\/h3>\n<p><span class=\"item_price\">49,72 \u20ac<\/span><a rel=\"nofollow pass noopener\" class=\"item_cta_bottom jBlockAmazon\" name=\"btn_see_1\" target=\"_blank\" href=\"https:\/\/www.amazon.fr\/dp\/B09FKBQJDT?tag=journaldesfemmes-21&amp;linkCode=ogi&amp;th=1&amp;psc=1&amp;tag=journaldesfemmes-21&amp;ascsubtag=2566926f15fb\">VOIR LE PRODUIT<\/a><span class=\"partner_sign\">sur\u00a0Amazon<\/span><\/figcaption><\/figure>\n<ul>&#13;<\/p>\n<li>Edition limit\u00e9e<\/li>\n<p>&#13;<\/p>\n<li>\u00a0Contient des soins pour le corps, pour le visage, les l\u00e8vres et les yeux<\/li>\n<p>&#13;\n<\/ul>\n<p>&#13;<br \/>\n&#13;<\/p>\n<p>Nivea d\u00e9voile son calendrier de l&rsquo;avent dans un coffret hivernal qui se compose de 24 produits bien connus de la marque dont des accessoires beaut\u00e9.\u00a0<\/p>\n<p>&#13;<br \/>\n<a rel=\"nofollow pass noopener\" target=\"_blank\" class=\"item_cta_bottom jBlockAmazon\" name=\"btn_see_2\" href=\"https:\/\/www.amazon.fr\/dp\/B09FKBQJDT?tag=journaldesfemmes-21&amp;linkCode=ogi&amp;th=1&amp;psc=1&amp;tag=journaldesfemmes-21&amp;ascsubtag=2566926f15fp\">VOIR LE PRODUIT<\/a><\/aside>\n<aside class=\"ads--insertor-avoid app_article_content\"><a id=\"calendrier-de-l-avent-nyx\" name=\"calendrier-de-l-avent-nyx\"\/><\/p>\n<h2 class=\"main_title\">Calendrier de l&rsquo;Avent Nyx<\/h2>\n<figure>\n<div class=\"product_picture\"><a rel=\"nofollow pass noopener\" class=\"jBlockAmazon\" target=\"_blank\" href=\"https:\/\/www.nyxcosmetics.fr\/nouveautes\/gimme-super-stars--calendrier-de-l-avent-24-jours\/NYX_986.html\"><img decoding=\"async\" loading=\"lazy\" src=\"https:\/\/www.nyxcosmetics.fr\/dw\/image\/v2\/AAQP_PRD\/on\/demandware.static\/-\/Sites-nyx-master-catalog\/default\/dwe491c2f5\/ProductImages\/2021\/Moments\/Holiday\/NYX-PMU-Makeup-Multi-Use-Makeup-Set-GIMME-SUPER-STARS-24-DAY-HOLIDAY-COUNTDOWN-ADVENT09-000-0800897121778-BoxOpen01.jpg?sw=698&amp;sfrm=jpeg&amp;q=70\" alt=\"Calendrier de l'Avent Nyx\"\/><\/a><\/div><figcaption>\n<h3 class=\"item_name\">Calendrier de l&rsquo;Avent Gimme super stars ! NYX<\/h3>\n<p><span class=\"item_price\">54,95 \u20ac<\/span><a rel=\"nofollow pass noopener\" class=\"item_cta_bottom jBlockAmazon\" name=\"btn_see_1\" target=\"_blank\" href=\"https:\/\/www.nyxcosmetics.fr\/nouveautes\/gimme-super-stars--calendrier-de-l-avent-24-jours\/NYX_986.html\">VOIR LE PRODUIT<\/a><span class=\"partner_sign\">sur\u00a0nyxcosmetics.fr<\/span><\/figcaption><\/figure>\n<ul>&#13;<\/p>\n<li>Edition limit\u00e9e<\/li>\n<p>&#13;<\/p>\n<li>Des surprises exclusives<\/li>\n<p>&#13;<\/p>\n<li>Coffret ultra festif<\/li>\n<p>&#13;\n<\/ul>\n<p>&#13;<br \/>\n&#13;<\/p>\n<p>Pour attendre les f\u00eates, rien de mieux que de craquer pour un calendrier de l&rsquo;avent exclusivement avec du maquillage. Il contient 24 best-sellers de la marque en format mini et classique. Histoire de se faire belle jusqu&rsquo;au jour J avec des produits pour le teint, les l\u00e8vres et les yeux.\u00a0<\/p>\n<p>&#13;<br \/>\n<a rel=\"nofollow pass noopener\" target=\"_blank\" class=\"item_cta_bottom jBlockAmazon\" name=\"btn_see_2\" href=\"https:\/\/www.nyxcosmetics.fr\/nouveautes\/gimme-super-stars--calendrier-de-l-avent-24-jours\/NYX_986.html\">VOIR LE PRODUIT<\/a><\/aside>\n<aside class=\"ads--insertor-avoid app_article_content\"><a id=\"calendrier-de-l-avent-de-luxe\" name=\"calendrier-de-l-avent-de-luxe\"\/><\/p>\n<h2 class=\"main_title\">Calendrier de l&rsquo;Avent de luxe<\/h2>\n<figure>\n<div class=\"product_picture\"><a rel=\"nofollow pass noopener\" class=\"jBlockAmazon\" target=\"_blank\" href=\"https:\/\/www.lancome.fr\/coffrets\/coffrets-maquillage\/calendrier-de-l-avent-2021\/00498-LAC.html\"><img decoding=\"async\" loading=\"lazy\" src=\"https:\/\/img-3.journaldesfemmes.fr\/uyxYHq2OJzOeS34nM_BxMJQJyhE=\/600x\/smart\/89e9a107505941dfbb95b87ad7a136a6\/ccmcms-jdf\/28353672.jpg\" alt=\"Calendrier de l'Avent de luxe\"\/><\/a><\/div><figcaption>\n<h3 class=\"item_name\">Calendrier de l&rsquo;Avent Lanc\u00f4me<\/h3>\n<p><span class=\"item_price\">99 \u20ac<\/span><a rel=\"nofollow pass noopener\" class=\"item_cta_bottom jBlockAmazon\" name=\"btn_see_1\" target=\"_blank\" href=\"https:\/\/www.lancome.fr\/coffrets\/coffrets-maquillage\/calendrier-de-l-avent-2021\/00498-LAC.html\">VOIR LE PRODUIT<\/a><span class=\"partner_sign\">sur\u00a0lancome.fr<\/span><\/figcaption><\/figure>\n<ul>&#13;<\/p>\n<li>Edition limit\u00e9e<\/li>\n<p>&#13;<\/p>\n<li>24 produits coups de c\u0153ur<\/li>\n<p>&#13;<\/p>\n<li>Contient du soin, du maquillage et du parfum<\/li>\n<p>&#13;\n<\/ul>\n<p>&#13;<br \/>\n&#13;<\/p>\n<p>Le calendrier Lanc\u00f4me d\u00e9voile une surprise beaut\u00e9 dans chaque petite maison pour prendre soin de soi en attendant le jour de No\u00ebl. En plus, il a \u00e9t\u00e9 fabriqu\u00e9 sans plastique et en carton recyclable.<\/p>\n<p>&#13;<br \/>\n<a rel=\"nofollow pass noopener\" target=\"_blank\" class=\"item_cta_bottom jBlockAmazon\" name=\"btn_see_2\" href=\"https:\/\/www.lancome.fr\/coffrets\/coffrets-maquillage\/calendrier-de-l-avent-2021\/00498-LAC.html\">VOIR LE PRODUIT<\/a><\/aside>\n<aside class=\"ads--insertor-avoid app_article_content\"><a id=\"calendrier-de-l-avent-l-oreal-paris\" name=\"calendrier-de-l-avent-l-oreal-paris\"\/><\/p>\n<h2 class=\"main_title\">Calendrier de l&rsquo;Avent L&rsquo;Or\u00e9al Paris<\/h2>\n<figure>\n<div class=\"product_picture\"><a rel=\"nofollow pass noopener\" class=\"jBlockAmazon\" target=\"_blank\" href=\"https:\/\/www.amazon.fr\/dp\/B09BWMHRJF?tag=journaldesfemmes-21&amp;linkCode=ogi&amp;th=1&amp;psc=1&amp;tag=journaldesfemmes-21&amp;ascsubtag=2566926f18fi\"><img decoding=\"async\" loading=\"lazy\" src=\"https:\/\/m.media-amazon.com\/images\/I\/51mZXR2BlFL._SL500_.jpg\" alt=\"Calendrier de l'Avent L'Or\u00e9al Paris\"\/><\/a><\/div><figcaption>\n<h3 class=\"item_name\">Calendrier de l&rsquo;Avent Beaut\u00e9, Maquillage &amp; Soin L&rsquo;Or\u00e9al Paris<\/h3>\n<p><span class=\"item_price\">89,00 \u20ac<\/span><a rel=\"nofollow pass noopener\" class=\"item_cta_bottom jBlockAmazon\" name=\"btn_see_1\" target=\"_blank\" href=\"https:\/\/www.amazon.fr\/dp\/B09BWMHRJF?tag=journaldesfemmes-21&amp;linkCode=ogi&amp;th=1&amp;psc=1&amp;tag=journaldesfemmes-21&amp;ascsubtag=2566926f18fb\">VOIR LE PRODUIT<\/a><span class=\"partner_sign\">sur\u00a0Amazon<\/span><\/figcaption><\/figure>\n<ul>&#13;<\/p>\n<li>Coffret f\u00e9erique<\/li>\n<p>&#13;<\/p>\n<li>Edition limit\u00e9e<\/li>\n<p>&#13;<\/p>\n<li>Dans chaque case, des conseils d&rsquo;application<\/li>\n<p>&#13;\n<\/ul>\n<p>&#13;<br \/>\n&#13;<\/p>\n<p>La marque propose un calendrier avec 24 produits full size pour resplendir \u00e0 l&rsquo;approche des F\u00eates. Vous y trouverez de quoi prendre soin de votre peau, des produits de maquillage et des soins pour les cheveux. Au programme : les best-sellers de la marque et les toutes derni\u00e8res innovations. Un indispensable !<\/p>\n<p>&#13;<br \/>\n<a rel=\"nofollow pass noopener\" target=\"_blank\" class=\"item_cta_bottom jBlockAmazon\" name=\"btn_see_2\" href=\"https:\/\/www.amazon.fr\/dp\/B09BWMHRJF?tag=journaldesfemmes-21&amp;linkCode=ogi&amp;th=1&amp;psc=1&amp;tag=journaldesfemmes-21&amp;ascsubtag=2566926f18fp\">VOIR LE PRODUIT<\/a><\/aside>\n<aside class=\"ads--insertor-avoid app_article_content\"><a id=\"le-plus-beau-calendrier-de-l-avent\" name=\"le-plus-beau-calendrier-de-l-avent\"\/><\/p>\n<h2 class=\"main_title\">Le plus beau calendrier de l&rsquo;Avent<\/h2>\n<figure>\n<div class=\"product_picture\"><a rel=\"nofollow pass noopener\" class=\"jBlockAmazon\" target=\"_blank\" href=\"https:\/\/www.ohmycream.com\/products\/calendrier-avent-2021?variant=39588372971582\"><img decoding=\"async\" loading=\"lazy\" src=\"https:\/\/img-3.journaldesfemmes.fr\/aMwsURjyGVpgXGal4RIIXWkWhAc=\/450x\/smart\/554390da801f4ff9b52f9523b988b33b\/ccmcms-jdf\/28347353.jpg\" alt=\"Le plus beau calendrier de l'Avent\"\/><\/a><\/div><figcaption>\n<h3 class=\"item_name\">Calendrier de l&rsquo;Avent Oh My Cream x Virginie Hucher<\/h3>\n<p><span class=\"item_price\">165 \u20ac<\/span><a rel=\"nofollow pass noopener\" class=\"item_cta_bottom jBlockAmazon\" name=\"btn_see_1\" target=\"_blank\" href=\"https:\/\/www.ohmycream.com\/products\/calendrier-avent-2021?variant=39588372971582\">VOIR LE PRODUIT<\/a><span class=\"partner_sign\">sur\u00a0ohmycream.com<\/span><\/figcaption><\/figure>\n<ul>&#13;<\/p>\n<li>Valeur r\u00e9elle : 530 euros<\/li>\n<p>&#13;<\/p>\n<li>Coffret exceptionnel imagin\u00e9 comme une \u0153uvre d&rsquo;art\u00a0<\/li>\n<p>&#13;\n<\/ul>\n<p>&#13;<br \/>\n&#13;<\/p>\n<p>Oh My Cream d\u00e9voile un Calendrier de l&rsquo;Avent 100 % clean. Parmi 25 p\u00e9pites se cachent 2 produits en taille-r\u00e9elle et bien d&rsquo;autres incontournables de marques c\u00e9l\u00e8bres comme : Oh My Cream skincare, Augustinus Bader&#8230; Les must-have viennent se lover dans une belle boite ronde sign\u00e9e\u00a0Virginie Hucher.<\/p>\n<p>&#13;<br \/>\n<a rel=\"nofollow pass noopener\" target=\"_blank\" class=\"item_cta_bottom jBlockAmazon\" name=\"btn_see_2\" href=\"https:\/\/www.ohmycream.com\/products\/calendrier-avent-2021?variant=39588372971582\">VOIR LE PRODUIT<\/a><\/aside>\n<\/p><\/div>\n<p>[ad_2]<br \/>\n<br \/><a href=\"https:\/\/www.journaldesfemmes.fr\/beaute\/magazine\/2566926-calendrier-de-l-avent-beaute-2021\/\">Source link <\/a><\/p>\n","protected":false},"excerpt":{"rendered":"<p>[ad_1] Dans un calendrier de l&rsquo;Avent beaut\u00e9, chaque case d\u00e9voile maquillage ou produits cosm\u00e9tiques. Cette ann\u00e9e, Blissim, Yves Rocher, Sephora &hellip; <a href=\"http:\/\/www.affinite.fr\/index.php\/2021\/11\/07\/tous-les-modeles-pour-se-faire-belle\/\" class=\"more-link\">Plus <span class=\"screen-reader-text\">tous les mod\u00e8les pour se faire belle<\/span> <span class=\"meta-nav\">&rarr;<\/span><\/a><\/p>\n","protected":false},"author":1,"featured_media":7036,"comment_status":"open","ping_status":"open","sticky":false,"template":"","format":"standard","meta":{"_sitemap_exclude":false,"_sitemap_priority":"","_sitemap_frequency":"","footnotes":""},"categories":[1],"tags":[],"class_list":["post-7035","post","type-post","status-publish","format-standard","has-post-thumbnail","hentry","category-tous"],"_links":{"self":[{"href":"http:\/\/www.affinite.fr\/index.php\/wp-json\/wp\/v2\/posts\/7035"}],"collection":[{"href":"http:\/\/www.affinite.fr\/index.php\/wp-json\/wp\/v2\/posts"}],"about":[{"href":"http:\/\/www.affinite.fr\/index.php\/wp-json\/wp\/v2\/types\/post"}],"author":[{"embeddable":true,"href":"http:\/\/www.affinite.fr\/index.php\/wp-json\/wp\/v2\/users\/1"}],"replies":[{"embeddable":true,"href":"http:\/\/www.affinite.fr\/index.php\/wp-json\/wp\/v2\/comments?post=7035"}],"version-history":[{"count":0,"href":"http:\/\/www.affinite.fr\/index.php\/wp-json\/wp\/v2\/posts\/7035\/revisions"}],"wp:featuredmedia":[{"embeddable":true,"href":"http:\/\/www.affinite.fr\/index.php\/wp-json\/wp\/v2\/media\/7036"}],"wp:attachment":[{"href":"http:\/\/www.affinite.fr\/index.php\/wp-json\/wp\/v2\/media?parent=7035"}],"wp:term":[{"taxonomy":"category","embeddable":true,"href":"http:\/\/www.affinite.fr\/index.php\/wp-json\/wp\/v2\/categories?post=7035"},{"taxonomy":"post_tag","embeddable":true,"href":"http:\/\/www.affinite.fr\/index.php\/wp-json\/wp\/v2\/tags?post=7035"}],"curies":[{"name":"wp","href":"https:\/\/api.w.org\/{rel}","templated":true}]}}