{"id":7012,"date":"2021-11-01T17:40:06","date_gmt":"2021-11-01T17:40:06","guid":{"rendered":"https:\/\/www.affinite.fr\/index.php\/2021\/11\/01\/miss-auvergne-2021-est-docteur-anais-werestchack-photos\/"},"modified":"2021-11-01T17:40:06","modified_gmt":"2021-11-01T17:40:06","slug":"miss-auvergne-2021-est-docteur-anais-werestchack-photos","status":"publish","type":"post","link":"http:\/\/www.affinite.fr\/index.php\/2021\/11\/01\/miss-auvergne-2021-est-docteur-anais-werestchack-photos\/","title":{"rendered":"Miss Auvergne 2021\u00a0est (Docteur) Ana\u00efs Werestchack -PHOTOS"},"content":{"rendered":"<p> [ad_1]<br \/>\n<br \/><img decoding=\"async\" src=\"https:\/\/img-3.journaldesfemmes.fr\/V_0nvSWzkdcOw4CJJg0cvkYd3sk=\/1280x\/smart\/9a8e8175463648458c502ec5032ed102\/ccmcms-jdf\/29145705.png\" \/><\/p>\n<p>\n                Interne en m\u00e9decine, Ana\u00efs Werestchack s&rsquo;est accord\u00e9e une \u00ab\u00a0parenth\u00e8se\u00a0\u00bb en devenant Miss Auvergne 2021. Sera-t-elle \u00e9lue Miss France 2022?            <\/p>\n<div>\n<p>C&rsquo;est le 10 septembre dernier que <strong>seize participantes<\/strong> ont d\u00e9fil\u00e9 pour l&rsquo;\u00e9lection de <strong>Miss Auvergne 2021<\/strong> au th\u00e9\u00e2tre du Puy-en-Velay.\u00a0<strong>Ana\u00efs\u00a0Werestchack <\/strong>a finalement \u00e9t\u00e9 choisie par le jury et le public, apr\u00e8s G\u00e9romine Prique l&rsquo;ann\u00e9e derni\u00e8re.<br \/>Ag\u00e9e de<strong> 24 ans<\/strong>, la jolie blonde aux yeux bleus est originaire de<strong>\u00a0Beaumont dans le Puy-de-D\u00f4me<\/strong> et est tr\u00e8s fi\u00e8re de pouvoir repr\u00e9senter sa r\u00e9gion au concours de beaut\u00e9.<br \/>Au quotidien, la Miss est<strong> \u00e9tudiante en m\u00e9decine<\/strong> et est actuellement<strong> interne \u00e0 B\u00e9ziers <\/strong>apr\u00e8s avoir travaill\u00e9 dans un cabinet \u00e0 Millau, dans l&rsquo;Aveyron. Elle souhaite \u00e0 terme devenir<strong>\u00a0Docteur en m\u00e9decine g\u00e9n\u00e9rale.<\/strong><\/p>\n<h2>Miss Auvergne 2021 : jamais deux&#8230; Sans trois!\u00a0<\/h2>\n<p>La c\u00e9r\u00e9monie n&rsquo;avait rien d&rsquo;une nouveaut\u00e9 pour Ana\u00efs Werestchack, qui se <strong>pr\u00e9sentait pour la troisi\u00e8me fois \u00e0 l&rsquo;\u00e9lection<\/strong>.<br \/>C&rsquo;est gr\u00e2ce \u00e0\u00a0<strong>Pauline Bazoge, Miss Auvergne 2015<\/strong>, que la future m\u00e9decin a d\u00e9cid\u00e9 de tenter sa chance une premi\u00e8re fois, avant de r\u00e9it\u00e9rer \u00e0 deux reprises. Via Facebook, l&rsquo;ex-reine de beaut\u00e9 l&rsquo;a convaincue de participer.\u00a0<em>\u00ab\u00a0<strong>Je ne connaissais cet univers qu&rsquo;\u00e0 travers l&rsquo;\u00e9lection nationale que je regardais \u00e0 la TV en famille<\/strong>, mais j&rsquo;ai finalement consid\u00e9r\u00e9 ce concours comme une parenth\u00e8se dans\u00a0<strong>ma vie qui, depuis 7\u00a0ans, ne tourne qu&rsquo;autour de la m\u00e9decine<\/strong>\u00ab\u00a0, <\/em>a expliqu\u00e9<em>\u00a0<\/em>Ana\u00efs Werestchack au m\u00e9dia local <a href=\"https:\/\/www.7joursaclermont.fr\/anais-werestchack-on-peut-etre-miss-tout-en-etudiant-la-medecine\/\" target=\"_blank\" rel=\"noopener\">7 Jours \u00e0 Clermont<\/a>.<br \/>Munie de sa pr\u00e9cieuse \u00e9charpe, elle\u00a0sera donc sur la sc\u00e8ne du <strong>Z\u00e9nith de Caen le 11 d\u00e9cembre <\/strong>avec les autres Miss r\u00e9gionales.<\/p>\n<\/p><\/div>\n<p>[ad_2]<br \/>\n<br \/><a href=\"https:\/\/www.journaldesfemmes.fr\/people\/actus\/2755433-miss-auvergne-2021-est-anais-werestchack-photos\/\">Source link <\/a><\/p>\n","protected":false},"excerpt":{"rendered":"<p>[ad_1] Interne en m\u00e9decine, Ana\u00efs Werestchack s&rsquo;est accord\u00e9e une \u00ab\u00a0parenth\u00e8se\u00a0\u00bb en devenant Miss Auvergne 2021. Sera-t-elle \u00e9lue Miss France 2022? &hellip; <a href=\"http:\/\/www.affinite.fr\/index.php\/2021\/11\/01\/miss-auvergne-2021-est-docteur-anais-werestchack-photos\/\" class=\"more-link\">Plus <span class=\"screen-reader-text\">Miss Auvergne 2021\u00a0est (Docteur) Ana\u00efs Werestchack -PHOTOS<\/span> <span class=\"meta-nav\">&rarr;<\/span><\/a><\/p>\n","protected":false},"author":1,"featured_media":7013,"comment_status":"open","ping_status":"open","sticky":false,"template":"","format":"standard","meta":{"_sitemap_exclude":false,"_sitemap_priority":"","_sitemap_frequency":"","footnotes":""},"categories":[1],"tags":[],"class_list":["post-7012","post","type-post","status-publish","format-standard","has-post-thumbnail","hentry","category-tous"],"_links":{"self":[{"href":"http:\/\/www.affinite.fr\/index.php\/wp-json\/wp\/v2\/posts\/7012"}],"collection":[{"href":"http:\/\/www.affinite.fr\/index.php\/wp-json\/wp\/v2\/posts"}],"about":[{"href":"http:\/\/www.affinite.fr\/index.php\/wp-json\/wp\/v2\/types\/post"}],"author":[{"embeddable":true,"href":"http:\/\/www.affinite.fr\/index.php\/wp-json\/wp\/v2\/users\/1"}],"replies":[{"embeddable":true,"href":"http:\/\/www.affinite.fr\/index.php\/wp-json\/wp\/v2\/comments?post=7012"}],"version-history":[{"count":0,"href":"http:\/\/www.affinite.fr\/index.php\/wp-json\/wp\/v2\/posts\/7012\/revisions"}],"wp:featuredmedia":[{"embeddable":true,"href":"http:\/\/www.affinite.fr\/index.php\/wp-json\/wp\/v2\/media\/7013"}],"wp:attachment":[{"href":"http:\/\/www.affinite.fr\/index.php\/wp-json\/wp\/v2\/media?parent=7012"}],"wp:term":[{"taxonomy":"category","embeddable":true,"href":"http:\/\/www.affinite.fr\/index.php\/wp-json\/wp\/v2\/categories?post=7012"},{"taxonomy":"post_tag","embeddable":true,"href":"http:\/\/www.affinite.fr\/index.php\/wp-json\/wp\/v2\/tags?post=7012"}],"curies":[{"name":"wp","href":"https:\/\/api.w.org\/{rel}","templated":true}]}}