{"id":701,"date":"2020-03-16T14:40:21","date_gmt":"2020-03-16T14:40:21","guid":{"rendered":"https:\/\/www.affinite.fr\/index.php\/2020\/03\/16\/apple-ferme-ses-magasins-partout-dans-le-monde-sauf-en-chine-ou-il-les-rouvre\/"},"modified":"2020-03-16T14:40:21","modified_gmt":"2020-03-16T14:40:21","slug":"apple-ferme-ses-magasins-partout-dans-le-monde-sauf-en-chine-ou-il-les-rouvre","status":"publish","type":"post","link":"http:\/\/www.affinite.fr\/index.php\/2020\/03\/16\/apple-ferme-ses-magasins-partout-dans-le-monde-sauf-en-chine-ou-il-les-rouvre\/","title":{"rendered":"Apple ferme ses magasins partout dans le monde, sauf en Chine o\u00f9 il les rouvre"},"content":{"rendered":"<p> [ad_1]<br \/>\n<br \/><img decoding=\"async\" src=\"https:\/\/img.bfmtv.com\/i\/0\/0\/b82\/6427bd287267b006839a936f8bf3a.jpg\" \/><\/p>\n<div itemprop=\"articleBody\">\n<p>Apr\u00e8s avoir \u00e9t\u00e9 contraint de fermer l\u2019ensemble de ses 42\u00a0magasins en Chine, Apple vient de d\u00e9cider la r\u00e9ouverture de ces boutiques, estimant sans doute que le pic de l\u2019\u00e9pid\u00e9mie a \u00e9t\u00e9 pass\u00e9. En effet, d\u2019apr\u00e8s <a href=\"https:\/\/www.who.int\/docs\/default-source\/coronaviruse\/situation-reports\/20200315-sitrep-55-covid-19.pdf?sfvrsn=33daa5cb_6\" target=\"_blank\" rel=\"noopener noreferrer\">le rapport du 15\u00a0mars<\/a> de l\u2019Organisation mondiale de la sant\u00e9, la Chine n\u2019a compt\u00e9 que 27\u00a0nouveaux cas de contaminations.<\/p>\n<aside class=\"bg-color-0 padding-inside-all-s bloc border-s\">\n<h4 class=\"box-txt-normal\">\n<p><b>A d\u00e9couvrir aussi en vid\u00e9o<\/b><\/p>\n<\/h4>\n<\/aside>\n<p>Dans le reste du monde, c\u2019est l\u2019inverse. Pour freiner la diffusion du coronavirus, la firme a d\u00e9cid\u00e9 de fermer tous ses Apple Store\u00a0jusqu\u2019au 27\u00a0mars.<\/p>\n<blockquote>\n<p><em>\u00ab\u00a0Le moyen le plus efficace pour minimiser le risque de transmission du virus est de r\u00e9duire la densit\u00e9 [humaine] et de maximiser la distance sociale\u00a0\u00bb<\/em>, explique Tim Cook dans un communiqu\u00e9.<\/p>\n<\/blockquote>\n<p>Cette d\u00e9cision va finalement plus loin que celle du gouvernement fran\u00e7ais. Ce dernier a certes annonc\u00e9 la fermeture des commerces non essentiels, mais les magasins de mat\u00e9riel informatique ou de t\u00e9l\u00e9phonie sont quand m\u00eame autoris\u00e9s \u00e0 rester ouverts. C\u2019est en effet ce que sp\u00e9cifie <a href=\"https:\/\/www.legifrance.gouv.fr\/affichTexte.do;jsessionid=0988773243DDED4434CBFE85C9B0A44A.tplgfr36s_2?cidTexte=JORFTEXT000041723302&amp;dateTexte=&amp;oldAction=rechJO&amp;categorieLien=id&amp;idJO=JORFCONT000041723291\" target=\"_blank\" rel=\"noopener noreferrer\">l\u2019arr\u00eat\u00e9 du 15 mars<\/a>.<\/p>\n<p><strong>Source\u00a0<\/strong>: <a href=\"https:\/\/www.apple.com\/newsroom\/2020\/03\/apples-covid-19-response\/\" target=\"_blank\" rel=\"noopener noreferrer\">Apple<\/a><\/p>\n<\/p><\/div>\n<p><script>\n         !function(f,b,e,v,n,t,s){if(f.fbq)return;n=f.fbq=function()\n         {n.callMethod? n.callMethod.apply(n,arguments):n.queue.push(arguments)}\n         ;if(!f._fbq)f._fbq=n;\n             n.push=n;n.loaded=!0;n.version='2.0';n.queue=[];t=b.createElement(e);t.async=!0;\n             t.src=v;s=b.getElementsByTagName(e)[0];s.parentNode.insertBefore(t,s)}(window,\n                 document,'script','https:\/\/connect.facebook.net\/en_US\/fbevents.js');\n         fbq('init', '1065890633454496');\n         fbq('track', 'PageView');\n     <\/script><br \/>\n<br \/>[ad_2]<br \/>\n<br \/><a href=\"https:\/\/www.01net.com\/actualites\/coronavirus-apple-ferme-ses-magasins-partout-dans-le-monde-sauf-en-chine-ou-il-les-rouvre-1875777.html\">Source link <\/a><\/p>\n","protected":false},"excerpt":{"rendered":"<p>[ad_1] Apr\u00e8s avoir \u00e9t\u00e9 contraint de fermer l\u2019ensemble de ses 42\u00a0magasins en Chine, Apple vient de d\u00e9cider la r\u00e9ouverture de &hellip; <a href=\"http:\/\/www.affinite.fr\/index.php\/2020\/03\/16\/apple-ferme-ses-magasins-partout-dans-le-monde-sauf-en-chine-ou-il-les-rouvre\/\" class=\"more-link\">Plus <span class=\"screen-reader-text\">Apple ferme ses magasins partout dans le monde, sauf en Chine o\u00f9 il les rouvre<\/span> <span class=\"meta-nav\">&rarr;<\/span><\/a><\/p>\n","protected":false},"author":1,"featured_media":702,"comment_status":"open","ping_status":"open","sticky":false,"template":"","format":"standard","meta":{"_sitemap_exclude":false,"_sitemap_priority":"","_sitemap_frequency":"","footnotes":""},"categories":[1],"tags":[],"class_list":["post-701","post","type-post","status-publish","format-standard","has-post-thumbnail","hentry","category-tous"],"_links":{"self":[{"href":"http:\/\/www.affinite.fr\/index.php\/wp-json\/wp\/v2\/posts\/701"}],"collection":[{"href":"http:\/\/www.affinite.fr\/index.php\/wp-json\/wp\/v2\/posts"}],"about":[{"href":"http:\/\/www.affinite.fr\/index.php\/wp-json\/wp\/v2\/types\/post"}],"author":[{"embeddable":true,"href":"http:\/\/www.affinite.fr\/index.php\/wp-json\/wp\/v2\/users\/1"}],"replies":[{"embeddable":true,"href":"http:\/\/www.affinite.fr\/index.php\/wp-json\/wp\/v2\/comments?post=701"}],"version-history":[{"count":0,"href":"http:\/\/www.affinite.fr\/index.php\/wp-json\/wp\/v2\/posts\/701\/revisions"}],"wp:featuredmedia":[{"embeddable":true,"href":"http:\/\/www.affinite.fr\/index.php\/wp-json\/wp\/v2\/media\/702"}],"wp:attachment":[{"href":"http:\/\/www.affinite.fr\/index.php\/wp-json\/wp\/v2\/media?parent=701"}],"wp:term":[{"taxonomy":"category","embeddable":true,"href":"http:\/\/www.affinite.fr\/index.php\/wp-json\/wp\/v2\/categories?post=701"},{"taxonomy":"post_tag","embeddable":true,"href":"http:\/\/www.affinite.fr\/index.php\/wp-json\/wp\/v2\/tags?post=701"}],"curies":[{"name":"wp","href":"https:\/\/api.w.org\/{rel}","templated":true}]}}