{"id":7002,"date":"2021-10-29T17:36:18","date_gmt":"2021-10-29T17:36:18","guid":{"rendered":"https:\/\/www.affinite.fr\/index.php\/2021\/10\/29\/une-fillette-de-4-ans-tire-sur-son-frere-de-18-mois-dans-le-morvan\/"},"modified":"2021-10-29T17:36:18","modified_gmt":"2021-10-29T17:36:18","slug":"une-fillette-de-4-ans-tire-sur-son-frere-de-18-mois-dans-le-morvan","status":"publish","type":"post","link":"http:\/\/www.affinite.fr\/index.php\/2021\/10\/29\/une-fillette-de-4-ans-tire-sur-son-frere-de-18-mois-dans-le-morvan\/","title":{"rendered":"Une fillette de 4\u00a0ans tire sur son fr\u00e8re de 18\u00a0mois, dans le Morvan"},"content":{"rendered":"<p> [ad_1]<br \/>\n<br \/><img decoding=\"async\" src=\"https:\/\/img-3.journaldesfemmes.fr\/jh9yT0Pr0vY3b8hH47ukJHekO3k=\/1280x\/smart\/d901fdfd516444189a233e7a6d148207\/ccmcms-jdf\/29084351.jpg\" \/><\/p>\n<p>\n                La sc\u00e8ne se passe en r\u00e9gion Bourgogne-Franche-Comt\u00e9. Une petite fille jouait avec une arme \u00e0 feu. Elle a accidentellement tir\u00e9 sur son petit fr\u00e8re du 18\u00a0mois.            <\/p>\n<div>\n<p>Un accident qui aurait pu se terminer en drame.\u00a0Une <strong>petite fille de 4 ans<\/strong> a <strong>tir\u00e9 sur son petit fr\u00e8re de 18\u00a0mois<\/strong>,\u00a0pr\u00e8s de Saulieu en C\u00f4te d&rsquo;Or. Le b\u00e9b\u00e9 a \u00e9t\u00e9 touch\u00e9, mais il n&rsquo;a heureusement <strong>pas de blessure grave<\/strong>, indique <a href=\"https:\/\/www.leparisien.fr\/faits-divers\/une-fillette-de-4-ans-tire-sur-son-frere-de-18-mois-en-bourgogne-29-10-2021-3TROBBBP6BGFRMO6ZGUGQC6T4A.php?ts=1635519428559\" target=\"_blank\" rel=\"noopener\"><em>Le Parisien<\/em><\/a>. Lors de l&rsquo;incident, la fillette <strong>jouait avec l&rsquo;arme <\/strong>et l&rsquo;a enclench\u00e9e sans s&rsquo;en rendre compte.\u00a0Une <strong>enqu\u00eate \u00ab\u00a0<em>en recherche des causes de blessure<\/em>\u00a0\u00bb <\/strong>a \u00e9t\u00e9 ouverte. Il s&rsquo;agira de d\u00e9terminer si l&rsquo;arme \u00e9tait <strong>d\u00e9tenue ill\u00e9galement par les parents<\/strong> et si ceux-ci l&rsquo;avaient plac\u00e9e ou non en lieu s\u00fbr.\u00a0le procureur de la R\u00e9publique de Dijon,\u00a0Olivier Caracotch, a averti <em>Le Parisien:<\/em> \u00ab\u00a0<em>Je ne souhaite pas communiquer davantage sur cette affaire et ne le ferai que si la responsabilit\u00e9 p\u00e9nale d&rsquo;un adulte venait \u00e0 \u00eatre engag\u00e9e<\/em>\u00ab\u00a0.<\/p>\n<\/p><\/div>\n<p>[ad_2]<br \/>\n<br \/><a href=\"https:\/\/www.journaldesfemmes.fr\/societe\/actu\/2755111-une-petite-fille-joue-avec-une-arme-et-tire-sur-son-frere-de-18-mois-bourgogne-morvan-saulieu\/\">Source link <\/a><\/p>\n","protected":false},"excerpt":{"rendered":"<p>[ad_1] La sc\u00e8ne se passe en r\u00e9gion Bourgogne-Franche-Comt\u00e9. Une petite fille jouait avec une arme \u00e0 feu. Elle a accidentellement &hellip; <a href=\"http:\/\/www.affinite.fr\/index.php\/2021\/10\/29\/une-fillette-de-4-ans-tire-sur-son-frere-de-18-mois-dans-le-morvan\/\" class=\"more-link\">Plus <span class=\"screen-reader-text\">Une fillette de 4\u00a0ans tire sur son fr\u00e8re de 18\u00a0mois, dans le Morvan<\/span> <span class=\"meta-nav\">&rarr;<\/span><\/a><\/p>\n","protected":false},"author":1,"featured_media":7003,"comment_status":"open","ping_status":"open","sticky":false,"template":"","format":"standard","meta":{"_sitemap_exclude":false,"_sitemap_priority":"","_sitemap_frequency":"","footnotes":""},"categories":[1],"tags":[],"class_list":["post-7002","post","type-post","status-publish","format-standard","has-post-thumbnail","hentry","category-tous"],"_links":{"self":[{"href":"http:\/\/www.affinite.fr\/index.php\/wp-json\/wp\/v2\/posts\/7002"}],"collection":[{"href":"http:\/\/www.affinite.fr\/index.php\/wp-json\/wp\/v2\/posts"}],"about":[{"href":"http:\/\/www.affinite.fr\/index.php\/wp-json\/wp\/v2\/types\/post"}],"author":[{"embeddable":true,"href":"http:\/\/www.affinite.fr\/index.php\/wp-json\/wp\/v2\/users\/1"}],"replies":[{"embeddable":true,"href":"http:\/\/www.affinite.fr\/index.php\/wp-json\/wp\/v2\/comments?post=7002"}],"version-history":[{"count":0,"href":"http:\/\/www.affinite.fr\/index.php\/wp-json\/wp\/v2\/posts\/7002\/revisions"}],"wp:featuredmedia":[{"embeddable":true,"href":"http:\/\/www.affinite.fr\/index.php\/wp-json\/wp\/v2\/media\/7003"}],"wp:attachment":[{"href":"http:\/\/www.affinite.fr\/index.php\/wp-json\/wp\/v2\/media?parent=7002"}],"wp:term":[{"taxonomy":"category","embeddable":true,"href":"http:\/\/www.affinite.fr\/index.php\/wp-json\/wp\/v2\/categories?post=7002"},{"taxonomy":"post_tag","embeddable":true,"href":"http:\/\/www.affinite.fr\/index.php\/wp-json\/wp\/v2\/tags?post=7002"}],"curies":[{"name":"wp","href":"https:\/\/api.w.org\/{rel}","templated":true}]}}