{"id":6990,"date":"2021-10-26T12:06:27","date_gmt":"2021-10-26T12:06:27","guid":{"rendered":"https:\/\/www.affinite.fr\/index.php\/2021\/10\/26\/peut-on-faire-les-vaccins-covid-et-grippe-ensemble\/"},"modified":"2021-10-26T12:06:27","modified_gmt":"2021-10-26T12:06:27","slug":"peut-on-faire-les-vaccins-covid-et-grippe-ensemble","status":"publish","type":"post","link":"http:\/\/www.affinite.fr\/index.php\/2021\/10\/26\/peut-on-faire-les-vaccins-covid-et-grippe-ensemble\/","title":{"rendered":"Peut-on faire les vaccins covid et grippe ensemble\u00a0?"},"content":{"rendered":"<p> [ad_1]<br \/>\n<br \/><img decoding=\"async\" src=\"https:\/\/img-3.journaldesfemmes.fr\/hKJdvZ7E2mXnlnu5W9xnOr39-PQ=\/1280x\/smart\/594588e68a2242e19e444513178cf528\/ccmcms-jdf\/28992880.jpg\" \/><\/p>\n<p>\n                La campagne de vaccination contre la grippe saisonni\u00e8re a \u00e9t\u00e9 lanc\u00e9e le 22\u00a0octobre alors que celle contre le Covid se poursuit. Peut-on se faire vacciner en m\u00eame temps\u00a0? Quel d\u00e9lai sinon\u00a0? Y a-t-il des risques\u00a0? Guide pratique.            <\/p>\n<div>\n<p>Pr\u00e8s de<strong> 75% de la population totale fran\u00e7aise <\/strong>est <strong>vaccin\u00e9e contre le Covid<\/strong> selon les chiffres du <a href=\"https:\/\/solidarites-sante.gouv.fr\/actualites\/presse\/communiques-de-presse\/article\/vaccination-contre-la-covid-en-france-au-25-octobre-2021-pres-de-98-350-900\" target=\"_blank\" rel=\"noopener\">minist\u00e8re de la Sant\u00e9<\/a>. Pour beaucoup, c&rsquo;est l&rsquo;heure de faire une<strong> troisi\u00e8me dose<\/strong>. L&rsquo;administration de cette\u00a0dose de rappel pour les publics concern\u00e9s doit se faire apr\u00e8s un d\u00e9lai d&rsquo;au moins 6\u00a0mois apr\u00e8s avoir compl\u00e9t\u00e9 la vaccination contre la Covid.\u00a0Peut-on alors la\u00a0faire<strong> en m\u00eame temps que la vaccination contre la <a href=\"https:\/\/sante.journaldesfemmes.fr\/fiches-maladies\/1551976-grippe-epidemie-2021-en-ce-moment-virus-vaccination-symptome-traitement\/\" title=\"Grippe\">grippe<\/a><\/strong> qui a d\u00e9but\u00e9 le 22 octobre ou vaut-il mieux<strong> s\u00e9parer les deux injections<\/strong>\u00a0? Faut-il attendre un <strong>d\u00e9lai<\/strong> entre les deux\u00a0? Est-ce que les deux vaccins restent autant <strong>efficaces\u00a0<\/strong>?\u00a0Pr\u00e9cisions.<\/p>\n<h2>Peut-on se faire vacciner en m\u00eame temps ?<\/h2>\n<p>Pour la <a href=\"https:\/\/www.has-sante.fr\/jcms\/p_3288855\/fr\/covid-19-et-grippe-la-has-precise-les-conditions-d-une-co-administration-des-vaccins\" target=\"_blank\" rel=\"noopener\">Haute Autorit\u00e9 de Sant\u00e9<\/a>, il n&rsquo;y a pas d&rsquo;inqui\u00e9tudes \u00e0 avoir :<strong><em> \u00ab\u00a0La co-administration des vaccins contre la grippe et contre la Covid-19 ne comporte aucun danger.\u00a0\u00bb<\/em><\/strong>\u00a0\u00a0La r\u00e9alisation\u00a0de ces deux\u00a0vaccins peut ainsi \u00eatre<strong><em> \u00ab\u00a0concomitante\u00a0\u00bb\u00a0<\/em><\/strong>afin d&rsquo;\u00e9viter tout d\u00e9lai suppl\u00e9mentaire dans l&rsquo;administration de l&rsquo;une ou l&rsquo;autre de ces injections. <em>\u00ab\u00a0Concr\u00e8tement, les deux injections peuvent \u00eatre pratiqu\u00e9es<strong> le m\u00eame jour,<\/strong> mais sur deux sites de vaccination distincts \u2013<strong> un vaccin dans chaque bras<\/strong>\u00a0\u00bb <\/em>pr\u00e9cise l&rsquo;autorit\u00e9.<\/p>\n<h2>Y a-t-il un d\u00e9lai \u00e0 respecter si on ne peut pas \u00eatre vaccin\u00e9 en m\u00eame temps ?<\/h2>\n<p>Pour les personnes qui ne pourraient pas recevoir la dose de rappel contre la Covid-19\u00a0(ou une premi\u00e8re ou une seconde dose de ce vaccin) et l&rsquo;injection antigrippale simultan\u00e9ment, la HAS pr\u00e9cise qu&rsquo;il n&rsquo;y a<strong> pas de d\u00e9lai \u00e0 respecter <\/strong>entre les deux vaccinations. Cette r\u00e8gle s&rsquo;applique aussi \u00e0 toute association entre les vaccins contre la Covid-19\u00a0et les <strong>autres vaccins du calendrier vaccinal<\/strong>.<\/p>\n<h2>Comment faire les deux vaccins en m\u00eame temps ?<\/h2>\n<p>Selon la\u00a0<a href=\"https:\/\/solidarites-sante.gouv.fr\/IMG\/pdf\/dgs-urgent_110_-_articulation_campagne_grippe_covid.pdf\" target=\"_blank\" rel=\"noopener\">Direction G\u00e9n\u00e9rale de la Sant\u00e9<\/a>,\u00a0la co-administration des vaccins contre la grippe et contre la Covid-19 est possible <strong>dans un centre de vaccination Covid <\/strong>si la <strong>personne se pr\u00e9sente\u00a0avec son vaccin contre la grippe.<\/strong> Dans ce cas, seuls les professionnels habilit\u00e9s \u00e0 pratiquer la vaccination contre la grippe (m\u00e9decin, sage-femme, pharmacien, infirmi\u00e8re lib\u00e9rale) pourront r\u00e9aliser cette injection en centre de vaccination. La vaccination simultan\u00e9e est aussi possible en pharmacie pour les personnes cibl\u00e9es par les recommandations.<\/p>\n<h2>Est-ce que les deux vaccins restent autant efficaces ?<\/h2>\n<p>Selon les donn\u00e9es de l&rsquo;essai anglais\u00a0<a href=\"https:\/\/www.gov.uk\/government\/publications\/jcvi-statement-september-2021-covid-19-booster-vaccine-programme-for-winter-2021-to-2022\/jcvi-statement-regarding-a-covid-19-booster-vaccine-programme-for-winter-2021-to-2022\" target=\"_blank\" rel=\"noopener\">ComFluCOV<\/a>, relay\u00e9es par la HAS,\u00a0la co-administration des vaccins contre la grippe et la COVID-19\u00a0est g\u00e9n\u00e9ralement <strong>bien tol\u00e9r\u00e9e<\/strong> sans diminution des r\u00e9ponses immunitaires induites par le vaccin \u00e0 l&rsquo;un ou l&rsquo;autre des vaccins.<\/p>\n<h2>Est-ce que \u00e7a peut \u00eatre dangereux ?<\/h2>\n<p>La Direction G\u00e9n\u00e9rale de la Sant\u00e9\u00a0rassure en rappelant\u00a0que <em>\u00ab\u00a0l&rsquo;exp\u00e9rience acquise de longue date en mati\u00e8re de vaccination montre que la co-administration de plusieurs vaccins n&rsquo;est<strong> pas dangereuse pour le syst\u00e8me immunitaire<\/strong>\u00ab\u00a0<\/em>.<\/p>\n<\/p><\/div>\n<p>[ad_2]<br \/>\n<br \/><a href=\"https:\/\/sante.journaldesfemmes.fr\/fiches-maladies\/2754101-vaccins-covid-et-grippe-ensemble-en-meme-temps\/\">Source link <\/a><\/p>\n","protected":false},"excerpt":{"rendered":"<p>[ad_1] La campagne de vaccination contre la grippe saisonni\u00e8re a \u00e9t\u00e9 lanc\u00e9e le 22\u00a0octobre alors que celle contre le Covid &hellip; <a href=\"http:\/\/www.affinite.fr\/index.php\/2021\/10\/26\/peut-on-faire-les-vaccins-covid-et-grippe-ensemble\/\" class=\"more-link\">Plus <span class=\"screen-reader-text\">Peut-on faire les vaccins covid et grippe ensemble\u00a0?<\/span> <span class=\"meta-nav\">&rarr;<\/span><\/a><\/p>\n","protected":false},"author":1,"featured_media":6991,"comment_status":"open","ping_status":"open","sticky":false,"template":"","format":"standard","meta":{"_sitemap_exclude":false,"_sitemap_priority":"","_sitemap_frequency":"","footnotes":""},"categories":[1],"tags":[],"class_list":["post-6990","post","type-post","status-publish","format-standard","has-post-thumbnail","hentry","category-tous"],"_links":{"self":[{"href":"http:\/\/www.affinite.fr\/index.php\/wp-json\/wp\/v2\/posts\/6990"}],"collection":[{"href":"http:\/\/www.affinite.fr\/index.php\/wp-json\/wp\/v2\/posts"}],"about":[{"href":"http:\/\/www.affinite.fr\/index.php\/wp-json\/wp\/v2\/types\/post"}],"author":[{"embeddable":true,"href":"http:\/\/www.affinite.fr\/index.php\/wp-json\/wp\/v2\/users\/1"}],"replies":[{"embeddable":true,"href":"http:\/\/www.affinite.fr\/index.php\/wp-json\/wp\/v2\/comments?post=6990"}],"version-history":[{"count":0,"href":"http:\/\/www.affinite.fr\/index.php\/wp-json\/wp\/v2\/posts\/6990\/revisions"}],"wp:featuredmedia":[{"embeddable":true,"href":"http:\/\/www.affinite.fr\/index.php\/wp-json\/wp\/v2\/media\/6991"}],"wp:attachment":[{"href":"http:\/\/www.affinite.fr\/index.php\/wp-json\/wp\/v2\/media?parent=6990"}],"wp:term":[{"taxonomy":"category","embeddable":true,"href":"http:\/\/www.affinite.fr\/index.php\/wp-json\/wp\/v2\/categories?post=6990"},{"taxonomy":"post_tag","embeddable":true,"href":"http:\/\/www.affinite.fr\/index.php\/wp-json\/wp\/v2\/tags?post=6990"}],"curies":[{"name":"wp","href":"https:\/\/api.w.org\/{rel}","templated":true}]}}