{"id":6983,"date":"2021-10-25T12:05:47","date_gmt":"2021-10-25T12:05:47","guid":{"rendered":"https:\/\/www.affinite.fr\/index.php\/2021\/10\/25\/quelles-sanctions-pour-les-harceleurs\/"},"modified":"2021-10-25T12:05:47","modified_gmt":"2021-10-25T12:05:47","slug":"quelles-sanctions-pour-les-harceleurs","status":"publish","type":"post","link":"http:\/\/www.affinite.fr\/index.php\/2021\/10\/25\/quelles-sanctions-pour-les-harceleurs\/","title":{"rendered":"quelles sanctions pour les harceleurs\u00a0?"},"content":{"rendered":"<p> [ad_1]<br \/>\n<br \/><img decoding=\"async\" src=\"https:\/\/img-3.journaldesfemmes.fr\/SHW5MqrERHWAn55CfEwqh9TCOpM=\/1280x\/smart\/dee45ef6b8a94ba0ab829ebc8f04cc8a\/ccmcms-jdf\/28970711.jpeg\" \/><\/p>\n<p>\n                Le suicide d&rsquo;une adolescente de 14\u00a0ans, qui s&rsquo;est pendue dans sa chambre d\u00e9but octobre, a cr\u00e9\u00e9 un vif \u00e9moi. Jean-Michel Blanquer revient sur les violences en milieu scolaire et estime que sa mort \u00ab\u00a0doit nous alerter\u00a0\u00bb.            <\/p>\n<div>\n<p><strong>Dinah est une adolescente de 14 ans, qui s&rsquo;est suicid\u00e9e le 4 octobre dernier<\/strong>, dans sa chambre \u00e0 Kingersheim.\u00a0Selon sa m\u00e8re, la jeune fille, scolaris\u00e9e au coll\u00e8ge Emile Zola \u00e0 Mulhouse, aurait \u00e9t\u00e9 <strong>harc\u00e9l\u00e9e durant deux ans,<\/strong> en 4e et en 3e. Une enqu\u00eate a \u00e9t\u00e9 ouverte par le parquet de Mulhouse afin de rechercher les causes de sa mort et \u00ab\u00a0comprendre les raisons du geste de cette adolescente\u00a0\u00bb.\u00a0Ce dimanche 24 octobre, une marche blanche a \u00e9t\u00e9 organis\u00e9e en sa m\u00e9moire.\u00a0<\/p>\n<p><iframe loading=\"lazy\" allow=\"autoplay; clipboard-write; encrypted-media; picture-in-picture; web-share\" allowfullscreen=\"true\" frameborder=\"0\" height=\"664\" scrolling=\"no\" src=\"https:\/\/www.facebook.com\/plugins\/post.php?href=https%3A%2F%2Fwww.facebook.com%2Fpermalink.php%3Fstory_fbid%3D110310698101468%26id%3D110304611435410&amp;show_text=true&amp;width=500\" style=\"border:none;overflow:hidden\" width=\"500\"><\/iframe><\/p>\n<p>Pour Jean-Michel Blanquer, ce cas \u00ab\u00a0doit nous alerter sur les ph\u00e9nom\u00e8nes de violences qui traversent notre soci\u00e9t\u00e9\u00a0\u00bb, comme le harc\u00e8lement, a-t-il d\u00e9clar\u00e9 sur Europe 1 ce lundi 25 octobre apr\u00e8s avoir exprim\u00e9 sa compassion \u00e0 la famille de la victime.\u00a0Le ministre appelle \u00e0 sensibiliser les parents, les professeurs et les enfants.<strong>\u00a0<\/strong><em><strong>\u00ab\u00a0Chaque cas est particulier et s&rsquo;agissant de la r\u00e9action il faut \u00e9videmment \u00eatre d&rsquo;une grande s\u00e9v\u00e9rit\u00e9 (&#8230;)\u00a0<\/strong>C&rsquo;est toute la soci\u00e9t\u00e9 qui est \u00e0 former\u00a0\u00bb<\/em>, a-t-il ajout\u00e9.\u00a0<\/p>\n<h2>Violence \u00e0 l&rsquo;\u00e9cole : que risquent les adolescents\u00a0?<\/h2>\n<p><em><strong>\u00ab\u00a0Tous ces faits doivent \u00eatre signal\u00e9s et suivis de sanctions<\/strong> mais avoir des suites p\u00e9nales pour des \u00e9v\u00e8nements qui se passent en milieu scolaire est d\u00e9j\u00e0 assez nouveau<\/em>\u00ab\u00a0, estime le ministre.\u00a0Rappelons que l&rsquo;adolescent ayant bouscul\u00e9 son enseignante en Seine-et-Marne d\u00e9but octobre \u00e9copera de cinq mois de prison avec sursis.\u00a0En revanche,<strong> la prison <a href=\"http:\/\/www.affinite.fr\/index.php\/2022\/10\/22\/la-creme-glacee-la-nouvelle-culture-commerciale\/\">ferme<\/a> n&rsquo;est pas envisageable pour des mineurs auteurs de violence envers leurs professeurs.\u00a0<\/strong><\/p>\n<p>En cas de <a href=\"https:\/\/www.journaldesfemmes.fr\/maman\/guide-des-parents\/1434006-harcelement-scolaire-signes-consequences-loi-que-faire\/\" title=\"Harc\u00e8lement scolaire\">harc\u00e8lement \u00e0 l&rsquo;\u00e9cole<\/a>, le ministre estime que <strong>des sanctions adapt\u00e9es doivent \u00eatre prises<\/strong>, mais il s&rsquo;oppose \u00e0 un renvoi d\u00e9finitif de l&rsquo;\u00e9l\u00e8ve.\u00a0<em>\u00ab\u00a0<strong>On ne peut pas exclure ad vitam aeternam quelqu&rsquo;un qui a \u00e9t\u00e9 harceleur, il faut les scolariser quand m\u00eame.<\/strong>\u00a0Vous avez parfois des harceleurs qui ne se rendent pas compte qu&rsquo;ils sont harceleurs, ou des harceleurs harcel\u00e9s&#8230; C&rsquo;est complexe, c&rsquo;est l&rsquo;adolescence avec tout ce que cela signifie<\/em>\u00a0\u00bb pr\u00e9cise-t-il. Il ajoute que \u00ab\u00a0le laxisme\u00a0\u00bb ne fait pas partie de son \u00ab\u00a0registre\u00a0\u00bb.\u00a0Selon les r\u00e9sultats de l&rsquo;enqu\u00eate, <strong>un suivi sera mis en place.\u00a0Il pourra \u00eatre disciplinaire ou p\u00e9nal<\/strong>.\u00a0\u00ab\u00a0<em>C&rsquo;est ce que l&rsquo;on verra \u00e0 la lumi\u00e8re de l&rsquo;enqu\u00eate\u00a0\u00bb.<\/em><\/p>\n<p>Le harc\u00e8lement scolaire a pris de plus en plus d&rsquo;ampleur avec le cyberharc\u00e8lement, reconna\u00eet par ailleurs le ministre.\u00a0Il rappelle \u00e9galement le <strong>plan pHARe<\/strong> \u00e9labor\u00e9 en 2019 pour lutter contre le harc\u00e8lement scolaire et confie avoir r\u00e9cemment convoqu\u00e9 les plateformes pour retirer les contenus haineux ou encore interdire leur acc\u00e8s avant l&rsquo;\u00e2ge de 13 ans.\u00a0<\/p>\n<\/p><\/div>\n<p>[ad_2]<br \/>\n<br \/><a href=\"https:\/\/www.journaldesfemmes.fr\/maman\/enfant-et-ado\/2753723-suicide-de-dinah-harcelement-scolaire-blanquer\/\">Source link <\/a><\/p>\n","protected":false},"excerpt":{"rendered":"<p>[ad_1] Le suicide d&rsquo;une adolescente de 14\u00a0ans, qui s&rsquo;est pendue dans sa chambre d\u00e9but octobre, a cr\u00e9\u00e9 un vif \u00e9moi. &hellip; <a href=\"http:\/\/www.affinite.fr\/index.php\/2021\/10\/25\/quelles-sanctions-pour-les-harceleurs\/\" class=\"more-link\">Plus <span class=\"screen-reader-text\">quelles sanctions pour les harceleurs\u00a0?<\/span> <span class=\"meta-nav\">&rarr;<\/span><\/a><\/p>\n","protected":false},"author":1,"featured_media":6984,"comment_status":"open","ping_status":"open","sticky":false,"template":"","format":"standard","meta":{"_sitemap_exclude":false,"_sitemap_priority":"","_sitemap_frequency":"","footnotes":""},"categories":[1],"tags":[],"class_list":["post-6983","post","type-post","status-publish","format-standard","has-post-thumbnail","hentry","category-tous"],"_links":{"self":[{"href":"http:\/\/www.affinite.fr\/index.php\/wp-json\/wp\/v2\/posts\/6983"}],"collection":[{"href":"http:\/\/www.affinite.fr\/index.php\/wp-json\/wp\/v2\/posts"}],"about":[{"href":"http:\/\/www.affinite.fr\/index.php\/wp-json\/wp\/v2\/types\/post"}],"author":[{"embeddable":true,"href":"http:\/\/www.affinite.fr\/index.php\/wp-json\/wp\/v2\/users\/1"}],"replies":[{"embeddable":true,"href":"http:\/\/www.affinite.fr\/index.php\/wp-json\/wp\/v2\/comments?post=6983"}],"version-history":[{"count":0,"href":"http:\/\/www.affinite.fr\/index.php\/wp-json\/wp\/v2\/posts\/6983\/revisions"}],"wp:featuredmedia":[{"embeddable":true,"href":"http:\/\/www.affinite.fr\/index.php\/wp-json\/wp\/v2\/media\/6984"}],"wp:attachment":[{"href":"http:\/\/www.affinite.fr\/index.php\/wp-json\/wp\/v2\/media?parent=6983"}],"wp:term":[{"taxonomy":"category","embeddable":true,"href":"http:\/\/www.affinite.fr\/index.php\/wp-json\/wp\/v2\/categories?post=6983"},{"taxonomy":"post_tag","embeddable":true,"href":"http:\/\/www.affinite.fr\/index.php\/wp-json\/wp\/v2\/tags?post=6983"}],"curies":[{"name":"wp","href":"https:\/\/api.w.org\/{rel}","templated":true}]}}