{"id":6981,"date":"2021-10-24T12:04:15","date_gmt":"2021-10-24T12:04:15","guid":{"rendered":"https:\/\/www.affinite.fr\/index.php\/2021\/10\/24\/sa-veuve-carole-se-souvient\/"},"modified":"2021-10-24T12:04:15","modified_gmt":"2021-10-24T12:04:15","slug":"sa-veuve-carole-se-souvient","status":"publish","type":"post","link":"http:\/\/www.affinite.fr\/index.php\/2021\/10\/24\/sa-veuve-carole-se-souvient\/","title":{"rendered":"sa veuve Carole se souvient"},"content":{"rendered":"<p> [ad_1]<br \/>\n<br \/><img decoding=\"async\" src=\"https:\/\/img-3.journaldesfemmes.fr\/8WHzKWCtKi8VDIuWg1sni89eq4E=\/1280x\/smart\/fd12f263fb0e419cae5a6e61e7142ac9\/ccmcms-jdf\/28739719.jpg\" \/><\/p>\n<p>\n                Yves Montand aurait souffl\u00e9 ses cent bougies en 2021&#8230; A cette occasion bien particuli\u00e8re, Carole Amiel, sa derni\u00e8re conjointe, lui a d\u00e9di\u00e9 un livre-hommage. Invit\u00e9e dans C \u00e0 Vous, elle a \u00e9voqu\u00e9 les souvenirs de la naissance de leur fils Valentin et les peurs de l&rsquo;acteur sur sa paternit\u00e9 tardive.            <\/p>\n<div>\n<p><strong>Yves Montand<\/strong> aurait eu 100 ans le 13 octobre 2021. L\u00e9gende du cin\u00e9ma fran\u00e7ais, l&rsquo;acteur a rendu son dernier souffle le 9 novembre 1991 \u00e0 l&rsquo;\u00e2ge de 70 ans. Pour lui rendre\u00a0hommage, sa derni\u00e8re \u00e9pouse<strong> Carole Amiel <\/strong>a publi\u00e9 un beau <a href=\"http:\/\/www.affinite.fr\/index.php\/2023\/08\/24\/lart-de-la-glace-transforme-en-business-la-vision-unique-de-fabien-gris\/\">livre<\/a> intitul\u00e9\u00a0<strong><em>Yves Montand, la force du destin <\/em><\/strong>aux \u00e9ditions de la Martini\u00e8re.<br \/>De<strong> vingt-sept\u00a0ans sa cadette<\/strong>, la jeune femme a rencontr\u00e9 le\u00a0com\u00e9dien alors\u00a0qu&rsquo;elle n&rsquo;avait que dix-sept ans et a donn\u00e9 naissance \u00e0 son unique enfant, <strong>un petit gar\u00e7on pr\u00e9nomm\u00e9 Valentin,<\/strong> en 1988. Mais ce bonheur \u00e0 trois a \u00e9t\u00e9 de courte dur\u00e9e: apr\u00e8s le d\u00e9c\u00e8s de la star, Carole Amiel a d\u00fb \u00e9lever son fils seule&#8230;<br \/>Convi\u00e9e sur le plateau de<em> C \u00e0 Vous<\/em> ce 12 octobre, la soixantenaire a \u00e9voqu\u00e9 sa vie de maman en solo.\u00a0<em>\u00ab\u00a0A chaque fois qu&rsquo;il y a des d\u00e9cisions importantes \u00e0 prendre dans la vie d&rsquo;un enfant on se dit toujours<\/em>\u00a0<em>&lsquo;<strong>qu&rsquo;est ce qu&rsquo;il aurait fait Montand \u00e0 ma place, qu&rsquo;est-ce qu&rsquo;il m&rsquo;aurait conseill\u00e9\u00a0?\u00a0\u00bb,<\/strong><\/em> a-t-elle confi\u00e9, avant d&rsquo;ajouter \u00e0 propos de Valentin:\u00a0\u00ab\u00a0<strong><em>Il est \u00e9quilibr\u00e9, il est bien, il a la t\u00eate sur les \u00e9paules<\/em><\/strong>\u00ab\u00a0.<\/p>\n<h2>Carole Amiel raconte les craintes d&rsquo;Yves Montand<\/h2>\n<p>Pourtant le couple n&rsquo;avait pas vraiment pr\u00e9vu d&rsquo;accueillir un enfant&#8230;Ag\u00e9 de<strong> 67 ans <\/strong>\u00e0 la naissance du bambin, Yves Montand a \u00e9t\u00e9 assailli d&rsquo;angoisses car\u00a0<em><strong>\u00ab\u00a0il trouvait que \u00e7a arrivait tr\u00e8s tard<\/strong>\u00a0\u00bb <\/em>et<em> \u00ab\u00a0craignait\u00a0<strong>qu&rsquo;on le juge irresponsable d&rsquo;avoir un enfant \u00e0 cet \u00e2ge\u00a0\u00bb. <\/strong><\/em>C&rsquo;est seulement apr\u00e8s avoir obtenu l&rsquo;approbation publique que le monstre de cin\u00e9ma a \u00e9t\u00e9 rassur\u00e9, comme s&rsquo;est souvenue Carole Amiel.<br \/><em>\u00ab\u00a0Il a fallu que des journalistes qui \u00e9taient descendus \u00e0 Saint Paul de Vence fassent un micro-trottoir en disant<\/em>\u00a0&lsquo;<em> alors qu&rsquo;est ce que vous en pensez\u00a0<strong>Yves Montand va \u00eatre papa, vous trouvez pas que c&rsquo;est un petit peu tard\u00a0?\u00a0<\/strong>\u00a0\u00bb\u00a0Et les gens disaient<\/em>\u00a0&lsquo;O<em>ui, c&rsquo;est peut-\u00eatre un petit peu tard mais\u00a0<strong>c&rsquo;est la seule chose qu&rsquo;il n&rsquo;a jamais eue dans sa vie\u00a0\u00bb, <\/strong><\/em>a-t-elle relat\u00e9 face \u00e0 Anne-Elisabeth Lemoine.<br \/>Combl\u00e9 par cet ultime r\u00f4le \u00e0 jouer, Yves Montand a finalement laiss\u00e9 ses craintes de c\u00f4t\u00e9 \u00e0 l&rsquo;arriv\u00e9e du b\u00e9b\u00e9: \u00ab\u00a0<em><strong>A la naissance de son fils il \u00e9tait fou de joie<\/strong><\/em><em>, il se promenait tr\u00e8s fier \u00e0 la clinique avec Valentin dans les bras\u00a0<\/em><em><strong>en disant<\/strong><\/em><strong>\u00a0&lsquo;<em>c&rsquo;est le n\u00f4tre le plus beau'\u00a0\u00bb, <\/em><\/strong>a ajout\u00e9 l&rsquo;animatrice.<\/p>\n<h2>Yves Montand : son fils Valentin se confie sur son p\u00e8re<\/h2>\n<p>Aujourd&rsquo;hui \u00e2g\u00e9 de <strong>32 ans<\/strong>, Valentin est devenu p\u00e8re \u00e0 son tour. Mais de son paternel, le jeune homme,\u00a0qui a sign\u00e9 le pr\u00e9face de l&rsquo;ouvrage de sa m\u00e8re,\u00a0ne garde que de lointains\u00a0souvenirs&#8230;<br \/>Dans un entretien pour\u00a0<a href=\"https:\/\/www.nicematin.com\/people\/jai-une-grande-blessure-les-confidences-de-valentin-livi-sur-son-pere-yves-montand-720329\" target=\"_blank\" rel=\"noopener\">Nice Matin<\/a>, Valentin\u00a0s&rsquo;est livr\u00e9 sur<strong> la mort d&rsquo;Yves Montand, survenue quand il avait trois ans<\/strong>:\u00a0\u00ab\u00a0<em>C&rsquo;est toute la difficult\u00e9 que j&rsquo;ai avec mon p\u00e8re. <strong>Des images, beaucoup, mais aucun souvenir de lui. <\/strong>Du coup, je me demande toujours si ces images, je les ai invent\u00e9es \u00e0 partir de photos que j&rsquo;ai pu voir, ou si j&rsquo;ai vraiment v\u00e9cu ce que j&rsquo;ai \u00e0 l&rsquo;esprit\u00a0\u00bb. <\/em>Une absence abyssale encore plus difficile \u00e0 surmonter<em> \u00ab\u00a0que le deuil lui m\u00eame\u00a0\u00bb&#8230;.<\/em><\/p>\n<\/p><\/div>\n<p>[ad_2]<br \/>\n<br \/><a href=\"https:\/\/www.journaldesfemmes.fr\/people\/actus\/2751621-yves-montand-femme-carole-amiel-fils-valentin\/\">Source link <\/a><\/p>\n","protected":false},"excerpt":{"rendered":"<p>[ad_1] Yves Montand aurait souffl\u00e9 ses cent bougies en 2021&#8230; A cette occasion bien particuli\u00e8re, Carole Amiel, sa derni\u00e8re conjointe, &hellip; <a href=\"http:\/\/www.affinite.fr\/index.php\/2021\/10\/24\/sa-veuve-carole-se-souvient\/\" class=\"more-link\">Plus <span class=\"screen-reader-text\">sa veuve Carole se souvient<\/span> <span class=\"meta-nav\">&rarr;<\/span><\/a><\/p>\n","protected":false},"author":1,"featured_media":6982,"comment_status":"open","ping_status":"open","sticky":false,"template":"","format":"standard","meta":{"_sitemap_exclude":false,"_sitemap_priority":"","_sitemap_frequency":"","footnotes":""},"categories":[1],"tags":[],"class_list":["post-6981","post","type-post","status-publish","format-standard","has-post-thumbnail","hentry","category-tous"],"_links":{"self":[{"href":"http:\/\/www.affinite.fr\/index.php\/wp-json\/wp\/v2\/posts\/6981"}],"collection":[{"href":"http:\/\/www.affinite.fr\/index.php\/wp-json\/wp\/v2\/posts"}],"about":[{"href":"http:\/\/www.affinite.fr\/index.php\/wp-json\/wp\/v2\/types\/post"}],"author":[{"embeddable":true,"href":"http:\/\/www.affinite.fr\/index.php\/wp-json\/wp\/v2\/users\/1"}],"replies":[{"embeddable":true,"href":"http:\/\/www.affinite.fr\/index.php\/wp-json\/wp\/v2\/comments?post=6981"}],"version-history":[{"count":0,"href":"http:\/\/www.affinite.fr\/index.php\/wp-json\/wp\/v2\/posts\/6981\/revisions"}],"wp:featuredmedia":[{"embeddable":true,"href":"http:\/\/www.affinite.fr\/index.php\/wp-json\/wp\/v2\/media\/6982"}],"wp:attachment":[{"href":"http:\/\/www.affinite.fr\/index.php\/wp-json\/wp\/v2\/media?parent=6981"}],"wp:term":[{"taxonomy":"category","embeddable":true,"href":"http:\/\/www.affinite.fr\/index.php\/wp-json\/wp\/v2\/categories?post=6981"},{"taxonomy":"post_tag","embeddable":true,"href":"http:\/\/www.affinite.fr\/index.php\/wp-json\/wp\/v2\/tags?post=6981"}],"curies":[{"name":"wp","href":"https:\/\/api.w.org\/{rel}","templated":true}]}}