{"id":6978,"date":"2021-10-23T20:54:05","date_gmt":"2021-10-23T20:54:05","guid":{"rendered":"https:\/\/www.affinite.fr\/index.php\/2021\/10\/23\/halloween-kills-quand-sortira-le-3eme-film-actus-cine\/"},"modified":"2021-10-23T20:54:05","modified_gmt":"2021-10-23T20:54:05","slug":"halloween-kills-quand-sortira-le-3eme-film-actus-cine","status":"publish","type":"post","link":"http:\/\/www.affinite.fr\/index.php\/2021\/10\/23\/halloween-kills-quand-sortira-le-3eme-film-actus-cine\/","title":{"rendered":"Halloween Kills : quand sortira le 3\u00e8me film ? &#8211; Actus Cin\u00e9"},"content":{"rendered":"<p> [ad_1]<br \/>\n<\/p>\n<div id=\"article-container\">\n<div class=\"author-signature\">\n<div class=\"main-author\">\n<div class=\"main-author-avatar\">\n<img decoding=\"async\" src=\"https:\/\/fr.web.img3.acsta.net\/f_png\/r_50_50\/c_50_50\/img\/1d\/eb\/1debfdd2a77b16c9e03b722bfefeca4e.jpg\" alt=\"Maximilien Pierrette\"\/><\/div>\n<div class=\"main-author-info\">\n<div class=\"main-author-id\">\n<a class=\"author-link author-name\" data-ga-trigger=\"clic\" data-ga=\"{&quot;eventCategory&quot;:&quot;eat&quot;,&quot;eventLabel&quot;:&quot;signature&quot;,&quot;dimension34&quot;:&quot;18703496-halloween_kills_quand_sortira_le_3eme_film&quot;,&quot;dimension84&quot;:&quot;news&quot;,&quot;dimension87&quot;:18703496,&quot;dimension38&quot;:&quot;Maximilien Pierrette&quot;}\" href=\"http:\/\/www.allocine.fr\/auteur\/13\/\">Maximilien Pierrette<\/a><\/p>\n<p><span class=\"separator\">&#8211;<\/span>Journaliste cin\u00e9ma<\/p>\n<\/div>\n<p>Tomb\u00e9 dans le cin\u00e9ma quand il \u00e9tait petit, et devenu accro aux s\u00e9ries, il fait ses propres cascades et navigue entre \u00e9poques et genres, de la SF \u00e0 la com\u00e9die (musicale ou non) en passant par le fantastique et l\u2019animation. Il d\u00e9cortique aussi l\u2019actu geek et h\u00e9ro\u00efque dans l\u2019\u00e9mission FanZone.<\/p>\n<\/div>\n<\/div>\n<\/div>\n<p class=\"article-lead\">Trois ans apr\u00e8s le premier opus sign\u00e9 David Gordon Green Michael Myers est de retour dans \u00ab\u00a0Halloween Kills\u00a0\u00bb. Et il reviendra tr\u00e8s vite, car un troisi\u00e8me volet est d&rsquo;ores et d\u00e9j\u00e0 pr\u00e9vu.<\/p>\n<div id=\"article-content\">\n<figure class=\"player player-auto-play js-player\" data-model=\"{&quot;context&quot;:&quot;newspage_news&quot;,&quot;launch&quot;:&quot;auto-play&quot;,&quot;followScroll&quot;:true,&quot;editorialContent&quot;:&quot;18703496-halloween_kills_quand_sortira_le_3eme_film&quot;,&quot;endScreen&quot;:true,&quot;disableAutoPause&quot;:true,&quot;player_position&quot;:&quot;playertop&quot;,&quot;videos&quot;:[{&quot;id&quot;:19589871,&quot;sources&quot;:{&quot;medium&quot;:&quot;\/\/fr.vid.web.acsta.net\/nmedia\/33\/21\/07\/05\/15\/19589871_sd_013.mp4&quot;,&quot;high&quot;:&quot;\/\/fr.vid.web.acsta.net\/nmedia\/33\/21\/07\/05\/15\/19589871_hd_013.mp4&quot;},&quot;image&quot;:&quot;\/videothumbnails\/21\/06\/25\/09\/53\/4369484.jpg&quot;,&quot;title&quot;:&quot;Halloween Kills Bande-annonce VO&quot;,&quot;trackingIdentifier&quot;:&quot;19589871-halloween_kills_bande_annonce_vo&quot;,&quot;embedUrl&quot;:&quot;ACraHRACr0cHM6Ly9wbGF5ZXIuYWxsb2NpbmUuZnIvMTk1ODk4NzEuaHRtbA==&quot;,&quot;id_type&quot;:31003,&quot;file_type&quot;:&quot;trailer&quot;,&quot;description&quot;:&quot;&lt;strong&gt;Halloween Kills&lt;\/strong&gt; Bande-annonce VO&quot;,&quot;duration&quot;:149,&quot;view_count&quot;:10451,&quot;added_at&quot;:{&quot;date&quot;:&quot;2020-09-14 17:35:00.000000&quot;,&quot;timezone_type&quot;:3,&quot;timezone&quot;:&quot;Europe\/Paris&quot;},&quot;metas&quot;:{&quot;genre_main_movie&quot;:[{&quot;name&quot;:&quot;Epouvante-horreur&quot;,&quot;id&quot;:&quot;13009&quot;}],&quot;id_main_movie&quot;:268969,&quot;image_main_movie&quot;:&quot;\/pictures\/21\/07\/05\/15\/50\/1097806.jpg&quot;,&quot;localized_file_type&quot;:&quot;trailer&quot;,&quot;main_movie_type&quot;:4002,&quot;name_main_movie&quot;:&quot;Halloween Kills&quot;,&quot;nb_days_release_main_movie&quot;:-3,&quot;release_date_main_movie&quot;:{&quot;date&quot;:&quot;2021-10-20 00:00:00.000000&quot;,&quot;timezone_type&quot;:3,&quot;timezone&quot;:&quot;Europe\/Paris&quot;},&quot;release_status_movie&quot;:&quot;Sortie en salle&quot;,&quot;trans_file_type&quot;:&quot;Bande-annonce&quot;},&quot;relatedEntityDistributor&quot;:&quot;Universal Pictures International France&quot;,&quot;relatedEntityDistributorId&quot;:15897,&quot;relatedEntityType&quot;:&quot;movie&quot;,&quot;relatedEntityTrackingIdentifier&quot;:&quot;268969-halloween_kills&quot;,&quot;relatedEntityTitle&quot;:&quot;Halloween Kills&quot;,&quot;relatedEntityId&quot;:268969,&quot;genres&quot;:[{&quot;id&quot;:&quot;13009&quot;,&quot;name&quot;:&quot;Epouvante-horreur&quot;}],&quot;relatedEntityUrl&quot;:&quot;ACraHRACr0cHM6Ly93d3cuYWxsb2NpbmUuZnIvZmlsbS9maWNoZWZpbG1fZ2VuX2NmaWxtPTI2ODk2OS5odG1s&quot;,&quot;mediaUrl&quot;:&quot;ACraHRACr0cHM6Ly93d3cuYWxsb2NpbmUuZnIvdmlkZW8vcGxheWVyX2dlbl9jbWVkaWE9MTk1ODk4NzEmY2ZpbG09MjY4OTY5Lmh0bWw=&quot;,&quot;entityStatus&quot;:&quot;in_theaters_reshowing&quot;}],&quot;disablePreroll&quot;:false,&quot;disablePostroll&quot;:false}\" data-thumb=\"https:\/\/fr.web.img4.acsta.net\/r_640_360\/videothumbnails\/21\/06\/25\/09\/53\/4369484.jpg\">\n<\/figure>\n<p>Avec <a title=\"Halloween Kills (U.S.A.) - 2021 (Epouvante-horreur)\" href=\"http:\/\/www.allocine.fr\/film\/fichefilm_gen_cfilm=268969.html\">Halloween Kills<\/a>, Michael Myers est de retour dans les salles obscures. Et il planifie d\u00e9j\u00e0 son prochain massacre. Car\u00a0<a title=\"David Gordon Green (U.S.A.) (R\u00e9alisateur,Producteur d\u00e9l\u00e9gu\u00e9,Sc\u00e9nariste)\" href=\"http:\/\/www.allocine.fr\/personne\/fichepersonne_gen_cpersonne=34559.html\">David Gordon Green<\/a> ne compte pas s&rsquo;arr\u00eater en si bon chemin puisqu&rsquo;il a d&rsquo;ores et d\u00e9j\u00e0 pr\u00e9vu de boucler la trilogie initi\u00e9e avec le film sorti en 2018, et dont deux suites avaient \u00e9t\u00e9 annonc\u00e9es, vu le succ\u00e8s rencontr\u00e9.<\/p>\n<p>Le 19 octobre 2022, vous aurez donc rendez-vous dans les salles avec\u00a0<a title=\"Halloween Ends (U.S.A.) - 2022 (Epouvante-horreur)\" href=\"http:\/\/www.allocine.fr\/film\/fichefilm_gen_cfilm=275793.html\">Halloween Ends<\/a> et son allure de climax sanglant, comme nous l&rsquo;a confirm\u00e9 le r\u00e9alisateur et co-sc\u00e9nariste, en plus de nous donner quelques informations sur l&rsquo;\u00e9tat d&rsquo;avancement du projet : <i>\u00ab\u00a0Le film n&rsquo;est pas encore tourn\u00e9\u00a0\u00bb<\/i>, nous a-t-il r\u00e9pondu. <i>\u00ab\u00a0Mais il est \u00e9crit, et j&rsquo;attends le retour de\u00a0<a title=\"John Carpenter (U.S.A.) (R\u00e9alisateur,Sc\u00e9nariste,Compositeur)\" href=\"http:\/\/www.allocine.fr\/personne\/fichepersonne_gen_cpersonne=902.html\">John Carpenter<\/a> sur la derni\u00e8re version pour que nous puissions commencer \u00e0 le pr\u00e9parer.\u00a0\u00bb<\/i><\/p>\n<p><i>\u00ab\u00a0Je suis tr\u00e8s excit\u00e9 car, si le premier servait \u00e0 r\u00e9introduire Laurie Strode et Michael Myers aupr\u00e8s du public, le troisi\u00e8me vise \u00e0 mettre un terme \u00e0 notre vision de la saga. Et entre les deux, Halloween Kills est l\u00e0 pour que nous mettions le bazar et nous amusions.\u00a0\u00bb<\/i>\u00a0<a title=\"Jamie Lee Curtis (U.S.A.) (Acteur,Producteur d\u00e9l\u00e9gu\u00e9,Producteur)\" href=\"http:\/\/www.allocine.fr\/personne\/fichepersonne_gen_cpersonne=36517.html\">Jamie Lee Curtis<\/a> sera donc de retour, au m\u00eame titre que <a title=\"James Jude Courtney (U.S.A.) (Acteur)\" href=\"http:\/\/www.allocine.fr\/personne\/fichepersonne_gen_cpersonne=107957.html\">James Jude Courtney<\/a>, qui pr\u00eate sa silhouette au boogeyman.<\/p>\n<p>Interpr\u00e8tes respectives de la fille et de la petite-fille de Laurie Strode,\u00a0<a title=\"Judy Greer (U.S.A.) (Acteur,Producteur,R\u00e9alisateur)\" href=\"http:\/\/www.allocine.fr\/personne\/fichepersonne_gen_cpersonne=29423.html\">Judy Greer<\/a> et\u00a0<a title=\"Andi Matichak (U.S.A.) (Acteur)\" href=\"http:\/\/www.allocine.fr\/personne\/fichepersonne_gen_cpersonne=660512.html\">Andi Matichak<\/a> devraient elles aussi \u00eatre de la partie. Et qui sait si d&rsquo;autres anciens ne viendront pas participer au grand final, comme ceux que David Gordon Green convoque dans Halloween Kills.<\/p>\n<p><i>Propos recueillis par Maximilien Pierrette \u00e0 Paris le 7 octobre 2021<\/i><\/p>\n<p><strong>\u00ab\u00a0Halloween Kills\u00a0\u00bb et la force de Michael Myers vus par David Gordon Green, Judy Greer et Jamie Lee Curtis :<\/strong><\/p>\n<p>PLAYER<\/p>\n<\/div>\n<\/div>\n<p>[ad_2]<br \/>\n<br \/><a href=\"http:\/\/rss.allocine.fr\/~r\/ac\/actualites\/~3\/Gu1OOSc4GEI\/fichearticle_gen_carticle=18703496.html\">Source link <\/a><\/p>\n","protected":false},"excerpt":{"rendered":"<p>[ad_1] Maximilien Pierrette &#8211;Journaliste cin\u00e9ma Tomb\u00e9 dans le cin\u00e9ma quand il \u00e9tait petit, et devenu accro aux s\u00e9ries, il fait &hellip; <a href=\"http:\/\/www.affinite.fr\/index.php\/2021\/10\/23\/halloween-kills-quand-sortira-le-3eme-film-actus-cine\/\" class=\"more-link\">Plus <span class=\"screen-reader-text\">Halloween Kills : quand sortira le 3\u00e8me film ? &#8211; Actus Cin\u00e9<\/span> <span class=\"meta-nav\">&rarr;<\/span><\/a><\/p>\n","protected":false},"author":1,"featured_media":6979,"comment_status":"open","ping_status":"open","sticky":false,"template":"","format":"standard","meta":{"_sitemap_exclude":false,"_sitemap_priority":"","_sitemap_frequency":"","footnotes":""},"categories":[1],"tags":[],"class_list":["post-6978","post","type-post","status-publish","format-standard","has-post-thumbnail","hentry","category-tous"],"_links":{"self":[{"href":"http:\/\/www.affinite.fr\/index.php\/wp-json\/wp\/v2\/posts\/6978"}],"collection":[{"href":"http:\/\/www.affinite.fr\/index.php\/wp-json\/wp\/v2\/posts"}],"about":[{"href":"http:\/\/www.affinite.fr\/index.php\/wp-json\/wp\/v2\/types\/post"}],"author":[{"embeddable":true,"href":"http:\/\/www.affinite.fr\/index.php\/wp-json\/wp\/v2\/users\/1"}],"replies":[{"embeddable":true,"href":"http:\/\/www.affinite.fr\/index.php\/wp-json\/wp\/v2\/comments?post=6978"}],"version-history":[{"count":0,"href":"http:\/\/www.affinite.fr\/index.php\/wp-json\/wp\/v2\/posts\/6978\/revisions"}],"wp:featuredmedia":[{"embeddable":true,"href":"http:\/\/www.affinite.fr\/index.php\/wp-json\/wp\/v2\/media\/6979"}],"wp:attachment":[{"href":"http:\/\/www.affinite.fr\/index.php\/wp-json\/wp\/v2\/media?parent=6978"}],"wp:term":[{"taxonomy":"category","embeddable":true,"href":"http:\/\/www.affinite.fr\/index.php\/wp-json\/wp\/v2\/categories?post=6978"},{"taxonomy":"post_tag","embeddable":true,"href":"http:\/\/www.affinite.fr\/index.php\/wp-json\/wp\/v2\/tags?post=6978"}],"curies":[{"name":"wp","href":"https:\/\/api.w.org\/{rel}","templated":true}]}}