{"id":6972,"date":"2021-10-21T12:00:38","date_gmt":"2021-10-21T12:00:38","guid":{"rendered":"https:\/\/www.affinite.fr\/index.php\/2021\/10\/21\/sac-a-main-et-rolex-derobes\/"},"modified":"2021-10-21T12:00:38","modified_gmt":"2021-10-21T12:00:38","slug":"sac-a-main-et-rolex-derobes","status":"publish","type":"post","link":"http:\/\/www.affinite.fr\/index.php\/2021\/10\/21\/sac-a-main-et-rolex-derobes\/","title":{"rendered":"Sac \u00e0 main et Rolex d\u00e9rob\u00e9s"},"content":{"rendered":"<p> [ad_1]<br \/>\n<br \/><img decoding=\"async\" src=\"https:\/\/img-3.journaldesfemmes.fr\/j2vhTS8kR9w39xR_Sg3UboGnPKE=\/1280x\/smart\/4c9fc0492e9b4fd795b9508292072055\/ccmcms-jdf\/28876670.jpg\" \/><\/p>\n<p>\n                La d\u00e9put\u00e9e LREM, Coralie Dubost, et son compagnon ont \u00e9t\u00e9 victimes d&rsquo;une violente agression mardi 19\u00a0octobre. Les faits se sont d\u00e9roul\u00e9s \u00e0 la sortie d&rsquo;un restaurant du 7e arrondissement de Paris.            <\/p>\n<div>\n<p>Dans la soir\u00e9e du mardi 19\u00a0octobre,<strong> la d\u00e9put\u00e9e de l&rsquo;H\u00e9rault et son compagnon ont \u00e9t\u00e9 violemment agress\u00e9s <\/strong>par <em>\u00ab\u00a0trois ou quatre individus\u00a0\u00bb,<\/em> selon une information r\u00e9v\u00e9l\u00e9e par <em>CNews.<\/em> Les malfaiteurs s&rsquo;en seraient d&rsquo;abord pris \u00e0 l&rsquo;ancienne compagne d&rsquo;Olivier V\u00e9ran. Ils l&rsquo;auraient <strong>projet\u00e9e au sol pour lui arracher son sac \u00e0 main<\/strong>\u00a0qui contenait son badge de l&rsquo;Assembl\u00e9e nationale. Les agresseurs s&rsquo;en seraient ensuite pris \u00e0 son conjoint. Ces derniers auraient tent\u00e9 de<strong> l&rsquo;\u00e9trangler afin de lui d\u00e9rober sa montre de luxe <a href=\"https:\/\/www.journaldesfemmes.fr\/luxe\/rolex\/\" title=\"Rolex\">Rolex<\/a> et son portefeuille<\/strong>, selon <em>BFMTV.<\/em> Les ravisseurs seraient ainsi repartis avec un butin de <strong>plusieurs milliers d&rsquo;euros<\/strong>.<\/p>\n<div class=\"ccminsert\">\n<blockquote class=\"twitter-tweet\">\n<p dir=\"ltr\" lang=\"fr\">Aujourd&rsquo;hui a lieu le onzi\u00e8me d\u00e9bat sur l&rsquo;urgence sanitaire \u00e0 l&rsquo;<a href=\"https:\/\/twitter.com\/AssembleeNat?ref_src=twsrc%5Etfw\">@AssembleeNat<\/a>, les oppositions peuvent encore une fois exprimer ce qu&rsquo;elles ont \u00e0 dire, c&rsquo;est une bonne chose pour la d\u00e9mocratie. Nous agissons en responsabilit\u00e9 en nous basant sur des crit\u00e8res sanitaires concrets. <a href=\"https:\/\/twitter.com\/CoDubost\/status\/1450554061200183299\/video\/1\">pic.twitter.com\/EXYIQEBKxB<\/a><\/p>\n<p>\u2014 Coralie Dubost (@CoDubost) <a href=\"https:\/\/twitter.com\/CoDubost\/status\/1450554061200183299?ref_src=twsrc%5Etfw\">October 19, 2021<\/a><\/p><\/blockquote>\n<\/div>\n<h2>Une enqu\u00eate ouverte pour \u00ab\u00a0vol avec violence en r\u00e9union\u00a0\u00bb<\/h2>\n<p>Selon <em>Midi Libre<\/em>, la jeune femme serait<strong> extr\u00eamement choqu\u00e9e<\/strong> mais elle ne souhaite pas communiquer sur l&rsquo;affaire.<br \/>La d\u00e9put\u00e9e n&rsquo;a pas \u00e9t\u00e9 hospitalis\u00e9e et aucun pronostic vital n&rsquo;est engag\u00e9. <strong>Prise en charge par le m\u00e9decin de l&rsquo;Assembl\u00e9e nationale<\/strong>, elle a d&rsquo;ailleurs tent\u00e9 de respecter ses engagements durant toute la journ\u00e9e qui a suivi l&rsquo;agression. U<strong>ne enqu\u00eate a \u00e9t\u00e9 ouverte pour \u00ab\u00a0vol avec violence en r\u00e9union\u00a0\u00bb<\/strong>. D&rsquo;apr\u00e8s <em>CNews<\/em>, c&rsquo;est le 3<sup>e<\/sup> district de la police judiciaire parisienne (RPJ) qui est en charge des investigations.<\/p>\n<h2>Coralie Dubost et Oliver V\u00e9ran\u00a0: c&rsquo;est fini\u00a0!<\/h2>\n<p><strong>Coralie Dubost, de nouveau en couple <\/strong>?\u00a0Force est de constater que la femme de 38\u00a0ans a bel et bien t<strong>ourn\u00e9 la page de son histoire d&rsquo;amour avec Olivier Veran.<\/strong> La repr\u00e9sentante LREM et le ministre de la Sant\u00e9 auraient\u00a0d\u00e9cid\u00e9 de mettre un terme \u00e0 leur relation en mai 2021, selon le magazine <em>Voici<\/em>, sans que cela ne soit confirm\u00e9 par les int\u00e9ress\u00e9s. Apr\u00e8s l&rsquo;agression survenue mardi 19\u00a0octobre, il est officiel que <strong>Coralie Dubost s&rsquo;affiche avec un nouveau compagnon<\/strong>. Nous leur souhaitons un prompt r\u00e9tablissement\u2026 \u00a0<\/p>\n<\/p><\/div>\n<p><script async src=\"http:\/\/platform.twitter.com\/widgets.js\" charset=\"utf-8\"><\/script><br \/>\n<br \/>[ad_2]<br \/>\n<br \/><a href=\"https:\/\/www.journaldesfemmes.fr\/societe\/actu\/2753007-coralie-dubost-compagnon-olivier-veran-agression-vol-sac-rolex\/\">Source link <\/a><\/p>\n","protected":false},"excerpt":{"rendered":"<p>[ad_1] La d\u00e9put\u00e9e LREM, Coralie Dubost, et son compagnon ont \u00e9t\u00e9 victimes d&rsquo;une violente agression mardi 19\u00a0octobre. Les faits se &hellip; <a href=\"http:\/\/www.affinite.fr\/index.php\/2021\/10\/21\/sac-a-main-et-rolex-derobes\/\" class=\"more-link\">Plus <span class=\"screen-reader-text\">Sac \u00e0 main et Rolex d\u00e9rob\u00e9s<\/span> <span class=\"meta-nav\">&rarr;<\/span><\/a><\/p>\n","protected":false},"author":1,"featured_media":6973,"comment_status":"open","ping_status":"open","sticky":false,"template":"","format":"standard","meta":{"_sitemap_exclude":false,"_sitemap_priority":"","_sitemap_frequency":"","footnotes":""},"categories":[1],"tags":[],"class_list":["post-6972","post","type-post","status-publish","format-standard","has-post-thumbnail","hentry","category-tous"],"_links":{"self":[{"href":"http:\/\/www.affinite.fr\/index.php\/wp-json\/wp\/v2\/posts\/6972"}],"collection":[{"href":"http:\/\/www.affinite.fr\/index.php\/wp-json\/wp\/v2\/posts"}],"about":[{"href":"http:\/\/www.affinite.fr\/index.php\/wp-json\/wp\/v2\/types\/post"}],"author":[{"embeddable":true,"href":"http:\/\/www.affinite.fr\/index.php\/wp-json\/wp\/v2\/users\/1"}],"replies":[{"embeddable":true,"href":"http:\/\/www.affinite.fr\/index.php\/wp-json\/wp\/v2\/comments?post=6972"}],"version-history":[{"count":0,"href":"http:\/\/www.affinite.fr\/index.php\/wp-json\/wp\/v2\/posts\/6972\/revisions"}],"wp:featuredmedia":[{"embeddable":true,"href":"http:\/\/www.affinite.fr\/index.php\/wp-json\/wp\/v2\/media\/6973"}],"wp:attachment":[{"href":"http:\/\/www.affinite.fr\/index.php\/wp-json\/wp\/v2\/media?parent=6972"}],"wp:term":[{"taxonomy":"category","embeddable":true,"href":"http:\/\/www.affinite.fr\/index.php\/wp-json\/wp\/v2\/categories?post=6972"},{"taxonomy":"post_tag","embeddable":true,"href":"http:\/\/www.affinite.fr\/index.php\/wp-json\/wp\/v2\/tags?post=6972"}],"curies":[{"name":"wp","href":"https:\/\/api.w.org\/{rel}","templated":true}]}}