{"id":6965,"date":"2021-10-20T11:55:31","date_gmt":"2021-10-20T11:55:31","guid":{"rendered":"https:\/\/www.affinite.fr\/index.php\/2021\/10\/20\/risque-dune-reprise-selon-le-gouvernement\/"},"modified":"2021-10-20T11:55:31","modified_gmt":"2021-10-20T11:55:31","slug":"risque-dune-reprise-selon-le-gouvernement","status":"publish","type":"post","link":"http:\/\/www.affinite.fr\/index.php\/2021\/10\/20\/risque-dune-reprise-selon-le-gouvernement\/","title":{"rendered":"\u00ab\u00a0risque d&rsquo;une reprise\u00a0\u00bb selon le gouvernement"},"content":{"rendered":"<p> [ad_1]<br \/>\n<\/p>\n<p>\n                DIRECT CORONAVIRUS FRANCE. Le nombre de nouveaux cas a bondi de 10% depuis une semaine. Le risque d&rsquo;une reprise de l&rsquo;\u00e9pid\u00e9mie est possible selon le gouvernement qui appelle \u00e0 amplifier la campagne de 3e dose. Chiffres du jour, des cas, des d\u00e9c\u00e8s, infos sur la vaccination&#8230; L&rsquo;actu Covid en direct.            <\/p>\n<div>\n<aside class=\"ccmsummary marqueur_module ccmcss_cms_summary ccmcss_cms_summary--right\">\n<p>\u00a0Sommaire<\/p>\n<\/aside>\n<p><strong>[Mis\u00a0\u00e0 jour le\u00a020 octobre 2021 \u00e0 13h44<\/strong><b>]<\/b><strong>\u00a0<\/strong>\u00ab\u00a0<em>Le risque d&rsquo;une reprise \u00e9pid\u00e9mique ne peut \u00eatre exclu. <strong>Le nombre de cas repart \u00e0 la hausse avec 10% <\/strong>sur une semaine, le taux d&rsquo;incidence se rapproche \u00e0 nouveau des 50, c&rsquo;est-\u00e0-dire du seuil d&rsquo;alerte. <strong>Le taux de reproduction du virus (R0) a d\u00e9pass\u00e9 les 1<\/strong>, ce qui signifie que l&rsquo;\u00e9pid\u00e9mie regagne du terrain<\/em>\u00ab\u00a0, a alert\u00e9 Gabriel Attal, porte-parole du gouvernement \u00e0 l&rsquo;issue du Conseil de d\u00e9fense sanitaire du mercredi 20 octobre 2021.\u00a0\u00a0La priorit\u00e9 pour le gouvernement : <strong>\u00e9viter \u00e0 tout prix une nouvelle vague<\/strong>. Dans ce contexte, le gouvernement insistent sur le fait de se faire vacciner et de recevoir, si on est \u00e9ligible, <strong>une dose de rappel pour rebooster son immunit\u00e9<\/strong>. En France, 6 millions de personnes sont \u00e9ligibles \u00e0 la troisi\u00e8me dose, mais seulement 2 millions en ont b\u00e9n\u00e9fici\u00e9 \u00e0 date. Le pass sanitaire, qui doit normalement prendre fin le 15 novembre, pourrait \u00eatre prolong\u00e9 jusqu&rsquo;au 31 juillet 2022. C&rsquo;est en tout cas ce que souhaite l&rsquo;ex\u00e9cutif. Cette prolongation est en train d&rsquo;\u00eatre d\u00e9battue \u00e0 l&rsquo;Assembl\u00e9e nationale. Depuis le<strong>\u00a0vendredi 15\u00a0octobre<\/strong>, <strong>les tests dits de confort ne sont plus gratuits <\/strong>pour les personnes majeures et\u00a0les autotests ne sont plus valables pour le pass sanitaire.\u00a0<span style=\"font-size: 1rem;\">Que disent les\u00a0<\/span><strong>cartes<\/strong><span style=\"font-size: 1rem;\"><strong> <\/strong>de suivi de l&rsquo;\u00e9pid\u00e9mie\u00a0? Quels sont les<strong> <\/strong><\/span><strong>sympt\u00f4mes du coronavirus<\/strong><span style=\"font-size: 1rem;\"> ? Quand <\/span>s&rsquo;isoler et combien de temps<span style=\"font-size: 1rem;\"> ?\u00a0<\/span>Quel est le<strong> taux de R0\u00a0du virus<\/strong><span style=\"font-size: 1rem;\"><strong>\u00a0<\/strong>? Quand est-on <\/span>contagieux<span style=\"font-size: 1rem;\"> ? Que sait-on des\u00a0<\/span>vaccins<span style=\"font-size: 1rem;\">\u00a0? Des\u00a0<\/span><strong>effets secondaires<\/strong><span style=\"font-size: 1rem;\"><strong>\u00a0apr\u00e8s la vaccination\u00a0<\/strong>? Chiffres et infos du jour.<\/span><\/p>\n<p><a id=\"covid-france-dernieres-infos-direct\" name=\"covid-france-dernieres-infos-direct\">Derni\u00e8res infos en direct<\/a>\u00a0<\/p>\n<ul>\n<li><strong>Hausse du taux d&rsquo;incidence en France.<\/strong> \u00ab\u00a0<em>Le taux d&rsquo;incidence se rapproche \u00e0 nouveau des 50, c&rsquo;est-\u00e0-dire du seuil d&rsquo;alerte<\/em>\u00ab\u00a0, alerte Gabriel Attal \u00e0 l&rsquo;issue du Conseil de d\u00e9fense sanitaire du mercredi 20\u00a0octobre. Selon le site Carte et Donn\u00e9es du Gouvernement, le taux d&rsquo;incidence en France au 16\u00a0octobre est de 48.17 cas pour 100\u00a0000\u00a0habitants. Il a augment\u00e9 de + 10% en sept jours.\u00a0<\/li>\n<li><strong>La 3e dose, obligatoire pour le pass sanitaire ?<\/strong> Gabriel Attal, porte-parole du gouvernement, regrette que sur les 6 millions de personnes \u00e9ligibles \u00e0 la campagne de rappel, seulement 2 millions en ont b\u00e9n\u00e9fici\u00e9. \u00ab\u00a0<em>C&rsquo;est tr\u00e8s important pour les personnes qui sont \u00e9ligibles de proc\u00e9der au rappel. Je lance un appel au rappel<\/em>\u00ab\u00a0, a-t-il insist\u00e9, \u00e9voquant par ailleurs que la validit\u00e9 du pass sanitaire pourrait \u00eatre soumise \u00e0 une troisi\u00e8me de dose de vaccin. \u00ab\u00a0<em>Une possibilit\u00e9\u00a0\u00bb<\/em> envisag\u00e9e par le gouvernement, indique le porte-parole.\u00a0<\/li>\n<li><strong>La prolongation du pass sanitaire, d\u00e9battu \u00e0 l&rsquo;Assembl\u00e9e. <\/strong>D\u00e8s ce mardi 19 octobre, le projet de loi concernant la prolongation du pass sanitaire en France &#8211; qui doit normalement finir le 15 novembre 2021 &#8211;\u00a0est d\u00e9battu \u00e0 l&rsquo;Assembl\u00e9e nationale par les d\u00e9put\u00e9s. Il s&rsquo;agit du 3e texte soumis au Parlement. L&rsquo;ex\u00e9cutif souhaite prolonger son usage jusqu&rsquo;au 31 juillet 2022. L&rsquo;opposition n&rsquo;\u00e9tant pas favorable \u00e0 une prolongation de 8 mois.\u00a0<\/li>\n<li><strong>R\u00e9sultats positifs de Valneva.<\/strong> Le laboratoire franco-autrichien Valneva a indiqu\u00e9 que son vaccin avait obtenu des r\u00e9sultats\u00a0\u00ab\u00a0initiaux positifs\u00a0\u00bb dans le cadre de ses essais de phase 3. \u00ab\u00a0L&rsquo;essai a rempli ses deux crit\u00e8res d&rsquo;\u00e9valuation principaux [&#8230;] et le vaccin a g\u00e9n\u00e9ralement \u00e9t\u00e9 bien tol\u00e9r\u00e9\u00a0\u00bb, s&rsquo;est r\u00e9joui\u00a0le laboratoire dans un communiqu\u00e9.\u00a0<\/li>\n<li><strong>12 d\u00e9partements tombent le masque \u00e0 l&rsquo;\u00e9cole.<\/strong> A partir de ce lundi 18\u00a0octobre, 12 d\u00e9partements, qui affichent un taux d&rsquo;incidence inf\u00e9rieur \u00e0 50 cas pour 100\u00a0000\u00a0habitants, l\u00e8vent le port du masque dans les \u00e9tablissements scolaires pour les \u00e9l\u00e8ves. Il s&rsquo;agit, selon <a href=\"https:\/\/www.legifrance.gouv.fr\/jorf\/id\/JORFTEXT000044202072\" target=\"_blank\" rel=\"noopener\">la liste publi\u00e9e par d\u00e9cret<\/a>,\u00a0de : l&rsquo;Ain, l&rsquo;Ari\u00e8ge, la Charente, le Cher, la Dr\u00f4me, le Gard, l&rsquo;H\u00e9rault, la Moselle, le Haut-Rhin, le Var, la Haute-Vienne et la Seine-et-Marne.\u00a0<\/li>\n<li><strong>La HAS\u00a0d\u00e9conseille Moderna pour la 3e dose.<\/strong> Contrairement \u00e0 ce qu&rsquo;elle avait avanc\u00e9, la HAS recommande d\u00e9sormais, dans <a href=\"https:\/\/www.has-sante.fr\/jcms\/p_3292786\/fr\/covid-19-utiliser-le-vaccin-de-pfizer-pour-le-rappel-de-vaccination\" target=\"_blank\" rel=\"noopener\">un avis du 15\u00a0octobre 2021<\/a>,\u00a0d&rsquo;utiliser <strong>le vaccin Comirnaty de Pfizer pour la dose de rappel contre le Covid<\/strong>, et non le vaccin Spikevax\u00a0d\u00e9velopp\u00e9 par le laboratoire <strong>Moderna<\/strong>, avant d&rsquo;obtenir l&rsquo;avis de l&rsquo;Agence europ\u00e9enne du m\u00e9dicament. Comirnaty\u00ae a obtenu son autorisation de mise sur le march\u00e9 pour les rappels, contrairement \u00e0 Spikevax qui ne l&rsquo;a pas encore obtenu.\u00a0<\/li>\n<li><strong>Fin de la gratuit\u00e9 des tests.\u00a0<\/strong>Depuis le vendredi 15\u00a0octobre, les tests dits <strong>de confort<\/strong> ne sont plus gratuits pour les personnes majeures. Comme indiqu\u00e9 par le <a href=\"https:\/\/www.gouvernement.fr\/fin-de-la-gratuite-systematique-des-tests-covid-19\">gouvernement<\/a>\u00a0:<\/li>\n<\/ul>\n<p>&#8211; pour les tests RTPCR, r\u00e9alis\u00e9s par des laboratoires de biologie m\u00e9dicale, le tarif de r\u00e9f\u00e9rence est de 43,89\u00a0\u20ac ;<\/p>\n<p>&#8211; pour les tests antig\u00e9niques, le tarif varie de 22,02\u00a0\u20ac \u00e0 45,11\u00a0\u20ac.<\/p>\n<p><a id=\"covid-france-chiffre-du-jour-bilan\" name=\"covid-france-chiffre-du-jour-bilan\" style=\"font-size: 1.125rem; background-color: rgb(255, 255, 255);\" target=\"_blank\" rel=\"noopener\">Quels sont les chiffres du jour ?<\/a><\/p>\n<p>Les chiffres de l&rsquo;\u00e9pid\u00e9mie de Covid-19\u00a0en\u00a0France sont publi\u00e9s quotidiennement par le\u00a0site <a href=\"http:\/\/www.gouvernement.fr\/info-coronavirus\/carte-et-donnees\" target=\"_blank\" rel=\"noopener\">Carte-et-donn\u00e9es<\/a> du gouvernement et par <a href=\"https:\/\/www.santepubliquefrance.fr\/dossiers\/coronavirus-covid-19\/coronavirus-chiffres-cles-et-evolution-de-la-covid-19-en-france-et-dans-le-monde\" target=\"_blank\" rel=\"noopener\">Sant\u00e9 Publique France<\/a>. Les chiffres de la vaccination sont publi\u00e9s par le <a href=\"https:\/\/solidarites-sante.gouv.fr\/actualites\/presse\/communiques-de-presse\/\" target=\"_blank\" rel=\"noopener\">minist\u00e8re de la Sant\u00e9<\/a>.<\/p>\n<section>\n<table border=\"1\" cellpadding=\"1\" cellspacing=\"1\" style=\"width:100%;\">\n<thead>\n<tr>\n<th scope=\"col\" style=\"width: 205px; text-align: center;\">Nombre de cas de Covid (18 octobre)<\/th>\n<th scope=\"col\" style=\"width: 229px; text-align: center;\">Nombre de morts du Covid\u00a0<\/th>\n<th scope=\"col\" style=\"width: 219px; text-align: center;\">Nombre de personnes en soins critiques<\/th>\n<th scope=\"col\" style=\"width: 125px; text-align: center;\">R0 (9 octobre)<\/th>\n<th scope=\"col\" style=\"width: 125px; text-align: center;\">Pourcentage de Fran\u00e7ais compl\u00e8tement vaccin\u00e9s (18 octobre)\u00a0<\/th>\n<\/tr>\n<\/thead>\n<tbody>\n<tr>\n<td style=\"width: 205px; text-align: center;\">7 090 109<\/td>\n<td style=\"width: 229px; text-align: center;\">117 306 (+41 en 24h)<\/td>\n<td style=\"width: 219px; text-align: center;\">1\u00a0049<\/td>\n<td style=\"width: 125px; text-align: center;\">0.89<\/td>\n<td style=\"width: 125px; text-align: center;\">73,5%<\/td>\n<\/tr>\n<\/tbody>\n<\/table>\n<p><strong>Au 15\u00a0octobre, le taux d&rsquo;incidence est de 48,4 cas pour 100\u00a0000\u00a0habitants en France (selon G\u00e9odes, de Sant\u00e9 publique France).<\/strong>\u00a0Le taux d&rsquo;incidence correspond au nombre de cas positifs au Covid-19 pour 100\u00a0000\u00a0habitants.\u00a0C&rsquo;est un indicateur important que le gouvernement prend en compte pour d\u00e9cider ou pas pour lever ou maintenir\u00a0des restrictions.\u00a0Par exemple, le port du masque n&rsquo;est plus obligatoire\u00a0dans les \u00e9tablissements scolaires situ\u00e9s dans les d\u00e9partements avec un taux d&rsquo;incidence est inf\u00e9rieur \u00e0 50 cas pour 100\u00a0000\u00a0habitants. Il s&rsquo;agit de 68 d\u00e9partements (voir la liste ci-dessous). Par ailleurs, le pass sanitaire pourrait \u00eatre bient\u00f4t lev\u00e9 dans les d\u00e9partements o\u00f9 le taux d&rsquo;incidence est le plus faible.<\/p>\n<h3><a id=\"taux-incidence-paris\" name=\"taux-incidence-paris\">Taux d&rsquo;incidence \u00e0 Paris<\/a><\/h3>\n<p>Sur la semaine du 9 au 15\u00a0octobre, le taux d&rsquo;incidence \u00e0 Paris est <strong>85 cas<\/strong> pour 100\u00a0000\u00a0habitants (semaine glissante).\u00a0<\/p>\n<p><strong>\u2192 Voir <a href=\"https:\/\/www.gouvernement.fr\/info-coronavirus\/carte-et-donnees#vue_d_ensemble-taux_d_incidence\" target=\"_blank\" rel=\"noopener\">le taux d&rsquo;incidence de votre d\u00e9partement<\/a>\u00a0mis \u00e0 jour chaque jour sur le site du gouvernement<\/strong><\/p>\n<h3><a name=\"taux-incidence-ile-de-france\">Taux d&rsquo;incidence en Ile-de-France<\/a><\/h3>\n<p>Sur la semaine du 9 au 15 octobre, en Ile-de-France le taux d&rsquo;incidence est de <strong>71.6 cas <\/strong>pour 100\u00a0000\u00a0habitants (semaine glissante).<\/p>\n<h3><a name=\"carte-taux-incidence\">Carte du taux d&rsquo;incidence<\/a><\/h3>\n<p>La plateforme G\u00e9odes de Sant\u00e9 publique France met \u00e0 jour <strong>quotidiennement<\/strong> le taux d&rsquo;incidence par d\u00e9partement en France.\u00a0Le bleu le plus clair correspond aux taux d&rsquo;incidences les plus bas et le bleu fonc\u00e9 aux taux d&rsquo;incidence les plus \u00e9lev\u00e9s.\u00a0<\/p>\n<p><iframe loading=\"lazy\" height=\"600\" src=\"https:\/\/geodes.santepubliquefrance.fr\/?view=map2&amp;indics=sp_ti_tp_7j.tx_pe_gliss&amp;serie=2021-09-12-2021-09-18&amp;lang=fr&amp;iframe=1\" width=\"600\"><\/iframe><\/p>\n<p>La vaccination contre la Covid-19\u00a0se poursuit en France avec les vaccins <strong>Pfizer-BioNTech,\u00a0Moderna,\u00a0AstraZeneca et Janssen<\/strong> (chez les m\u00e9decins g\u00e9n\u00e9ralistes,\u00a0au travail et en pharmacie). Depuis le d\u00e9but de la campagne de vaccination en France, <strong>51\u00a0096\u00a0875\u00a0personnes<\/strong> ont re\u00e7u au moins une injection (soit <strong>75,8% de la population totale<\/strong>) et <strong>49\u00a0581\u00a0680\u00a0personnes<\/strong> ont d\u00e9sormais un sch\u00e9ma vaccinal complet (soit <strong>73,5% de la population totale<\/strong>). Les \u00e9pid\u00e9miologistes recommandent un taux de vaccination de 90% de la population de plus de 12\u00a0ans pour atteindre l&rsquo;<strong>immunit\u00e9 collective<\/strong>.\u00a0Par ailleurs, suite aux annonces du Pr\u00e9sident de la R\u00e9publique en ao\u00fbt 2021, <strong>la campagne de rappel de vaccination anti-Covid a d\u00e9but\u00e9 le 12\u00a0septembre 2021<\/strong>\u00a0pour certaines populations prioritaires particuli\u00e8rement vuln\u00e9rables : les r\u00e9sidents des EHPAD et des USLD, les personnes de plus de 65\u00a0ans, les personnes \u00e0 tr\u00e8s haut risque de forme grave, les personnes s\u00e9v\u00e8rement immunod\u00e9prim\u00e9es et les personnes ayant re\u00e7u le vaccin Covid-19\u00a0Janssen.\u00a0Le rappel doit \u00eatre fait avec une vaccin avec de l&rsquo;ARNm (<strong>Pfizer ou Moderna<\/strong>) de mani\u00e8re indiff\u00e9renci\u00e9e quel que soit le vaccin utilis\u00e9 pour la primovaccination.<\/p>\n<dl\/>\n<dl\/>\n<table border=\"1\" cellpadding=\"1\" cellspacing=\"1\" style=\"width:100%;\">\n<thead>\n<tr>\n<th scope=\"col\" style=\"width: 205px; text-align: center;\">Nombre de cas de Covid (18 octobre)<\/th>\n<th scope=\"col\" style=\"width: 229px; text-align: center;\"><a id=\"nouveau-cas-covid-24-heures\" name=\"nouveau-cas-covid-24-heures\" target=\"_blank\" rel=\"noopener\">Evolution sur 24\u00a0heures<\/a><\/th>\n<th scope=\"col\" style=\"width: 244px; text-align: center;\">Nombre moyen de nouveaux cas confirm\u00e9s quotidiens<\/th>\n<th scope=\"col\" style=\"width: 244px; text-align: center;\">Taux d&rsquo;incidence (15 octobre)<\/th>\n<th scope=\"col\" style=\"width: 197px; text-align: center;\">Evolution du taux d&rsquo;incidence sur 7\u00a0jours\u00a0<\/th>\n<\/tr>\n<tr>\n<td style=\"width: 205px; text-align: center;\">7\u00a0090 109<\/td>\n<td style=\"width: 229px; text-align: center;\">1 057<\/td>\n<td style=\"width: 244px; text-align: center;\">4 511 (+11.49%)<\/td>\n<td style=\"width: 244px; text-align: center;\">48.36\/100\u00a0000\u00a0habitants (source : cartes et donn\u00e9es du Gouvernement)<\/td>\n<td style=\"width: 197px; text-align: center;\">\n<p>+11.52<strong>%<\/strong><\/p>\n<\/td>\n<\/tr>\n<\/thead>\n<\/table>\n<p>Selon le <a href=\"https:\/\/www.santepubliquefrance.fr\/maladies-et-traumatismes\/maladies-et-infections-respiratoires\/infection-a-coronavirus\/documents\/bulletin-national\/covid-19-point-epidemiologique-du-14-octobre-2021\" target=\"_blank\" rel=\"noopener\">point \u00e9pid\u00e9miologique de Sant\u00e9 publique France du 14\u00a0octobre 2021<\/a>, au niveau national,\u00a0<strong>la baisse du taux d&rsquo;incidence s&rsquo;est poursuivie en S40\u00a0(du 4 septembre au 10\u00a0octobre) avec 44\u00a0nouveaux cas pour 100\u00a0000\u00a0habitants<\/strong> (-10%), soit <strong>4\u00a0172 cas diagnostiqu\u00e9s par jour en moyenne<\/strong>. Le taux d&rsquo;incidence \u00e9tait en diminution dans toutes les classes d&rsquo;\u00e2ge, \u00e0 l&rsquo;exception des 70-89\u00a0ans o\u00f9 il s&rsquo;est stabilis\u00e9.<strong>\u00a0Il restait sup\u00e9rieur \u00e0 50\u00a0chez les 30-39\u00a0ans (63, -8%) et les 20-29\u00a0ans (58, -4%).\u00a0<\/strong>Le taux de d\u00e9pistage, incluant tests antig\u00e9niques et PCR (autotests exclus), \u00e9tait toujours tr\u00e8s \u00e9lev\u00e9 (4\u00a0265\/100\u00a0000\u00a0habitants, -7%) et en diminution dans toutes les classes d&rsquo;\u00e2ge cette semaine. Le taux de positivit\u00e9 \u00e9tait stable (1,0%, -0,1\u00a0point).<\/p>\n<p><strong>En France m\u00e9tropolitaine<\/strong>,\u00a0le taux d&rsquo;incidence \u00e9tait <strong>en augmentation en Corse<\/strong> (53\u00a0vs 45, +18%) et <strong>stable en \u00cele-de-France <\/strong>(63), <strong>Hauts-de-France<\/strong> (31\u00a0vs 30, +4%) et <strong>Bretagne<\/strong> (28\u00a0vs 27, +4%). Il \u00e9tait en diminution dans les autres r\u00e9gions. Une baisse du taux de d\u00e9pistage \u00e9tait observ\u00e9e dans l&rsquo;ensemble des r\u00e9gions.<\/p>\n<p><strong>En Outre-mer<\/strong>, le taux d&rsquo;incidence a <strong>diminu\u00e9 en Guyane<\/strong>, (495\/100\u00a0000\u00a0soit -25%). La pression hospitali\u00e8re restait forte avec des taux d&rsquo;hospitalisation et d&rsquo;admission en soins critiques \u00e9lev\u00e9s et stables.\u00a0<strong>L&rsquo;exc\u00e8s de mortalit\u00e9 <\/strong>mod\u00e9r\u00e9 observ\u00e9 entre S29\u00a0et S37\u00a0<strong>s&rsquo;est accentu\u00e9<\/strong> en S38\u00a0et en S39.\u00a0Le taux d&rsquo;incidence a continu\u00e9 de diminuer en Guadeloupe en S40\u00a0(68\u00a0vs 77, -12%) mais a augment\u00e9 en Martinique (151\u00a0vs 135, +12%). Le nombre de nouvelles admissions \u00e0 l&rsquo;h\u00f4pital \u00e9tait toujours en baisse dans ces deux territoires.<\/p>\n<p>En semaine 40, soit du 4 au 10 octobre 2021, au niveau national, les indicateurs hospitaliers par date d&rsquo;admission \u00e9taient toujours en diminution, <strong>avec 1\u00a0083 nouvelles hospitalisations <\/strong>(-17% par rapport \u00e0 S39, -20% entre S38\u00a0et S39) et <strong>276\u00a0nouvelles admissions en services de soins critiques<\/strong> (-16% vs S39, -22% entre S38\u00a0et S39).<\/p>\n<table border=\"1\" cellpadding=\"1\" cellspacing=\"1\" style=\"width:100%;\">\n<thead>\n<tr>\n<th scope=\"col\" style=\"width: 205px; text-align: center;\">\u00a0<\/th>\n<th scope=\"col\" style=\"width: 205px; text-align: center;\">Nombre de patients Covid hospitalis\u00e9s\u00a0\u00a0<\/th>\n<th scope=\"col\" style=\"width: 229px; text-align: center;\">Evolution sur les 7 derniers jours\u00a0<\/th>\n<th scope=\"col\" style=\"width: 244px; text-align: center;\">Nombre de patients Covid en soins critiques<\/th>\n<th scope=\"col\" style=\"width: 244px; text-align: center;\">Evolution sur les 7\u00a0derniers jours\u00a0<\/th>\n<th scope=\"col\" style=\"width: 244px; text-align: center;\">Taux d&rsquo;occupation des lits en\u00a0en r\u00e9animation ou en soins intensifs\u00a0\u00a0<\/th>\n<\/tr>\n<tr>\n<td style=\"width: 205px; text-align: center;\"><strong>Au 18 octobre<\/strong><\/td>\n<td style=\"width: 205px; text-align: center;\">6 468<\/td>\n<td style=\"width: 229px; text-align: center;\">-3.88%<\/td>\n<td style=\"width: 244px; text-align: center;\"><strong>1 049<\/strong><\/td>\n<td style=\"width: 244px; text-align: center;\">-8.38%<\/td>\n<td style=\"width: 244px; text-align: center;\">\n<p>20.74% (-8.38%)<\/p>\n<\/td>\n<\/tr>\n<\/thead>\n<\/table>\n<div style=\"text-align:center\">\n<figure class=\"image\" style=\"display:inline-block\"><a class=\"fancy\" href=\"https:\/\/img-3.journaldesfemmes.fr\/pDoWVvngFccberOP-JuStHoWVVQ=\/1080x\/smart\/37acbbbace2746b2848e480d1022e117\/ccmcms-jdf\/28829428.png\"><img decoding=\"async\" alt=\"Hospitalisations au 18 octobre 2021\" src=\"https:\/\/img-3.journaldesfemmes.fr\/c3eod0wfQUYrr5G8xqbY95YsgsA=\/600x\/smart\/37acbbbace2746b2848e480d1022e117\/ccmcms-jdf\/28829428.png\"\/><\/a><figcaption data-credit=\"Gouvernement.fr\" data-legend=\"Hospitalisations au 18 octobre 2021\">Hospitalisations au 18 octobre 2021 <small>\u00a9\u00a0Gouvernement.fr<\/small><\/figcaption><\/figure>\n<\/div>\n<p><em>Source\u00a0: <a href=\"https:\/\/www.gouvernement.fr\/info-coronavirus\/carte-et-donnees\" target=\"_blank\" rel=\"noopener\">Site du\u00a0gouvernement<\/a><\/em><\/p>\n<h3><u>Nombre de personnes actuellement hospitalis\u00e9es par r\u00e9gion au 18\u00a0octobre<\/u><u>\u00a02021 (source : gouvernement.fr)<\/u><\/h3>\n<table align=\"center\" border=\"1\" cellpadding=\"1\" cellspacing=\"1\" style=\"width:100%;\">\n<thead>\n<tr>\n<th scope=\"col\" style=\"width: 260px;\">R\u00e9gion<\/th>\n<th scope=\"col\" style=\"width: 283px;\">Nombre de personnes actuellement hospitalis\u00e9es<\/th>\n<th scope=\"col\" style=\"width: 220px;\">Evolution en 7 jours<\/th>\n<\/tr>\n<\/thead>\n<tbody>\n<tr>\n<td style=\"width: 260px;\"><strong>Auvergne-Rh\u00f4ne-Alpes<\/strong><\/td>\n<td style=\"width: 283px;\">539<\/td>\n<td style=\"width: 220px;\">-1.82%<\/td>\n<\/tr>\n<tr>\n<td style=\"width: 260px;\"><strong>Hauts-de-France<\/strong><\/td>\n<td style=\"width: 283px;\">565<\/td>\n<td style=\"width: 220px;\">-2.08%<\/td>\n<\/tr>\n<tr>\n<td style=\"width: 260px;\"><strong>Provence-Alpes-C\u00f4te d&rsquo;Azur<\/strong><\/td>\n<td style=\"width: 283px;\">860<\/td>\n<td style=\"width: 220px;\">-7.73%<\/td>\n<\/tr>\n<tr>\n<td style=\"width: 260px;\"><strong>Grand Est<\/strong><\/td>\n<td style=\"width: 283px;\">378<\/td>\n<td style=\"width: 220px;\">-2.83%<\/td>\n<\/tr>\n<tr>\n<td style=\"width: 260px;\"><strong>Occitanie<\/strong><\/td>\n<td style=\"width: 283px;\">507<\/td>\n<td style=\"width: 220px;\">-8.65%<\/td>\n<\/tr>\n<tr>\n<td style=\"width: 260px;\"><strong><a href=\"http:\/\/www.affinite.fr\/index.php\/2024\/11\/21\/construire-votre-maison-en-normandie\/\">Normandie<\/a><\/strong><\/td>\n<td style=\"width: 283px;\">307<\/td>\n<td style=\"width: 220px;\">-4.06%<\/td>\n<\/tr>\n<tr>\n<td style=\"width: 260px;\"><strong>Nouvelle-Aquitaine<\/strong><\/td>\n<td style=\"width: 283px;\">423<\/td>\n<td style=\"width: 220px;\"><strong>+0.48%<\/strong><\/td>\n<\/tr>\n<tr>\n<td style=\"width: 260px;\"><strong>Centre-Val de Loire<\/strong><\/td>\n<td style=\"width: 283px;\">222<\/td>\n<td style=\"width: 220px;\"><strong>+5.71%<\/strong><\/td>\n<\/tr>\n<tr>\n<td style=\"width: 260px;\"><strong>Bourgogne-Franche-Comt\u00e9<\/strong><\/td>\n<td style=\"width: 283px;\">153<\/td>\n<td style=\"width: 220px;\"><strong>+12.50%<\/strong><\/td>\n<\/tr>\n<tr>\n<td style=\"width: 260px;\"><strong>Bretagne<\/strong><\/td>\n<td style=\"width: 283px;\">271<\/td>\n<td style=\"width: 220px;\">-1.81%<\/td>\n<\/tr>\n<tr>\n<td style=\"width: 260px;\"><strong>Corse<\/strong><\/td>\n<td style=\"width: 283px;\">25<\/td>\n<td style=\"width: 220px;\">-28.57%<\/td>\n<\/tr>\n<tr>\n<td style=\"width: 260px;\"><strong>Pays de la Loire<\/strong><\/td>\n<td style=\"width: 283px;\">170<\/td>\n<td style=\"width: 220px;\"><strong>+12.58%\u00a0<\/strong><\/td>\n<\/tr>\n<tr>\n<td style=\"width: 260px;\"><strong>\u00cele-de-France<\/strong><\/td>\n<td style=\"width: 283px;\">1 491<\/td>\n<td style=\"width: 220px;\">-5.03%<\/td>\n<\/tr>\n<tr>\n<td style=\"width: 260px;\"><strong>Guadeloupe<\/strong><\/td>\n<td style=\"width: 283px;\">213<\/td>\n<td style=\"width: 220px;\">-13.77%<\/td>\n<\/tr>\n<tr>\n<td style=\"width: 260px;\"><strong>Martinique<\/strong><\/td>\n<td style=\"width: 283px;\">162<\/td>\n<td style=\"width: 220px;\">-7.95%<\/td>\n<\/tr>\n<tr>\n<td style=\"width: 260px;\"><strong>Guyane<\/strong><\/td>\n<td style=\"width: 283px;\">113<\/td>\n<td style=\"width: 220px;\">-0.88%<\/td>\n<\/tr>\n<tr>\n<td style=\"width: 260px;\"><strong>La R\u00e9union<\/strong><\/td>\n<td style=\"width: 283px;\">67<\/td>\n<td style=\"width: 220px;\">-2.90%<\/td>\n<\/tr>\n<tr>\n<td style=\"width: 260px;\"><strong>Mayotte<\/strong><\/td>\n<td style=\"width: 283px;\">2<\/td>\n<td style=\"width: 220px;\">0%<\/td>\n<\/tr>\n<\/tbody>\n<\/table>\n<\/section>\n<p>La mortalit\u00e9 li\u00e9e \u00e0 la COVID-19 a faibli. <strong>117<\/strong>\u00a0<strong>306\u00a0<\/strong>d\u00e9c\u00e8s sont recens\u00e9s au 18\u00a0octobre 2021 dont 90 442 \u00e0 l&rsquo;h\u00f4pital\u00a0(+41 au cours des 24\u00a0derni\u00e8res heures), selon les chiffres de <a href=\"https:\/\/www.santepubliquefrance.fr\/dossiers\/coronavirus-covid-19\/coronavirus-chiffres-cles-et-evolution-de-la-covid-19-en-france-et-dans-le-monde\" target=\"_blank\" rel=\"noopener\">Sant\u00e9 Publique France<\/a>. Ce chiffre ne comprend\u00a0pas les d\u00e9c\u00e8s \u00e0 domicile. Au 18 octobre, le taux de mortalit\u00e9 du Covid-19 est de<strong> 0.17%<\/strong>.\u00a0<\/p>\n<div style=\"text-align:center\">\n<figure class=\"image\" style=\"display:inline-block\"><a class=\"fancy\" href=\"https:\/\/img-3.journaldesfemmes.fr\/mXWBOtdxhS6KOESh5EuG_J04N5I=\/1080x\/smart\/707f52bdfd0247bfbc370e9f36ba9e49\/ccmcms-jdf\/28732951.png\"><img decoding=\"async\" alt=\"\u00c9volution des taux d\u2019incidence et de d\u00e9pistage par semaine, avec ou sans correction pour l\u2019effet des jours f\u00e9ri\u00e9s depuis la semaine 24-2020, France (donn\u00e9es au 06 octobre 2021)\" src=\"https:\/\/img-3.journaldesfemmes.fr\/mXWBOtdxhS6KOESh5EuG_J04N5I=\/1080x\/smart\/707f52bdfd0247bfbc370e9f36ba9e49\/ccmcms-jdf\/28732951.png\"\/><\/a><figcaption data-credit=\"Sant\u00e9 publique France\" data-legend=\"\u00c9volution des taux d\u2019incidence et de d\u00e9pistage par semaine, avec ou sans correction pour l\u2019effet des jours f\u00e9ri\u00e9s depuis la semaine 24-2020, France (donn\u00e9es au 13 octobre 2021)\">\u00c9volution des taux d\u2019incidence et de d\u00e9pistage par semaine, avec ou sans correction pour l\u2019effet des jours f\u00e9ri\u00e9s depuis la semaine 24-2020, France (donn\u00e9es au 13 octobre 2021) <small>\u00a9\u00a0Sant\u00e9 publique France<\/small><\/figcaption><\/figure>\n<\/div>\n<p><strong>En semaine 40<\/strong>, l&rsquo;am\u00e9lioration de la situation s&rsquo;est poursuivie, avec cependant une baisse moins marqu\u00e9e des indicateurs \u00e9pid\u00e9miologiques et une tendance \u00e0 leur stabilisation dans certains territoires. La diminution du taux d&rsquo;incidence s&rsquo;est confirm\u00e9e en Guyane, mais la circulation virale et la pression hospitali\u00e8re restaient tr\u00e8s \u00e9lev\u00e9es et la mortalit\u00e9 toutes causes montrait toujours un exc\u00e8s en S39.\u00a0Au niveau national, <strong>le taux d&rsquo;incidence \u00e9tait toujours en baisse.<\/strong><\/p>\n<p>Sant\u00e9 Publique France indique le 14\u00a0octobre 2021 que le<strong>\u00a0variant Delta repr\u00e9sente\u00a0la quasi-totalit\u00e9 des virus circulant en France<\/strong>, soit plus de 99% des virus s\u00e9quenc\u00e9s sur les pr\u00e9l\u00e8vements interpr\u00e9tables des enqu\u00eates Flash #24\u00a0et #25\u00a0des 14\u00a0et 21\u00a0septembre.\u00a0<strong>En Outre-mer<\/strong>, Delta repr\u00e9sentait <strong>98% des s\u00e9quences interpr\u00e9tables<\/strong> lors de l&rsquo;enqu\u00eate Flash #23\u00a0(07\/09), 99% lors de Flash #24\u00a0(14\/09) et 100% lors de Flash #25\u00a0(21\/09, donn\u00e9es non consolid\u00e9es).<\/p>\n<p><strong>Confinement <\/strong>et<strong> couvre-feu <\/strong>ont laiss\u00e9 place au <strong>d\u00e9ploiement du pass sanitaire<\/strong> en France. Attestation de vaccination ou certificat de tests sont d\u00e9sormais n\u00e9cessaires <strong>pour se rendre aux restaurants, caf\u00e9s, th\u00e9\u00e2tre, concert, parc d&rsquo;attractions&#8230; <\/strong>Il n&rsquo;y a plus de<strong> couvre-feu <\/strong>en France depuis le 20 juin. Le <strong>port du masque en ext\u00e9rieur <\/strong>n&rsquo;est aussi plus obligatoire au niveau national depuis cette date, n\u00e9anmoins, certaines villes ont recommenc\u00e9 \u00e0 l&rsquo;imposer par d\u00e9cret \u00e0 cause de la diffusion du variant delta.<\/p>\n<p>A l&rsquo;\u00e9cole, le ministre de l&rsquo;Education nationale Jean-Michel Blanquer a d\u00e9voil\u00e9 le 28 juillet le <strong><a href=\"https:\/\/www.education.gouv.fr\/annee-scolaire-2021-2022-protocole-sanitaire-et-mesures-de-fonctionnement-324257\" target=\"_blank\" rel=\"noopener\">nouveau protocole<\/a> Covid pour la rentr\u00e9e de septembre 2021.\u00a0<\/strong>Depuis le lundi 4\u00a0octobre, le protocole sanitaire applicable dans les \u00e9coles, coll\u00e8ges et lyc\u00e9es est\u00a0de <strong>niveau 1<\/strong>\u00a0(couleur verte) dans les d\u00e9partements dont le taux d&rsquo;incidence a \u00e9t\u00e9 inf\u00e9rieur au seuil de 50\u00a0pour 100\u00a0000\u00a0habitants sur une p\u00e9riode de 5\u00a0jours.\u00a0Dans les autres d\u00e9partements, le protocole sanitaire en vigueur est de niveau 2\u00a0(niveau jaune) \u00e0 l&rsquo;exception de certains d\u00e9partements d&rsquo;outre-mer.\u00a0\u00a0Au 18 octobre, <strong>79\u00a0d\u00e9partements appliquent le niveau 1\u00a0<\/strong>du protocole sanitaire, liste le <a href=\"https:\/\/www.education.gouv.fr\/covid19-quel-protocole-sanitaire-s-applique-pour-les-ecoles-et-etablissements-de-mon-departement-325535\" target=\"_blank\" rel=\"noopener\">minist\u00e8re de l&rsquo;Education nationale<\/a>. Le protocole de niveau 2\u00a0s&rsquo;applique \u00e0 nouveau pour le d\u00e9partement de la Loz\u00e8re. Cette carte est mise \u00e0 jour chaque semaine,\u00a0en fonction de l&rsquo;\u00e9valuation de la circulation du virus.<\/p>\n<div style=\"text-align:center\">\n<figure class=\"image\" style=\"display:inline-block\"><a class=\"fancy\" href=\"https:\/\/img-3.journaldesfemmes.fr\/q7n9KXUz5L2DkvlVbYPP1rmizDY=\/1080x\/smart\/05f97f59bbb046b983590bebf28d68d2\/ccmcms-jdf\/26642145.jpg\" target=\"_blank\" rel=\"noopener\"><img decoding=\"async\" alt=\"PROTOCOLE \u00e9cole covid 2021 2022\" src=\"https:\/\/img-3.journaldesfemmes.fr\/7l_oHbQCb0wnRBS_ptoHWZE-4Zs=\/450x\/smart\/05f97f59bbb046b983590bebf28d68d2\/ccmcms-jdf\/26642145.jpg\"\/><\/a><figcaption data-credit=\"Minist\u00e8re de l'Education nationale\" data-legend=\"Mesures sanitaires pour la rentr\u00e9e scolaire de septembre 2021\">Mesures sanitaires pour la rentr\u00e9e scolaire de septembre 2021 <small>\u00a9\u00a0Minist\u00e8re de l&rsquo;Education nationale<\/small><\/figcaption><\/figure>\n<\/div>\n<p>Le port du masque contre le Covid est toujours recommand\u00e9 en France. Il est impos\u00e9 encore dans de nombreux lieux m\u00eame si en th\u00e9orie depuis l&rsquo;\u00e9t\u00e9 2021, il n&rsquo;est plus obligatoire dans ceux dont\u00a0l&rsquo;acc\u00e8s est restreint par la pr\u00e9sentation du pass sanitaire. A l&rsquo;\u00e9cole, le masque est impos\u00e9 en ext\u00e9rieur dans les d\u00e9partements o\u00f9 le niveau 2 du protocole est appliqu\u00e9. Il n&rsquo;est plus obligatoire dans 47 d\u00e9partements concern\u00e9s (voir la liste ci-dessus).\u00a0<\/p>\n<p>Conform\u00e9ment \u00e0 la loi du 6 ao\u00fbt 2021, la pr\u00e9sentation du<strong> pass sanitaire est obligatoire pour les plus de 12 ans et deux mois pour aller aux restaurants,<\/strong> <strong>caf\u00e9s<\/strong>, bars, dans les salons, foires, s\u00e9minaires, pour les d\u00e9placements longue distance en transport, rendre visite \u00e0 un proche \u00e0 l&rsquo;h\u00f4pital&#8230; Elle avait d\u00e9j\u00e0 \u00e9tendue aux lieux de loisirs et de culture pouvant accueillir plus de 50 personnes le 21 juillet. Selon les d\u00e9clarations du 16 septembre par Emmanuel Macron, le pass sanitaire pourrait \u00eatre lev\u00e9 dans certaines r\u00e9gions ou d\u00e9partements de France. N\u00e9anmoins, pour le moment, il est maintenu dans tous les d\u00e9partements de France confirme le gouvernement le 22 septembre.<\/p>\n<p><a id=\"covid-france-frontieres-voyage\" name=\"covid-france-frontieres-voyage\" target=\"_blank\" rel=\"noopener\">Quelles sont les conditions de voyage\u00a0?<\/a><\/p>\n<p>Depuis le\u00a09\u00a0juin 2021, une classification des pays\u00a0et des modalit\u00e9s sp\u00e9cifiques d&rsquo;encadrement des d\u00e9placements vers la France sont d\u00e9finies en fonction de la\u00a0situation sanitaire et de la vaccination des voyageurs. Elles sont d\u00e9sign\u00e9es par des couleurs : rouge, vert et orange. Il est fortement recommand\u00e9 de<strong> ne pas <a href=\"http:\/\/www.affinite.fr\/index.php\/2023\/07\/29\/changer-de-vie-voyager-complement-de-retraite-devenez-vendeur-de-glace-a-litalienne\/\">voyager<\/a> vers les pays\/territoires class\u00e9s \u00ab\u00a0rouges\u00a0\u00bb <\/strong>pour des raisons sanitaires. Pour les autres pays, il faut\u00a0consulter les\u00a0Conseils aux voyageurs\u00a0pour la destination, afin de s&rsquo;assurer des conditions d&rsquo;entr\u00e9e et de s\u00e9jour en vigueur dans ce pays.<strong>\u00a0Depuis le 1er juillet, le \u00ab\u00a0pass europ\u00e9en\u00a0\u00bb\u00a0est entr\u00e9 en application<\/strong> dans tous les \u00c9tats membres.\u00a0<strong>Depuis le 17\u00a0juillet 2021, <\/strong>les contraintes pesant sur les voyageurs b\u00e9n\u00e9ficiant d&rsquo;un<strong> sch\u00e9ma vaccinal complet <\/strong>avec un vaccin reconnu par l&rsquo;Agence europ\u00e9enne du m\u00e9dicament ont \u00e9t\u00e9 lev\u00e9es, quel que soit le pays de provenance. Il reste toutefois fortement d\u00e9conseill\u00e9 de voyager vers un pays class\u00e9 \u00ab\u00a0rouge\u00a0\u00bb.<\/p>\n<section>\n<p>Le d\u00e9pistage du Covid-19 est r\u00e9alis\u00e9 en France par <strong>RT-PCT<\/strong>\u00a0(en laboratoire) et par tests <strong>antig\u00e9niques (pharmacie ou laboratoire) <\/strong>principalement. Ces <strong>deux tests sont reconnus comme pass sanitaire.<\/strong> Depuis le 11 f\u00e9vrier 2021, les <strong>tests salivaires<\/strong> sont d\u00e9ploy\u00e9s dans les\u00a0\u00e9tablissements scolaires et peuvent \u00eatre utilis\u00e9s en premi\u00e8re intention pour d\u00e9pister la Covid-19, conform\u00e9ment aux recommandations de la <a href=\"https:\/\/www.has-sante.fr\/maintenance\/index.html\" target=\"_blank\" rel=\"noopener\">HAS<\/a>. Depuis le 12 avril, des <strong>autotests <\/strong>Covid sont aussi disponibles en vente libre dans les pharmacies fran\u00e7aises (non rembours\u00e9) et peuvent \u00eatre utilis\u00e9s dans les \u00e9coles. Enfin, des <strong>tests s\u00e9rologiques <\/strong>peuvent \u00eatre r\u00e9alis\u00e9s en laboratoires (moins en pharmacie) pour avoir connaissance d&rsquo;une infection pass\u00e9e au Covid (ils ne sont pas rembours\u00e9s par la S\u00e9curit\u00e9 sociale).\u00a0<\/p>\n<p>Si au d\u00e9but, on ne parlait que de <strong>fi\u00e8vre<\/strong>, toux s\u00e8che, rhume, \u00e9tat grippal et de fatigue, les sympt\u00f4mes de l&rsquo;infection par le coronavirus ont \u00e9volu\u00e9. On sait d\u00e9sormais que le virus peut avoir des <strong>effets sur la peau<\/strong> (urticaire, l\u00e9sions inflammatoires sur les orteils), la sph\u00e8re digestive (vomissements, diarrh\u00e9es&#8230;), <strong>l&rsquo;odorat<\/strong>, le <strong>go\u00fbt <\/strong>et m\u00eame le cerveau.<em> <\/em><\/p>\n<p>\u2192<strong> Chaque personne pr\u00e9sentant des sympt\u00f4mes \u00e9vocateurs de COVID-19 doit s&rsquo;isoler imm\u00e9diatement et r\u00e9aliser un test diagnostique<\/strong> dans les plus brefs d\u00e9lais.<\/p>\n<p>\u2192<strong> <\/strong><strong>Appeler le\u00a015\u00a0en cas de\u00a0difficult\u00e9s respiratoires\u00a0: \u00ab\u00a0<\/strong><em>Si la toux et la\u00a0fi\u00e8vre s&rsquo;accompagnent d&rsquo;une g\u00eane respiratoire qui devient permanente avec souffle court, difficult\u00e9 \u00e0 inspirer et \u00e0 expirer, d&rsquo;une aggravation importante de la toux, cela peut signifier une \u00e9volution de la maladie sous la forme d&rsquo;une pneumopathie. Il s&rsquo;agit alors d&rsquo;une urgence respiratoire potentielle et comme dans tous les cas d&rsquo;urgence, il faut alors appeler le 15\u00a0qui prendra les meilleures dispositions pour r\u00e9pondre \u00e0 la situation\u00a0\u00bb, <\/em>pr\u00e9vient le Dr\u00a0Patrick Aub\u00e9, m\u00e9decin g\u00e9n\u00e9raliste. \u00a0<\/p>\n<div class=\"ccminsert\">\n<aside class=\"app_widget_fo app_widget_fo--list app_widget_fo--list-2-col\">\n<ul>\n<li>\n<h3>\n                    <a href=\"https:\/\/sante.journaldesfemmes.fr\/fiches-sante-du-quotidien\/2627657-perte-odorat-anosmie-symptome-covid-19-duree-definition-cause-traitement-reeducation\/\" class=\"jGTMWidgetGAEventClick\" data-gtmwidgetgaeventaction=\"clickWidgetListOnTwoColumns\" data-gtmwidgetgaeventlabel=\"Perte de l'odorat\u00a0(anosmie)\u00a0: sympt\u00f4mes du Covid, dur\u00e9e, r\u00e9\u00e9ducation\"><br \/>\n                        Perte de l&rsquo;odorat\u00a0(anosmie)\u00a0: sympt\u00f4mes du Covid, dur\u00e9e, r\u00e9\u00e9ducation<br \/>\n                    <\/a><br \/>\n                <\/h3>\n<\/li>\n<li>\n<h3>\n                    <a href=\"https:\/\/sante.journaldesfemmes.fr\/fiches-maladies\/2619471-grippe-ou-covid-19-symptomes-delta-tableau-comment-savoir-difference-fievre-vaccin\/\" class=\"jGTMWidgetGAEventClick\" data-gtmwidgetgaeventaction=\"clickWidgetListOnTwoColumns\" data-gtmwidgetgaeventlabel=\"Grippe ou Covid\u00a0: tableau des sympt\u00f4mes, diff\u00e9rences, vaccin\"><br \/>\n                        Grippe ou Covid\u00a0: tableau des sympt\u00f4mes, diff\u00e9rences, vaccin<br \/>\n                    <\/a><br \/>\n                <\/h3>\n<\/li>\n<li>\n<h3>\n                    <a href=\"https:\/\/sante.journaldesfemmes.fr\/fiches-maladies\/2676955-covid-19-ou-gastro-enterite-difference-symptomes-fievre-diarrhee-vomissement-que-faire-complications\/\" class=\"jGTMWidgetGAEventClick\" data-gtmwidgetgaeventaction=\"clickWidgetListOnTwoColumns\" data-gtmwidgetgaeventlabel=\"Covid\u00a0ou gastro-ent\u00e9rite\u00a0: sympt\u00f4mes, quelles diff\u00e9rences\u00a0?\"><br \/>\n                        Covid\u00a0ou gastro-ent\u00e9rite\u00a0: sympt\u00f4mes, quelles diff\u00e9rences\u00a0?<br \/>\n                    <\/a><br \/>\n                <\/h3>\n<\/li>\n<li>\n<h3>\n                    <a href=\"https:\/\/sante.journaldesfemmes.fr\/fiches-maladies\/2665621-angine-ou-covid-19-symptomes-delta-fievre-mal-gorge-test-difference-comment-savoir\/\" class=\"jGTMWidgetGAEventClick\" data-gtmwidgetgaeventaction=\"clickWidgetListOnTwoColumns\" data-gtmwidgetgaeventlabel=\"Angine ou Covid-19\u00a0: sympt\u00f4mes, diff\u00e9rences, comment savoir\u00a0?\"><br \/>\n                        Angine ou Covid-19\u00a0: sympt\u00f4mes, diff\u00e9rences, comment savoir\u00a0?<br \/>\n                    <\/a><br \/>\n                <\/h3>\n<\/li>\n<li>\n<h3>\n                    <a href=\"https:\/\/sante.journaldesfemmes.fr\/fiches-maladies\/2661241-rhume-ou-covid-19-delta-symptomes-tableau-differences-toux-nez-odorat-ecole-que-faire-bebe\/\" class=\"jGTMWidgetGAEventClick\" data-gtmwidgetgaeventaction=\"clickWidgetListOnTwoColumns\" data-gtmwidgetgaeventlabel=\"Rhume ou Covid-19\u00a0: sympt\u00f4mes, tableau, b\u00e9b\u00e9, que faire\u00a0?\"><br \/>\n                        Rhume ou Covid-19\u00a0: sympt\u00f4mes, tableau, b\u00e9b\u00e9, que faire\u00a0?<br \/>\n                    <\/a><br \/>\n                <\/h3>\n<\/li>\n<li>\n<h3>\n                    <a href=\"https:\/\/sante.journaldesfemmes.fr\/fiches-maladies\/2696267-covid-long-syndrome-symptomes-contagieux-fatigue-france-traitement-vaccin-pourcentage-jeunes\/\" class=\"jGTMWidgetGAEventClick\" data-gtmwidgetgaeventaction=\"clickWidgetListOnTwoColumns\" data-gtmwidgetgaeventlabel=\"Covid long\u00a0: pourcentage, jeunes, sympt\u00f4mes, traitement\"><br \/>\n                        Covid long\u00a0: pourcentage, jeunes, sympt\u00f4mes, traitement<br \/>\n                    <\/a><br \/>\n                <\/h3>\n<\/li>\n<li>\n<h3>\n                    <a href=\"https:\/\/sante.journaldesfemmes.fr\/fiches-maladies\/2625903-porteur-sain-covid-19-coronavirus-asymptomatique-definition-duree-isolement-anticorps-isolement-test\/\" class=\"jGTMWidgetGAEventClick\" data-gtmwidgetgaeventaction=\"clickWidgetListOnTwoColumns\" data-gtmwidgetgaeventlabel=\"Porteur sain Covid\u00a0(asymptomatique)\u00a0: d\u00e9finition, test, isolement\"><br \/>\n                        Porteur sain Covid\u00a0(asymptomatique)\u00a0: d\u00e9finition, test, isolement<br \/>\n                    <\/a><br \/>\n                <\/h3>\n<\/li>\n<li>\n<h3>\n                    <a href=\"https:\/\/sante.journaldesfemmes.fr\/fiches-maladies\/2701631-probleme-maladie-foie-covid-atteinte-cancer-complication-sequelles-symptomes-risque-vaccination\/\" class=\"jGTMWidgetGAEventClick\" data-gtmwidgetgaeventaction=\"clickWidgetListOnTwoColumns\" data-gtmwidgetgaeventlabel=\"Probl\u00e8me au foie et Covid\u00a0: risques, s\u00e9quelles, vaccination\"><br \/>\n                        Probl\u00e8me au foie et Covid\u00a0: risques, s\u00e9quelles, vaccination<br \/>\n                    <\/a><br \/>\n                <\/h3>\n<\/li>\n<li>\n<h3>\n                    <a href=\"https:\/\/sante.journaldesfemmes.fr\/fiches-maladies\/2701633-fievre-covid-duree-obligatoire-que-faire-que-prendre-combien-temperature\/\" class=\"jGTMWidgetGAEventClick\" data-gtmwidgetgaeventaction=\"clickWidgetListOnTwoColumns\" data-gtmwidgetgaeventlabel=\"Fi\u00e8vre et Covid\u00a0: dur\u00e9e, temp\u00e9rature, est-ce obligatoire\u00a0?\"><br \/>\n                        Fi\u00e8vre et Covid\u00a0: dur\u00e9e, temp\u00e9rature, est-ce obligatoire\u00a0?<br \/>\n                    <\/a><br \/>\n                <\/h3>\n<\/li>\n<li>\n<h3>\n                    <a href=\"https:\/\/sante.journaldesfemmes.fr\/fiches-maladies\/2626825-covid-ou-allergie-pollen-coronavirus-asthme-symptomes-toux-yeux-traitement\/\" class=\"jGTMWidgetGAEventClick\" data-gtmwidgetgaeventaction=\"clickWidgetListOnTwoColumns\" data-gtmwidgetgaeventlabel=\"Covid ou allergie au pollen\u00a0: sympt\u00f4mes, diff\u00e9rences, traitements\"><br \/>\n                        Covid ou allergie au pollen\u00a0: sympt\u00f4mes, diff\u00e9rences, traitements<br \/>\n                    <\/a><br \/>\n                <\/h3>\n<\/li>\n<\/ul>\n<\/aside>\n<\/div>\n<table border=\"1\" cellpadding=\"1\" cellspacing=\"1\" style=\"width:100%;\">\n<thead>\n<tr>\n<th scope=\"col\" style=\"text-align: center;\"><a id=\"date-cle-epidemie-covid-france-confinement\" name=\"date-cle-epidemie-covid-france-confinement\"><strong>DATES CL\u00c9S DE L&rsquo;\u00c9PID\u00c9MIE EN FRANCE<\/strong><\/a><\/th>\n<\/tr>\n<\/thead>\n<tbody>\n<tr>\n<td>\n<p><u><strong>2019<\/strong><\/u><\/p>\n<ul>\n<li><strong>31\u00a0d\u00e9cembre 2019,<\/strong> l&rsquo;Organisation mondiale de la Sant\u00e9 en Chine est inform\u00e9e de plusieurs cas de pneumonies dans la ville de Wuhan. 44\u00a0personnes sont infect\u00e9es entre cette date et le 3\u00a0janvier 2020.<\/li>\n<\/ul>\n<p><u><strong>2020<\/strong><\/u><\/p>\n<ul>\n<li><strong>7\u00a0janvier 2020, <\/strong>les autorit\u00e9s chinoises identifient un \u00ab\u00a0nouveau type de coronavirus\u00a0\u00bb.<\/li>\n<li><strong>13\u00a0janvier, <\/strong>un cas import\u00e9 est recens\u00e9 en Tha\u00eflande.<\/li>\n<li><strong>15\u00a0janvier<\/strong>, le virus cause\u00a0la mort d&rsquo;<strong>une premi\u00e8re\u00a0personne \u00e0 Wuhan<\/strong>, un homme de 69\u00a0ans.\u00a0<\/li>\n<li><strong>23\u00a0janvier,<\/strong> trois villes chinoises dont Wuhan sont plac\u00e9es en quarantaine.<\/li>\n<li><strong>25\u00a0janvier, trois personnes\u00a0contamin\u00e9es sont recens\u00e9es en France<\/strong>, deux \u00e0 Paris et une Bordeaux. Ce sont les premiers cas enregistr\u00e9s sur le continent europ\u00e9en.<\/li>\n<li><strong>30\u00a0janvier, <\/strong>l&rsquo;Organisation mondiale de la Sant\u00e9 <strong>d\u00e9cr\u00e8te\u00a0l&rsquo;<a href=\"https:\/\/sante.journaldesfemmes.fr\/fiches-maladies\/2608035-urgence-de-sante-publique-de-portee-internationale-definition-oms-coronavirus\/\" target=\"_blank\" rel=\"noopener\">urgence de sant\u00e9 mondiale<\/a><\/strong>.\u00a0Cette mesure n&rsquo;avait \u00e9t\u00e9 d\u00e9cr\u00e9t\u00e9e que 5\u00a0fois depuis sa cr\u00e9ation (pour Ebola (deux fois), la grippe H1N1, Zika et la poliomy\u00e9lite).\u00a0<\/li>\n<li><strong>23\u00a0f\u00e9vrier, <\/strong>la France d\u00e9clenche le <a href=\"https:\/\/sante.journaldesfemmes.fr\/fiches-maladies\/2622449-plan-orsan-reb-definition-signification-qui-declenche-coronavirus-definition-duree\/\" target=\"_blank\" rel=\"noopener\">plan ORSAN<\/a>, un dispositif exceptionnel d&rsquo;organisation des soins.<\/li>\n<li><strong>28\u00a0f\u00e9vrier,<\/strong> la France passe en stade 2\u00a0de l&rsquo;\u00e9pid\u00e9mie.<\/li>\n<li><strong>11\u00a0mars, <\/strong>l&rsquo;OMS classifie de <strong>pand\u00e9mie <\/strong>la diffusion de la maladie \u00e0 coronavirus Covid-19\u00a0dans le monde.\u00a0<\/li>\n<li><strong>12\u00a0mars<\/strong>, le pr\u00e9sident de la R\u00e9publique Emmanuel Macron annonce la fermeture nationale des cr\u00e8ches et \u00e9tablissements scolaires de France \u00e0 compter du 16\u00a0mars et \u00ab\u00a0jusqu&rsquo;\u00e0 nouvel ordre\u00a0\u00bb.<\/li>\n<li><strong>14\u00a0mars<\/strong>, la France passe au <a href=\"https:\/\/sante.journaldesfemmes.fr\/fiches-maladies\/2625289-coronavirus-covid-19-stade-1-2-3-4-duree-mesure-france-signification-quand\/\" target=\"_blank\" rel=\"noopener\"><strong>stade 3 <\/strong><\/a>de l&rsquo;\u00e9pid\u00e9mie.<\/li>\n<li><strong>16\u00a0mars\u00a0:\u00a0la France met en place un premier\u00a0confinement interdisant les d\u00e9placements.<\/strong><\/li>\n<li><strong>26\u00a0mars<\/strong>, un premier cas jeune meurt en France, une adolescente de 16\u00a0ans, en Ile-de-France originaire de Morsang-sur-Orge.<\/li>\n<li><strong>27\u00a0mars,<\/strong> le confinement de la population fran\u00e7aise est renouvel\u00e9 jusqu&rsquo;au 15\u00a0avril.<\/li>\n<li><strong>13\u00a0avril,<\/strong> Emmanuel Macron annonce le prolongement du confinement jusqu&rsquo;au 11\u00a0mai.<\/li>\n<li><strong>11\u00a0mai, la France commence son d\u00e9confinement.<\/strong><\/li>\n<li><strong>20\u00a0juillet,<\/strong>\u00a0le <strong>port du masque est rendu obligatoire <\/strong>dans les lieux publics clos en France.<\/li>\n<li><strong>17 octobre,<\/strong>\u00a0un <strong>couvre-feu <\/strong>est instaur\u00e9 dans 9 territoires fran\u00e7ais (Paris-Ile-de-France, Rouen, Grenoble, Lille, Lyon, Aix-Marseille, Montpellier, Saint-Etienne, Toulouse).<\/li>\n<li><strong>29 octobre<\/strong>\u00a0:<strong> un deuxi\u00e8me confinement est instaur\u00e9 en France.<\/strong><\/li>\n<li><strong>28 novembre : <\/strong>r\u00e9ouverture des commerces non essentiels un mois avant les f\u00eates de fin d&rsquo;ann\u00e9e.<\/li>\n<li><strong>15 d\u00e9cembre : d\u00e9confinement <\/strong>avec\u00a0couvre-feu de 20 heures \u00e0 6 heures du matin.<\/li>\n<li><strong>24 d\u00e9cembre<\/strong> <strong>: autorisation du vaccin Pfizer-BioNTech en France.<\/strong><\/li>\n<li><strong>27 d\u00e9cembre :<\/strong> d\u00e9but de la vaccination en France avec le vaccin Pfizer BioNTech.<\/li>\n<\/ul>\n<p><u><strong>2021<\/strong><\/u><\/p>\n<ul>\n<li><strong>8 janvier 2021<\/strong> <strong>:\u00a0autorisation du vaccin Moderna en France.<\/strong><\/li>\n<li><strong>31 janvier\u00a0<\/strong>: fermeture des fronti\u00e8res de la France\u00a0aux pays ext\u00e9rieurs \u00e0 l&rsquo;Union europ\u00e9enne<\/li>\n<li><strong>2 f\u00e9vrier<\/strong>\u00a0<strong>:\u00a0autorisation du vaccin AstraZeneca en France<\/strong>.<\/li>\n<li><strong>11 f\u00e9vrier : <\/strong>d\u00e9ploiement des tests salivaires dans les \u00e9tablissements scolaires.<\/li>\n<li><strong>12 mars :\u00a0autorisation du\u00a0vaccin\u00a0Johnson&amp;Johnson.<\/strong><\/li>\n<li><strong>16 mars <\/strong>: autorisation des autotests en France.<\/li>\n<li><strong>19 mars :<\/strong> confinement de 16 d\u00e9partements pour une dur\u00e9e de 4 semaines. Le couvre-feu repasse \u00e0 19 heures dans toute la France au lieu de 18 heures.<\/li>\n<li><strong>25 mars<\/strong> :\u00a0confinement de 3 nouveaux d\u00e9partements pour une dur\u00e9e de 4\u00a0semaines.<\/li>\n<li><strong>3 avril\u00a0: la France met en place son troisi\u00e8me confinement,<\/strong>\u00a0les \u00e9coles ferment pour trois semaines, les d\u00e9placements sont limit\u00e9s \u00e0 10 km.<\/li>\n<li><strong>12 avril :<\/strong> ouverture de la vaccination\u00a0\u00e0 tous les Fran\u00e7ais \u00e2g\u00e9s de\u00a055\u00a0ans ou plus.<\/li>\n<li><strong>3 mai : premi\u00e8re \u00e9tape du d\u00e9confinement <\/strong>avec la<strong>\u00a0<\/strong>fin de l&rsquo;attestation de d\u00e9placement et de la limitation des d\u00e9placements \u00e0 10 km. Le couvre-feu est en vigueur de 19h \u00e0 6h.<\/li>\n<li><strong>10 mai <\/strong>: ouverture de la vaccination aux plus de 50 ans.<\/li>\n<li><strong>19 mai :<\/strong>\u00a0deuxi\u00e8me \u00e9tape du d\u00e9confinement avec la r\u00e9ouverture des lieux essentiels ferm\u00e9s (terrasses des bars et restaurants, mus\u00e9es, cin\u00e9mas, th\u00e9\u00e2tres, commerces&#8230;) et couvre-feu de 21 h \u00e0 6 h.\u00a0<\/li>\n<li><strong>31 mai :<\/strong> ouverture de la vaccination \u00e0 toutes les personnes majeures, sans aucune condition.\u00a0<\/li>\n<li><strong>9 juin : <\/strong>troisi\u00e8me \u00e9tape du d\u00e9confinement avec la r\u00e9ouverture de plusieurs lieux (piscines, salles de sport, restaurants, bars, parcs d&rsquo;attractions&#8230;), la mise en place d&rsquo;un couvre-feu de 23h \u00e0 6h et du pass sanitaire national.\u00a0<\/li>\n<li><strong>17 juin <\/strong>: fin de l&rsquo;obligation de porter le masque en ext\u00e9rieur.<\/li>\n<li><strong>20 juin :<\/strong> fin du couvre-feu.<\/li>\n<li><strong>30 juin<\/strong> : d\u00e9confinement total de la France, suppression des jauges.<\/li>\n<li><strong>21\u00a0juillet<\/strong>\u00a0: Extension du<em>\u00a0<\/em>pass sanitaire \u00e0 tous les lieux de loisirs et de culture r\u00e9unissant plus de 50\u00a0personnes<\/li>\n<li><strong>9 ao\u00fbt <\/strong>: Extension du pass sanitaire\u00a0aux restaurants,\u00a0caf\u00e9s, bars, salons, foires, s\u00e9minaires, aux transports pour des d\u00e9placements longue distance, ainsi que pour rendre visite \u00e0 un proche \u00e0 l&rsquo;h\u00f4pital.<\/li>\n<li><strong>13 septembre :<\/strong> d\u00e9but de la campagne de rappel en Ehpad<\/li>\n<li><strong>15 septembre :<\/strong> d\u00e9but de l&rsquo;obligation vaccinale pour les soignants<\/li>\n<li><strong>30 septembre :<\/strong> extension du pass sanitaire pour les mineurs \u00e0 partir de 12 ans et deux mois.<\/li>\n<li><strong>15 octobre <\/strong>: fin de la gratuit\u00e9 des tests PCR et antig\u00e9niques.<\/li>\n<\/ul>\n<\/td>\n<\/tr>\n<\/tbody>\n<\/table>\n<p><em>Cet article est mis \u00e0 jour quotidiennement par <a href=\"https:\/\/www.journaldesfemmes.fr\/account\/ablaize-11409696\" target=\"_blank\" rel=\"noopener\">Aur\u00e9lie Blaize<\/a>\u00a0et\u00a0<a href=\"https:\/\/www.journaldesfemmes.fr\/account\/anaisthiebaux-10573564\" target=\"_blank\" rel=\"noopener\">Ana\u00efs Thi\u00e9baux<\/a>.<\/em><\/p>\n<\/section>\n<\/div>\n<p>[ad_2]<br \/>\n<br \/><a href=\"https:\/\/sante.journaldesfemmes.fr\/fiches-maladies\/2605417-covid-19-france-coronavirus-cas-chiffres-deces-direct-test-taux-incidence-3-doses-vaccin\/\">Source link <\/a><\/p>\n","protected":false},"excerpt":{"rendered":"<p>[ad_1] DIRECT CORONAVIRUS FRANCE. Le nombre de nouveaux cas a bondi de 10% depuis une semaine. Le risque d&rsquo;une reprise &hellip; <a href=\"http:\/\/www.affinite.fr\/index.php\/2021\/10\/20\/risque-dune-reprise-selon-le-gouvernement\/\" class=\"more-link\">Plus <span class=\"screen-reader-text\">\u00ab\u00a0risque d&rsquo;une reprise\u00a0\u00bb selon le gouvernement<\/span> <span class=\"meta-nav\">&rarr;<\/span><\/a><\/p>\n","protected":false},"author":1,"featured_media":6966,"comment_status":"open","ping_status":"open","sticky":false,"template":"","format":"standard","meta":{"_sitemap_exclude":false,"_sitemap_priority":"","_sitemap_frequency":"","footnotes":""},"categories":[1],"tags":[],"class_list":["post-6965","post","type-post","status-publish","format-standard","has-post-thumbnail","hentry","category-tous"],"_links":{"self":[{"href":"http:\/\/www.affinite.fr\/index.php\/wp-json\/wp\/v2\/posts\/6965"}],"collection":[{"href":"http:\/\/www.affinite.fr\/index.php\/wp-json\/wp\/v2\/posts"}],"about":[{"href":"http:\/\/www.affinite.fr\/index.php\/wp-json\/wp\/v2\/types\/post"}],"author":[{"embeddable":true,"href":"http:\/\/www.affinite.fr\/index.php\/wp-json\/wp\/v2\/users\/1"}],"replies":[{"embeddable":true,"href":"http:\/\/www.affinite.fr\/index.php\/wp-json\/wp\/v2\/comments?post=6965"}],"version-history":[{"count":0,"href":"http:\/\/www.affinite.fr\/index.php\/wp-json\/wp\/v2\/posts\/6965\/revisions"}],"wp:featuredmedia":[{"embeddable":true,"href":"http:\/\/www.affinite.fr\/index.php\/wp-json\/wp\/v2\/media\/6966"}],"wp:attachment":[{"href":"http:\/\/www.affinite.fr\/index.php\/wp-json\/wp\/v2\/media?parent=6965"}],"wp:term":[{"taxonomy":"category","embeddable":true,"href":"http:\/\/www.affinite.fr\/index.php\/wp-json\/wp\/v2\/categories?post=6965"},{"taxonomy":"post_tag","embeddable":true,"href":"http:\/\/www.affinite.fr\/index.php\/wp-json\/wp\/v2\/tags?post=6965"}],"curies":[{"name":"wp","href":"https:\/\/api.w.org\/{rel}","templated":true}]}}