{"id":695,"date":"2020-03-16T11:49:33","date_gmt":"2020-03-16T11:49:33","guid":{"rendered":"https:\/\/www.affinite.fr\/index.php\/2020\/03\/16\/cake-au-yuzu-et-ecorces-confites-de-yuzu\/"},"modified":"2020-03-16T11:49:33","modified_gmt":"2020-03-16T11:49:33","slug":"cake-au-yuzu-et-ecorces-confites-de-yuzu","status":"publish","type":"post","link":"http:\/\/www.affinite.fr\/index.php\/2020\/03\/16\/cake-au-yuzu-et-ecorces-confites-de-yuzu\/","title":{"rendered":"Cake au yuzu et \u00e9corces confites de yuzu"},"content":{"rendered":"<p> [ad_1]<br \/>\n<\/p>\n<div>\n<div class=\"photo-wrap photo-xid-6a00d8341c676f53ef0240a4a58fd5200c photo-full \" id=\"photo-xid-6a00d8341c676f53ef0240a4a58fd5200c\" style=\"display: block; margin-left: auto; margin-right: auto;\"><a class=\"asset-img-link\" href=\"https:\/\/scally.typepad.com\/.a\/6a00d8341c676f53ef0240a4a58fd5200c-pi\"><img decoding=\"async\" alt=\"Cake citron yuzu pascale weeks\" border=\"0\" class=\"asset  asset-image at-xid-6a00d8341c676f53ef0240a4a58fd5200c image-full img-responsive\" src=\"https:\/\/scally.typepad.com\/.a\/6a00d8341c676f53ef0240a4a58fd5200c-800wi\" title=\"Cake citron yuzu pascale weeks\"\/><\/a><\/p>\n<p>Cake au citron yuzu et \u00e9corces confites de yuzu<\/p>\n<\/div>\n<p>Je n\u2019aurais jamais imagin\u00e9 pouvoir un jour cuisiner avec du yuzu, cet agrume originaire d\u2019Asie et utilis\u00e9 depuis tr\u00e8s longtemps dans la cuisine japonaise et cor\u00e9enne.<\/p>\n<p>J\u2019ai eu la chance de revenir du Maroc avec quelques <a href=\"http:\/\/www.affinite.fr\/index.php\/2023\/07\/29\/valoriser-ses-invendus-une-demarche-ecologique-et-rentable-pour-les-marchands-de-fruits\/\">fruits<\/a> dans ma valise. C\u2019est la pleine saison en ce moment dans les vergers de <a href=\"https:\/\/www.lagrumiste.com\/\" rel=\"noopener noreferrer\" target=\"_blank\">l\u2019Agrumiste.<\/a><\/p>\n<p><a class=\"asset-img-link\" href=\"https:\/\/scally.typepad.com\/.a\/6a00d8341c676f53ef0240a4a58ff0200c-pi\" style=\"display: inline;\"><img decoding=\"async\" alt=\"Arbre yuzu verger agumiste deux\" border=\"0\" class=\"asset  asset-image at-xid-6a00d8341c676f53ef0240a4a58ff0200c image-full img-responsive\" src=\"https:\/\/scally.typepad.com\/.a\/6a00d8341c676f53ef0240a4a58ff0200c-800wi\" style=\"display: block; margin-left: auto; margin-right: auto;\" title=\"Arbre yuzu verger agumiste deux\"\/><\/a><\/p>\n<p>J\u2019ai beaucoup aim\u00e9 l\u2019arbuste sur lequel pousse le yuzu, cet agrume hybride entre la mandarine et le citron. Je le trouve tr\u00e8s raffin\u00e9 et je n\u2019ai pas arr\u00eat\u00e9 de prendre des photos \u00e0 plusieurs moments de la journ\u00e9e. Saviez vous que l\u2019on retire ses \u00e9pines afin de faciliter la cueillette \u00e0 la main ?<\/p>\n<p><a class=\"asset-img-link\" href=\"https:\/\/scally.typepad.com\/.a\/6a00d8341c676f53ef0240a4ceb748200d-pi\" style=\"display: inline;\"><img decoding=\"async\" alt=\"Arbre yuzu verger agumiste\" border=\"0\" class=\"asset  asset-image at-xid-6a00d8341c676f53ef0240a4ceb748200d image-full img-responsive\" src=\"https:\/\/scally.typepad.com\/.a\/6a00d8341c676f53ef0240a4ceb748200d-800wi\" style=\"display: block; margin-left: auto; margin-right: auto;\" title=\"Arbre yuzu verger agumiste\"\/><\/a><\/p>\n<p>Le yuzu a une couleur bien jaune \u00e0 la peau \u00e9paisse et non lisse. Il donne moins de jus qu\u2019un classique citron mais il a des saveurs plus intenses et plus complexes.<br \/>Le zeste est particuli\u00e8rement parfum\u00e9 et fruit\u00e9. Quand aux \u00e9corces, elles sont un concentr\u00e9 de saveurs.<\/p>\n<p><a class=\"asset-img-link\" href=\"https:\/\/scally.typepad.com\/.a\/6a00d8341c676f53ef0240a4ceb766200d-pi\" style=\"display: inline;\"><img decoding=\"async\" alt=\"Agrume yuzu ouvert\" border=\"0\" class=\"asset  asset-image at-xid-6a00d8341c676f53ef0240a4ceb766200d image-full img-responsive\" src=\"https:\/\/scally.typepad.com\/.a\/6a00d8341c676f53ef0240a4ceb766200d-800wi\" style=\"display: block; margin-left: auto; margin-right: auto;\" title=\"Agrume yuzu ouvert\"\/><\/a><\/p>\n<p>On utilise tout dans le yuzu : le jus et le zeste (dans un cake pour moi) et l&rsquo;\u00e9corce que l\u2019on peut faire s\u00e9cher ou confire. C\u2019est le citron chouchou des chefs p\u00e2tissiers ou cuisiniers depuis une quinzaine d\u2019ann\u00e9es en France (voir plus pour certains) mais il est populaire depuis longtemps en Asie.<\/p>\n<p>J\u2019\u00e9tais super heureuse de transformer mon cake au citron en cake au yuzu, souvenir de ces ann\u00e9es o\u00f9 seul le le jus se trouvait dans les \u00e9piceries japonaises de la rue Saint-Anne, vendu \u00e0 prix d\u2019or. Le temps passe, les choses changent.<\/p>\n<p><span style=\"text-decoration: underline;\"><strong>Cake au yuzu et \u00e9corces de yuzu confites<\/strong><\/span><\/p>\n<p><strong>Pour la p\u00e2te<\/strong><\/p>\n<ul>\n<li>3 yuzus<\/li>\n<p>&#13;<\/p>\n<li>1 citron<\/li>\n<p>&#13;<\/p>\n<li>3 \u0153ufs<\/li>\n<p>&#13;<\/p>\n<li>160 g de sucre plus 15 g pour le sirop<\/li>\n<p>&#13;<\/p>\n<li>95 g de cr\u00e8me liquide enti\u00e8re<\/li>\n<p>&#13;<\/p>\n<li>185 g de farine<\/li>\n<p>&#13;<\/p>\n<li>1 c. \u00e0 caf\u00e9 de levure chimique<\/li>\n<p>&#13;<\/p>\n<li>65 g de beurre fondu<\/li>\n<p>&#13;<\/p>\n<li>3 pinc\u00e9es de fleur de sel<\/li>\n<p>&#13;\n<\/ul>\n<p><strong>Pour les \u00e9corces de yuzu confites<\/strong><\/p>\n<ul>\n<li>Les \u00e9corces des 3 yuzus utilis\u00e9s pour le cake, soit environ 250 g d&rsquo;\u00e9corces<\/li>\n<p>&#13;<\/p>\n<li>125 g de sucre<\/li>\n<p>&#13;<\/p>\n<li>15 cl d\u2019eau (150 g )<\/li>\n<p>&#13;\n<\/ul>\n<p>Beurrez un moule \u00e0 cake puis tapissez-le de papier cuisson. <br \/>Versez le sucre (160 g) dans un grand bol.<br \/>Lavez les yuzus et pr\u00e9levez les zestes directement au dessus du sucre \u00e0 l\u2019aide d\u2019une r\u00e2pe microplane.<br \/>M\u00e9langez de suite afin \u201cd\u2019emprisonner\u201d les huiles essentielles.<br \/>Pr\u00e9levez le jus des yuzus. Comptez 40 g pour le sirop et 50 g pour le cake.<br \/>Compl\u00e9tez avec le jus de citron car le yuzu ne donne pas beaucoup de jus.<\/p>\n<p><strong>Commencez la pr\u00e9paration des \u00e9corces<\/strong>. J\u2019ai utilis\u00e9 une m\u00e9thode rapide qui donne de tr\u00e8s bons r\u00e9sultats avec le yuzu. <br \/>Avec les oranges, je vous invite \u00e0 suivre la recette des <a href=\"https:\/\/www.jujube-en-cuisine.fr\/ecorces-doranges-confites\/\" rel=\"noopener noreferrer\" target=\"_blank\">\u00e9corces d&rsquo;oranges confites de Juliette<\/a>.<\/p>\n<p>Coupez chaque demi yuzu en deux puis retirez les membranes qui restent apr\u00e8s le pressage..<br \/>Coupez les \u00e9corces en lani\u00e8res et mettez les dans une casserole.<br \/>Recouvrez avec de l\u2019eau, portez \u00e0 \u00e9bullition, \u00e9gouttez, rincez, recouvrez \u00e0 nouveau d\u2019eau froide et portez \u00e0 \u00e9bullition .<br \/>Faites cette op\u00e9ration 4 fois au total puis rincez les \u00e9corces.<br \/>Remettez-les dans la casserole avec le sucre et l\u2019eau et portez \u00e0 \u00e9bullition.<br \/>Baissez le feu et laissez mijoter sur feu entre doux et moyen.<br \/>Le sirop va devenir plus sirupeux puis \u00e9paissir..<br \/>Quand il ne reste presque plus de liquide, versez les \u00e9corces sur une plaque recouverte de papier cuisson et laissez refroidir.<\/p>\n<p><a class=\"asset-img-link\" href=\"https:\/\/scally.typepad.com\/.a\/6a00d8341c676f53ef0240a4a59030200c-pi\" style=\"display: inline;\"><img decoding=\"async\" alt=\"Ecorce yuzu confit\" border=\"0\" class=\"asset  asset-image at-xid-6a00d8341c676f53ef0240a4a59030200c image-full img-responsive\" src=\"https:\/\/scally.typepad.com\/.a\/6a00d8341c676f53ef0240a4a59030200c-800wi\" style=\"display: block; margin-left: auto; margin-right: auto;\" title=\"Ecorce yuzu confit\"\/><\/a><\/p>\n<p><strong>Pendant la pr\u00e9paration des \u00e9corces confites, continuez le cake.<\/strong><br \/>Ajoutez les \u0153ufs dans le sucre aux zestes, fouettez, ajoutez la cr\u00e8me et fouettez.<br \/>Ajoutez la farine, la levure et le sel et fouettez d\u00e9licatement juste assez pour ne plus voir la farine <br \/>Ajoutez le beurre fondu et ti\u00e9di \u00e0 37 degr\u00e9s et fouettez.<br \/>Ajoutez le jus de yuzu\/citron (50 g) et fouettez.<br \/>Versez dans le moule et enfournez pour une quarantaine de minutes \u00e0 165\u00b0C.<\/p>\n<p>Faites chauffer le reste de jus de yuzu\/citron (40 g) avec le sucre (15 g) et badigeonnez le cake d\u00e8s la sortie du four avec ce sirop.<br \/>D\u00e9moulez sur une grille et d\u00e9corez avec les \u00e9corces de yuzu confites.<\/p>\n<p>Ce cake se conserve tr\u00e8s bien pendant 5 jours bien emball\u00e9. Nous l\u2019avons beaucoup appr\u00e9ci\u00e9 tout au long de la semaine derni\u00e8re. Il est tr\u00e8s parfum\u00e9 et moelleux, j\u2019adore.<\/p>\n<\/p><\/div>\n<p><script>\nwindow.fbAsyncInit = function() {\n    FB.init( { apiKey: 'a279adbe87e2b3c505e777af99a5260d', xfbml: true, version: 'v2.8' } );\n};\n( function() {\n    var e = document.createElement( 'script' ); e.async = true;\n    e.src = document.location.protocol + '\/\/connect.facebook.net\/en_US\/sdk.js';\n    document.getElementById( 'fb-root' ).appendChild( e );\n} )();\n<\/script><br \/>\n<br \/>[ad_2]<br \/>\n<br \/><a href=\"https:\/\/scally.typepad.com\/cest_moi_qui_lai_fait\/2019\/12\/cake-yuzu-ecorces-confites-yuzu-.html\">Source link <\/a><\/p>\n","protected":false},"excerpt":{"rendered":"<p>[ad_1] Cake au citron yuzu et \u00e9corces confites de yuzu Je n\u2019aurais jamais imagin\u00e9 pouvoir un jour cuisiner avec du &hellip; <a href=\"http:\/\/www.affinite.fr\/index.php\/2020\/03\/16\/cake-au-yuzu-et-ecorces-confites-de-yuzu\/\" class=\"more-link\">Plus <span class=\"screen-reader-text\">Cake au yuzu et \u00e9corces confites de yuzu<\/span> <span class=\"meta-nav\">&rarr;<\/span><\/a><\/p>\n","protected":false},"author":1,"featured_media":696,"comment_status":"open","ping_status":"open","sticky":false,"template":"","format":"standard","meta":{"_sitemap_exclude":false,"_sitemap_priority":"","_sitemap_frequency":"","footnotes":""},"categories":[1],"tags":[],"class_list":["post-695","post","type-post","status-publish","format-standard","has-post-thumbnail","hentry","category-tous"],"_links":{"self":[{"href":"http:\/\/www.affinite.fr\/index.php\/wp-json\/wp\/v2\/posts\/695"}],"collection":[{"href":"http:\/\/www.affinite.fr\/index.php\/wp-json\/wp\/v2\/posts"}],"about":[{"href":"http:\/\/www.affinite.fr\/index.php\/wp-json\/wp\/v2\/types\/post"}],"author":[{"embeddable":true,"href":"http:\/\/www.affinite.fr\/index.php\/wp-json\/wp\/v2\/users\/1"}],"replies":[{"embeddable":true,"href":"http:\/\/www.affinite.fr\/index.php\/wp-json\/wp\/v2\/comments?post=695"}],"version-history":[{"count":0,"href":"http:\/\/www.affinite.fr\/index.php\/wp-json\/wp\/v2\/posts\/695\/revisions"}],"wp:featuredmedia":[{"embeddable":true,"href":"http:\/\/www.affinite.fr\/index.php\/wp-json\/wp\/v2\/media\/696"}],"wp:attachment":[{"href":"http:\/\/www.affinite.fr\/index.php\/wp-json\/wp\/v2\/media?parent=695"}],"wp:term":[{"taxonomy":"category","embeddable":true,"href":"http:\/\/www.affinite.fr\/index.php\/wp-json\/wp\/v2\/categories?post=695"},{"taxonomy":"post_tag","embeddable":true,"href":"http:\/\/www.affinite.fr\/index.php\/wp-json\/wp\/v2\/tags?post=695"}],"curies":[{"name":"wp","href":"https:\/\/api.w.org\/{rel}","templated":true}]}}