{"id":6945,"date":"2021-10-14T09:10:48","date_gmt":"2021-10-14T09:10:48","guid":{"rendered":"https:\/\/www.affinite.fr\/index.php\/2021\/10\/14\/lucas-hernandez-ira-t-il-en-prison\/"},"modified":"2021-10-14T09:10:48","modified_gmt":"2021-10-14T09:10:48","slug":"lucas-hernandez-ira-t-il-en-prison","status":"publish","type":"post","link":"http:\/\/www.affinite.fr\/index.php\/2021\/10\/14\/lucas-hernandez-ira-t-il-en-prison\/","title":{"rendered":"Lucas Hernandez ira-t-il en prison\u00a0?"},"content":{"rendered":"<p> [ad_1]<br \/>\n<br \/><img decoding=\"async\" src=\"https:\/\/img-3.journaldesfemmes.fr\/_ABxoNo81BTwqovDJkc5NxImVuQ=\/1280x\/smart\/3b1c114d43fe465486d4479dc85197f3\/ccmcms-jdf\/28704264.jpg\" \/><\/p>\n<p>\n                La justice espagnole est en col\u00e8re. Lucas Hernandez est convoqu\u00e9 devant le tribunal correctionnel de Madrid afin que lui soit notifi\u00e9e une ordonnance d&rsquo;incarc\u00e9ration. En cause, une affaire qui remonte \u00e0 il y a quatre ans. Le d\u00e9fenseur du Bayern Munich disposera alors de dix jours pour entrer dans le centre p\u00e9nitentiaire de son choix\u2026            <\/p>\n<div>\n<p>Le vainqueur de la ligue des nations avec l&rsquo;\u00e9quipe de France est dans la tourmente. <strong>Condamn\u00e9 par la justice espagnole en 2019\u00a0\u00e0 six mois de prison pour non-respect d&rsquo;une mesure d&rsquo;\u00e9loignement envers sa compagne, le fran\u00e7ais s&rsquo;est vu rattrap\u00e9 par l&rsquo;affaire. <\/strong>Mercredi 13\u00a0octobre, le<strong> tribunal correctionnel de Madrid a somm\u00e9 Lucas Hernandez de se rendre au tribunal afin que lui soit signifi\u00e9e une peine d&#8217;emprisonnement<\/strong>.<br \/>Selon le quotidien espagnol <em>AS<\/em>, le tribunal aurait envoy\u00e9 une l<strong>ettre d&rsquo;assignation \u00e0 comparaitre pour le 19\u00a0octobre \u00e0 11h afin que le joueur du Bayern soit incarc\u00e9r\u00e9, le temps de son appel.<\/strong><\/p>\n<div class=\"ccminsert\">\n<blockquote class=\"twitter-tweet\">\n<p dir=\"ltr\" lang=\"es\">\u00daLTIMA HORA<br \/>El Juzgado de lo Penal N32 de Madrid cita a Lucas Hern\u00e1ndez para que el d\u00eda 19 de octubre se persone para elegir el Centro Penitenciario en el que ingresar <a href=\"https:\/\/twitter.com\/diarioas\/status\/1448269367288991757\/photo\/1\">pic.twitter.com\/ynuKMESqRr<\/a><\/p>\n<p>\u2014 Diario AS (@diarioas) <a href=\"https:\/\/twitter.com\/diarioas\/status\/1448269367288991757?ref_src=twsrc%5Etfw\">October 13, 2021<\/a><\/p><\/blockquote>\n<\/div>\n<h2><strong>Des faits de violence domestique<\/strong><\/h2>\n<p>Les faits remontent au mois de f\u00e9vrier 2017. <strong>Lucas Hernadez et sa femme, Amelia de la Osa Lorente, sont accus\u00e9s de \u00ab\u00a0d\u00e9lit de violence domestique\u00a0\u00bb pour avoir \u00e9chang\u00e9 coups et griffures en pleine rue<\/strong>.<br \/>Le couple \u00e9cope d&rsquo;une peine de <strong>21\u00a0jours d&rsquo;int\u00e9r\u00eat g\u00e9n\u00e9ral assortie d&rsquo;une ordonnance d&rsquo;\u00e9loignement mutuel de six mois.<\/strong> Mais les tourtereaux font fi de cette ordonnance et <strong>s&rsquo;envolent en lune de miel \u00e0 Miami au mois de juin de la m\u00eame ann\u00e9e<\/strong>, soit moins de quatre mois apr\u00e8s la d\u00e9cision. <strong>Lucas Hernandez est d&rsquo;ailleurs arr\u00eat\u00e9 d\u00e8s son retour \u00e0 l&rsquo;a\u00e9roport de Madrid pour non-respect de l&rsquo;ordre du juge.<\/strong><br \/>Le champion du monde 2018\u00a0est alors condamn\u00e9 \u00e0 un an d&#8217;emprisonnement. Depuis, les appels successifs ont tous \u00e9t\u00e9 rejet\u00e9s.<\/p>\n<h2><strong>Lucas Hernandez attendu le 19\u00a0octobre devant le tribunal espagnol<\/strong><\/h2>\n<p>Lucas Hernandez est attendu par la justice espagnole le 19\u00a0octobre prochain. <strong>C&rsquo;est en prison que le d\u00e9fenseur des bleus devra patienter <\/strong>le temps que le verdict concernant son appel tombe.<\/p>\n<p>Actuellement en Allemagne o\u00f9 il \u00e9volue pour le club du Bayern Munich, il sera tenu d&rsquo;\u00eatre pr\u00e9sent \u00e0 Madrid le 19\u00a0octobre prochain <strong>sous peine d&rsquo;\u00eatre consid\u00e9r\u00e9 comme fugitif<\/strong>. Le ballon est d\u00e9sormais dans le camp de la justice espagnole\u2026<\/p>\n<\/p><\/div>\n<p><script async src=\"http:\/\/platform.twitter.com\/widgets.js\" charset=\"utf-8\"><\/script><br \/>\n<br \/>[ad_2]<br \/>\n<br \/><a href=\"https:\/\/www.journaldesfemmes.fr\/societe\/2751279-lucas-hernandez-football-prison-espagne\/\">Source link <\/a><\/p>\n","protected":false},"excerpt":{"rendered":"<p>[ad_1] La justice espagnole est en col\u00e8re. Lucas Hernandez est convoqu\u00e9 devant le tribunal correctionnel de Madrid afin que lui &hellip; <a href=\"http:\/\/www.affinite.fr\/index.php\/2021\/10\/14\/lucas-hernandez-ira-t-il-en-prison\/\" class=\"more-link\">Plus <span class=\"screen-reader-text\">Lucas Hernandez ira-t-il en prison\u00a0?<\/span> <span class=\"meta-nav\">&rarr;<\/span><\/a><\/p>\n","protected":false},"author":1,"featured_media":6946,"comment_status":"open","ping_status":"open","sticky":false,"template":"","format":"standard","meta":{"_sitemap_exclude":false,"_sitemap_priority":"","_sitemap_frequency":"","footnotes":""},"categories":[1],"tags":[],"class_list":["post-6945","post","type-post","status-publish","format-standard","has-post-thumbnail","hentry","category-tous"],"_links":{"self":[{"href":"http:\/\/www.affinite.fr\/index.php\/wp-json\/wp\/v2\/posts\/6945"}],"collection":[{"href":"http:\/\/www.affinite.fr\/index.php\/wp-json\/wp\/v2\/posts"}],"about":[{"href":"http:\/\/www.affinite.fr\/index.php\/wp-json\/wp\/v2\/types\/post"}],"author":[{"embeddable":true,"href":"http:\/\/www.affinite.fr\/index.php\/wp-json\/wp\/v2\/users\/1"}],"replies":[{"embeddable":true,"href":"http:\/\/www.affinite.fr\/index.php\/wp-json\/wp\/v2\/comments?post=6945"}],"version-history":[{"count":0,"href":"http:\/\/www.affinite.fr\/index.php\/wp-json\/wp\/v2\/posts\/6945\/revisions"}],"wp:featuredmedia":[{"embeddable":true,"href":"http:\/\/www.affinite.fr\/index.php\/wp-json\/wp\/v2\/media\/6946"}],"wp:attachment":[{"href":"http:\/\/www.affinite.fr\/index.php\/wp-json\/wp\/v2\/media?parent=6945"}],"wp:term":[{"taxonomy":"category","embeddable":true,"href":"http:\/\/www.affinite.fr\/index.php\/wp-json\/wp\/v2\/categories?post=6945"},{"taxonomy":"post_tag","embeddable":true,"href":"http:\/\/www.affinite.fr\/index.php\/wp-json\/wp\/v2\/tags?post=6945"}],"curies":[{"name":"wp","href":"https:\/\/api.w.org\/{rel}","templated":true}]}}