{"id":6941,"date":"2021-10-13T09:02:59","date_gmt":"2021-10-13T09:02:59","guid":{"rendered":"https:\/\/www.affinite.fr\/index.php\/2021\/10\/13\/une-bebe-box-distribuee-aux-jeunes-parents-des-2022\/"},"modified":"2021-10-13T09:02:59","modified_gmt":"2021-10-13T09:02:59","slug":"une-bebe-box-distribuee-aux-jeunes-parents-des-2022","status":"publish","type":"post","link":"http:\/\/www.affinite.fr\/index.php\/2021\/10\/13\/une-bebe-box-distribuee-aux-jeunes-parents-des-2022\/","title":{"rendered":"Une b\u00e9b\u00e9 box distribu\u00e9e aux jeunes parents d\u00e8s 2022"},"content":{"rendered":"<p> [ad_1]<br \/>\n<br \/><img decoding=\"async\" src=\"https:\/\/img-3.journaldesfemmes.fr\/EybHBiGFtCUxBHvYgFYgQh0lsuA=\/1280x\/smart\/c765c9e0f6d248c389261bc1d3d81772\/ccmcms-jdf\/28679064.jpg\" \/><\/p>\n<p>\n                Le minist\u00e8re des Solidarit\u00e9s et de la Sant\u00e9 a annonc\u00e9 que des \u00ab\u00a0b\u00e9b\u00e9s box\u00a0\u00bb seront offertes \u00e0 la naissance dans les maternit\u00e9s, pour les jeunes parents des zones prioritaires, d\u00e8s f\u00e9vrier 2022. Que vont-elles contenir\u00a0?            <\/p>\n<div>\n<p><strong>D\u00e8s f\u00e9vrier 2022, pr\u00e8s de 180.000 \u00ab\u00a0<a href=\"https:\/\/www.journaldesfemmes.fr\/maman\/bebe\/\" title=\"B\u00e9b\u00e9s\">b\u00e9b\u00e9<\/a> box\u00a0\u00bb seront distribu\u00e9es dans les maternit\u00e9s des communes qui ont des quartiers prioritaires ou celles de revitalisation rurale,<\/strong> a fait savoir le\u00a0secr\u00e9tariat d&rsquo;Etat \u00e0 l&rsquo;Enfance ce 12\u00a0octobre. L&rsquo;occasion de faire passer des messages de pr\u00e9vention aux jeunes parents \u00e0 la naissance de leur nouveau-n\u00e9. <strong>\u00ab\u00a0<\/strong><em><strong>Chaque objet v\u00e9hicule et symbolise un message qui a vocation \u00e0 aider les parents<\/strong>. Il servira de support au dialogue avec les familles \u00e0 la maternit\u00e9<\/em>\u00a0\u00bb a pr\u00e9cis\u00e9 le cabinet du secr\u00e9taire d&rsquo;Etat Adrien Taquet sur <a href=\"https:\/\/www.huffingtonpost.fr\/entry\/que-contiendra-la-bebe-box-distribuee-aux-jeunes-parents_fr_616412c7e4b06a986bd1a40d\" target=\"_blank\" rel=\"noopener\">France Info<\/a>. Inspir\u00e9e par la Finlande, cette b\u00e9b\u00e9 box version fran\u00e7aise contiendra diff\u00e9rents objets : chacun symbolisera un message destin\u00e9 \u00e0 aider les parents, aussi bien sur l&rsquo;<a href=\"https:\/\/www.journaldesfemmes.fr\/maman\/guide-bebe\/2548408-allaitement\/\" title=\"Allaiter b\u00e9b\u00e9\">allaitement<\/a>, le biberon, les allergies, ou encore la diversification alimentaire et un petit livret y sera gliss\u00e9 \u00e0 l&rsquo;int\u00e9rieur.<\/p>\n<h2>Que contiendra la b\u00e9b\u00e9 box ?<\/h2>\n<ul>\n<li><strong>Une gigoteuse :<\/strong> pour expliquer comment coucher b\u00e9b\u00e9 afin d&rsquo;\u00e9viter les risques de <a href=\"https:\/\/www.journaldesfemmes.fr\/maman\/guide-bebe\/2555552-mort-subite-du-nourrisson\/\" title=\"Msn\">mort subite du nourrisson<\/a>.\u00a0Cette turbulette <em>\u00ab\u00a0sera accompagn\u00e9e d&rsquo;un message de sant\u00e9 publique : il est moins \u00e0 risque pour le b\u00e9b\u00e9 de dormir dans une turbulette qu&rsquo;avec quelque chose qui pourrait recouvrir son visage. Et il faut le coucher sur le dos<\/em>\u00ab\u00a0, explique le minist\u00e8re au\u00a0<a href=\"https:\/\/www.huffingtonpost.fr\/entry\/que-contiendra-la-bebe-box-distribuee-aux-jeunes-parents_fr_616412c7e4b06a986bd1a40d\" target=\"_blank\" rel=\"noopener\">HuffPost<\/a>.<\/li>\n<li><strong>Un <a href=\"http:\/\/www.affinite.fr\/index.php\/2023\/08\/24\/lart-de-la-glace-transforme-en-business-la-vision-unique-de-fabien-gris\/\">livre<\/a> pour enfant : <\/strong>pour inciter les parents \u00e0 sensibiliser leur b\u00e9b\u00e9 \u00e0 l&rsquo;\u00e9veil artistique et culturel, \u00e0 interagir avec lui et \u00e0 lui lire des histoires.<\/li>\n<li><strong>Un bavoir et un savon neutre :<\/strong> pour mettre en avant les gammes de produits naturels et sensibiliser les parents aux perturbateurs endocriniens ou autres produits chimiques<\/li>\n<li><strong>Un produit hydratant pour la maman :<\/strong> pour l&rsquo;inciter \u00e0 prendre soin d&rsquo;elle apr\u00e8s la naissance de b\u00e9b\u00e9 et prendre du temps pour elle.<\/li>\n<\/ul>\n<p>Le gouvernement a par ailleurs opt\u00e9 pour <strong>un sac en bandouli\u00e8re plut\u00f4t qu&rsquo;un colis en bo\u00eete.<\/strong>\u00a0Il s&rsquo;agit ainsi d&rsquo;une \u00ab\u00a0invitation \u00e0 sortir, (&#8230;) \u00e0 aller faire du sport ou des activit\u00e9s \u00e0 l&rsquo;ext\u00e9rieur, et \u00e0 ne pas s&rsquo;oublier en tant que parent\u00a0\u00bb. Enfin, les objets de la box b\u00e9b\u00e9 seront mixtes, Adrien Taquet s&rsquo;\u00e9tant engag\u00e9 sur la charte des jouets non genr\u00e9s.<\/p>\n<h2>Les b\u00e9b\u00e9s box bient\u00f4t distribu\u00e9es \u00e0 tous les parents\u00a0?<\/h2>\n<p><strong>\u00ab\u00a0<em>Les 6\u00a0premiers mois, jusqu&rsquo;en ao\u00fbt inclus, les trois-quart des maternit\u00e9s fran\u00e7aises vont \u00eatre concern\u00e9es, ce qui repr\u00e9sente environ 180.000\u00a0box distribu\u00e9es<\/em><\/strong><em>\u00ab\u00a0<\/em> a pr\u00e9cis\u00e9 le minist\u00e8re. Si elles concernent au d\u00e9part les maternit\u00e9s des zones prioritaires, ce dispositif pourrait \u00eatre ensuite\u00a0\u00e9tendu \u00e0 l&rsquo;ensemble du territoire, apr\u00e8s une \u00e9valuation qui aura lieu l&rsquo;\u00e9t\u00e9 prochain. D&rsquo;ici fin 2022, ce sont ainsi 250.000 b\u00e9b\u00e9 box qui devraient \u00eatre distribu\u00e9es aux jeunes parents et toutes les maternit\u00e9s de France pourraient \u00eatre concern\u00e9es d&rsquo;ici 2023.<\/p>\n<\/p><\/div>\n<p>[ad_2]<br \/>\n<br \/><a href=\"https:\/\/www.journaldesfemmes.fr\/maman\/bebe\/2750949-bebe-box-naissance-jeunes-parents-2022\/\">Source link <\/a><\/p>\n","protected":false},"excerpt":{"rendered":"<p>[ad_1] Le minist\u00e8re des Solidarit\u00e9s et de la Sant\u00e9 a annonc\u00e9 que des \u00ab\u00a0b\u00e9b\u00e9s box\u00a0\u00bb seront offertes \u00e0 la naissance &hellip; <a href=\"http:\/\/www.affinite.fr\/index.php\/2021\/10\/13\/une-bebe-box-distribuee-aux-jeunes-parents-des-2022\/\" class=\"more-link\">Plus <span class=\"screen-reader-text\">Une b\u00e9b\u00e9 box distribu\u00e9e aux jeunes parents d\u00e8s 2022<\/span> <span class=\"meta-nav\">&rarr;<\/span><\/a><\/p>\n","protected":false},"author":1,"featured_media":6942,"comment_status":"open","ping_status":"open","sticky":false,"template":"","format":"standard","meta":{"_sitemap_exclude":false,"_sitemap_priority":"","_sitemap_frequency":"","footnotes":""},"categories":[1],"tags":[],"class_list":["post-6941","post","type-post","status-publish","format-standard","has-post-thumbnail","hentry","category-tous"],"_links":{"self":[{"href":"http:\/\/www.affinite.fr\/index.php\/wp-json\/wp\/v2\/posts\/6941"}],"collection":[{"href":"http:\/\/www.affinite.fr\/index.php\/wp-json\/wp\/v2\/posts"}],"about":[{"href":"http:\/\/www.affinite.fr\/index.php\/wp-json\/wp\/v2\/types\/post"}],"author":[{"embeddable":true,"href":"http:\/\/www.affinite.fr\/index.php\/wp-json\/wp\/v2\/users\/1"}],"replies":[{"embeddable":true,"href":"http:\/\/www.affinite.fr\/index.php\/wp-json\/wp\/v2\/comments?post=6941"}],"version-history":[{"count":0,"href":"http:\/\/www.affinite.fr\/index.php\/wp-json\/wp\/v2\/posts\/6941\/revisions"}],"wp:featuredmedia":[{"embeddable":true,"href":"http:\/\/www.affinite.fr\/index.php\/wp-json\/wp\/v2\/media\/6942"}],"wp:attachment":[{"href":"http:\/\/www.affinite.fr\/index.php\/wp-json\/wp\/v2\/media?parent=6941"}],"wp:term":[{"taxonomy":"category","embeddable":true,"href":"http:\/\/www.affinite.fr\/index.php\/wp-json\/wp\/v2\/categories?post=6941"},{"taxonomy":"post_tag","embeddable":true,"href":"http:\/\/www.affinite.fr\/index.php\/wp-json\/wp\/v2\/tags?post=6941"}],"curies":[{"name":"wp","href":"https:\/\/api.w.org\/{rel}","templated":true}]}}