{"id":6912,"date":"2021-10-07T06:52:45","date_gmt":"2021-10-07T06:52:45","guid":{"rendered":"https:\/\/www.affinite.fr\/index.php\/2021\/10\/07\/tarte-bourdaloue-poire-et-amande-il-etait-une-fois-la-patisserie\/"},"modified":"2021-10-07T06:52:45","modified_gmt":"2021-10-07T06:52:45","slug":"tarte-bourdaloue-poire-et-amande-il-etait-une-fois-la-patisserie","status":"publish","type":"post","link":"http:\/\/www.affinite.fr\/index.php\/2021\/10\/07\/tarte-bourdaloue-poire-et-amande-il-etait-une-fois-la-patisserie\/","title":{"rendered":"Tarte bourdaloue &#8211; Poire et amande : Il \u00e9tait une fois la p\u00e2tisserie"},"content":{"rendered":"<p> [ad_1]<br \/>\n<\/p>\n<div style=\"text-align: left;\">\n<div class=\"block\" style=\"clear: both; text-align: center;\"><a href=\"https:\/\/www.iletaitunefoislapatisserie.com\/2021\/10\/tarte-bourdaloue-poire-et-amande.html\" style=\"margin-left: 1em; margin-right: 1em;\"><img decoding=\"async\" alt=\"recette-tarte-bourdaloue\" border=\"0\" class=\"photo\" data-original-height=\"1024\" data-original-width=\"1352\" src=\"https:\/\/1.bp.blogspot.com\/-y-31GpWh3RY\/YVh1alFMBKI\/AAAAAAABb_4\/pl57kJGJtiMKnwZDLF0yxpXrR6DZ5F1zQCLcBGAsYHQ\/s16000\/tarte-bourdaloue-recette.jpg\" title=\"recette tarte bourdaloue\" width=\"100%\"\/><\/a><\/div>\n<p><a name=\"more\"\/><br \/>La <b>tarte Bourdaloue<\/b> est compos\u00e9e d&rsquo;une <a href=\"https:\/\/www.google.com\/url?sa=t&amp;rct=j&amp;q=&amp;esrc=s&amp;source=web&amp;cd=&amp;cad=rja&amp;uact=8&amp;ved=2ahUKEwjn5ZetyKfzAhWnAmMBHRjnA-IQrbMEegQIAhAU&amp;url=https%3A%2F%2Fwww.iletaitunefoislapatisserie.com%2F2019%2F01%2Frecette-de-la-pate-sucree-facon.html\">p\u00e2te sucr\u00e9e<\/a>, de <b>poires au sirop<\/b> et de <b>cr\u00e8me d&rsquo;amande<\/b>. Le tout se marie merveilleusement bien. La <a href=\"https:\/\/www.iletaitunefoislapatisserie.com\/search\/label\/poire\">poire<\/a> apporte de la fraicheur et de la l\u00e9g\u00e8ret\u00e9, la cr\u00e8me d&rsquo;amande de la gourmandise et du fondant, et la p\u00e2te sucr\u00e9e de la m\u00e2che et du peps gr\u00e2ce \u00e0 la fleur de sel. Je fonds !!<\/p>\n<p>Ce n&rsquo;est pas parce que nous sommes en <b>automne <\/b>qu&rsquo;il faut arr\u00eater de manger des <a href=\"http:\/\/www.affinite.fr\/index.php\/2023\/07\/29\/valoriser-ses-invendus-une-demarche-ecologique-et-rentable-pour-les-marchands-de-fruits\/\">fruits<\/a>. Bien au contraire, c&rsquo;est le moment de faire le plein de vitamines pour affronter l&rsquo;hiver qui arrive.<\/p>\n<h3 style=\"text-align: left;\">\nBoire des fruits en automne<\/h3>\n<p><\/p>\n<div style=\"text-align: left;\">L&rsquo;id\u00e9al, c&rsquo;est de se r\u00e9galer d&rsquo;un bon <b>jus de fruits frais<\/b> le matin, tout juste sorti de <b>l&rsquo;extracteur de jus<\/b>. Si vous vous demandez <span class=\"lienamazon\"><a href=\"https:\/\/www.extracteur-angel.com\/meilleurs-extracteurs-de-jus-2020.html\">quels sont les meilleurs extracteurs de jus<\/a><\/span>, je dirais qu&rsquo;il y a plusieurs crit\u00e8res \u00e0 prendre en compte comme la puissance du moteur, la vitesse de rotation ou la m\u00e9thode d&rsquo;extraction.<\/p>\n<p>Une marque, pas forc\u00e9ment connue du grand public mais pourtant d&rsquo;une qualit\u00e9 haut de gamme, sort du lot : les <b>extracteurs de jus Angel<\/b>. Vous connaissez ? Ce sont des extracteurs de jus horizontaux dont la technologie brevet\u00e9e permet de conserver <b>jusqu&rsquo;\u00e0 90% des nutriments<\/b> des fruits. Parfait pour garder un syst\u00e8me immunitaire au top de sa forme !<\/p>\n<\/div>\n<div style=\"text-align: center;\">\n<br \/><img decoding=\"async\" alt=\"tarte bourdaloue recette\" border=\"0\" data-original-height=\"923\" data-original-width=\"650\" src=\"https:\/\/1.bp.blogspot.com\/-TwEPJ5EMHds\/YVc1iOkMQaI\/AAAAAAABb-g\/yHw9fmvpKLcurtSWyGGX2gWnvtEodRcqgCLcBGAsYHQ\/s16000\/tarte-poire-amande.jpg\" title=\"tarte bourdaloue poire recette\"\/><\/div>\n<h3 style=\"text-align: left;\">Origine de la tarte Bourdaloue<\/h3>\n<p>La tarte Bourdaloue a \u00e9t\u00e9 invent\u00e9e au <b>XIX\u00e8 si\u00e8cle<\/b>, par un p\u00e2tissier de la <b>rue Bourdaloue<\/b>, \u00e0 Paris. Apparemment, c&rsquo;\u00e9tait plut\u00f4t un entremets qu&rsquo;une tarte \u00e0 cette \u00e9poque, mais personne n&rsquo;est vraiment s\u00fbr de la recette&#8230; La version tarte serait apparue un peu plus tard, pour notre plus grand plaisir \ud83e\udd29 La tarte Bourdaloue fait donc partie des <a href=\"https:\/\/www.iletaitunefoislapatisserie.com\/search\/label\/recette%20traditionnelle\">recettes traditionnelles<\/a> fran\u00e7aises \ud83d\ude0e<\/p>\n<p>Vous pouvez bien s\u00fbr faire cette recette avec une p\u00e2te du commerce&#8230; Mais s&rsquo;il vous plait, ne le faites pas \ud83d\ude4f\ud83d\ude4f\ud83d\ude4f !! \u00c7a change absolument tout, la <b>p\u00e2te maison<\/b> apporte un \u00e9norme plus \u00e0 la recette, alors prenez ces quelques minutes suppl\u00e9mentaires, je vous assure que vous ne le regretterez pas.<\/p>\n<p>Si vous achetez la p\u00e2te, la tarte sera bonne, mais pas dingue. Ce sera juste une bonne tarte. Avec une p\u00e2te maison, vos invit\u00e9s vont vous b\u00e9nir, ce sera du bonheur en bouche !<\/p>\n<\/div>\n<div style=\"text-align: left;\">\n<p><span style=\"font-size: large;\"><b>D&rsquo;autres recettes aux poires ?<\/b><\/span><\/p>\n<p><\/p>\n<div class=\"snippet2\">\n<b><u>INFOS RECETTE :<\/u><\/b><\/p>\n<p>\u00a0 Parts : <b><span class=\"yield\">8 \u00e0 10 personnes<\/span><\/b> (tablez plut\u00f4t sur 8 car vos invit\u00e9s voudront des grosses parts&#8230;)<br \/><i class=\"fas fa-utensils\"\/>\u00a0 Pr\u00e9paration : <b><span class=\"preptime\">40 minutes<span class=\"value-title\" title=\"PT00H40M\"\/><\/span><\/b><br \/><i class=\"fas fa-cookie\"\/>\u00a0 Cuisson : <b><span class=\"cooktime\">40 minutes<span class=\"value-title\" title=\"PT00H40M\"\/><\/span><\/b><br \/><i class=\"far fa-clock\"\/>\u00a0 Total : <b><span class=\"duration\">1 h 20<span class=\"value-title\" title=\"PT01H20M\"\/><\/span><\/b><br \/>+ 2 h de repos de la p\u00e2te au frais<\/p>\n<\/div>\n<p><\/p>\n<div class=\"quantite\">\n<u>Ingr\u00e9dients pour 1 tarte Bourdaloue de 8 \u00e0 10 personnes :<\/u><br \/><u><span class=\"ingredient\">P\u00e2te sucr\u00e9e :<\/span><\/u><\/p>\n<ul style=\"text-align: left;\">\n<li><span class=\"ingredient\">125 g de beurre pommade<\/span><\/li>\n<li><span class=\"ingredient\">120 g de sucre <a href=\"http:\/\/www.affinite.fr\/index.php\/2022\/10\/22\/la-creme-glacee-la-nouvelle-culture-commerciale\/\">glace<\/a><\/span><\/li>\n<li><span class=\"ingredient\">1 oeuf <br \/><\/span><\/li>\n<li><span class=\"ingredient\">30 g de poudre d&rsquo;amande<\/span><\/li>\n<li><span class=\"ingredient\">250 g de farine T55<\/span><\/li>\n<\/ul>\n<p><span class=\"ingredient\"><u>Cr\u00e8me d&rsquo;amande et poires :<\/u><br \/><\/span><\/p>\n<ul style=\"text-align: left;\">\n<li><span class=\"ingredient\">2 oeufs<br \/><\/span><\/li>\n<li><span class=\"ingredient\">70 g de beurre pommade<\/span><\/li>\n<li><span class=\"ingredient\">90 g de sucre en poudre<\/span><\/li>\n<li><span class=\"ingredient\">125 g de poudre d&rsquo;amande<\/span><\/li>\n<li><span class=\"ingredient\">1 grosse boite de poires au sirop <br \/><\/span><\/li>\n<\/ul>\n<p><u><span class=\"ingredient\">D\u00e9co :<\/span><\/u><\/div>\n<h2 style=\"text-align: left;\"><u>Recette de la tarte Bourdaloue :<\/u><\/h2>\n<p>\nLa recette en vid\u00e9o <a href=\"https:\/\/youtu.be\/FBoGKT3YaPQ\" target=\"_blank\" rel=\"noopener\">est ici<\/a> :<\/p>\n<h3 style=\"text-align: left;\">\nP\u00e2te sucr\u00e9e<\/h3>\n<p>Pour la recette de la p\u00e2te sucr\u00e9e \u00e0 la main, je vous renvoie \u00e0 cet article : <a href=\"https:\/\/www.iletaitunefoislapatisserie.com\/2019\/01\/recette-de-la-pate-sucree-facon.html\">p\u00e2te sucr\u00e9e sans robot<\/a>, ou bien regardez la vid\u00e9o.<\/p>\n<p><span class=\"instructions\">1. Avec la feuille de votre robot, m\u00e9langez ensemble le beurre <b>pommade<\/b> et le <b>sucre glace tamis\u00e9<\/b>. N&rsquo;h\u00e9sitez pas \u00e0 passer le beurre quelques secondes au micro-ondes, en position d\u00e9cong\u00e9lation.<\/span><\/p>\n<p>2<span class=\"instructions\">. Ajoutez l&rsquo;oeuf et m\u00e9langez de nouveau.<\/span><\/p>\n<p>3. Incorporez la poudre d&rsquo;amande<b> et la farine<\/b>. Attention, on utilise toujours de la <b>farine T55<\/b> pour les p\u00e2tes \u00e0 tarte. Elle contient moins de gluten donc tient mieux \u00e0 la cuisson que la T45 (les 2 farines sont dans tous les supermarch\u00e9s). M\u00e9langez jusqu&rsquo;\u00e0 obtenir une boule homog\u00e8ne.<\/p>\n<p>4. Enveloppez dans du <b>film alimentaire<\/b> et placez <b>1 heure au r\u00e9frig\u00e9rateur<\/b> (toute la nuit si besoin).<\/p>\n<p>5. Si vous avez mis votre p\u00e2te au frigo plus d&rsquo;une heure, sortez-la du frigo <b>15 \u00e0 30 minutes avant utilisation<\/b> pour qu&rsquo;elle s&rsquo;assouplisse.<\/p>\n<p><span class=\"instructions\">6. \u00c9talez la p\u00e2te sur une \u00e9paisseur de <b>4 mm environ<\/b>. Foncez votre <span class=\"lienamazon\"><a href=\"https:\/\/amzn.to\/2Wy1Qj6\" rel=\"nofollow noopener\" target=\"_blank\">moule \u00e0 tarte<\/a><\/span> (je n&rsquo;ai pas beurr\u00e9 le mien, ce n&rsquo;\u00e9tait pas n\u00e9cessaire). Piquez le fond de tarte avec une fourchette.<br \/><\/span><\/p>\n<\/div>\n<div style=\"text-align: left;\">\n<p>7. Placez <b>1 heure au r\u00e9frig\u00e9rateur<\/b> (c&rsquo;est important pour que la p\u00e2te se tienne bien \u00e0 la cuisson).<\/p>\n<p>8. Pr\u00e9chauffez le four \u00e0 180\u00b0C. Enfournez 10 minutes, le temps de pr\u00e9cuire la p\u00e2te.<\/p>\n<h3 style=\"text-align: left;\"><span class=\"instructions\">Cr\u00e8me d&rsquo;amande<br \/><\/span><\/h3>\n<p><span class=\"instructions\"><br \/>\n<\/span><\/p>\n<p>1. Dans un saladier, m\u00e9langez ensemble le beurre pommade et le sucre (pas besoin de fouet \u00e9lectrique, avec un fouet \u00e0 main, ce sera parfait).<\/p>\n<p><span class=\"instructions\"><br \/>\n<br \/>2. Ajoutez les oeufs entiers et m\u00e9langez. Si vous le souhaitez, ajoutez un bouchon (voire 2 !) de <b>rhum<\/b>, ce sera trop bon !<br \/><\/span><br \/>3. Incorporez la poudre d&rsquo;amande.<\/p>\n<p><span class=\"instructions\">4. Versez les 3\/4 de la <b>cr\u00e8me d&rsquo;amande<\/b> sur votre fond de tarte.<\/span><\/p>\n<\/div>\n<div style=\"text-align: left;\">\n5. Coupez les <b>poires au sirop en tranches<\/b> d&rsquo;1 cm d&rsquo;\u00e9paisseur environ, en gardant bien leur forme. Disposez-les sur la cr\u00e8me d&rsquo;amande.<\/p>\n<p>6. Versez le reste de cr\u00e8me d&rsquo;amande entre les interstices.<\/p>\n<p><\/div>\n<div style=\"text-align: left;\">7. Enfournez 30 minutes \u00e0 180\u00b0C, en chaleur tournante.<\/p>\n<div class=\"separator\" style=\"clear: both; text-align: center;\"><img decoding=\"async\" alt=\"recette tarte bourdaloue\" border=\"0\" data-original-height=\"1212\" data-original-width=\"650\" src=\"https:\/\/1.bp.blogspot.com\/-zo__ac7yfuU\/YVc1hnbEa2I\/AAAAAAABb-Y\/Bn8skGk_fswV4Dmm4myZHJPQd5MxiVCPACLcBGAsYHQ\/s16000\/tarte-bourdaloue-poire.jpg\" title=\"recette de tarte bourdaloue\"\/><\/div>\n<div class=\"separator\" style=\"clear: both; text-align: left;\">8. A la sortie du four, vous pouvez badigeonner la tarte de <span class=\"lienamazon\"><a href=\"https:\/\/amzn.to\/3D2QjHZ\" rel=\"nofollow noopener\" target=\"_blank\">nappage blond<\/a><\/span>. \u00c7a apportera du brillant et un petit go\u00fbt sympa suppl\u00e9mentaire.<\/div>\n<p>Pour les plus gourmands, vous pouvez rajouter <b>100 g de p\u00e9pites de <a href=\"http:\/\/www.affinite.fr\/index.php\/2025\/02\/27\/le-chocolat-et-le-materiel-indispensable-pour-reussir-vos-creations-gourmandes\/\">chocolat<\/a> noir<\/b>. Ce sera carr\u00e9ment dingue !!<\/p>\n<p><a href=\"https:\/\/1.bp.blogspot.com\/-6cagauF1Q7c\/YVc1hTF5rxI\/AAAAAAABb-U\/VBNUudgaligzSqeKw3lcSY70AspOjhNPwCLcBGAsYHQ\/s650\/tarte-bourdaloue-poire-amande.jpg\" style=\"margin-left: 1em; margin-right: 1em;\"><img decoding=\"async\" alt=\"tarte aux poires\" border=\"0\" data-original-height=\"480\" data-original-width=\"650\" src=\"https:\/\/1.bp.blogspot.com\/-6cagauF1Q7c\/YVc1hTF5rxI\/AAAAAAABb-U\/VBNUudgaligzSqeKw3lcSY70AspOjhNPwCLcBGAsYHQ\/s16000\/tarte-bourdaloue-poire-amande.jpg\" title=\"tarte aux poire facile\"\/><\/a><\/p>\n<\/div>\n<p>[ad_2]<br \/>\n<br \/><a href=\"https:\/\/www.iletaitunefoislapatisserie.com\/2021\/10\/tarte-bourdaloue-poire-et-amande.html\">Source link <\/a><\/p>\n","protected":false},"excerpt":{"rendered":"<p>[ad_1] La tarte Bourdaloue est compos\u00e9e d&rsquo;une p\u00e2te sucr\u00e9e, de poires au sirop et de cr\u00e8me d&rsquo;amande. Le tout se &hellip; <a href=\"http:\/\/www.affinite.fr\/index.php\/2021\/10\/07\/tarte-bourdaloue-poire-et-amande-il-etait-une-fois-la-patisserie\/\" class=\"more-link\">Plus <span class=\"screen-reader-text\">Tarte bourdaloue &#8211; Poire et amande : Il \u00e9tait une fois la p\u00e2tisserie<\/span> <span class=\"meta-nav\">&rarr;<\/span><\/a><\/p>\n","protected":false},"author":1,"featured_media":6913,"comment_status":"open","ping_status":"open","sticky":false,"template":"","format":"standard","meta":{"_sitemap_exclude":false,"_sitemap_priority":"","_sitemap_frequency":"","footnotes":""},"categories":[1],"tags":[],"class_list":["post-6912","post","type-post","status-publish","format-standard","has-post-thumbnail","hentry","category-tous"],"_links":{"self":[{"href":"http:\/\/www.affinite.fr\/index.php\/wp-json\/wp\/v2\/posts\/6912"}],"collection":[{"href":"http:\/\/www.affinite.fr\/index.php\/wp-json\/wp\/v2\/posts"}],"about":[{"href":"http:\/\/www.affinite.fr\/index.php\/wp-json\/wp\/v2\/types\/post"}],"author":[{"embeddable":true,"href":"http:\/\/www.affinite.fr\/index.php\/wp-json\/wp\/v2\/users\/1"}],"replies":[{"embeddable":true,"href":"http:\/\/www.affinite.fr\/index.php\/wp-json\/wp\/v2\/comments?post=6912"}],"version-history":[{"count":0,"href":"http:\/\/www.affinite.fr\/index.php\/wp-json\/wp\/v2\/posts\/6912\/revisions"}],"wp:featuredmedia":[{"embeddable":true,"href":"http:\/\/www.affinite.fr\/index.php\/wp-json\/wp\/v2\/media\/6913"}],"wp:attachment":[{"href":"http:\/\/www.affinite.fr\/index.php\/wp-json\/wp\/v2\/media?parent=6912"}],"wp:term":[{"taxonomy":"category","embeddable":true,"href":"http:\/\/www.affinite.fr\/index.php\/wp-json\/wp\/v2\/categories?post=6912"},{"taxonomy":"post_tag","embeddable":true,"href":"http:\/\/www.affinite.fr\/index.php\/wp-json\/wp\/v2\/tags?post=6912"}],"curies":[{"name":"wp","href":"https:\/\/api.w.org\/{rel}","templated":true}]}}