{"id":6891,"date":"2021-10-04T06:53:58","date_gmt":"2021-10-04T06:53:58","guid":{"rendered":"https:\/\/www.affinite.fr\/index.php\/2021\/10\/04\/salade-de-petit-epeautre-aux-tomates-confites-et-oignons-caramelises\/"},"modified":"2021-10-04T06:53:58","modified_gmt":"2021-10-04T06:53:58","slug":"salade-de-petit-epeautre-aux-tomates-confites-et-oignons-caramelises","status":"publish","type":"post","link":"http:\/\/www.affinite.fr\/index.php\/2021\/10\/04\/salade-de-petit-epeautre-aux-tomates-confites-et-oignons-caramelises\/","title":{"rendered":"Salade de petit \u00e9peautre aux tomates confites et oignons caram\u00e9lis\u00e9s"},"content":{"rendered":"<p> [ad_1]<br \/>\n<\/p>\n<div>\n<p><strong> <a class=\"asset-img-link\" href=\"https:\/\/scally.typepad.com\/.a\/6a00d8341c676f53ef0282e1260d4c200b-pi\" style=\"display: inline;\"><img decoding=\"async\" alt=\"Salade petit epeautre oignon caramelises tomates cerise confite\" border=\"0\" class=\"asset  asset-image at-xid-6a00d8341c676f53ef0282e1260d4c200b image-full img-responsive\" src=\"https:\/\/scally.typepad.com\/.a\/6a00d8341c676f53ef0282e1260d4c200b-800wi\" style=\"display: block; margin-left: auto; margin-right: auto;\" title=\"Salade petit epeautre oignon caramelises tomates cerise confite\"\/><\/a><br \/><\/strong><\/p>\n<p><strong>Gros coup de c\u0153ur pour cette nouvelle salade de mon r\u00e9pertoire.<\/strong><\/p>\n<p>En rentrant de vacances, je voulais pr\u00e9parer une bonne salade \u00e0 emporter dans ma lunchbox. Depuis la reprise de la caf\u00e9t\u00e9ria au boulot j\u2019ai du mal, pour plein de raisons. <br \/>J\u2019ai donc cuisin\u00e9 cette d\u00e9licieuse salade inspir\u00e9e de celle au couscous et aux aux tomates d\u2019Ottolenghi mais j\u2019ai remplac\u00e9 le couscous par du petit \u00e9peautre. J\u2019aime beaucoup cette c\u00e9r\u00e9ale tr\u00e8s digeste et rassasiante. Vous avez \u00e9t\u00e9 tr\u00e8s nombreux et nombreuses \u00e0 exprimer votre enthousiasme sur <a href=\"https:\/\/www.instagram.com\/pascale_weeks\/?hl=fr\" rel=\"noopener\" target=\"_blank\">mon compte Instagram<\/a>, merci mille fois. Je tiens ma promesse en partageant la recette sur ces pages.<\/p>\n<p><span style=\"text-decoration: underline;\"><strong>Salade de petit \u00e9peautre aux tomates confites et oignons caram\u00e9lis\u00e9s<\/strong><\/span><\/p>\n<p><em><strong>Pour 4 personnes<\/strong><\/em><\/p>\n<ul>\n<li>300 g de petit \u00e9peautre<\/li>\n<p>&#13;<\/p>\n<li>300 g de tomates cerises<\/li>\n<p>&#13;<\/p>\n<li>2 oignons<\/li>\n<p>&#13;<\/p>\n<li>1 poivron rouge<\/li>\n<p>&#13;<\/p>\n<li>4 branches de menthe<\/li>\n<p>&#13;<\/p>\n<li>2 poign\u00e9es d\u2019amandes<\/li>\n<p>&#13;<\/p>\n<li>Huile d\u2019olive<\/li>\n<p>&#13;<\/p>\n<li>Vinaigre balsamique<\/li>\n<p>&#13;<\/p>\n<li>1 citron bio<\/li>\n<p>&#13;<\/p>\n<li>Cumin<\/li>\n<p>&#13;<\/p>\n<li>Sel et poivre du moulin<\/li>\n<p>&#13;\n<\/ul>\n<p><em><strong>Comment faire ?<\/strong><\/em><\/p>\n<p>Rincez le petit \u00e9peautre, mettez-le dans une casserole, recouvrez avec deux fois son volume en eau et faites cuire \u00e0 petits fr\u00e9missements pendant 45 minutes \u00e0 1 heure. Ajoutez du sel \u00e0 mi-cuisson et m\u00e9langez.<\/p>\n<p>Pelez les oignons, coupez-les en deux puis en tranches.<br \/>Coupez la chair du poivron en petits d\u00e9s apr\u00e8s avoir retir\u00e9 les graines et les membranes blanches.<\/p>\n<p>Faites chauffer 1 cuill\u00e8re \u00e0 soupe d\u2019huile d&rsquo;olive dans une po\u00eale.<br \/>Ajoutez les tomates cerises, un peu de sel et faites-les revenir pendant quelques minutes sur feu moyen. Elles doivent \u00eatre bien dor\u00e9es et un peu confites. Versez dans un bol.<br \/>Dans la m\u00eame po\u00eale, ajoutez une cuill\u00e8re \u00e0 soupe d\u2019huile d\u2019olive, les d\u00e9s de poivron et faites-les revenir pendant 5 minutes, jusqu\u2019\u00e0 ce qu\u2019ils soient tendres. Salez et versez dans un bol.<br \/>Dans la m\u00eame po\u00eale, ajoutez une cuill\u00e8re \u00e0 soupe d\u2019huile d\u2019olive, les tranches d\u2019oignon et faites-les revenir pendant 5 \u00e0 8 minutes sur feu moyen. Quand l\u2019oignon est bien souple, ajoutez un peu de cumin, du sel, 1 cuill\u00e8re \u00e0 caf\u00e9 de vinaigre balsamique, m\u00e9langez et prolongez la cuisson pour bien les caram\u00e9liser. Versez dans un bol.<br \/>Pendant les cuissons, concassez les amandes en les faisant pr\u00e9alablement torr\u00e9fier dans un four \u00e0 150\u00b0C.<\/p>\n<p>Versez le petit \u00e9peautre dans un bol, ajoutez un peu d\u2019huile d\u2019olive, le zeste de citron, un peu de jus de citron, assaisonnez et m\u00e9langez \u00e0 la fourchette. Go\u00fbtez, c\u2019est important.<br \/>Ajoutez les d\u00e9s de poivron, la moiti\u00e9 des tomates, la moiti\u00e9 des oignons et m\u00e9langez. <br \/>R\u00e9partissez sur 4 assiettes, ajoutez le reste des tomates et des oignons, la menthe cisel\u00e9e et les amandes.<\/p>\n<p>Cette salade se mange ti\u00e8de ou froide. Elle est pleine de saveurs et je peux vous dire qu\u2019elle est magique \u00e0 emporter. Elle est parfaite \u00e0 pr\u00e9parer en mode <a href=\"https:\/\/amzn.to\/3Aa8TMl\" rel=\"noopener\" target=\"_blank\">Batch-Cooking<\/a>.<\/p>\n<\/p><\/div>\n<p><script>\nwindow.fbAsyncInit = function() {\n    FB.init( { apiKey: 'a279adbe87e2b3c505e777af99a5260d', xfbml: true, version: 'v2.8' } );\n};\n( function() {\n    var e = document.createElement( 'script' ); e.async = true;\n    e.src = document.location.protocol + '\/\/connect.facebook.net\/en_US\/sdk.js';\n    document.getElementById( 'fb-root' ).appendChild( e );\n} )();\n<\/script><script async defer src=\"https:\/\/platform.instagram.com\/en_US\/embeds.js\"><\/script><br \/>\n<br \/>[ad_2]<br \/>\n<br \/><a href=\"https:\/\/scally.typepad.com\/cest_moi_qui_lai_fait\/2021\/10\/salade-petit-epeautre-tomates-confites-oignons-caramelises.html\">Source link <\/a><\/p>\n","protected":false},"excerpt":{"rendered":"<p>[ad_1] Gros coup de c\u0153ur pour cette nouvelle salade de mon r\u00e9pertoire. En rentrant de vacances, je voulais pr\u00e9parer une &hellip; <a href=\"http:\/\/www.affinite.fr\/index.php\/2021\/10\/04\/salade-de-petit-epeautre-aux-tomates-confites-et-oignons-caramelises\/\" class=\"more-link\">Plus <span class=\"screen-reader-text\">Salade de petit \u00e9peautre aux tomates confites et oignons caram\u00e9lis\u00e9s<\/span> <span class=\"meta-nav\">&rarr;<\/span><\/a><\/p>\n","protected":false},"author":1,"featured_media":6892,"comment_status":"open","ping_status":"open","sticky":false,"template":"","format":"standard","meta":{"_sitemap_exclude":false,"_sitemap_priority":"","_sitemap_frequency":"","footnotes":""},"categories":[1],"tags":[],"class_list":["post-6891","post","type-post","status-publish","format-standard","has-post-thumbnail","hentry","category-tous"],"_links":{"self":[{"href":"http:\/\/www.affinite.fr\/index.php\/wp-json\/wp\/v2\/posts\/6891"}],"collection":[{"href":"http:\/\/www.affinite.fr\/index.php\/wp-json\/wp\/v2\/posts"}],"about":[{"href":"http:\/\/www.affinite.fr\/index.php\/wp-json\/wp\/v2\/types\/post"}],"author":[{"embeddable":true,"href":"http:\/\/www.affinite.fr\/index.php\/wp-json\/wp\/v2\/users\/1"}],"replies":[{"embeddable":true,"href":"http:\/\/www.affinite.fr\/index.php\/wp-json\/wp\/v2\/comments?post=6891"}],"version-history":[{"count":0,"href":"http:\/\/www.affinite.fr\/index.php\/wp-json\/wp\/v2\/posts\/6891\/revisions"}],"wp:featuredmedia":[{"embeddable":true,"href":"http:\/\/www.affinite.fr\/index.php\/wp-json\/wp\/v2\/media\/6892"}],"wp:attachment":[{"href":"http:\/\/www.affinite.fr\/index.php\/wp-json\/wp\/v2\/media?parent=6891"}],"wp:term":[{"taxonomy":"category","embeddable":true,"href":"http:\/\/www.affinite.fr\/index.php\/wp-json\/wp\/v2\/categories?post=6891"},{"taxonomy":"post_tag","embeddable":true,"href":"http:\/\/www.affinite.fr\/index.php\/wp-json\/wp\/v2\/tags?post=6891"}],"curies":[{"name":"wp","href":"https:\/\/api.w.org\/{rel}","templated":true}]}}