{"id":6871,"date":"2021-09-30T18:53:39","date_gmt":"2021-09-30T18:53:39","guid":{"rendered":"https:\/\/www.affinite.fr\/index.php\/2021\/09\/30\/plus-belle-la-vie-du-vendredi-1er-octobre-2021-resume-en-avance-de-lepisode-4380-news-series-a-la-tv\/"},"modified":"2021-09-30T18:53:39","modified_gmt":"2021-09-30T18:53:39","slug":"plus-belle-la-vie-du-vendredi-1er-octobre-2021-resume-en-avance-de-lepisode-4380-news-series-a-la-tv","status":"publish","type":"post","link":"http:\/\/www.affinite.fr\/index.php\/2021\/09\/30\/plus-belle-la-vie-du-vendredi-1er-octobre-2021-resume-en-avance-de-lepisode-4380-news-series-a-la-tv\/","title":{"rendered":"Plus belle la vie du vendredi 1er octobre 2021 : r\u00e9sum\u00e9 en avance de l&rsquo;\u00e9pisode 4380 &#8211; News S\u00e9ries \u00e0 la TV"},"content":{"rendered":"<p> [ad_1]<br \/>\n<\/p>\n<div id=\"article-container\">\n<div class=\"author-signature\">\n<div class=\"main-author\">\n<div class=\"main-author-avatar\">\n<img decoding=\"async\" src=\"https:\/\/fr.web.img3.acsta.net\/f_png\/r_50_50\/c_50_50\/img\/17\/87\/178717d74dd8c4b365bc3af44eac04c1.png\" alt=\"Lucie Peronne\"\/><\/div>\n<div class=\"main-author-info\">\n<div class=\"main-author-id\">\n<span class=\"author-link author-name isnt-clickable\">Lucie Peronne<\/span><\/p>\n<p><span class=\"separator\">&#8211;<\/span>Journaliste<\/p>\n<\/div>\n<p>Apr\u00e8s une enfance pass\u00e9e devant les classiques Disney, Lucie d\u00e9couvre avec \u00e9merveillement les films des \u00ab\u00a0premiers temps\u00a0\u00bb durant ses \u00e9tudes, ce qui d\u00e9termine ensuite sa passion pour les films et les s\u00e9ries historiques.<\/p>\n<\/div>\n<\/div>\n<\/div>\n<p class=\"article-lead\">Dans le prochain \u00e9pisode de \u00ab\u00a0Plus belle la vie\u00a0\u00bb&#8230; Alors que Jacob se demande encore qui de Baptiste ou C\u00e9sar il va tuer, le cambriolage \u00e0 l\u2019envers de Luna et Sacha ne se passe pas du tout comme pr\u00e9vu\u2026<\/p>\n<div id=\"article-content\">\n<figure class=\"article-figure article-main-figure\"><img loading=\"lazy\" decoding=\"async\" class=\"article-figure-img\" width=\"654\" height=\"368\" src=\"https:\/\/fr.web.img4.acsta.net\/r_654_368\/newsv7\/21\/09\/29\/14\/28\/2535575.jpg\"\/><figcaption class=\"article-figcaption-copy\">Capture d&rsquo;\u00e9cran\/FTV<\/figcaption><\/figure>\n<p><strong>Attention, les paragraphes qui suivent contiennent des spoilers sur l&rsquo;\u00e9pisode de\u00a0<a title=\"Plus belle la vie (France) (Drame,Soap)\" href=\"http:\/\/www.allocine.fr\/series\/ficheserie_gen_cserie=322.html\">Plus Belle la vie<\/a><\/strong><strong>\u00a0diffus\u00e9 vendredi soir sur France 3 !<\/strong><\/p>\n<p>Jacob h\u00e9site entre Baptiste et C\u00e9sar<\/p>\n<p>Pris sur le fait, Jacob menace C\u00e9sar. Mais ce dernier a prot\u00e9g\u00e9 ses arri\u00e8res en enregistrant un message vid\u00e9o \u00e0 l\u2019intention de la police pour expliquer toute l\u2019histoire. Il fait donc comprendre \u00e0 Jacob que la seule option qui lui reste est de tuer Baptiste\u2026<\/p>\n<p>Le lendemain, C\u00e9sar passe voir Emma pour lui faire une d\u00e9claration d\u2019amour qu\u2019il compte renouveler tous les jours. De son c\u00f4t\u00e9, Jacob r\u00e9v\u00e8le \u00e0 Camille que C\u00e9sar est son ma\u00eetre chanteur. Afin de d\u00e9terminer qui Jacob doit tuer entre Baptiste et C\u00e9sar, Camille doit se d\u00e9brouiller pour savoir lequel des deux sa s\u0153ur pr\u00e9f\u00e8re. Apr\u00e8s avoir entendu une dispute entre Baptiste et Emma au sujet de Barbara, Camille interroge sa s\u0153ur \u00e0 ce sujet\u2026<\/p>\n<p>Sacha pense \u00eatre t\u00e9moin d\u2019un meurtre<\/p>\n<p>\u00c9quip\u00e9s d&rsquo;une \u00e9chelle, Sacha et Luna parviennent \u00e0 atteindre le premier \u00e9tage de la propri\u00e9t\u00e9 et \u00e0 s\u2019introduire dans la chambre o\u00f9 ils remettent la bague vol\u00e9e \u00e0 sa place. Au moment de repartir, Sacha entend une voiture arriver. Luna se d\u00e9p\u00eache de redescendre par la fen\u00eatre et sugg\u00e8re \u00e0 Sacha de se cacher \u00e0 l\u2019int\u00e9rieur. Sacha trouve refuge derri\u00e8re les v\u00eatements de la penderie. Il entend les propri\u00e9taires se disputer violemment. Dehors, Luna aper\u00e7oit l\u2019homme ranger quelque chose dans le coffre de sa voiture, puis repartir. D\u00e8s que la voie est libre, elle retourne chercher Sacha. Celui-ci est convaincu qu\u2019un drame s\u2019est produit car il a entendu un objet en verre se briser au sol. Il remarque \u00e9galement que le tapis a disparu. Il demande \u00e0 Luna de prendre des photos de la chambre avant de partir.<\/p>\n<p>De retour au Mistral, Sacha et Luna pr\u00e9viennent Latifa du bon d\u00e9roulement de leur op\u00e9ration. Tandis que Luna veut trinquer \u00e0 leur victoire, Sacha n\u2019est pas d\u2019humeur. Enferm\u00e9 dans sa chambre, il se rem\u00e9more les bruits suspects qu\u2019il a entendu, les associant \u00e0 une sc\u00e8ne de crime o\u00f9 l\u2019homme aurait tu\u00e9 sa femme car elle avait d\u00e9cid\u00e9 de le quitter\u2026<\/p>\n<p><iframe loading=\"lazy\" src=\"http:\/\/embedftv-a.akamaihd.net\/264e6811c3b8f8c974d774a648e22bcd\" width=\"560\" height=\"315\" frameborder=\"0\" allowfullscreen=\"\" scrolling=\"no\"><\/iframe><\/p>\n<p>\u00a0<\/p>\n<\/div>\n<\/div>\n<p>[ad_2]<br \/>\n<br \/><a href=\"http:\/\/rss.allocine.fr\/~r\/ac\/actualites\/~3\/tB69AdltPRk\/fichearticle_gen_carticle=18702633.html\">Source link <\/a><\/p>\n","protected":false},"excerpt":{"rendered":"<p>[ad_1] Lucie Peronne &#8211;Journaliste Apr\u00e8s une enfance pass\u00e9e devant les classiques Disney, Lucie d\u00e9couvre avec \u00e9merveillement les films des \u00ab\u00a0premiers &hellip; <a href=\"http:\/\/www.affinite.fr\/index.php\/2021\/09\/30\/plus-belle-la-vie-du-vendredi-1er-octobre-2021-resume-en-avance-de-lepisode-4380-news-series-a-la-tv\/\" class=\"more-link\">Plus <span class=\"screen-reader-text\">Plus belle la vie du vendredi 1er octobre 2021 : r\u00e9sum\u00e9 en avance de l&rsquo;\u00e9pisode 4380 &#8211; News S\u00e9ries \u00e0 la TV<\/span> <span class=\"meta-nav\">&rarr;<\/span><\/a><\/p>\n","protected":false},"author":1,"featured_media":6872,"comment_status":"open","ping_status":"open","sticky":false,"template":"","format":"standard","meta":{"_sitemap_exclude":false,"_sitemap_priority":"","_sitemap_frequency":"","footnotes":""},"categories":[1],"tags":[],"class_list":["post-6871","post","type-post","status-publish","format-standard","has-post-thumbnail","hentry","category-tous"],"_links":{"self":[{"href":"http:\/\/www.affinite.fr\/index.php\/wp-json\/wp\/v2\/posts\/6871"}],"collection":[{"href":"http:\/\/www.affinite.fr\/index.php\/wp-json\/wp\/v2\/posts"}],"about":[{"href":"http:\/\/www.affinite.fr\/index.php\/wp-json\/wp\/v2\/types\/post"}],"author":[{"embeddable":true,"href":"http:\/\/www.affinite.fr\/index.php\/wp-json\/wp\/v2\/users\/1"}],"replies":[{"embeddable":true,"href":"http:\/\/www.affinite.fr\/index.php\/wp-json\/wp\/v2\/comments?post=6871"}],"version-history":[{"count":0,"href":"http:\/\/www.affinite.fr\/index.php\/wp-json\/wp\/v2\/posts\/6871\/revisions"}],"wp:featuredmedia":[{"embeddable":true,"href":"http:\/\/www.affinite.fr\/index.php\/wp-json\/wp\/v2\/media\/6872"}],"wp:attachment":[{"href":"http:\/\/www.affinite.fr\/index.php\/wp-json\/wp\/v2\/media?parent=6871"}],"wp:term":[{"taxonomy":"category","embeddable":true,"href":"http:\/\/www.affinite.fr\/index.php\/wp-json\/wp\/v2\/categories?post=6871"},{"taxonomy":"post_tag","embeddable":true,"href":"http:\/\/www.affinite.fr\/index.php\/wp-json\/wp\/v2\/tags?post=6871"}],"curies":[{"name":"wp","href":"https:\/\/api.w.org\/{rel}","templated":true}]}}