{"id":687,"date":"2020-03-16T10:14:38","date_gmt":"2020-03-16T10:14:38","guid":{"rendered":"https:\/\/www.affinite.fr\/index.php\/2020\/03\/16\/la-fnac-et-darty-ferment-leurs-magasins-mais-continuent-a-livrer\/"},"modified":"2020-03-16T10:14:38","modified_gmt":"2020-03-16T10:14:38","slug":"la-fnac-et-darty-ferment-leurs-magasins-mais-continuent-a-livrer","status":"publish","type":"post","link":"http:\/\/www.affinite.fr\/index.php\/2020\/03\/16\/la-fnac-et-darty-ferment-leurs-magasins-mais-continuent-a-livrer\/","title":{"rendered":"la Fnac et Darty ferment leurs magasins mais continuent \u00e0 livrer"},"content":{"rendered":"<p> [ad_1]<br \/>\n<br \/><img decoding=\"async\" src=\"https:\/\/img.bfmtv.com\/i\/0\/0\/65e\/fa9000ace06329151af481b52db29.jpg\" \/><\/p>\n<div itemprop=\"articleBody\">\n                Darty, la Fnac et Boulanger suivent l&rsquo;arr\u00eat\u00e9 du gouvernement publi\u00e9 le 15 mars dernier pour lutter contre le Covid-19. Les enseignes ont annonc\u00e9 sur leurs comptes Twitter que leurs magasins sont ferm\u00e9s jusqu&rsquo;\u00e0 nouvel ordre.\u00a0<\/p>\n<div data-force-click=\"true\" class=\"bloc\">\n<blockquote class=\"twitter-tweet\">\n<p lang=\"fr\" dir=\"ltr\">Pour la sant\u00e9 de tous, nos magasins seront ferm\u00e9s jusqu\u2019\u00e0 nouvel ordre. <a href=\"https:\/\/t.co\/b2H4BRiemT\">https:\/\/t.co\/b2H4BRiemT<\/a> continue \u00e0 vous livrer \u00e0 domicile, gratuitement \u00e0 partir de 20 \u20ac d\u2019achats. <br \/>Nous sommes mobilis\u00e9s et solidaires pour vous accompagner au mieux pendant cette p\u00e9riode. <a href=\"https:\/\/t.co\/0CyYBMSsJJ\">pic.twitter.com\/0CyYBMSsJJ<\/a><\/p>\n<p>\u2014 Darty (@Darty_Officiel) <a href=\"https:\/\/twitter.com\/Darty_Officiel\/status\/1239288822665482241?ref_src=twsrc%5Etfw\">March 15, 2020<\/a><\/p><\/blockquote><\/div>\n<p>                Les trois enseignes indiquent que la commande en ligne sur leurs sites respectifs reste possible, avec une livraison gratuite standard \u00e0 partir de 20 euros d&rsquo;achat (d\u00e9lai de 3 \u00e0 5 jours).<\/p>\n<aside class=\"bg-color-0 padding-inside-all-s bloc border-s\">\n<h4 class=\"box-txt-normal\">\n<p><strong>A d\u00e9couvrir aussi en vid\u00e9o :<\/strong><\/p>\n<\/h4>\n<\/aside>\n<p>L&rsquo;arr\u00eat\u00e9 du 15 mars 2020 mentionne la fermeture des magasins de vente et des centres commerciaux (cat\u00e9gorie M), sauf pour leurs activit\u00e9s de livraison et de retrait\u00a0de commande. Toutefois, une annexe indique que certains magasins peuvent continuer \u00e0 recevoir du public pour des activit\u00e9s telles que l&rsquo;alimentation, mais aussi le commerce de d\u00e9tail d&rsquo;ordinateurs, d&rsquo;unit\u00e9s p\u00e9riph\u00e9riques et de logiciels en magasin sp\u00e9cialis\u00e9, ainsi que le commerce de mat\u00e9riels de t\u00e9l\u00e9communication, d&rsquo;\u00e9quipements de l&rsquo;information et de la communication.<\/p>\n<p>Source : Twitter, <a href=\"https:\/\/www.legifrance.gouv.fr\/affichTexte.do?cidTexte=JORFTEXT000041723302&amp;dateTexte=&amp;categorieLien=id\" target=\"_blank\" rel=\"noopener noreferrer\">Legifrance<\/a><\/p>\n<\/p><\/div>\n<p><script async src=\"http:\/\/platform.twitter.com\/widgets.js\" charset=\"utf-8\"><\/script><script>\n         !function(f,b,e,v,n,t,s){if(f.fbq)return;n=f.fbq=function()\n         {n.callMethod? n.callMethod.apply(n,arguments):n.queue.push(arguments)}\n         ;if(!f._fbq)f._fbq=n;\n             n.push=n;n.loaded=!0;n.version='2.0';n.queue=[];t=b.createElement(e);t.async=!0;\n             t.src=v;s=b.getElementsByTagName(e)[0];s.parentNode.insertBefore(t,s)}(window,\n                 document,'script','https:\/\/connect.facebook.net\/en_US\/fbevents.js');\n         fbq('init', '1065890633454496');\n         fbq('track', 'PageView');\n     <\/script><br \/>\n<br \/>[ad_2]<br \/>\n<br \/><a href=\"https:\/\/www.01net.com\/actualites\/coronavirus-la-fnac-et-darty-ferment-leurs-magasins-mais-continuent-a-livrer-1875790.html\">Source link <\/a><\/p>\n","protected":false},"excerpt":{"rendered":"<p>[ad_1] Darty, la Fnac et Boulanger suivent l&rsquo;arr\u00eat\u00e9 du gouvernement publi\u00e9 le 15 mars dernier pour lutter contre le Covid-19. &hellip; <a href=\"http:\/\/www.affinite.fr\/index.php\/2020\/03\/16\/la-fnac-et-darty-ferment-leurs-magasins-mais-continuent-a-livrer\/\" class=\"more-link\">Plus <span class=\"screen-reader-text\">la Fnac et Darty ferment leurs magasins mais continuent \u00e0 livrer<\/span> <span class=\"meta-nav\">&rarr;<\/span><\/a><\/p>\n","protected":false},"author":1,"featured_media":688,"comment_status":"open","ping_status":"open","sticky":false,"template":"","format":"standard","meta":{"_sitemap_exclude":false,"_sitemap_priority":"","_sitemap_frequency":"","footnotes":""},"categories":[1],"tags":[],"class_list":["post-687","post","type-post","status-publish","format-standard","has-post-thumbnail","hentry","category-tous"],"_links":{"self":[{"href":"http:\/\/www.affinite.fr\/index.php\/wp-json\/wp\/v2\/posts\/687"}],"collection":[{"href":"http:\/\/www.affinite.fr\/index.php\/wp-json\/wp\/v2\/posts"}],"about":[{"href":"http:\/\/www.affinite.fr\/index.php\/wp-json\/wp\/v2\/types\/post"}],"author":[{"embeddable":true,"href":"http:\/\/www.affinite.fr\/index.php\/wp-json\/wp\/v2\/users\/1"}],"replies":[{"embeddable":true,"href":"http:\/\/www.affinite.fr\/index.php\/wp-json\/wp\/v2\/comments?post=687"}],"version-history":[{"count":0,"href":"http:\/\/www.affinite.fr\/index.php\/wp-json\/wp\/v2\/posts\/687\/revisions"}],"wp:featuredmedia":[{"embeddable":true,"href":"http:\/\/www.affinite.fr\/index.php\/wp-json\/wp\/v2\/media\/688"}],"wp:attachment":[{"href":"http:\/\/www.affinite.fr\/index.php\/wp-json\/wp\/v2\/media?parent=687"}],"wp:term":[{"taxonomy":"category","embeddable":true,"href":"http:\/\/www.affinite.fr\/index.php\/wp-json\/wp\/v2\/categories?post=687"},{"taxonomy":"post_tag","embeddable":true,"href":"http:\/\/www.affinite.fr\/index.php\/wp-json\/wp\/v2\/tags?post=687"}],"curies":[{"name":"wp","href":"https:\/\/api.w.org\/{rel}","templated":true}]}}