{"id":6860,"date":"2021-09-28T06:57:15","date_gmt":"2021-09-28T06:57:15","guid":{"rendered":"https:\/\/www.affinite.fr\/index.php\/2021\/09\/28\/a-ibiza-une-finca-ultra-contemporaine\/"},"modified":"2021-09-28T06:57:15","modified_gmt":"2021-09-28T06:57:15","slug":"a-ibiza-une-finca-ultra-contemporaine","status":"publish","type":"post","link":"http:\/\/www.affinite.fr\/index.php\/2021\/09\/28\/a-ibiza-une-finca-ultra-contemporaine\/","title":{"rendered":"A Ibiza, une finca ultra contemporaine"},"content":{"rendered":"<p> [ad_1]<br \/>\n<\/p>\n<p><img loading=\"lazy\" decoding=\"async\" src=\"https:\/\/maison1.advcdn.net\/images\/medias\/000\/055\/000055108\/200.jpg\" alt=\"\" title=\"\" width=\"200\" height=\"200\" \/><\/p>\n<p>Avec son d\u00e9grad\u00e9 de bleus qui dialoguent avec la mer, cette maison r\u00e9nov\u00e9e par l\u2019architecte d\u2019int\u00e9rieur et designer Oscar Ono de l\u2019agence Num\u00e9ro 20 est repartie pour une nouvelle vie.<\/p>\n<p><img loading=\"lazy\" decoding=\"async\" src=\"http:\/\/feeds.feedburner.com\/~r\/maison-actus\/~4\/x3RHSAWD5rg\" height=\"1\" width=\"1\" alt=\"\" \/><br \/>\n<br \/>[ad_2]<br \/>\n<br \/><a href=\"http:\/\/feedproxy.google.com\/~r\/maison-actus\/~3\/x3RHSAWD5rg\/\">Source link <\/a><\/p>\n","protected":false},"excerpt":{"rendered":"<p>[ad_1] Avec son d\u00e9grad\u00e9 de bleus qui dialoguent avec la mer, cette maison r\u00e9nov\u00e9e par l\u2019architecte d\u2019int\u00e9rieur et designer Oscar &hellip; <a href=\"http:\/\/www.affinite.fr\/index.php\/2021\/09\/28\/a-ibiza-une-finca-ultra-contemporaine\/\" class=\"more-link\">Plus <span class=\"screen-reader-text\">A Ibiza, une finca ultra contemporaine<\/span> <span class=\"meta-nav\">&rarr;<\/span><\/a><\/p>\n","protected":false},"author":1,"featured_media":6861,"comment_status":"open","ping_status":"open","sticky":false,"template":"","format":"standard","meta":{"_sitemap_exclude":false,"_sitemap_priority":"","_sitemap_frequency":"","footnotes":""},"categories":[1],"tags":[],"class_list":["post-6860","post","type-post","status-publish","format-standard","has-post-thumbnail","hentry","category-tous"],"_links":{"self":[{"href":"http:\/\/www.affinite.fr\/index.php\/wp-json\/wp\/v2\/posts\/6860"}],"collection":[{"href":"http:\/\/www.affinite.fr\/index.php\/wp-json\/wp\/v2\/posts"}],"about":[{"href":"http:\/\/www.affinite.fr\/index.php\/wp-json\/wp\/v2\/types\/post"}],"author":[{"embeddable":true,"href":"http:\/\/www.affinite.fr\/index.php\/wp-json\/wp\/v2\/users\/1"}],"replies":[{"embeddable":true,"href":"http:\/\/www.affinite.fr\/index.php\/wp-json\/wp\/v2\/comments?post=6860"}],"version-history":[{"count":0,"href":"http:\/\/www.affinite.fr\/index.php\/wp-json\/wp\/v2\/posts\/6860\/revisions"}],"wp:featuredmedia":[{"embeddable":true,"href":"http:\/\/www.affinite.fr\/index.php\/wp-json\/wp\/v2\/media\/6861"}],"wp:attachment":[{"href":"http:\/\/www.affinite.fr\/index.php\/wp-json\/wp\/v2\/media?parent=6860"}],"wp:term":[{"taxonomy":"category","embeddable":true,"href":"http:\/\/www.affinite.fr\/index.php\/wp-json\/wp\/v2\/categories?post=6860"},{"taxonomy":"post_tag","embeddable":true,"href":"http:\/\/www.affinite.fr\/index.php\/wp-json\/wp\/v2\/tags?post=6860"}],"curies":[{"name":"wp","href":"https:\/\/api.w.org\/{rel}","templated":true}]}}