{"id":6834,"date":"2021-09-25T18:38:46","date_gmt":"2021-09-25T18:38:46","guid":{"rendered":"https:\/\/www.affinite.fr\/index.php\/2021\/09\/25\/la-chronique-des-bridgerton-sur-netflix-la-saison-2-devoile-ses-premieres-images-news-series-a-la-tv\/"},"modified":"2021-09-25T18:38:46","modified_gmt":"2021-09-25T18:38:46","slug":"la-chronique-des-bridgerton-sur-netflix-la-saison-2-devoile-ses-premieres-images-news-series-a-la-tv","status":"publish","type":"post","link":"http:\/\/www.affinite.fr\/index.php\/2021\/09\/25\/la-chronique-des-bridgerton-sur-netflix-la-saison-2-devoile-ses-premieres-images-news-series-a-la-tv\/","title":{"rendered":"La Chronique des Bridgerton sur Netflix : la saison 2 d\u00e9voile ses premi\u00e8res images &#8211; News S\u00e9ries \u00e0 la TV"},"content":{"rendered":"<p> [ad_1]<br \/>\n<\/p>\n<div id=\"article-container\">\n<p class=\"article-lead\">La chronique mondaine au sulfureux parfum de scandale est de retour. D\u00e9couvrez un extrait de la saison 2, qui devrait d\u00e9barquer en 2022 sur Netflix.<\/p>\n<div id=\"article-content\">\n<figure class=\"article-figure article-main-figure\"><img loading=\"lazy\" decoding=\"async\" class=\"article-figure-img\" width=\"654\" height=\"368\" src=\"https:\/\/fr.web.img6.acsta.net\/r_654_368\/newsv7\/21\/09\/25\/20\/01\/5741993.jpg\"\/><figcaption class=\"article-figcaption-copy\">Netflix<\/figcaption><\/figure>\n<p>Les fans de\u00a0<a title=\"La Chronique des Bridgerton (U.S.A.) (Drame,Historique,Romance)\" href=\"http:\/\/www.allocine.fr\/series\/ficheserie_gen_cserie=23886.html\">La Chronique des Bridgerton<\/a> attendaient avec impatience des nouvelles de leur s\u00e9rie pr\u00e9f\u00e9r\u00e9e pendant l&rsquo;\u00e9v\u00e9nement \u00ab\u00a0Tudum\u00a0\u00bb, lanc\u00e9 par Netflix.\u00a0<\/p>\n<p>Pour satisfaire les aficionados de\u00a0cette chronique mondaine au sulfureux parfum de scandale, la plateforme a d\u00e9voil\u00e9 un extrait de la seconde saison. Le moins que l&rsquo;on puisse dire, c&rsquo;est que le Vicomte de Bridgerton passe un sale quart d&rsquo;heure.<\/p>\n<p><iframe loading=\"lazy\" src=\"http:\/\/www.youtube.com\/embed\/xb_oDoJ5Zsc\" width=\"480\" height=\"270\" frameborder=\"0\" allowfullscreen=\"\" scrolling=\"no\" marginwidth=\"0\" marginheight=\"0\"><\/iframe><\/p>\n<p>\u00a0<\/p>\n<p>Apr\u00e8s une premi\u00e8re saison qui a suscit\u00e9 un engouement sans pr\u00e9c\u00e9dent, le show sera de retour dans le courant de l&rsquo;ann\u00e9e 2022.<\/p>\n<\/div>\n<\/div>\n<p>[ad_2]<br \/>\n<br \/><a href=\"http:\/\/rss.allocine.fr\/~r\/ac\/actualites\/~3\/zgL7H-Rq2Lw\/fichearticle_gen_carticle=18703002.html\">Source link <\/a><\/p>\n","protected":false},"excerpt":{"rendered":"<p>[ad_1] La chronique mondaine au sulfureux parfum de scandale est de retour. D\u00e9couvrez un extrait de la saison 2, qui &hellip; <a href=\"http:\/\/www.affinite.fr\/index.php\/2021\/09\/25\/la-chronique-des-bridgerton-sur-netflix-la-saison-2-devoile-ses-premieres-images-news-series-a-la-tv\/\" class=\"more-link\">Plus <span class=\"screen-reader-text\">La Chronique des Bridgerton sur Netflix : la saison 2 d\u00e9voile ses premi\u00e8res images &#8211; News S\u00e9ries \u00e0 la TV<\/span> <span class=\"meta-nav\">&rarr;<\/span><\/a><\/p>\n","protected":false},"author":1,"featured_media":6835,"comment_status":"open","ping_status":"open","sticky":false,"template":"","format":"standard","meta":{"_sitemap_exclude":false,"_sitemap_priority":"","_sitemap_frequency":"","footnotes":""},"categories":[1],"tags":[],"class_list":["post-6834","post","type-post","status-publish","format-standard","has-post-thumbnail","hentry","category-tous"],"_links":{"self":[{"href":"http:\/\/www.affinite.fr\/index.php\/wp-json\/wp\/v2\/posts\/6834"}],"collection":[{"href":"http:\/\/www.affinite.fr\/index.php\/wp-json\/wp\/v2\/posts"}],"about":[{"href":"http:\/\/www.affinite.fr\/index.php\/wp-json\/wp\/v2\/types\/post"}],"author":[{"embeddable":true,"href":"http:\/\/www.affinite.fr\/index.php\/wp-json\/wp\/v2\/users\/1"}],"replies":[{"embeddable":true,"href":"http:\/\/www.affinite.fr\/index.php\/wp-json\/wp\/v2\/comments?post=6834"}],"version-history":[{"count":0,"href":"http:\/\/www.affinite.fr\/index.php\/wp-json\/wp\/v2\/posts\/6834\/revisions"}],"wp:featuredmedia":[{"embeddable":true,"href":"http:\/\/www.affinite.fr\/index.php\/wp-json\/wp\/v2\/media\/6835"}],"wp:attachment":[{"href":"http:\/\/www.affinite.fr\/index.php\/wp-json\/wp\/v2\/media?parent=6834"}],"wp:term":[{"taxonomy":"category","embeddable":true,"href":"http:\/\/www.affinite.fr\/index.php\/wp-json\/wp\/v2\/categories?post=6834"},{"taxonomy":"post_tag","embeddable":true,"href":"http:\/\/www.affinite.fr\/index.php\/wp-json\/wp\/v2\/tags?post=6834"}],"curies":[{"name":"wp","href":"https:\/\/api.w.org\/{rel}","templated":true}]}}