{"id":6832,"date":"2021-09-25T18:36:44","date_gmt":"2021-09-25T18:36:44","guid":{"rendered":"https:\/\/www.affinite.fr\/index.php\/2021\/09\/25\/gratin-de-pain-perdu-au-lait-de-coco-et-myrtilles\/"},"modified":"2021-09-25T18:36:44","modified_gmt":"2021-09-25T18:36:44","slug":"gratin-de-pain-perdu-au-lait-de-coco-et-myrtilles","status":"publish","type":"post","link":"http:\/\/www.affinite.fr\/index.php\/2021\/09\/25\/gratin-de-pain-perdu-au-lait-de-coco-et-myrtilles\/","title":{"rendered":"Gratin de pain perdu au lait de coco et myrtilles"},"content":{"rendered":"<p> [ad_1]<br \/>\n<\/p>\n<div id=\"post-40656\">&#13;<\/p>\n<div class=\"post-header-inner\">\n<div class=\"post-header-title\">\n<div class=\"post-meta single-post-meta\">\n\t\t\t\t<span class=\"time\"><time class=\"post-published updated\" datetime=\"2021-09-06T14:15:00+02:00\">Publi\u00e9 le <b>6 septembre 2021<\/b><\/time><\/span><br \/>\n\t\t\t<a href=\"https:\/\/www.chefnini.com\/gratin-de-pain-perdu-au-lait-de-coco-et-myrtilles\/#comments\" title=\"Laisser un commentaire sur &quot;Gratin de pain perdu au lait de coco et myrtilles&quot;\" class=\"comments\"><i class=\"fa fa-comments-o\"\/> 1<\/a><\/div>\n<\/p><\/div>\n<\/p><\/div>\n<p>&#13;<\/p>\n<div class=\"entry-content clearfix single-post-content\">\n<p><img itemprop=\"image\" class=\"aligncenter size-full wp-image-40657\" data-src=\"https:\/\/static.chefnini.com\/wp-content\/uploads\/2021\/09\/pain-perdu-myrtilles.jpg\" alt=\"\" width=\"500\" height=\"750\" srcset=\"https:\/\/static.chefnini.com\/wp-content\/uploads\/2021\/09\/pain-perdu-myrtilles.jpg 500w, https:\/\/static.chefnini.com\/wp-content\/uploads\/2021\/09\/pain-perdu-myrtilles-200x300.jpg 200w\" sizes=\"(max-width: 500px) 100vw, 500px\"\/><\/p>\n<p itemprop=\"description\">Encore des myrtilles me direz-vous ! C\u2019est vrai que cette ann\u00e9e, j\u2019en ai achet\u00e9es souvent (et donc cuisin\u00e9es souvent aussi). Ca devrait \u00eatre la derni\u00e8re recette avec ces petites baies avant l\u2019ann\u00e9e prochaine, le blog va tranquillement faire la transition avec les d\u00e9licieuses saveurs de l\u2019automne.<\/p>\n<p>Histoire de changer de ma recette de base qui est un m\u00e9lange de cr\u00e8me et de lait, j\u2019ai remplac\u00e9 la cr\u00e8me par du lait de <a href=\"http:\/\/www.affinite.fr\/index.php\/2022\/11\/09\/formation-de-glacier-apprenez-le-metier-de-glacier-et-changez-votre-vie\/\">coco<\/a> pour un gratin de pain perdu plus exotique. Quelques copeaux de coco en plus et les myrtilles pour ramener un peu de l\u00e9g\u00e8ret\u00e9. En ce moment, vous pourriez aussi prendre de la prune pour cette recette.<\/p>\n<p><img itemprop=\"image\" class=\"aligncenter size-full wp-image-40658\" data-src=\"https:\/\/static.chefnini.com\/wp-content\/uploads\/2021\/09\/pain-perdu-myrtilles2.jpg\" alt=\"\" width=\"730\" height=\"487\" srcset=\"https:\/\/static.chefnini.com\/wp-content\/uploads\/2021\/09\/pain-perdu-myrtilles2.jpg 730w, https:\/\/static.chefnini.com\/wp-content\/uploads\/2021\/09\/pain-perdu-myrtilles2-300x200.jpg 300w, https:\/\/static.chefnini.com\/wp-content\/uploads\/2021\/09\/pain-perdu-myrtilles2-450x300.jpg 450w\" sizes=\"(max-width: 730px) 100vw, 730px\"\/><img itemprop=\"image\" class=\"aligncenter size-full wp-image-40662\" data-src=\"https:\/\/static.chefnini.com\/wp-content\/uploads\/2021\/09\/pain-perdu-myrtilles6.jpg\" alt=\"\" width=\"730\" height=\"487\" srcset=\"https:\/\/static.chefnini.com\/wp-content\/uploads\/2021\/09\/pain-perdu-myrtilles6.jpg 730w, https:\/\/static.chefnini.com\/wp-content\/uploads\/2021\/09\/pain-perdu-myrtilles6-300x200.jpg 300w, https:\/\/static.chefnini.com\/wp-content\/uploads\/2021\/09\/pain-perdu-myrtilles6-450x300.jpg 450w\" sizes=\"(max-width: 730px) 100vw, 730px\"\/><\/p>\n<h3 itemprop=\"recipeYield\">Pour 4 personnes :<\/h3>\n<ul>\n<li itemprop=\"ingredients\">6 tranches de brioche rassies<\/li>\n<li itemprop=\"ingredients\">2 \u0153ufs<\/li>\n<li itemprop=\"ingredients\">20 cl de lait de coco<\/li>\n<li itemprop=\"ingredients\">15 cl de lait<\/li>\n<li itemprop=\"ingredients\">15 g de sucre en poudre (+ un peu pour le saupoudrage)<\/li>\n<li itemprop=\"ingredients\">1 poign\u00e9e de copeaux de noix de coco<\/li>\n<li itemprop=\"ingredients\">1 petite barquette de myrtilles<\/li>\n<\/ul>\n<div itemprop=\"recipeInstructions\">\n<p><img itemprop=\"image\" class=\"aligncenter size-full wp-image-40660\" data-src=\"https:\/\/static.chefnini.com\/wp-content\/uploads\/2021\/09\/pain-perdu-myrtilles3.jpg\" alt=\"\" width=\"500\" height=\"750\" srcset=\"https:\/\/static.chefnini.com\/wp-content\/uploads\/2021\/09\/pain-perdu-myrtilles3.jpg 500w, https:\/\/static.chefnini.com\/wp-content\/uploads\/2021\/09\/pain-perdu-myrtilles3-200x300.jpg 200w\" sizes=\"(max-width: 500px) 100vw, 500px\"\/><\/p>\n<p>1- M\u00e9langez les \u0153ufs avec le lait de coco, le lait et le sucre.<\/p>\n<p>2- Coupez les tranches de brioche en cubes et plongez-les dans le m\u00e9lange quelques secondes avant de les retirer.<\/p>\n<p>3- Versez dans un plat \u00e0 gratin et saupoudrez d\u2019une fine couche de sucre et de copeaux de noix de coco.<\/p>\n<p>4- R\u00e9partissez les myrtilles.<\/p>\n<p>5- Faites pr\u00e9chauffer votre four \u00e0 190\u00b0C et enfournez pour un 20 minutes environ. Le tout doit \u00eatre dor\u00e9.<\/p>\n<p><img itemprop=\"image\" class=\"aligncenter size-full wp-image-40661\" data-src=\"https:\/\/static.chefnini.com\/wp-content\/uploads\/2021\/09\/pain-perdu-myrtilles4.jpg\" alt=\"\" width=\"500\" height=\"750\" srcset=\"https:\/\/static.chefnini.com\/wp-content\/uploads\/2021\/09\/pain-perdu-myrtilles4.jpg 500w, https:\/\/static.chefnini.com\/wp-content\/uploads\/2021\/09\/pain-perdu-myrtilles4-200x300.jpg 200w\" sizes=\"(max-width: 500px) 100vw, 500px\"\/><\/p>\n<\/div>\n<p> <!-- recipeInstructions --> \t\t\t\t\t\t\t\t\t<\/div>\n<p>&#13;<\/p>\n<p>\t\t&#13;\n\t\t\t\t\t\t\t\t\t\t<\/p><\/div>\n<p>[ad_2]<br \/>\n<br \/><a href=\"https:\/\/www.chefnini.com\/gratin-de-pain-perdu-au-lait-de-coco-et-myrtilles\/\">Source link <\/a><\/p>\n","protected":false},"excerpt":{"rendered":"<p>[ad_1] &#13; Publi\u00e9 le 6 septembre 2021 1 &#13; Encore des myrtilles me direz-vous ! C\u2019est vrai que cette ann\u00e9e, &hellip; <a href=\"http:\/\/www.affinite.fr\/index.php\/2021\/09\/25\/gratin-de-pain-perdu-au-lait-de-coco-et-myrtilles\/\" class=\"more-link\">Plus <span class=\"screen-reader-text\">Gratin de pain perdu au lait de coco et myrtilles<\/span> <span class=\"meta-nav\">&rarr;<\/span><\/a><\/p>\n","protected":false},"author":1,"featured_media":6833,"comment_status":"open","ping_status":"open","sticky":false,"template":"","format":"standard","meta":{"_sitemap_exclude":false,"_sitemap_priority":"","_sitemap_frequency":"","footnotes":""},"categories":[1],"tags":[],"class_list":["post-6832","post","type-post","status-publish","format-standard","has-post-thumbnail","hentry","category-tous"],"_links":{"self":[{"href":"http:\/\/www.affinite.fr\/index.php\/wp-json\/wp\/v2\/posts\/6832"}],"collection":[{"href":"http:\/\/www.affinite.fr\/index.php\/wp-json\/wp\/v2\/posts"}],"about":[{"href":"http:\/\/www.affinite.fr\/index.php\/wp-json\/wp\/v2\/types\/post"}],"author":[{"embeddable":true,"href":"http:\/\/www.affinite.fr\/index.php\/wp-json\/wp\/v2\/users\/1"}],"replies":[{"embeddable":true,"href":"http:\/\/www.affinite.fr\/index.php\/wp-json\/wp\/v2\/comments?post=6832"}],"version-history":[{"count":0,"href":"http:\/\/www.affinite.fr\/index.php\/wp-json\/wp\/v2\/posts\/6832\/revisions"}],"wp:featuredmedia":[{"embeddable":true,"href":"http:\/\/www.affinite.fr\/index.php\/wp-json\/wp\/v2\/media\/6833"}],"wp:attachment":[{"href":"http:\/\/www.affinite.fr\/index.php\/wp-json\/wp\/v2\/media?parent=6832"}],"wp:term":[{"taxonomy":"category","embeddable":true,"href":"http:\/\/www.affinite.fr\/index.php\/wp-json\/wp\/v2\/categories?post=6832"},{"taxonomy":"post_tag","embeddable":true,"href":"http:\/\/www.affinite.fr\/index.php\/wp-json\/wp\/v2\/tags?post=6832"}],"curies":[{"name":"wp","href":"https:\/\/api.w.org\/{rel}","templated":true}]}}