{"id":6830,"date":"2021-09-25T06:46:20","date_gmt":"2021-09-25T06:46:20","guid":{"rendered":"https:\/\/www.affinite.fr\/index.php\/2021\/09\/25\/eddy-mitchell-balance-johnny-se-defoncait-enormement\/"},"modified":"2021-09-25T06:46:20","modified_gmt":"2021-09-25T06:46:20","slug":"eddy-mitchell-balance-johnny-se-defoncait-enormement","status":"publish","type":"post","link":"http:\/\/www.affinite.fr\/index.php\/2021\/09\/25\/eddy-mitchell-balance-johnny-se-defoncait-enormement\/","title":{"rendered":"Eddy Mitchell balance\u00a0: Johnny \u00ab\u00a0se d\u00e9fon\u00e7ait \u00e9norm\u00e9ment\u00a0\u00bb"},"content":{"rendered":"<p> [ad_1]<br \/>\n<br \/><img decoding=\"async\" src=\"https:\/\/img-3.journaldesfemmes.fr\/W_NHs0TUMg7F7JgUWM6reiO7kNs=\/1280x\/smart\/4dc66f3d27004bcf98804ac186a25140\/ccmcms-jdf\/28204002.jpg\" \/><\/p>\n<p>\n                Eddy Mitchell a d\u00e9di\u00e9 une nouvelle chanson \u00e0 Johnny, dans laquelle il lui reproche certains comportements. Pour Schmoll, le Taulier \u00ab\u00a0s&rsquo;entourait de margoulins\u00a0\u00bb et  \u00ab\u00a0prenait des choses d\u00e9rangeantes\u00a0\u00bb.            <\/p>\n<div>\n<p><strong>Eddy Mitchell<\/strong> chante <strong>pour Johnny<\/strong> dans la chanson <strong><em>Un Petit Peu d&rsquo;Amour<\/em><\/strong>, extrait de son nouvel album. Il s&rsquo;agit d&rsquo;un v\u00e9ritable \u00ab\u00a0<em>coup de semonce<\/em>\u00a0\u00bb envers le d\u00e9funt rockeur, selon les confidences du chanteur au <em>Parisien<\/em>.\u00a0Et les paroles \u00ab\u00a0<em>D\u00e9couvrir qu&rsquo;la trahison commence par l&rsquo;amour ou l&rsquo;amiti\u00e9<\/em>\u00a0\u00bb r\u00e9sonnent dans l&rsquo;esprit.\u00a0Le chanteur de <em>La Derni\u00e8re S\u00e9ance<\/em> a \u00e9t\u00e9 t\u00e9moin \u00e0 plusieurs reprises des trahisons dont avait \u00e9t\u00e9 victime le rockeur\u00a0\u00ab\u00a0<em>Dans cette chanson, je m&rsquo;adresse \u00e0 tout le monde. On est trahis que par les siens, que par les proches, il le savait mieux que moi. Il <strong>s&rsquo;entourait parfois de margoulins<\/strong>, de gens terribles et c&rsquo;\u00e9tait un peu normal qu&rsquo;il <strong>se fasse trahir<\/strong><\/em>\u00ab\u00a0, a-t-il d\u00e9taill\u00e9 au <em>Parisien<\/em>.<\/p>\n<h2>Johnny \u00ab\u00a0se d\u00e9fon\u00e7ait \u00e9norm\u00e9ment\u00a0\u00bb selon Eddy Mitchell\u00a0<\/h2>\n<p>\u00ab\u00a0<em>Je regrette qu&rsquo;il ait un peu <strong>bousill\u00e9 sa vie<\/strong>, qu&rsquo;il n&rsquo;ait pas \u00e9cout\u00e9 des proches tels que moi pour se calmer <\/em>(&#8230;)\u00a0<em>Dans la vie, j&rsquo;\u00e9tais un peu son grand fr\u00e8re. Quand il <strong>prenait des choses d\u00e9rangeantes<\/strong>, je lui disais de se calmer. Mais il <strong>ne m&rsquo;\u00e9coutait pas<\/strong>. Il n&rsquo;a jamais \u00e9cout\u00e9 qui que ce soit<\/em> (&#8230;)\u00a0<em>Je n&rsquo;\u00e9tais pas le seul \u00e0 le mettre en garde, \u00e0 lui dire de mieux se tenir, <strong>de boire moins, de se coucher plus t\u00f4t<\/strong>&#8230; Il<strong> se d\u00e9fon\u00e7ait \u00e9norm\u00e9ment<\/strong><\/em>\u00ab\u00a0, a ajout\u00e9 Eddy Mitchell. Aujourd&rsquo;hui, le chanteur et sa famille ne sont <strong>plus en contact avec <a href=\"https:\/\/www.journaldesfemmes.fr\/people\/personnalites\/2559250-laeticia-hallyday\/\" title=\"Laeticia Marie Christine Boudou\">Laeticia Hallyday<\/a><\/strong>.\u00a0<em>\u00ab\u00a0Il n&rsquo;y avait pas d&rsquo;autres choses \u00e0 faire. Tant pis, tant mieux. <strong>Je regrette surtout pour lui<\/strong><\/em>\u00ab\u00a0, a l\u00e2ch\u00e9 Schmoll dans le quotidien.<\/p>\n<h2>Eddy Mitchell d\u00e9molit\u00a0la statue de Johnny, \u00ab\u00a0une catastrophe\u00a0\u00bb<\/h2>\n<aside id=\"NL_1138771013\" class=\"newsletter_subscription jNlBlock\"><noscript><br \/>\n            <\/noscript><\/p>\n<h3 class=\"newsletter_subscription-title\">Newsletter <\/h3>\n<p><a href=\"\/\/mailing.ccmbg.com\/archive\/last-85\" target=\"_blank\" class=\"a_hover\" rel=\"noopener\">Voir un exemple<\/a><\/p>\n<\/aside>\n<p>Face \u00e0 la <strong>statue hommage<\/strong> \u00e0 Johnny, Eddy Mitchell n&rsquo;est gu\u00e8re enthousiaste.\u00a0\u00ab\u00a0<em>C&rsquo;est une catastrophe. Mais cela pla\u00eet \u00e0 Hidalgo, &lsquo;notre drame de Paris&rsquo;, donc c&rsquo;est bien (il rit). Cette statue n&rsquo;\u00e9voque rien, ce n&rsquo;est pas Johnny<\/em>\u00ab\u00a0, a-t-il d\u00e9clar\u00e9, avant de pr\u00e9ciser qu&rsquo;il <strong>ne souhaiterait \u00ab\u00a0<em>surtout pas<\/em>\u00a0\u00bb qu&rsquo;une Place Eddy Mitchell soit \u00e9rig\u00e9e un jour.<\/strong><br \/>Quant au <strong>concert hommage \u00e0 Johnny<\/strong> \u00e0 Bercy, qui s&rsquo;est d\u00e9roul\u00e9 le 14 septembre, Eddy Mitchell n&rsquo;a pas r\u00e9pondu pr\u00e9sent:\u00a0\u00ab\u00a0<em>Je ne fais pas les Restos du C\u0153ur, alors je ne vais pas aller \u00e0 Bercy pour \u00e7a\u2026 Sur le principe, je ne suis pas d&rsquo;accord avec ce genre d&rsquo;\u00e9v\u00e9nements. Les spectateurs payent, les artistes eux ne sont pas pay\u00e9s et cela va soi-disant \u00e0 une \u0153uvre caritative\u2026 <strong>Je n&rsquo;y crois pas beaucoup<\/strong><\/em>\u00ab\u00a0. Le message est pass\u00e9, vieille Canaille !<\/p>\n<\/p><\/div>\n<p>[ad_2]<br \/>\n<br \/><a href=\"https:\/\/www.journaldesfemmes.fr\/people\/actus\/2745319-eddy-mitchell-johnny-hallyday-statue-concert-chanson\/\">Source link <\/a><\/p>\n","protected":false},"excerpt":{"rendered":"<p>[ad_1] Eddy Mitchell a d\u00e9di\u00e9 une nouvelle chanson \u00e0 Johnny, dans laquelle il lui reproche certains comportements. Pour Schmoll, le &hellip; <a href=\"http:\/\/www.affinite.fr\/index.php\/2021\/09\/25\/eddy-mitchell-balance-johnny-se-defoncait-enormement\/\" class=\"more-link\">Plus <span class=\"screen-reader-text\">Eddy Mitchell balance\u00a0: Johnny \u00ab\u00a0se d\u00e9fon\u00e7ait \u00e9norm\u00e9ment\u00a0\u00bb<\/span> <span class=\"meta-nav\">&rarr;<\/span><\/a><\/p>\n","protected":false},"author":1,"featured_media":6831,"comment_status":"open","ping_status":"open","sticky":false,"template":"","format":"standard","meta":{"_sitemap_exclude":false,"_sitemap_priority":"","_sitemap_frequency":"","footnotes":""},"categories":[1],"tags":[],"class_list":["post-6830","post","type-post","status-publish","format-standard","has-post-thumbnail","hentry","category-tous"],"_links":{"self":[{"href":"http:\/\/www.affinite.fr\/index.php\/wp-json\/wp\/v2\/posts\/6830"}],"collection":[{"href":"http:\/\/www.affinite.fr\/index.php\/wp-json\/wp\/v2\/posts"}],"about":[{"href":"http:\/\/www.affinite.fr\/index.php\/wp-json\/wp\/v2\/types\/post"}],"author":[{"embeddable":true,"href":"http:\/\/www.affinite.fr\/index.php\/wp-json\/wp\/v2\/users\/1"}],"replies":[{"embeddable":true,"href":"http:\/\/www.affinite.fr\/index.php\/wp-json\/wp\/v2\/comments?post=6830"}],"version-history":[{"count":0,"href":"http:\/\/www.affinite.fr\/index.php\/wp-json\/wp\/v2\/posts\/6830\/revisions"}],"wp:featuredmedia":[{"embeddable":true,"href":"http:\/\/www.affinite.fr\/index.php\/wp-json\/wp\/v2\/media\/6831"}],"wp:attachment":[{"href":"http:\/\/www.affinite.fr\/index.php\/wp-json\/wp\/v2\/media?parent=6830"}],"wp:term":[{"taxonomy":"category","embeddable":true,"href":"http:\/\/www.affinite.fr\/index.php\/wp-json\/wp\/v2\/categories?post=6830"},{"taxonomy":"post_tag","embeddable":true,"href":"http:\/\/www.affinite.fr\/index.php\/wp-json\/wp\/v2\/tags?post=6830"}],"curies":[{"name":"wp","href":"https:\/\/api.w.org\/{rel}","templated":true}]}}