{"id":6794,"date":"2021-08-20T22:52:44","date_gmt":"2021-08-20T22:52:44","guid":{"rendered":"https:\/\/www.affinite.fr\/index.php\/2021\/08\/20\/ce-qui-la-fait-fondre-en-larmes\/"},"modified":"2021-08-20T22:52:44","modified_gmt":"2021-08-20T22:52:44","slug":"ce-qui-la-fait-fondre-en-larmes","status":"publish","type":"post","link":"http:\/\/www.affinite.fr\/index.php\/2021\/08\/20\/ce-qui-la-fait-fondre-en-larmes\/","title":{"rendered":"ce qui la fait \u00ab\u00a0fondre en larmes\u00a0\u00bb"},"content":{"rendered":"<p> [ad_1]<br \/>\n<br \/><img decoding=\"async\" src=\"https:\/\/img-3.journaldesfemmes.fr\/cJQCDgxVFPl5Cc6iZiYbL2IXQhk=\/1280x\/smart\/cac8e28b4dd14728b357fd298129ae28\/ccmcms-jdf\/27241383.jpg\" \/><\/p>\n<p>\n                H\u00e9l\u00e8ne Roll\u00e8s signe son grand retour apr\u00e8s cinq ans loin des studios d&rsquo;enregistrement. A l&rsquo;occasion d&rsquo;un entretien au Parisien, la chanteuse et actrice s&rsquo;est livr\u00e9e sur DALS, sa vie de famille, ses enfants&#8230; et ce qui la rend malade.            <\/p>\n<div>\n<p>Voil\u00e0 un come-back qui \u00e9tait impatiemment attendu. Depuis 2016, les fans d<strong>&lsquo;H\u00e9l\u00e8ne Roll\u00e8s <\/strong>esp\u00e9raient un nouvel album&#8230; C&rsquo;est maintenant chose faite ce 20 ao\u00fbt, jour de sortie de\u00a0<em><strong>H\u00e9l\u00e8ne: Un amour,<\/strong> <\/em>le dixi\u00e8me disque de la star de la sitcom<em> H\u00e9l\u00e8ne et Les Gar\u00e7ons<\/em>.\u00a0<em>\u00ab\u00a0Le temps passe vite. Je ne me suis m\u00eame pas rendue compte que cela faisait d\u00e9j\u00e0 cinq ans que je n&rsquo;avais pas fait d&rsquo;album<\/em>\u00ab\u00a0, a confi\u00e9 la chanteuse de 54 ans \u00e0 propos de son absence dans les colonnes du<em> Parisien<\/em>.<br \/>Il faut dire que l&rsquo;actrice a \u00e9t\u00e9 bien occup\u00e9e par sa vie de famille, elle qui est l&rsquo;heureuse maman de\u00a0<strong>June, 12 ans et Marcus,<\/strong>\u00a0<strong>10 ans<\/strong>, dont les visages ont \u00e9t\u00e9 aper\u00e7us pour la premi\u00e8re fois\u00a0dans un \u00e9pisode des <em>Myst\u00e8res de l&rsquo;Amour <\/em>sur<em> TMC <\/em>en avril dernier.\u00a0\u00bb\u00a0<em><strong>Je me suis beaucoup consacr\u00e9e \u00e0 mes enfants<\/strong>\u00a0<strong>pour ne pas rater les moments essentiels de leurs vies<\/strong><\/em><strong>\u00ab\u00a0<\/strong>, a-t-elle expliqu\u00e9 au journal.<\/p>\n<h2>H\u00e9l\u00e8ne Roll\u00e8s : l&rsquo;adoption, un <em>\u00ab\u00a0parcours du combattant\u00a0\u00bb<\/em><\/h2>\n<p>Pour devenir m\u00e8re, la com\u00e9dienne a proc\u00e9d\u00e9 \u00e0 une <a href=\"https:\/\/www.journaldesfemmes.fr\/maman\/guide-allocations-et-droits\/2674327-adoption-couples-non-maries-age-proposition-de-loi\/\" title=\"Adopter\">adoption<\/a> \u00e0\u00a0<strong>Addis-Abeba, en\u00a0Ethiopie<\/strong>, en 2013.<br \/>Mais avant d&rsquo;accueillir ses deux enfants, H\u00e9l\u00e8ne Roll\u00e8s a d\u00fb surmonter de nombreuses emb\u00fbches, qui ont finalement port\u00e9 leurs <a href=\"http:\/\/www.affinite.fr\/index.php\/2023\/07\/29\/valoriser-ses-invendus-une-demarche-ecologique-et-rentable-pour-les-marchands-de-fruits\/\">fruits<\/a>:<br \/>\u00ab\u00a0<i>J&rsquo;ai attendu six ans. Aujourd&rsquo;hui, l&rsquo;\u00c9thiopie, dont sont originaires mes enfants, a ferm\u00e9 les proc\u00e9dures, les orphelinats.\u00a0<\/i><strong style=\"font-style: italic;\">Quel <a href=\"https:\/\/sante.journaldesfemmes.fr\/fiches-sante-du-quotidien\/2516087-stress-definition-symptomes-causes-traitement-test\/\" title=\"Stress\">stress<\/a> cela a \u00e9t\u00e9<\/strong><i>.\u00a0<\/i><strong style=\"\"><i>Jusqu&rsquo;\u00e0 la sortie de l&rsquo;avion, j&rsquo;ai eu peur<\/i>.\u00a0<\/strong><em>Mais le parcours du combattant est vite oubli\u00e9 avec le bonheur indescriptible que cela apporte\u00a0\u00bb.<\/em><\/p>\n<h2>H\u00e9l\u00e8ne Roll\u00e8s, pr\u00eate \u00e0 emmener ses enfants aux concerts<\/h2>\n<p>Depuis leur arriv\u00e9e en France, June et Marcus vivent dans la<strong> Sarthe<\/strong>, pr\u00e8s<strong> \u00ab\u00a0<em>d&rsquo;une for\u00eat \u00e0 c\u00f4t\u00e9\u00a0d&rsquo;un petit village<\/em>\u00ab\u00a0.<\/strong> Presque adolescents maintenant, ils prennent petit \u00e0 petit conscience que leur maman est une v\u00e9ritable star nationale!<br \/>De son c\u00f4t\u00e9, la c\u00e9l\u00e8bre \u00ab\u00a0fille pas comme les autres\u00a0\u00bb se sent fin pr\u00eate \u00e0 remonter sur sc\u00e8ne pour faire le show devant eux. <strong>\u00ab\u00a0<\/strong><em><strong>Mes enfants ne m&rsquo;ont pas connue sur sc\u00e8ne.<\/strong> La premi\u00e8re fois qu&rsquo;ils m&rsquo;y ont vue, c&rsquo;\u00e9tait en Chine, puis \u00e0 un Olympia, cela n&rsquo;a rien \u00e0 voir avec de grandes salles. L\u00e0, ils ont 10\u00a0ou 12\u00a0ans et\u00a0<strong>ils pourront inviter leurs copains\u00a0\u00bb,<\/strong><\/em> a affirm\u00e9 la complice de Patrick Puydebat.<br \/>Et si la belle H\u00e9l\u00e8ne accepte de donner\u00a0des concerts \u00e0 nouveau, c&rsquo;est sous certaines conditions :<em>\u00ab\u00a0<strong>Comme le reste de ma famille<\/strong>,<strong> je les colle dans le fond et ils ont la consigne de bien se planquer. Je ne veux pas les voir, car cela me stresse trop et, apr\u00e8s, je fonds en larmes<\/strong>\u00ab\u00a0.<\/em><\/p>\n<h2>H\u00e9l\u00e8ne Roll\u00e8s : le jour o\u00f9 elle s&rsquo;est \u00e9vanouie sur sc\u00e8ne<\/h2>\n<p>Malgr\u00e9 des ann\u00e9es de carri\u00e8re devant les cam\u00e9ras, les tensions sont toujours tr\u00e8s pr\u00e9sentes lorsqu&rsquo;H\u00e9l\u00e8ne Roll\u00e8s\u00a0se produit en public.\u00a0<em>\u00ab\u00a0Je suis une<strong> <a href=\"https:\/\/sante.journaldesfemmes.fr\/fiches-sante-du-quotidien\/2593286-hypersensibilite-definition-caracteristiques-symptomes-test-traitement\/\" title=\"Hypersensibilit\u00e9\">hypersensible<\/a><\/strong> sur sc\u00e8ne. Je suis morte de trac. D\u00e8s que cela commence je me maudis en me disant:\u00a0<\/em>&lsquo;<em>Qu&rsquo;est-ce que je fous l\u00e0\u00a0? Pourquoi j&rsquo;ai dit oui\u00a0?&rsquo;\u00a0C&rsquo;est horrible jusqu&rsquo;\u00e0 la derni\u00e8re note\u00a0\u00bb, <\/em>a-t-elle r\u00e9v\u00e9l\u00e9 avec honn\u00eatet\u00e9\u00a0au<em> <\/em><em>Parisien.\u00a0<\/em><br \/>Le stress lui a d&rsquo;ailleurs d\u00e9j\u00e0 jou\u00e9 un mauvais tour, lui faisant litt\u00e9ralement perdre connaissance, comme elle l&rsquo;a racont\u00e9 au journal:\u00a0\u00a0<em>\u00ab\u00a0Une fois je me suis m\u00eame \u00e9vanouie sur sc\u00e8ne. <strong>Ma s\u0153ur croyait que j&rsquo;\u00e9tais morte<\/strong>. Pat Le Guen avait film\u00e9 ce moment et j&rsquo;ai refus\u00e9 qu&rsquo;on diffuse les images car cela a fait trop peur \u00e0 mes proches\u00a0\u00bb.\u00a0<\/em><\/p>\n<h2>H\u00e9l\u00e8ne Roll\u00e8s ne sera pas dans DALS<\/h2>\n<aside id=\"NL_1601056031\" class=\"newsletter_subscription jNlBlock\"><noscript><br \/>\n            <\/noscript><\/p>\n<h3 class=\"newsletter_subscription-title\">Newsletter <\/h3>\n<p><a href=\"\/\/mailing.ccmbg.com\/archive\/last-85\" target=\"_blank\" class=\"a_hover\" rel=\"noopener noreferrer\">Voir un exemple<\/a><\/p>\n<\/aside>\n<p>La rentr\u00e9e s&rsquo;annonce en tout cas palpitante pour la douce artiste, qui va enfin renouer avec ses fans. Certains qui pensaient la voir vibrer sur le parquet de<em> Danse avec les Stars<\/em>\u00a0risquent en revanche d&rsquo;\u00eatre un peu d\u00e9\u00e7us. Interrog\u00e9e \u00e0 ce propos par <em>Cin\u00e9 T\u00e9l\u00e9 Revue<\/em>, elle a affirm\u00e9 qu&rsquo;on lui avait d\u00e9j\u00e0 <em>\u00ab\u00a0propos\u00e9 \u00e0 deux reprises\u00a0\u00bb<\/em>.\u00a0<em>\u00a0<\/em><br \/>Seul b\u00e9mol, la production n&rsquo;aurait jamais donn\u00e9 suite \u00e0 la candidature de la star&#8230;\u00a0<em>\u00ab\u00a0<strong>J&rsquo;ai accept\u00e9 mais je n&rsquo;ai plus eu de nouvelles de leur part\u00a0\u00bb, <\/strong><\/em>a lanc\u00e9 H\u00e9l\u00e8ne Roll\u00e8s, avant de conclure:\u00a0<em>\u00a0\u00bb <strong>Il n&rsquo;y aura pas de troisi\u00e8me fois \u00ab\u00a0.<\/strong><\/em><\/p>\n<\/p><\/div>\n<p>[ad_2]<br \/>\n<br \/><a href=\"https:\/\/www.journaldesfemmes.fr\/people\/actus\/2737355-helene-rolles-malade-enfants-famille-mari-dals\/\">Source link <\/a><\/p>\n","protected":false},"excerpt":{"rendered":"<p>[ad_1] H\u00e9l\u00e8ne Roll\u00e8s signe son grand retour apr\u00e8s cinq ans loin des studios d&rsquo;enregistrement. A l&rsquo;occasion d&rsquo;un entretien au Parisien, &hellip; <a href=\"http:\/\/www.affinite.fr\/index.php\/2021\/08\/20\/ce-qui-la-fait-fondre-en-larmes\/\" class=\"more-link\">Plus <span class=\"screen-reader-text\">ce qui la fait \u00ab\u00a0fondre en larmes\u00a0\u00bb<\/span> <span class=\"meta-nav\">&rarr;<\/span><\/a><\/p>\n","protected":false},"author":1,"featured_media":6795,"comment_status":"open","ping_status":"open","sticky":false,"template":"","format":"standard","meta":{"_sitemap_exclude":false,"_sitemap_priority":"","_sitemap_frequency":"","footnotes":""},"categories":[1],"tags":[],"class_list":["post-6794","post","type-post","status-publish","format-standard","has-post-thumbnail","hentry","category-tous"],"_links":{"self":[{"href":"http:\/\/www.affinite.fr\/index.php\/wp-json\/wp\/v2\/posts\/6794"}],"collection":[{"href":"http:\/\/www.affinite.fr\/index.php\/wp-json\/wp\/v2\/posts"}],"about":[{"href":"http:\/\/www.affinite.fr\/index.php\/wp-json\/wp\/v2\/types\/post"}],"author":[{"embeddable":true,"href":"http:\/\/www.affinite.fr\/index.php\/wp-json\/wp\/v2\/users\/1"}],"replies":[{"embeddable":true,"href":"http:\/\/www.affinite.fr\/index.php\/wp-json\/wp\/v2\/comments?post=6794"}],"version-history":[{"count":0,"href":"http:\/\/www.affinite.fr\/index.php\/wp-json\/wp\/v2\/posts\/6794\/revisions"}],"wp:featuredmedia":[{"embeddable":true,"href":"http:\/\/www.affinite.fr\/index.php\/wp-json\/wp\/v2\/media\/6795"}],"wp:attachment":[{"href":"http:\/\/www.affinite.fr\/index.php\/wp-json\/wp\/v2\/media?parent=6794"}],"wp:term":[{"taxonomy":"category","embeddable":true,"href":"http:\/\/www.affinite.fr\/index.php\/wp-json\/wp\/v2\/categories?post=6794"},{"taxonomy":"post_tag","embeddable":true,"href":"http:\/\/www.affinite.fr\/index.php\/wp-json\/wp\/v2\/tags?post=6794"}],"curies":[{"name":"wp","href":"https:\/\/api.w.org\/{rel}","templated":true}]}}