{"id":6788,"date":"2021-08-18T22:50:24","date_gmt":"2021-08-18T22:50:24","guid":{"rendered":"https:\/\/www.affinite.fr\/index.php\/2021\/08\/18\/olivier-minne-triste-mauvaise-nouvelle\/"},"modified":"2021-08-18T22:50:24","modified_gmt":"2021-08-18T22:50:24","slug":"olivier-minne-triste-mauvaise-nouvelle","status":"publish","type":"post","link":"http:\/\/www.affinite.fr\/index.php\/2021\/08\/18\/olivier-minne-triste-mauvaise-nouvelle\/","title":{"rendered":"Olivier Minne, triste\u00a0: mauvaise nouvelle"},"content":{"rendered":"<p> [ad_1]<br \/>\n<br \/><img decoding=\"async\" src=\"https:\/\/img-3.journaldesfemmes.fr\/2LTL8dNwOIYO0VT9EsQBHD6_LQo=\/1280x\/smart\/0dec503474a945b08898745be9b9a94b\/ccmcms-jdf\/27183502.jpg\" \/><\/p>\n<p>\n                Olivier Minne s&rsquo;arr\u00eate l\u00e0. L&rsquo;animateur a annonc\u00e9 qu&rsquo;une \u00e9mission diffus\u00e9e sur France2\u00a0allait malheureusement bient\u00f4t toucher \u00e0 sa fin&#8230;\u00e0 son grand regret&#8230;            <\/p>\n<div>\n<p>Il est le visage de<strong> <em>Fort Boyard<\/em><\/strong> depuis 2003. Mais <strong>Olivier Minne<\/strong> n&rsquo;est pas seulement l&rsquo;animateur star du programme culte de<em> France 2<\/em>. Sur la m\u00eame cha\u00eene, le pr\u00e9sentateur franco-belge de 54 ans est \u00e0 la t\u00eate des \u00e9missions<em> <strong>Tout Le Monde a Son Mot \u00e0 Dire<\/strong><\/em>, en duo avec Sidonie Bonnec. et<strong> <em>Joker<\/em><\/strong>,\u00a0diffus\u00e9 <strong>tous les\u00a0samedis apr\u00e8s-midi \u00e0 17h45<\/strong>. D&rsquo;abord lanc\u00e9 entre f\u00e9vrier 2015 et ao\u00fbt 2016, ce jeu t\u00e9l\u00e9vis\u00e9 n&rsquo;avait pas su s\u00e9duire le public&#8230; Apr\u00e8s deux ans d&rsquo;arr\u00eat, la cha\u00eene avait finalement programm\u00e9 son grand retour en 2018. Mais une mauvaise nouvelle pourrait bien d\u00e9cevoir de nouveau les t\u00e9l\u00e9spectateurs.<\/p>\n<h2>Olivier Minne arr\u00eate Joker<\/h2>\n<p>Olivier Minne a annonc\u00e9 sur Twitter le 14 ao\u00fbt\u00a0que<em> Joker <\/em>allait s&rsquo;arr\u00eater d&rsquo;ici peu.\u00a0<br \/>\u00ab\u00a0<em><strong>Ce sont les derni\u00e8res \u00e9missions de ce jeu que j&rsquo;ai \u00e9t\u00e9 tr\u00e8s heureux de pr\u00e9senter.\u00a0<\/strong><\/em><em>Merci \u00e0 ma complice Vanessa et \u00e0 mon fid\u00e8le assistant @chartierseb qui, par leurs talents, ont fait de cette \u00e9mission un succ\u00e8s plus souvent qu&rsquo;il n&rsquo;y para\u00eet. Merci \u00e0 ceux qui nous ont suivis!\u00a0\u00bb,<\/em> a-t-il \u00e9crit sur le r\u00e9seau social.<\/p>\n<div class=\"ccminsert\">\n<blockquote class=\"twitter-tweet\">\n<p dir=\"ltr\" lang=\"fr\">Ce sont les derni\u00e8res \u00e9missions de ce jeu que jai \u00e9t\u00e9 tr\u00e8s heureux de pr\u00e9senter. Merci \u00e0 ma complice Vanessa et \u00e0 mon fid\u00e8le assistant <a href=\"https:\/\/twitter.com\/chartierseb?ref_src=twsrc%5Etfw\">@chartierseb<\/a> qui par leur talent ont fait de cette \u00e9mission un succ\u00e8s plus souvent quil ny parait. Merci \u00e0 ceux qui nous ont suivi! <a href=\"https:\/\/twitter.com\/jokerf2\/status\/1426482521164943362\">https:\/\/t.co\/KwRpvy6Ifq<\/a><\/p>\n<p>\u2014 Olivier MINNE (@olivierminne) <a href=\"https:\/\/twitter.com\/olivierminne\/status\/1426527225348825089?ref_src=twsrc%5Etfw\">August 14, 2021<\/a><\/p><\/blockquote>\n<\/div>\n<aside id=\"NL_1744794851\" class=\"newsletter_subscription jNlBlock\"><noscript><br \/>\n            <\/noscript><\/p>\n<h3 class=\"newsletter_subscription-title\">Newsletter <\/h3>\n<p><a href=\"\/\/mailing.ccmbg.com\/archive\/last-85\" target=\"_blank\" class=\"a_hover\" rel=\"noopener noreferrer\">Voir un exemple<\/a><\/p>\n<\/aside>\n<p>Contact\u00e9 par <em>Puremedias<\/em>, la soci\u00e9t\u00e9 Hubert Prod a de son c\u00f4t\u00e9 assur\u00e9 que le jeu prendrait fin \u00ab\u00a0<strong><em>dans les prochaines semaines\u00a0\u00bb<\/em><\/strong>. Seule\u00a0<em>\u00ab\u00a0une poign\u00e9e d&rsquo;in\u00e9dits<\/em>\u00a0\u00bb serait encore en stock avec une diffusion \u00ab\u00a0<em>\u00e9galement pr\u00e9vue le dimanche<\/em>\u00ab\u00a0.<br \/>Les fans pourront \u00e0 la place suivre\u00a0<em>Tout le Monde \u00e0 son Mot \u00e0 dire, \u00ab\u00a0qui fonctionne bien sur ce cr\u00e9neau horaire\u00a0\u00bb.<\/em><\/p>\n<\/p><\/div>\n<p><script async src=\"http:\/\/platform.twitter.com\/widgets.js\" charset=\"utf-8\"><\/script><br \/>\n<br \/>[ad_2]<br \/>\n<br \/><a href=\"https:\/\/www.journaldesfemmes.fr\/loisirs\/tv\/2737057-olivier-minne-jeu-joker-arret-fin-france-2\/\">Source link <\/a><\/p>\n","protected":false},"excerpt":{"rendered":"<p>[ad_1] Olivier Minne s&rsquo;arr\u00eate l\u00e0. L&rsquo;animateur a annonc\u00e9 qu&rsquo;une \u00e9mission diffus\u00e9e sur France2\u00a0allait malheureusement bient\u00f4t toucher \u00e0 sa fin&#8230;\u00e0 son &hellip; <a href=\"http:\/\/www.affinite.fr\/index.php\/2021\/08\/18\/olivier-minne-triste-mauvaise-nouvelle\/\" class=\"more-link\">Plus <span class=\"screen-reader-text\">Olivier Minne, triste\u00a0: mauvaise nouvelle<\/span> <span class=\"meta-nav\">&rarr;<\/span><\/a><\/p>\n","protected":false},"author":1,"featured_media":6789,"comment_status":"open","ping_status":"open","sticky":false,"template":"","format":"standard","meta":{"_sitemap_exclude":false,"_sitemap_priority":"","_sitemap_frequency":"","footnotes":""},"categories":[1],"tags":[],"class_list":["post-6788","post","type-post","status-publish","format-standard","has-post-thumbnail","hentry","category-tous"],"_links":{"self":[{"href":"http:\/\/www.affinite.fr\/index.php\/wp-json\/wp\/v2\/posts\/6788"}],"collection":[{"href":"http:\/\/www.affinite.fr\/index.php\/wp-json\/wp\/v2\/posts"}],"about":[{"href":"http:\/\/www.affinite.fr\/index.php\/wp-json\/wp\/v2\/types\/post"}],"author":[{"embeddable":true,"href":"http:\/\/www.affinite.fr\/index.php\/wp-json\/wp\/v2\/users\/1"}],"replies":[{"embeddable":true,"href":"http:\/\/www.affinite.fr\/index.php\/wp-json\/wp\/v2\/comments?post=6788"}],"version-history":[{"count":0,"href":"http:\/\/www.affinite.fr\/index.php\/wp-json\/wp\/v2\/posts\/6788\/revisions"}],"wp:featuredmedia":[{"embeddable":true,"href":"http:\/\/www.affinite.fr\/index.php\/wp-json\/wp\/v2\/media\/6789"}],"wp:attachment":[{"href":"http:\/\/www.affinite.fr\/index.php\/wp-json\/wp\/v2\/media?parent=6788"}],"wp:term":[{"taxonomy":"category","embeddable":true,"href":"http:\/\/www.affinite.fr\/index.php\/wp-json\/wp\/v2\/categories?post=6788"},{"taxonomy":"post_tag","embeddable":true,"href":"http:\/\/www.affinite.fr\/index.php\/wp-json\/wp\/v2\/tags?post=6788"}],"curies":[{"name":"wp","href":"https:\/\/api.w.org\/{rel}","templated":true}]}}