{"id":6786,"date":"2021-08-17T22:49:22","date_gmt":"2021-08-17T22:49:22","guid":{"rendered":"https:\/\/www.affinite.fr\/index.php\/2021\/08\/17\/cindy-sander-45kg-photos-de-sa-transformation-en-bikini\/"},"modified":"2021-08-17T22:49:22","modified_gmt":"2021-08-17T22:49:22","slug":"cindy-sander-45kg-photos-de-sa-transformation-en-bikini","status":"publish","type":"post","link":"http:\/\/www.affinite.fr\/index.php\/2021\/08\/17\/cindy-sander-45kg-photos-de-sa-transformation-en-bikini\/","title":{"rendered":"Cindy Sander &#8211; 45kg\u00a0: PHOTOS de sa transformation en bikini"},"content":{"rendered":"<p> [ad_1]<br \/>\n<br \/><img decoding=\"async\" src=\"https:\/\/img-3.journaldesfemmes.fr\/Vi5P7AAhx5NYjcwpO3YojGv6bmw=\/1280x\/smart\/4d23ba2b5cf546bb9df8c633833ebc16\/ccmcms-jdf\/27162408.jpg\" \/><\/p>\n<p>\n                Cindy Sander a op\u00e9r\u00e9 un changement radical dans sa vie. La chanteuse est apparue tr\u00e8s amincie en maillot de bain sur Instagram&#8230;            <\/p>\n<div>\n<p>Elle rena\u00eet tel un <em>\u00ab\u00a0Papillon de lumi\u00e8re<\/em>\u00ab\u00a0. A 43 ans, <strong>Cindy Sander<\/strong> est plus rayonnante que jamais! Il est loin le temps o\u00f9 la jeune femme peu s\u00fbre d&rsquo;elle s&rsquo;\u00e9tait pr\u00e9sent\u00e9e en 2008\u00a0devant le jury de<strong> <em>La Nouvelle Star<\/em>..<\/strong>. Elle est \u00e0 pr\u00e9sent une artiste accomplie et\u00a0bien dans sa peau, t\u00eate d&rsquo;affiche\u00a0du show <em>The Wyld<\/em>, cr\u00e9\u00e9 tout sp\u00e9cialement par <a href=\"https:\/\/www.journaldesfemmes.fr\/beaute\/thierry-mugler\/\" title=\"Parfum thierry mugler\">Thierry Mugler<\/a>. Compl\u00e8tement sortie de sa chrysalide, la chanteuse est \u00e9galement<strong> devenue rousse<\/strong>&#8230; et a\u00a0 fondu comme neige au soleil. La preuve en est avec ses clich\u00e9s de\u00a0vacances o\u00f9 elle apparait\u00a0en<strong> <a href=\"https:\/\/www.journaldesfemmes.fr\/mode\/shopping\/2577739-maillot-de-bain\/\" title=\"Maillots de bain\">maillot de bain<\/a><\/strong> sur son compte Instagram ce 15 ao\u00fbt.<\/p>\n<h2>Cindy Sander : -45 kilos sur la balance<\/h2>\n<p>Au total, Cindy Sander s&rsquo;est d\u00e9lest\u00e9e de pas moins de 45 kilos, comme elle nous l&rsquo;avait confi\u00e9 en interview en janvier dernier.<br \/><em>\u00ab\u00a0<strong>Cela m&rsquo;a demand\u00e9 3\u00a0ans de travail<\/strong>. J&rsquo;ai fait beaucoup de sport et <strong>j&rsquo;ai perdu 40\u00a0\u00e0 45\u00a0kilos<\/strong>. Je suis devenue rousse et je me sens\u00a0plus femme que jamais\u00a0\u00bb, <\/em>avait-elle alors racont\u00e9.\u00a0<br \/>Tr\u00e8s fi\u00e8re de cette m\u00e9tamorphose, Cindy Sander, qui poursuit le <strong><a href=\"https:\/\/www.journaldesfemmes.fr\/beaute\/conseils-forme-et-minceur\/2556798-regime-cetogene-avis-methode\/\" title=\"Di\u00e8te c\u00e9tog\u00e8ne\">r\u00e9gime c\u00e9tog\u00e8ne<\/a><\/strong>,\u00a0a d\u00e9livr\u00e9 quelques conseils dans sa story Instagram en incitant ses abonn\u00e9s \u00e0 d\u00e9buter des s\u00e9ances de sport quotidiennes.<br \/>\u00ab\u00a0<em>L&rsquo;alimentation, ce n&rsquo;est pas tout. Si on veut avoir un beau corps et s&rsquo;all\u00e9ger de quelques kilos, il faut se bouger les fesses.<strong>\u00a0Il faudrait faire du sport minimum trente minutes par jour\u00a0\u00bb, <\/strong><\/em>a-t-elle pr\u00e9conis\u00e9. Les efforts ont pay\u00e9 pour l&rsquo;artiste !<\/p>\n<aside id=\"NL_2118810149\" class=\"newsletter_subscription jNlBlock\"><noscript><br \/>\n            <\/noscript><\/p>\n<h3 class=\"newsletter_subscription-title\">Newsletter <\/h3>\n<p><a href=\"\/\/mailing.ccmbg.com\/archive\/last-85\" target=\"_blank\" class=\"a_hover\" rel=\"noopener noreferrer\">Voir un exemple<\/a><\/p>\n<\/aside>\n<p>Un changement total de silhouette qui a \u00e9t\u00e9 largement\u00a0applaudi par ses nombreux fans! La star se sent \u00e0 pr\u00e9sent plus \u00e9panouie que jamais dans sa nouvelle vie.<\/p>\n<\/p><\/div>\n<p>[ad_2]<br \/>\n<br \/><a href=\"https:\/\/www.journaldesfemmes.fr\/people\/actus\/2736967-cindy-sander-mince-poids-kilos-bikini-45kg-photos\/\">Source link <\/a><\/p>\n","protected":false},"excerpt":{"rendered":"<p>[ad_1] Cindy Sander a op\u00e9r\u00e9 un changement radical dans sa vie. La chanteuse est apparue tr\u00e8s amincie en maillot de &hellip; <a href=\"http:\/\/www.affinite.fr\/index.php\/2021\/08\/17\/cindy-sander-45kg-photos-de-sa-transformation-en-bikini\/\" class=\"more-link\">Plus <span class=\"screen-reader-text\">Cindy Sander &#8211; 45kg\u00a0: PHOTOS de sa transformation en bikini<\/span> <span class=\"meta-nav\">&rarr;<\/span><\/a><\/p>\n","protected":false},"author":1,"featured_media":6787,"comment_status":"open","ping_status":"open","sticky":false,"template":"","format":"standard","meta":{"_sitemap_exclude":false,"_sitemap_priority":"","_sitemap_frequency":"","footnotes":""},"categories":[1],"tags":[],"class_list":["post-6786","post","type-post","status-publish","format-standard","has-post-thumbnail","hentry","category-tous"],"_links":{"self":[{"href":"http:\/\/www.affinite.fr\/index.php\/wp-json\/wp\/v2\/posts\/6786"}],"collection":[{"href":"http:\/\/www.affinite.fr\/index.php\/wp-json\/wp\/v2\/posts"}],"about":[{"href":"http:\/\/www.affinite.fr\/index.php\/wp-json\/wp\/v2\/types\/post"}],"author":[{"embeddable":true,"href":"http:\/\/www.affinite.fr\/index.php\/wp-json\/wp\/v2\/users\/1"}],"replies":[{"embeddable":true,"href":"http:\/\/www.affinite.fr\/index.php\/wp-json\/wp\/v2\/comments?post=6786"}],"version-history":[{"count":0,"href":"http:\/\/www.affinite.fr\/index.php\/wp-json\/wp\/v2\/posts\/6786\/revisions"}],"wp:featuredmedia":[{"embeddable":true,"href":"http:\/\/www.affinite.fr\/index.php\/wp-json\/wp\/v2\/media\/6787"}],"wp:attachment":[{"href":"http:\/\/www.affinite.fr\/index.php\/wp-json\/wp\/v2\/media?parent=6786"}],"wp:term":[{"taxonomy":"category","embeddable":true,"href":"http:\/\/www.affinite.fr\/index.php\/wp-json\/wp\/v2\/categories?post=6786"},{"taxonomy":"post_tag","embeddable":true,"href":"http:\/\/www.affinite.fr\/index.php\/wp-json\/wp\/v2\/tags?post=6786"}],"curies":[{"name":"wp","href":"https:\/\/api.w.org\/{rel}","templated":true}]}}