{"id":6771,"date":"2021-08-13T22:45:30","date_gmt":"2021-08-13T22:45:30","guid":{"rendered":"https:\/\/www.affinite.fr\/index.php\/2021\/08\/13\/vendredi-13-jour-de-malchance-vraiment\/"},"modified":"2021-08-13T22:45:30","modified_gmt":"2021-08-13T22:45:30","slug":"vendredi-13-jour-de-malchance-vraiment","status":"publish","type":"post","link":"http:\/\/www.affinite.fr\/index.php\/2021\/08\/13\/vendredi-13-jour-de-malchance-vraiment\/","title":{"rendered":"Vendredi 13\u00a0: jour de malchance, vraiment\u00a0?"},"content":{"rendered":"<p> [ad_1]<br \/>\n<br \/><img decoding=\"async\" src=\"https:\/\/img-3.journaldesfemmes.fr\/eQ-MBCBIzGfFxjnQMyeiKyjxQMk=\/1280x\/smart\/15aee44c8b364e4988f0320142c140f4\/ccmcms-jdf\/10023673-vendredi-13-jour-de-malchance-vraiment-origines-croyances-et-superstitions.jpg\" \/><\/p>\n<p>\n                Pour certains, le vendredi 13\u00a0est synonyme d&rsquo;\u00e9v\u00e9nements malheureux et de catastrophes inexpliqu\u00e9es. Pour d&rsquo;autres, cette date est au contraire associ\u00e9e \u00e0 la chance. Alors, jour de bonheur ou de malheur\u00a0? Origines et superstitions.            <\/p>\n<div>\n<h2>Vendredi 13 : une superstition remontant \u00e0 la Bible<\/h2>\n<p>La croyance associant le\u00a0vendredi\u00a013\u00a0au malheur aurait des origines bibliques. D&rsquo;apr\u00e8s le Nouveau Testament, lors de la C\u00e8ne, dernier repas du Christ, les participants auraient \u00e9t\u00e9 au nombre de 13\u00a0: J\u00e9sus et ses 12\u00a0ap\u00f4tres,<em>\u00ab\u00a0Simon, appel\u00e9 Pierre, et Andr\u00e9, son fr\u00e8re ; Jacques, fils de Z\u00e9b\u00e9d\u00e9e, et Jean, son fr\u00e8re ; Philippe, et Barth\u00e9lemy ; Thomas, et Matthieu, le publicain ; Jacques, fils d&rsquo;Alph\u00e9e, et Thadd\u00e9e ; Simon le Z\u00e9lote (ou le Cananite), et Judas l&rsquo;Iscariote, celui qui livra J\u00e9sus. \u00ab\u00a0<\/em>\u00a0(Evangile de Matthieu).Pour ce qui est de la crainte du vendredi, elle viendrait du fait que le Christ aurait \u00e9t\u00e9 crucifi\u00e9 un vendredi. La crainte du\u00a0vendredi 13\u00a0puiserait \u00e9galement ses origines dans les mythes nordiques antiques.<\/p>\n<h2>La mort du Dieu Balder<\/h2>\n<p>Selon la mythologie nordique, Odin, dieu des guerriers, avait un jour r\u00e9uni onze de ses amis dieux pour un diner, dans sa demeure de Valhalla. Loki, dieu de la guerre et du mal, vex\u00e9 de ne pas \u00eatre de la f\u00eate, d\u00e9cida de s&rsquo;inviter malgr\u00e9 tout. Seulement, ce treizi\u00e8me invit\u00e9 surprise n&rsquo;\u00e9tait pas le bienvenu. Le fils d&rsquo;Odin, le beau Balder, dieu de l&rsquo;amour et de la lumi\u00e8re, tenta de chasser l&rsquo;intrus. Une bataille \u00e9clata entre les deux dieux qui se vouaient une haine depuis toujours. Loki, dieu jaloux et malveillant, lui d\u00e9cocha une fl\u00e8che empoisonn\u00e9e en plein c\u0153ur, abattant Balder le \u00ab\u00a0bien aim\u00e9\u00a0\u00bb. Depuis cette l\u00e9gende, dans les pays scandinaves, le chiffre 13 est consid\u00e9r\u00e9 comme maudit et \u00eatre 13 \u00e0 table porterait malheur.<\/p>\n<h2>Frigga ou la diabolisation des croyances pa\u00efennes<\/h2>\n<p>Dans la mythologie nordique, Frigga (ou Freya) \u00e9tait la reine des dieux, d\u00e9esse de l&rsquo;amour et de la fertilit\u00e9. Elle \u00e9tait c\u00e9l\u00e9br\u00e9e par ses adorateurs le vendredi. Le mot \u00ab\u00a0<em>friday\u00a0\u00bb,\u00a0<\/em>vendredi en anglais, viendrait d&rsquo;ailleurs de cette c\u00e9l\u00e9bration et signifierait\u00a0<em>\u00ab\u00a0Freya&rsquo;s day\u00a0\u00bb<\/em>. Mais aux Xe et XIe\u00a0si\u00e8cles, les pays du nord sont progressivement convertis au christianisme. On se met alors \u00e0 raconter que Frigga est en r\u00e9alit\u00e9 une sorci\u00e8re et qu&rsquo;elle a \u00e9t\u00e9 bannie au sommet d&rsquo;une montagne. Pour se venger, elle inviterait, tous les vendredis, le diable et 11\u00a0sorci\u00e8res pour maudire les hommes et leur jeter de mauvais sorts.<\/p>\n<h2>Mythologies gr\u00e9co-romaines<\/h2>\n<p>Les Grecs et les Romains donnent au chiffre 13 une connotation n\u00e9gative. Ces deux mythologies, qui comportent de grandes similitudes, associent toutes deux le chiffre 12 \u00e0 la r\u00e9gularit\u00e9 et la perfection. Ainsi, il y a 12 dieux olympiens, 12\u00a0constellations, 12\u00a0signes du zodiaque, 12\u00a0heures du jour et de la nuit. Le nombre 13, qui implique d&rsquo;ajouter une unit\u00e9 au 12 parfait, vient rompre ce cycle r\u00e9gulier et introduit le d\u00e9sordre. D\u00e9truisant l&rsquo;<a href=\"https:\/\/www.linternaute.fr\/dictionnaire\/fr\/definition\/harmonie\/\">harmonie<\/a>, il est synonyme de malheur. Pour ce qui est du vendredi, il est associ\u00e9 aux \u00e9v\u00e9nements malheureux puisque c&rsquo;est ce jour-l\u00e0, dans la Rome antique, que se d\u00e9roulent g\u00e9n\u00e9ralement les ex\u00e9cutions des comdamn\u00e9s \u00e0 mort.<\/p>\n<h2>Une distribution annuelle de vendredi 13 ayant fait l&rsquo;objet de savants calculs<\/h2>\n<p>Plusieurs d\u00e9monstrations math\u00e9matiques ont prouv\u00e9 que toute ann\u00e9e comporte, au minimum, un\u00a0<a href=\"https:\/\/www.linternaute.com\/actualite\/guide-vie-quotidienne\/1445092-vendredi-13-nous-porte-t-il-chance-ou-malchance-cap-sur-ses-secrets\/\">vendredi\u00a013<\/a>\u00a0et, au maximum, 3\u00a0vendredis 13. Par ailleurs, deux mois cons\u00e9cutifs peuvent comporter chacun un vendredi 13\u00a0: cela a \u00e9t\u00e9 le cas en 1998 (vendredi 13\u00a0f\u00e9vrier et vendredi 13\u00a0mars).<br \/>Plusieurs math\u00e9maticiens se sont pench\u00e9s sur la fr\u00e9quence \u00e0 laquelle tombaient les vendredis\u00a013. Dean Huffman, de l&rsquo;Universit\u00e9 du Texas, a ainsi montr\u00e9 qu&rsquo;il y avait 7 intervalles de jours possibles sans aucun vendredi\u00a013\u00a0: 27, 90, 181, 244, 272, 335 ou encore 426\u00a0jours (\u00e0 cheval sur deux ans). Il faut remonter aux p\u00e9riodes du 13\u00a0juillet 1990 au 13\u00a0septembre 1991 et du 13 ao\u00fbt 1999 au 13 octobre 2000 pour trouver ces intervalles b\u00e9nis, sans aucun vendredi 13. Il semblerait, par ailleurs, que le 13 du mois aurait l\u00e9g\u00e8rement plus de chances de tomber sur un vendredi que sur n&rsquo;importe quel autre jour de la semaine. Ce serait l&rsquo;adoption du calendrier gr\u00e9gorien, adopt\u00e9, co\u00efncidence troublante, par Gr\u00e9goire XIII, qui serait responsable de cette pr\u00e9dominance du vendredi\u00a013.<\/p>\n<h2>La paraskevid\u00e9katriaphobie<\/h2>\n<p>Le\u00a0vendredi\u00a013\u00a0a g\u00e9n\u00e9r\u00e9 sa propre phobie\u00a0: \u00a0la paraskevid\u00e9katriaphobie, forme de triska\u00efd\u00e9kaphobie ou peur irraisonn\u00e9e du nombre\u00a013. Certaines pratiques comme les mariages, les naissances ou la navigation sont \u00e9vit\u00e9es en Occident les 13 du mois. Dans de nombreuses villes, il n&rsquo;y a pas d&rsquo;habitations portant le n\u00b013. Les grands immeubles, \u00e9galement, \u00e9vitent de nommer le 13e\u00a0\u00e9tage (qui devient un 12 bis ou un 14a) et certains h\u00f4tels n&rsquo;ont pas de chambre 13 pour \u00e9viter d&rsquo;y loger un client superstitieux. Les vendredis\u00a013, les paraskevid\u00e9katriaphobes ne vont pas travailler, ne partent pas en voyage, ne font pas leurs courses, bref, ne sortent pas de chez eux. Un \u00e9conomiste am\u00e9ricain a d&rsquo;ailleurs relev\u00e9 l&rsquo;impact \u00e9conomique des vendredis 13 : ces jours-l\u00e0 connaissent en effet une baisse importante de la consommation.<\/p>\n<h2>Quelques triska\u00efd\u00e9kaphobes<\/h2>\n<p>Les pilotes de formule\u00a01 ont peur du chiffre 13 depuis la mort de 2\u00a0pilotes portant ce num\u00e9ro en 1926. Ce chiffre n&rsquo;est jamais port\u00e9 en F1 sauf si le pilote en fait la demande. Stephen King a \u00e9galement fait l&rsquo;aveu de cette <a href=\"http:\/\/www.linternaute.com\/sante\/addictions-psychiatrie\/phobie\/\">phobie<\/a>\u00a0qui l&#8217;emp\u00eache de lire les pages\u00a013 des livres.<br \/>En octobre 1307, tous les baillis et pr\u00e9v\u00f4ts de France re\u00e7oivent une ordonnance cachet\u00e9e du roi Philippe le Bel, avec ordre de ne l&rsquo;ouvrir que le vendredi\u00a013. Le pli leur demande d&rsquo;arr\u00eater tous les Templiers\u00a0de France. Le jour m\u00eame, 2\u00a0000\u00a0Templiers sont arr\u00eat\u00e9s simultan\u00e9ment par les s\u00e9n\u00e9chaux (gardes du roi) et les baillis du royaume. Ils sont interrog\u00e9s sous la torture avant d&rsquo;\u00eatre remis aux inquisiteurs dominicains. Parmi les 140 Templiers de Paris, 54 sont br\u00fbl\u00e9s apr\u00e8s avoir avou\u00e9 des crimes h\u00e9r\u00e9tiques, tels que cracher sur la croix ou pratiquer des baisers impudiques.<\/p>\n<h2>Crash dans les Andes le vendredi 13\u00a0octobre 1972<\/h2>\n<p>Le\u00a0<a href=\"https:\/\/www.linternaute.com\/actualite\/magazine\/1027779-les-crashs-les-plus-marquants-de-l-histoire-de-l-aviation\/\">plus c\u00e9l\u00e8bre crash<\/a>\u00a0advenu un vendredi\u00a013 est le vol T-571 qui s&rsquo;est \u00e9cras\u00e9 dans les Andes en 1972. Le vendredi 13\u00a0octobre, l&rsquo;avion d\u00e9colle de Montevideo et fait route vers Santiago au Chili, transportant l&rsquo;\u00e9quipe de rugby Old Christians. Mais l&rsquo;avion, qui percute un pic andin, s&rsquo;\u00e9crase dans les montagnes \u00e0 plus de 12\u00a0000\u00a0pieds. Les survivants, qui ne seront retrouv\u00e9s que 2\u00a0mois plus tard, ont d\u00fb recourir au cannibalisme pour rester en vie. Au total, 29 des 45\u00a0personnes \u00e0 bord ont \u00e9t\u00e9 tu\u00e9es, dont 5\u00a0passagers morts dans une avalanche le 30\u00a0octobre 1972.<\/p>\n<p>Actualit\u00e9 dramatique, <strong>en 2015, c&rsquo;est aussi un vendredi 13 novembre que l&rsquo;organisation terroriste \u00c9tat islamique (\u00ab\u00a0Daech\u00a0\u00bb) a choisi de perp\u00e9trer ses attentats :\u00a0<\/strong> une s\u00e9rie de fusillades dans le quartier R\u00e9publique et dans la salle de concert du Bataclan et des attaques-suicides lors d&rsquo;un match de football au Stade-de-France, \u00e0 Saint-Denis, faisant de ces tueries, les plus meurtri\u00e8res jamais commises en France depuis la Seconde Guerre Mondiale.<\/p>\n<h2>Tour d&rsquo;horizon des autres pays du monde<\/h2>\n<p>En Espagne et dans les pays d&rsquo;Am\u00e9rique latine, on ne craint pas le vendredi 13 mais le mardi 13. En effet, le mardi est plac\u00e9 sous le signe de Mars, dieu de la guerre dans la mythologie romaine. Ce jour est \u00e9galement associ\u00e9 \u00e0 la plan\u00e8te rouge, synonyme de destruction et de violence.<br \/>En Italie, c&rsquo;est le chiffre 17 et non le 13 qui est associ\u00e9 \u00e0 la malchance. En effet, en chiffres romains, 17 s&rsquo;\u00e9crit XVII. Ce chiffre est l&rsquo;anagramme de VIXI, qui signifie en latin \u00ab\u00a0j&rsquo;ai v\u00e9cu\u00a0\u00bb, interpr\u00e9t\u00e9, par extension, comme \u00ab\u00a0je suis mort\u00a0\u00bb!\u00a0<br \/>\u00a0En Chine, c&rsquo;est le 4 (qui se prononce, \u00ab\u00a0shi\u00a0\u00bb, la mort) qui est effrayant et non le 13. Ce dernier chiffre est, au contraire, associ\u00e9 \u00e0 la vie.<\/p>\n<h2>Le vendredi 13, un jour de chance pour certains<\/h2>\n<aside id=\"NL_1202636937\" class=\"newsletter_subscription jNlBlock\"><noscript><br \/>\n            <\/noscript><\/p>\n<h3 class=\"newsletter_subscription-title\">Newsletter <\/h3>\n<p><a href=\"\/\/mailing.ccmbg.com\/archive\/last-85\" target=\"_blank\" class=\"a_hover\" rel=\"noopener noreferrer\">Voir un exemple<\/a><\/p>\n<\/aside>\n<p>Vendredi 13\u00a0n&rsquo;est pas un jour de malchance pour tout le monde. Ainsi, tous les vendredis 13, la Fran\u00e7aise des Jeux enregistre 3\u00a0fois plus de joueurs. Depuis 1991, elle organise une campagne appel\u00e9e \u00ab\u00a0op\u00e9ration V13\u00a0\u00bb ; le vendredi devient la \u00ab\u00a0Journ\u00e9e de la Chance\u00a0\u00bb et les joueurs sont susceptibles de remporter des cagnottes extraordinaires. Mais il n&rsquo;y pas que pour eux que le vendredi est\u00a0synonyme\u00a0de chance.<\/p>\n<p><em><strong>Vous n&rsquo;\u00eates pas superstitieux ? Ce 13 ao\u00fbt, c&rsquo;est la saint-Hippolyte<\/strong><\/em><em><strong>\u00a0<\/strong><strong>(bonne f\u00eate !)\u00a0<\/strong><\/em><\/p>\n<\/p><\/div>\n<p>[ad_2]<br \/>\n<br \/><a href=\"https:\/\/www.journaldesfemmes.fr\/societe\/actu\/1227249-vendredi-13-jour-chance-malchance-superstition-malheur\/\">Source link <\/a><\/p>\n","protected":false},"excerpt":{"rendered":"<p>[ad_1] Pour certains, le vendredi 13\u00a0est synonyme d&rsquo;\u00e9v\u00e9nements malheureux et de catastrophes inexpliqu\u00e9es. Pour d&rsquo;autres, cette date est au contraire &hellip; <a href=\"http:\/\/www.affinite.fr\/index.php\/2021\/08\/13\/vendredi-13-jour-de-malchance-vraiment\/\" class=\"more-link\">Plus <span class=\"screen-reader-text\">Vendredi 13\u00a0: jour de malchance, vraiment\u00a0?<\/span> <span class=\"meta-nav\">&rarr;<\/span><\/a><\/p>\n","protected":false},"author":1,"featured_media":6772,"comment_status":"open","ping_status":"open","sticky":false,"template":"","format":"standard","meta":{"_sitemap_exclude":false,"_sitemap_priority":"","_sitemap_frequency":"","footnotes":""},"categories":[1],"tags":[],"class_list":["post-6771","post","type-post","status-publish","format-standard","has-post-thumbnail","hentry","category-tous"],"_links":{"self":[{"href":"http:\/\/www.affinite.fr\/index.php\/wp-json\/wp\/v2\/posts\/6771"}],"collection":[{"href":"http:\/\/www.affinite.fr\/index.php\/wp-json\/wp\/v2\/posts"}],"about":[{"href":"http:\/\/www.affinite.fr\/index.php\/wp-json\/wp\/v2\/types\/post"}],"author":[{"embeddable":true,"href":"http:\/\/www.affinite.fr\/index.php\/wp-json\/wp\/v2\/users\/1"}],"replies":[{"embeddable":true,"href":"http:\/\/www.affinite.fr\/index.php\/wp-json\/wp\/v2\/comments?post=6771"}],"version-history":[{"count":0,"href":"http:\/\/www.affinite.fr\/index.php\/wp-json\/wp\/v2\/posts\/6771\/revisions"}],"wp:featuredmedia":[{"embeddable":true,"href":"http:\/\/www.affinite.fr\/index.php\/wp-json\/wp\/v2\/media\/6772"}],"wp:attachment":[{"href":"http:\/\/www.affinite.fr\/index.php\/wp-json\/wp\/v2\/media?parent=6771"}],"wp:term":[{"taxonomy":"category","embeddable":true,"href":"http:\/\/www.affinite.fr\/index.php\/wp-json\/wp\/v2\/categories?post=6771"},{"taxonomy":"post_tag","embeddable":true,"href":"http:\/\/www.affinite.fr\/index.php\/wp-json\/wp\/v2\/tags?post=6771"}],"curies":[{"name":"wp","href":"https:\/\/api.w.org\/{rel}","templated":true}]}}