{"id":6765,"date":"2021-08-12T15:51:23","date_gmt":"2021-08-12T15:51:23","guid":{"rendered":"https:\/\/www.affinite.fr\/index.php\/2021\/08\/12\/a-bordeaux-lhotel-renaissance-fait-une-entree-fracassante\/"},"modified":"2021-08-12T15:51:23","modified_gmt":"2021-08-12T15:51:23","slug":"a-bordeaux-lhotel-renaissance-fait-une-entree-fracassante","status":"publish","type":"post","link":"http:\/\/www.affinite.fr\/index.php\/2021\/08\/12\/a-bordeaux-lhotel-renaissance-fait-une-entree-fracassante\/","title":{"rendered":"A Bordeaux, l\u2019H\u00f4tel Renaissance fait une entr\u00e9e fracassante !"},"content":{"rendered":"<p> [ad_1]<br \/>\n<br \/><img decoding=\"async\" src=\"https:\/\/maison1.advcdn.net\/images\/medias\/000\/055\/000055077\/200.jpg\" \/><\/p>\n<div itemprop=\"articleBody\">\n<p>\n  <strong>Un site unique pour un h\u00f4tel<\/strong>\n<\/p>\n<p>\n  Construit par l\u2019agence <strong>COSA Colboc Sachet architectures, l\u2019H\u00f4tel Renaissance appartient \u00e0 un \u00eelot de 3 b\u00e2timents<\/strong> agenc\u00e9s autour d\u2019un jardin, formant une oasis urbaine et plant\u00e9e de grands arbres. Situ\u00e9 dans un <strong>environnement portuaire<\/strong> anim\u00e9 d\u2019une po\u00e9sie post-industrielle, les nouveaux \u00e9difices ne d\u00e9naturent pas l\u2019authenticit\u00e9 du lieu qui conserve la m\u00e9moire de ses origines. Trac\u00e9es par les <strong>paysagistes versaillais Neveux Rouyer, les lignes sinueuses du jardin \u00e9voquent les rives de la Garonne,<\/strong> les dunes de l\u2019Atlantique ponctu\u00e9es par une s\u00e9lection de plantes end\u00e9miques : <em>\u00ab\u00a0Une strate basse de bruy\u00e8res, des clairi\u00e8res landaises et foug\u00e8res de sous-bois, des gen\u00eats blancs, des cotinus, du lierre, ponctu\u00e9s de pins sylvestres et de saules blancs\u2026. et une collection de plantes grimpantes au pied des silos. Ces derni\u00e8res s\u2019\u00e9panouiront sur une vigne vierge, dont la pr\u00e9sence renforcera l\u2019id\u00e9e d\u2019un lieu pr\u00e9serv\u00e9, colonis\u00e9 par le v\u00e9g\u00e9tal \u00bb,<\/em> pr\u00e9cisent-ils.\n<\/p>\n<p>\n  <strong>Une construction verticale<\/strong>\n<\/p>\n<p>\n  L\u2019<strong>entr\u00e9e monumentale occupe 2 des 8 silos cylindriques conserv\u00e9s<\/strong> culminant \u00e0 35 m\u00e8tres de hauteur. Ces structures t\u00e9moignent des activit\u00e9s commerciales franco-coloniales qui ont connu leur apog\u00e9e aux XIX\u00e8me et XX\u00e8me si\u00e8cle. Apr\u00e8s la travers\u00e9e des silos, <strong>un parcours de galeries conduit le voyageur, au lobby de l\u2019h\u00f4tel,<\/strong> entre jardin et ville, tandis que les ascenseurs vitr\u00e9s s\u2019\u00e9l\u00e8vent face aux silos. Les grandes baies vitr\u00e9es, quant \u00e0 elles, mettent en valeur le point de vue d\u00e9gag\u00e9. Et de grandes banquettes invitent les visiteurs \u00e0 s\u2019installer pour le contempler, tandis que dans les chambres, <strong>les all\u00e8ges des fen\u00eatres situ\u00e9es \u00e0 70 cm du sol cadrent des tableaux sur l\u2019ext\u00e9rieur,<\/strong> depuis les lits. Au 9<sup>\u00e8me<\/sup> \u00e9tage, <strong>le grand bar du restaurant est th\u00e9\u00e2tralis\u00e9 par une sculpture graphique lumineuse en papier,<\/strong> pos\u00e9e sur un sol en terrazzo. Ax\u00e9 sur le bien-\u00eatre, <strong>l\u2019h\u00f4tel propose 3 bains \u00e0 bulles<\/strong> <strong>ainsi qu\u2019une salle de fitness<\/strong> au 8\u00e8me \u00e9tage. Il int\u00e8gre aussi le restaurant Gina aux saveurs italiennes. Et la piscine est en partie chauff\u00e9e par l\u2019\u00e9nergie en provenance des cuisines\n<\/p>\n<p>\n  <strong>Au nom de l\u2019art<\/strong>\n<\/p>\n<p>\n  Les <strong>\u0153uvres d\u2019art, sp\u00e9cialement cr\u00e9\u00e9es pour ce lieu,<\/strong> dessinent un fil rouge. <strong>S\u00e9lectionn\u00e9es par Michael Malapert, architecte d\u2019int\u00e9rieur,<\/strong> elles d\u00e9passent le simple contexte d\u00e9coratif, car elles se font l\u2019\u00e9cho de l\u2019architecture particuli\u00e8re des silos. <strong>Dans les chambres, le bois du mobilier, le velours des rideaux et le laiton des luminaires donnent vie au b\u00e9ton brut.<\/strong> Un motif or au plafond reprend les traces des appellations des vins de Bordeaux. Les photos noir et blanc de Damien Boisson-Ber\u00e7u \u00e9voquent les lieux embl\u00e9matiques de Bordeaux. Dans certaines chambres, elles r\u00e9sonnent avec les \u0153uvres graphiques de l\u2019illustrateur S\u00e9verin Millet ou les gravures sur papier gaufr\u00e9 de Marie-Christine Foucher-Poignant. Tandis que <strong>les \u0153uvres abstraites constell\u00e9es de points dor\u00e9s d\u2019Alix Waline,<\/strong> que l\u2019on retrouve en triptyques dans la galerie de liaison, menant au lobby et aussi dans les chambres, \u00e9voquent les grains des c\u00e9r\u00e9ales produisant l\u2019huile. Et dans les biblioth\u00e8ques et les espaces de s\u00e9minaire, <strong>les sculptures et \u0153uvres murales de Bertrand Fompeyrine ont \u00e9t\u00e9 r\u00e9alis\u00e9es \u00e0 partir de mat\u00e9riaux trouv\u00e9s sur le chantier.<\/strong>\n<\/p>\n<p>\n  <br \/><strong>Contact\u00a0:<\/strong><br \/>H\u00f4tel Renaissance<br \/>16 rue de Gironde<br \/>33000 Bordeaux<br \/>T\u00e9l.\u00a0: 05 19 80 02 00<br \/><a href=\"http:\/\/www.renaissancehotelbordeaux.com\/\">www.renaissancehotelbordeaux.com<\/a>\n<\/p>\n<\/p><\/div>\n<p><script async defer crossorigin=\"anonymous\" src=\"https:\/\/connect.facebook.net\/fr_FR\/sdk.js#xfbml=1&#038;version=v6.0&#038;appId=252025098257546&#038;autoLogAppEvents=1\"><\/script><br \/>\n<br \/>[ad_2]<br \/>\n<br \/><a href=\"http:\/\/feedproxy.google.com\/~r\/maison-actus\/~3\/DR2bfepdqeE\/\">Source link <\/a><\/p>\n","protected":false},"excerpt":{"rendered":"<p>[ad_1] Un site unique pour un h\u00f4tel Construit par l\u2019agence COSA Colboc Sachet architectures, l\u2019H\u00f4tel Renaissance appartient \u00e0 un \u00eelot &hellip; <a href=\"http:\/\/www.affinite.fr\/index.php\/2021\/08\/12\/a-bordeaux-lhotel-renaissance-fait-une-entree-fracassante\/\" class=\"more-link\">Plus <span class=\"screen-reader-text\">A Bordeaux, l\u2019H\u00f4tel Renaissance fait une entr\u00e9e fracassante !<\/span> <span class=\"meta-nav\">&rarr;<\/span><\/a><\/p>\n","protected":false},"author":1,"featured_media":6766,"comment_status":"open","ping_status":"open","sticky":false,"template":"","format":"standard","meta":{"_sitemap_exclude":false,"_sitemap_priority":"","_sitemap_frequency":"","footnotes":""},"categories":[1],"tags":[],"class_list":["post-6765","post","type-post","status-publish","format-standard","has-post-thumbnail","hentry","category-tous"],"_links":{"self":[{"href":"http:\/\/www.affinite.fr\/index.php\/wp-json\/wp\/v2\/posts\/6765"}],"collection":[{"href":"http:\/\/www.affinite.fr\/index.php\/wp-json\/wp\/v2\/posts"}],"about":[{"href":"http:\/\/www.affinite.fr\/index.php\/wp-json\/wp\/v2\/types\/post"}],"author":[{"embeddable":true,"href":"http:\/\/www.affinite.fr\/index.php\/wp-json\/wp\/v2\/users\/1"}],"replies":[{"embeddable":true,"href":"http:\/\/www.affinite.fr\/index.php\/wp-json\/wp\/v2\/comments?post=6765"}],"version-history":[{"count":0,"href":"http:\/\/www.affinite.fr\/index.php\/wp-json\/wp\/v2\/posts\/6765\/revisions"}],"wp:featuredmedia":[{"embeddable":true,"href":"http:\/\/www.affinite.fr\/index.php\/wp-json\/wp\/v2\/media\/6766"}],"wp:attachment":[{"href":"http:\/\/www.affinite.fr\/index.php\/wp-json\/wp\/v2\/media?parent=6765"}],"wp:term":[{"taxonomy":"category","embeddable":true,"href":"http:\/\/www.affinite.fr\/index.php\/wp-json\/wp\/v2\/categories?post=6765"},{"taxonomy":"post_tag","embeddable":true,"href":"http:\/\/www.affinite.fr\/index.php\/wp-json\/wp\/v2\/tags?post=6765"}],"curies":[{"name":"wp","href":"https:\/\/api.w.org\/{rel}","templated":true}]}}