{"id":6761,"date":"2021-08-11T22:43:41","date_gmt":"2021-08-11T22:43:41","guid":{"rendered":"https:\/\/www.affinite.fr\/index.php\/2021\/08\/11\/3eme-dose-effet-secondaire-lequel-choisir\/"},"modified":"2021-08-11T22:43:41","modified_gmt":"2021-08-11T22:43:41","slug":"3eme-dose-effet-secondaire-lequel-choisir","status":"publish","type":"post","link":"http:\/\/www.affinite.fr\/index.php\/2021\/08\/11\/3eme-dose-effet-secondaire-lequel-choisir\/","title":{"rendered":"3\u00e8me dose, effet secondaire, lequel choisir"},"content":{"rendered":"<p> [ad_1]<br \/>\n<\/p>\n<p>\n                Quatre vaccins du Covid sont administr\u00e9s en France pour faire reculer l&rsquo;\u00e9pid\u00e9mie\u00a0: celui de Pfizer, l&rsquo;AstraZeneca, de Johnson&amp;Johnson et de Moderna. Quels vaccins choisir\u00a0? Quelles diff\u00e9rences\u00a0? Quel est le plus efficace contre le variant Delta, le meilleur\u00a0? Quelles contre-indications\u00a0? Qui doit faire 3\u00a0doses\u00a0? Infos en direct.            <\/p>\n<div>\n<aside class=\"ccmsummary marqueur_module ccmcss_cms_summary ccmcss_cms_summary--right\">\n<p>Sommaire<\/p>\n<\/aside>\n<p><strong>[Mise \u00e0 jour le mercredi 11\u00a0ao\u00fbt<\/strong><strong>\u00a0\u00e0 19h11]<\/strong><em><strong data-insertor-excluded=\"1\">\u00a0<\/strong><\/em><strong><span data-insertor-excluded=\"1\">Q<\/span>uatre vaccins anti Covid<\/strong> ont re\u00e7u le feu vert de l&rsquo;Agence europ\u00e9enne du m\u00e9dicament (EMA) pour \u00eatre administr\u00e9s aux habitants des pays europ\u00e9ens dont la <strong>France<\/strong>. En plus de pr\u00e9venir des formes graves de la maladie, les donn\u00e9es scientifiques s&rsquo;accumulent pour montrer qu&rsquo;ils<strong> r\u00e9duisent la transmission<\/strong> du virus et<strong> pr\u00e9viennent la circulation de nouveaux variants<\/strong>.\u00a0Celui de\u00a0<strong>Pfizer<\/strong>&#8211;<strong>BioNTech <\/strong>est le premier \u00e0 avoir \u00e9t\u00e9 valid\u00e9 le 27 d\u00e9cembre 2020 et le plus administr\u00e9 en France. Ont suivi les vaccins de <strong>Moderna (Spikevax)<\/strong>, d&rsquo;<strong>AstraZeneca<\/strong>\u00a0(Vaxzevria) et de <strong>Johnson&amp;Johnson (Janssen)<\/strong>. Ce vaccin est actuellement le seul autoris\u00e9 en UE qui <strong>n\u00e9cessite une seule dose<\/strong>. Il n&rsquo;y a <strong>pas encore de vaccins fran\u00e7ais <\/strong>autoris\u00e9s contre le Covid. D&rsquo;autres vaccins sont en cours d&rsquo;\u00e9valuation par l&rsquo;Agence europ\u00e9enne des m\u00e9dicaments (EMA)\u00a0comme\u00a0le <strong>russe<\/strong> <strong>Spoutnik V<\/strong>, l&rsquo;<strong>allemand CureVac,<\/strong>\u00a0le vaccin fran\u00e7ais de<strong>\u00a0Sanofi-GSK,<\/strong>\u00a0le <strong>Novavax<\/strong> et le\u00a0<strong>CoronaVac <\/strong>(vaccin chinois d\u00e9velopp\u00e9 par<strong>\u00a0Sinovac)<\/strong>. Quelles <strong>diff\u00e9rences entre les vaccins Covid<\/strong> ? Quels sont leurs noms ? Combien de <strong>doses<\/strong> ? Quelle est leur\u00a0<strong>efficacit\u00e9 <\/strong>? Leurs\u00a0<strong>effets secondaires<\/strong> selon les essais cliniques ? Quels sont les futurs vaccins \u00e0 \u00eatre autoris\u00e9s en Europe ? Les vaccins sont-ils <strong>efficaces sur les variants <\/strong>?\u00a0Infos \u00e0 jour.\u00a0<\/p>\n<div class=\"ccminsert\">\n<aside class=\"app_widget_fo app_widget_fo--call\">\n<ul>\n<li>\n                <a href=\"https:\/\/sante.journaldesfemmes.fr\/fiches-maladies\/2688083-vaccination-covid-19-france-trouver-rendez-vous-inscription-pass-sanitaire-obligatoire-certificat-nombre\/\" class=\"jGTMWidgetGAEventClick\" data-gtmwidgetgaeventaction=\"clickWidgetCall\" data-gtmwidgetgaeventlabel=\"Vaccination Covid\u00a0: chiffres, rdv, \u00e2ge, nombre, obligatoire\u00a0?\"><\/p>\n<figure><picture><source media=\"(max-width: 480px)\" srcset=\"https:\/\/img-3.journaldesfemmes.fr\/5tPp4zOEF2JVe7N27XEgTQx_kjA=\/160x105\/smart\/0563fa7b47364fabae87c8718aa661ca\/ccmcms-jdf\/26972133.jpg\" width=\"160\" height=\"105\"><img decoding=\"async\" src=\"https:\/\/img-3.journaldesfemmes.fr\/pJY-pKA2tzgjA3QRBXArfAYHGRQ=\/200x132\/smart\/0563fa7b47364fabae87c8718aa661ca\/ccmcms-jdf\/26972133.jpg\" alt=\"\" width=\"200\" height=\"132\" loading=\"lazy\"\/><\/source><\/picture><figcaption>\n<h3>Vaccination Covid\u00a0: chiffres, rdv, \u00e2ge, nombre, obligatoire\u00a0?<\/h3>\n<p>Plus de 55% des Fran\u00e7ais sont compl\u00e8tement vaccin\u00e9s contre le Covid\u00a0: il en faut 90% pour atteindre l&rsquo;immunit\u00e9 collective. A partir du 15\u00a0septembre, certains professionnels devront obligatoirement \u00eatre vaccin\u00e9s selon la loi publi\u00e9e le 6\u00a0ao\u00fbt. Comment se faire vacciner contre le Covid\u00a0? Rendez-vous, \u00e2ge, doses, rappel, attestation, positif apr\u00e8s la vaccination&#8230; Guide pratique.<\/p>\n<\/figcaption><\/figure>\n<p><\/a>\n            <\/li>\n<\/ul>\n<\/aside>\n<\/div>\n<h3>Derni\u00e8res Infos :<\/h3>\n<ul>\n<li><strong>Rappel de vaccination en France.<\/strong> Une troisi\u00e8me dose de vaccin sera \u00e0 r\u00e9aliser pour certaines personnes.\u00a0<em>\u00ab\u00a0Il\u00a0a \u00e9t\u00e9 d\u00e9cid\u00e9 que les rendez-vous ouvriront d\u00e8s la fin du mois d&rsquo;ao\u00fbt, d\u00e9but du mois de septembre, pour une campagne de rappel qui d\u00e9butera \u00e0 la mi-septembre\u00a0\u00bb<\/em>, a inform\u00e9 le porte parole du Gouvernement Gabriel Attal mercredi 11 ao\u00fbt. La liste des populations concern\u00e9es devrai \u00eatre \u00e9tablie par la Haute autorit\u00e9 de sant\u00e9.<\/li>\n<li><strong>La vaccination, efficace contre la variant Delta.<\/strong>\u00a0A la <a href=\"https:\/\/twitter.com\/LCI\/status\/1425383588439236611\" target=\"_blank\" rel=\"noopener noreferrer\">sortie du Conseil sanitaire<\/a>, le pr\u00e9sident Emmanuel Macron a rappel\u00e9 que la vaccination \u00e9tait un rempart contre le Covid et son variant Delta : <em>\u00ab\u00a0S&rsquo;il fallait faire la d\u00e9monstration que la #vaccination est le moyen le plus efficace de r\u00e9pondre \u00e0 ce variant delta, malheureusement, nos Antilles en d\u00e9livrent une d\u00e9monstration cruelle\u00a0\u00bb. <\/em>Il a ajout\u00e9 :\u00a0<em>\u00ab\u00a0en effet sur ces territoires, la vaccination est encore \u00e0 un niveau tr\u00e8s bas, un tiers du niveau de la France hexagonale (&#8230;) aux Antilles fran\u00e7aises, l&rsquo;augmentation des contaminations se traduit par une explosion des formes graves\u00a0\u00bb.<\/em><\/li>\n<li><b>La vaccination obligatoire, la seule solution ?<\/b>\u00a0<em>\u00ab\u00a0La solution la plus logique, c&rsquo;est la vaccination obligatoire\u00a0\u00bb <\/em>a indiqu\u00e9 Fr\u00e9d\u00e9ric Valletoux, pr\u00e9sident de la F\u00e9d\u00e9ration hospitali\u00e8re de France,\u00a0sur <a href=\"https:\/\/www.lci.fr\/societe\/covid-pass-sanitaire-la-solution-la-plus-logique-c-est-la-vaccination-obligatoire-estime-frederic-valletoux-2193559.html?utm_medium=Social&amp;utm_source=Twitter&amp;Echobox=1628671610#xtor=CS5-113\" target=\"_blank\" rel=\"noopener noreferrer\">LCI<\/a>\u00a0mercredi 11\u00a0ao\u00fbt.\u00a0Selon lui,\u00a0<em>\u00ab\u00a0la vaccination, c&rsquo;est l&rsquo;arme absolue\u00a0\u00bb<\/em> et un d\u00e9bat public sur cette question vaccinale devra avoir lieu.\u00a0<\/li>\n<li><b data-original-fontsize=\"20px\" data-original-lineheight=\"30px\">Le Spoutnik V efficace \u00e0 83% contre le variant Delta.<\/b>\u00a0<em>\u00ab\u00a0Le vaccin russe Spoutnik V contre le COVID-19\u00a0est efficace \u00e0 environ 83\u00a0% contre la variante Delta du coronavirus, ce qui est inf\u00e9rieur \u00e0 ce que l&rsquo;on pensait auparavant\u00a0\u00bb,<\/em> a d\u00e9clar\u00e9 mercredi le ministre de la Sant\u00e9 Mikhail Murashko rapporte <a href=\"https:\/\/www.reuters.com\/business\/healthcare-pharmaceuticals\/russias-sputnik-v-shot-around-83-effective-against-delta-variant-health-minister-2021-08-11\/?taid=611378f93233bc0001132114&amp;utm_campaign=trueanthem&amp;utm_medium=trueanthem&amp;utm_source=twitter\" target=\"_blank\" rel=\"noopener noreferrer\">Reuters<\/a>. En effet, les d\u00e9veloppeurs du vaccin ont d\u00e9clar\u00e9 en juin que Spoutnik V \u00e9tait efficace \u00e0 environ 90% contre la variante Delta.<\/li>\n<li><strong>Evolution vaccinale en Allemagne.<\/strong><em>\u00a0\u00ab\u00a052,1\u00a0millions (62,7\u00a0%) des citoyens de l&rsquo;Allemagne ont \u00e9t\u00e9 vaccin\u00e9s au moins une fois, 46,2\u00a0millions (55,6\u00a0%) ont une protection vaccinale compl\u00e8te. Selon la situation juridique actuelle, il n&rsquo;y aura plus de restrictions pour les personnes vaccin\u00e9es. La r\u00e8gle est\u00a0: la vaccination rend l&rsquo;automne et l&rsquo;hiver s\u00fbrs\u00a0!\u00a0\u00bb<\/em> a indiqu\u00e9 Jens Spahn, ministre de la Sant\u00e9 sur <a href=\"https:\/\/twitter.com\/jensspahn\/status\/1425361300792692738\" target=\"_blank\" rel=\"noopener noreferrer\">Twitter<\/a> mercredi 11 ao\u00fbt.\u00a0<\/li>\n<li><b data-original-fontsize=\"20px\" data-original-lineheight=\"30px\">\u00a0Alain Fischer favorable une nouvelle dose pour \u00ab\u00a0les plus fragiles\u00a0\u00bb.<em>\u00a0<\/em><\/b><em>\u00ab\u00a0Nous avons propos\u00e9 que d\u00e8s la rentr\u00e9e, les personnes les plus vuln\u00e9rables et les malades extr\u00eamement fragiles, puissent b\u00e9n\u00e9ficier d&rsquo;un rappel tr\u00e8s vite, sans attendre\u00a0\u00bb<\/em>, a indiqu\u00e9\u00a0le pr\u00e9sident du conseil d&rsquo;orientation de la strat\u00e9gie vaccinale, Alain Fischer sur <a href=\"https:\/\/www.francetvinfo.fr\/sante\/maladie\/coronavirus\/vaccin\/vaccin-anti-covid-alain-fischer-favorable-a-un-rappel-tres-vite-sans-attendre-pour-les-plus-fragiles_4734191.html\" target=\"_blank\" rel=\"noopener noreferrer\">Franceinfo<\/a>.<\/li>\n<li><strong>Point de vaccination en France.\u00a0<\/strong>Depuis le d\u00e9but de la campagne de vaccination en France, 45\u00a0289\u00a0566\u00a0personnes ont re\u00e7u au moins une injection (soit 67,2% de la population totale) et 37\u00a0840\u00a0706\u00a0personnes ont d\u00e9sormais un sch\u00e9ma vaccinal complet (soit 56,1% de la population totale), rapporte le <a href=\"https:\/\/solidarites-sante.gouv.fr\/actualites\/presse\/communiques-de-presse\/article\/vaccination-contre-la-covid-en-france-au-10-aout-2021-plus-de-78-905-000\" target=\"_blank\" rel=\"noopener noreferrer\">Minist\u00e8re de la Sant\u00e9<\/a> au 10\u00a0ao\u00fbt.<\/li>\n<\/ul>\n<p><a name=\"nom-vaccin-covid-19\" style=\"font-size: 1.125rem; background-color: rgb(255, 255, 255);\">Quels sont les noms des vaccins Covid-19 ?<\/a><\/p>\n<p>Quatre vaccins sont autoris\u00e9s en Europe :\u00a0<\/p>\n<ul>\n<li>Le vaccin de Pfizer-BioNTech :\u00a0<strong>COMIRNATY<\/strong>\u00ae.<\/li>\n<li>Le vaccin de Moderna : <strong>Spikevax <\/strong>(ex\u00a0Moderna COVID-19\u00a0mRNA ou\u00a0COVID-19\u00a0Vaccine Moderna).<\/li>\n<li>Le vaccin d&rsquo;AstraZeneca : <strong>Vaxzevria<\/strong> (ex-COVID-19\u00a0Vaccine AstraZeneca)<strong>\u00a0<\/strong>(pour le fabricant : AZD1222 ou\u00a0ChAdOx1\u00a0nCoV-19).<\/li>\n<li>Le vaccin de Johnson&amp;Johnson : <strong>Vaccin COVID-19\u00a0Janssen<\/strong>.<\/li>\n<\/ul>\n<blockquote>\n<p>\u00ab\u00a0Votre risque d&rsquo;\u00eatre contagieux est beaucoup moins important que si vous n&rsquo;\u00e9tiez pas vaccin\u00e9s\u00a0\u00bb<\/p>\n<\/blockquote>\n<p>Les vaccins font appel \u00e0 des modalit\u00e9s d&rsquo;action diff\u00e9rentes mais ils ciblent tous la prot\u00e9ine Spike du virus Sars-CoV-2 qui permet\u00a0la p\u00e9n\u00e9tration cellulaire du virus. La vaccination permet l&rsquo;activation du syst\u00e8me immunitaire.<em> \u00ab\u00a0Le germe qui p\u00e9n\u00e8tre dans l&rsquo;organisme d&rsquo;une personne vaccin\u00e9e va se heurter \u00e0 son syst\u00e8me immunitaire pr\u00e9par\u00e9 \u00e0 le recevoir\u00a0\u00bb<\/em>, rappelait le <a href=\"http:\/\/www.cres-paca.org\/a\/911\/episode-4-mieux-comprendre-le-lien-entre-pandemie-maladie-emergente-et-vaccination-par-daniel-floret\/\" target=\"_blank\" rel=\"noopener noreferrer\">Pr Daniel Floret<\/a>,\u00a0sp\u00e9cialis\u00e9 en maladies infectieuses et vaccinologie et\u00a0vice-pr\u00e9sident de la Commission Technique des Vaccinations \u00e0 la HAS, le 7 mai 2020.<\/p>\n<p><strong>Il existe deux types de vaccins\u00a0:<\/strong><\/p>\n<ul>\n<li><strong>Vaccin \u00ab\u00a0st\u00e9rilisant\u00a0\u00bb<\/strong>\u00a0qui permettent d&rsquo;interrompre la transmission du virus (aujourd&rsquo;hui, les vaccins autoris\u00e9s dans le cadre de la pand\u00e9mie n&rsquo;ont pas prouv\u00e9 qu&rsquo;ils \u00e9taient capables d&#8217;emp\u00eacher la transmission de la maladie quand une personne vaccin\u00e9e est infect\u00e9e).<\/li>\n<li><strong>Vaccin protecteur contre la maladie<\/strong> mais n&#8217;emp\u00eachant pas la transmission de l&rsquo;infection\u00a0: la vaccination pourrait \u00eatre alors cibl\u00e9e sur des populations sp\u00e9cifiques (c&rsquo;est le cas des vaccins Pfizer et Moderna qui ont prouv\u00e9 leur efficacit\u00e9 contre les formes graves de la Covid-19\u00a0d&rsquo;o\u00f9 le fait qu&rsquo;ils soient d&rsquo;abord recommand\u00e9s aux personnes les plus \u00e2g\u00e9es).<\/li>\n<\/ul>\n<p><em>\u00ab\u00a0Pour mettre au point un vaccin contre une maladie virale, il faut bien\u00a0conna\u00eetre\u00a0le virus qui en est \u00e0 l&rsquo;origine puisque le <strong>vaccin sera fabriqu\u00e9 \u00e0 partir de certaines parties du virus<\/strong> qui feront r\u00e9agir notre syst\u00e8me immunitaire\u00a0\u00bb<\/em> rappelle le <a href=\"https:\/\/www.leem.org\/sites\/default\/files\/2020-07\/12%20questions%20vaccins%20-%20LEEM%20-%2022%20juillet_0.pdf\" target=\"_blank\" rel=\"noopener noreferrer\">LEEM<\/a>\u00a0(association professionnelle qui regroupe les entreprises du m\u00e9dicament en France) dans un document d\u00e9di\u00e9 \u00e0 la Covid-19\u00a0en juillet 2020. Les vaccins mis au point contre la Covid-19 font appel \u00e0 diff\u00e9rentes technologies :<\/p>\n<ul>\n<li><strong>Vaccin\u00a0\u00e0 partir de virus att\u00e9nu\u00e9s ou inactiv\u00e9s<\/strong>\u00a0 (comme le vaccin chinois) : Vaccin contenant des agents infectieux tu\u00e9s mais capables de susciter une r\u00e9ponse du syst\u00e8me immunitaire. Ce type de vaccin demande de grandes quantit\u00e9s de virus.<\/li>\n<li><strong>Vaccin \u00e0 partir de prot\u00e9ines virales<\/strong>\u00a0: Le coronavirus poss\u00e8de \u00e0 sa surface des pointes \u00ab\u00a0spicules\u00a0\u00bb qui lui permettent d&rsquo;entrer en contact avec les cellules \u00e0 infecter. Ces pointes sont des prot\u00e9ines virales qui ont pu \u00eatre isol\u00e9es en laboratoire. Elles peuvent \u00eatre fabriqu\u00e9es et inject\u00e9es pour faire r\u00e9agir le syst\u00e8me immunitaire \u00e0 ces mol\u00e9cules \u00e9trang\u00e8res.<\/li>\n<li><strong>Vaccin \u00e0 partir\u00a0d&rsquo;ADN ou d&rsquo;ARNm viral (Pfizer\/Moderna)<\/strong>\u00a0: Une s\u00e9quence g\u00e9n\u00e9tique du virus (ADN ou ARNm) est inject\u00e9e et entre \u00e0 l&rsquo;int\u00e9rieur de la cellule humaine. Celle-ci va l&rsquo;utiliser pour produire la prot\u00e9ine virale associ\u00e9e qui va faire r\u00e9agir le syst\u00e8me immunitaire.<\/li>\n<li><strong>Vaccin \u00e0 partir\u00a0de vecteurs viraux (AstraZeneca\/Johnson&amp;Johnson)<\/strong>\u00a0: Un virus att\u00e9nu\u00e9 sp\u00e9cialis\u00e9 (= vecteur) est utilis\u00e9 pour v\u00e9hiculer les \u00e9l\u00e9ments n\u00e9cessaires \u00e0 la future protection (la ou les prot\u00e9ine(s) d&rsquo;int\u00e9r\u00eat et\/ou sa ou leurs s\u00e9quence(s) g\u00e9n\u00e9tique(s)) jusqu&rsquo;\u00e0 nos cellules et ainsi les exposer \u00e0 notre syst\u00e8me immunitaire.<\/li>\n<\/ul>\n<table border=\"1\" cellpadding=\"1\" cellspacing=\"1\" style=\"width:100%;\">\n<thead>\n<tr>\n<th scope=\"col\">\u00a0<\/th>\n<th scope=\"col\">Vaccin Corminaty\u00ae (Pfzer-BioNTech)<\/th>\n<th scope=\"col\">Vaccin ARNm Moderna<\/th>\n<th scope=\"col\">Vaccin\u00a0AZD1222 AstraZeneca<\/th>\n<th scope=\"col\">Vaccin Janssen (Johnson&amp;Johnson)<\/th>\n<\/tr>\n<\/thead>\n<tbody>\n<tr>\n<td style=\"text-align: center;\"><strong>Taux d&rsquo;efficacit\u00e9 global r\u00e9v\u00e9l\u00e9 lors des essais cliniques de phase 3<\/strong><\/td>\n<td>95%<\/td>\n<td>93%<\/td>\n<td>60-70%<\/td>\n<td>67%<\/td>\n<\/tr>\n<\/tbody>\n<\/table>\n<h3>\u2022 <a id=\"vaccin-covid-transmission\" name=\"vaccin-covid-transmission\">Sont-ils efficaces sur la transmission du virus ?<\/a><\/h3>\n<p>L&rsquo;efficacit\u00e9 principale du vaccin recherch\u00e9e est la protection du risque de formes graves. Concernant la r\u00e9duction du risque de<strong> transmission de la maladie, <\/strong>peu \u00e9tudi\u00e9 au d\u00e9part,\u00a0le professeur Arnaud Fontanet de l&rsquo;Institut Pasteur a expliqu\u00e9 le 30 juin sur<a href=\"https:\/\/twitter.com\/BFMTV\/status\/1410127966500229127\" target=\"_blank\" rel=\"noopener noreferrer\"> BFM-TV<\/a>\u00a0que la<strong> vaccination r\u00e9duisait la contagion<\/strong> : \u00ab\u00a0<em>Votre risque d&rsquo;\u00eatre contagieux est beaucoup moins important que si vous n&rsquo;\u00e9tiez pas vaccin\u00e9s. Quand vous \u00eates vaccin\u00e9s, vous diminuez de 80, 90% de risques de moins d&rsquo;\u00eatre infect\u00e9s et si par malchance vous \u00e9tiez infect\u00e9s, vous<strong> diminuez consid\u00e9rablement entre 50\u00a0et 85% votre risque de transmettre ce virus <\/strong>\u00e0 quelqu&rsquo;un d&rsquo;autre.\u00a0\u00bb<\/em> Ce qu&rsquo;a confirm\u00e9 le ministre de la sant\u00e9 Olivier V\u00e9ran le 4 juillet sur son compte Twitter : <em>\u00ab\u00a0Vaccin\u00e9, on se contamine beaucoup moins, on transmet beaucoup moins.\u00a0\u00bb<\/em><\/p>\n<div class=\"ccminsert\">\n<blockquote class=\"twitter-tweet\">\n<p dir=\"ltr\" lang=\"fr\"><em>Les vaccins font chuter le risque de forme grave, y compris avec le variant delta. Vaccin\u00e9, on se contamine beaucoup moins, on transmet beaucoup moins, et on ne vit plus dans le stress. C&rsquo;est un d\u00e9fi collectif que d&rsquo;atteindre l&rsquo;immunit\u00e9 collective, relevons-le ensemble !<\/em><\/p>\n<p><em>\u2014 Olivier V\u00e9ran (@olivierveran) <a href=\"https:\/\/twitter.com\/olivierveran\/status\/1411726758550847488?ref_src=twsrc%5Etfw\">July 4, 2021<\/a><\/em><\/p><\/blockquote>\n<p><em> <\/em><\/div>\n<h3>\u2022 <a id=\"vaccin-variant-delta\" name=\"vaccin-variant-delta\">Sont-ils efficaces contre le variant Delta ?<\/a><\/h3>\n<p>Concernant <strong>l&rsquo;efficacit\u00e9 vaccinale contre le variant Delta<\/strong>\u00a0(contre les formes symptomatiques), elle est de\u00a0<strong>33% et 60% apr\u00e8s une et deux doses d&rsquo;Astra-Zeneca<\/strong>, et <strong>33% et 88% apr\u00e8s une et deux doses de Pfizer<\/strong>, informe le Conseil scientifique du Covid\u00a0dans un <a href=\"https:\/\/solidarites-sante.gouv.fr\/IMG\/pdf\/avis_conseil_scientifique_6_juillet_2021_actualise_8_juillet_2021.pdf\" target=\"_blank\" rel=\"noopener noreferrer\">Avis<\/a> du 6\u00a0juillet.\u00a0L&rsquo;<strong>efficacit\u00e9 vaccinale contre les formes graves (hospitalisation) est par contre meilleure<\/strong> : 92% (75-97) avec Astra Zeneca, et 96% (86-99) avec Pfizer. Concernant le vaccin <strong>Janssen<\/strong>,\u00a0la HAS a publi\u00e9 un\u00a0<a href=\"https:\/\/www.has-sante.fr\/jcms\/p_3276955\/fr\/covid-19-adapter-la-strategie-de-vaccination-pour-faire-face-au-variant-delta\" target=\"_blank\" rel=\"noopener noreferrer\">communiqu\u00e9<\/a>\u00a0le 9 juillet dans lequel elle indique que <em>\u00ab\u00a0les <strong>donn\u00e9es <\/strong>actuellement disponibles sont tr\u00e8s encourageantes\u00a0(mais)\u00a0elles sont \u00e0 ce stade <strong>insuffisantes <\/strong>pour conclure formellement \u00e0 la conservation de l&rsquo;efficacit\u00e9 du vaccin sur le<strong> variant delta\u00a0\u00bb.<\/strong> <\/em><\/p>\n<p>L&rsquo;administration des vaccins contre la Covid-19 se fait en deux doses :<\/p>\n<ul>\n<li>espac\u00e9es de<strong> 21 \u00e0 49 jours <\/strong>pendant la p\u00e9riode estivale\u00a0<strong>pour le vaccin Pfizer<\/strong>&#8211;<strong>BioNTech<\/strong>.\u00a0Ce d\u00e9lai \u00e9tait fix\u00e9 \u00e0<strong>\u00a039 \u00e0 42\u00a0jours avant.<\/strong><\/li>\n<li>espac\u00e9es de<strong> 21 \u00e0 49 jours <\/strong>pendant la p\u00e9riode estivale <strong>pour le vaccin Moderna.<\/strong>\u00a0Ce d\u00e9lai \u00e9tait fix\u00e9 \u00e0 <strong>39 \u00e0\u00a042 jours avant.<\/strong><\/li>\n<li>espac\u00e9es de<strong>\u00a09 \u00e0 12 semaines pour AstraZeneca.<\/strong><\/li>\n<li>pas d&rsquo;espacement pour le <strong>vaccin Janssen puisqu&rsquo;il s&rsquo;administre en une seule dose<\/strong>.<\/li>\n<\/ul>\n<h3><a id=\"dose-unique-vaccin-covid\" name=\"dose-unique-vaccin-covid\">Une seule dose quand on a eu le Covid<\/a><\/h3>\n<p>Pour les personnes qui ont d\u00e9j\u00e0 \u00e9t\u00e9 contamin\u00e9es par la Covid-19, la\u00a0<a href=\"http:\/\/www.has-sante.fr\/maintenance\/index.html\" target=\"_blank\" rel=\"noopener noreferrer\">HAS<\/a>\u00a0a recommand\u00e9 l&rsquo;administration d&rsquo;une seule dose de vaccin car elles conservent une<strong> m\u00e9moire immunitaire<\/strong>. Ces personnes peuvent, sur pr\u00e9sentation d&rsquo;un justificatif (ex\u00a0: test PCR ou test s\u00e9rologique positif) valider leur sch\u00e9ma vaccinal avec une unique dose de vaccin, pr\u00e9cis\u00e9 la <a href=\"https:\/\/solidarites-sante.gouv.fr\/IMG\/pdf\/dgs-urgent_61_precisions_campagne_vaccinale.pdf\" target=\"_blank\" rel=\"noopener noreferrer\">DGS<\/a>\u00a0le 18 juin. A partie de cette date, cette consigne est<strong> valable quelle que soit la date de l&rsquo;infection<\/strong>, y compris si elle a eu lieu au d\u00e9but de la crise sanitaire (<strong>en 2020<\/strong>). Par ailleurs, il\u00a0est recommand\u00e9 d&rsquo;attendre 2 mois apr\u00e8s avoir eu le Covid pour se faire vacciner.\u00a0<\/p>\n<h3>\u00a0<a id=\"troisieme-dose-vaccin-covid\" name=\"troisieme-dose-vaccin-covid\">3\u00e8me dose<\/a><\/h3>\n<p>Une <strong>dose dite \u00ab\u00a0de rappel\u00a0\u00bb sera propos\u00e9e \u00e0 certaines personnes dont la liste devra \u00eatre r\u00e9alis\u00e9e par la Haute Autorit\u00e9 de Sant\u00e9<\/strong>.<em> \u00ab\u00a0Il a \u00e9t\u00e9 d\u00e9cid\u00e9 que les rendez-vous ouvriront d\u00e8s la fin du mois d&rsquo;ao\u00fbt, d\u00e9but du mois de septembre, pour une campagne de rappel qui d\u00e9butera \u00e0 la mi-septembre\u00a0\u00bb<\/em>, a inform\u00e9 le porte parole du Gouvernement Gabriel Attal mercredi 11\u00a0ao\u00fbt. Rappelons que conform\u00e9ment \u00e0 l&rsquo;avis du 6\u00a0avril 2021\u00a0du Conseil d&rsquo;orientation de la strat\u00e9gie vaccinale, l&rsquo;injection d&rsquo;une troisi\u00e8me dose de vaccin \u00e0 ARNm est n\u00e9cessaire<strong> pour les personnes s\u00e9v\u00e8rement immunod\u00e9prim\u00e9es <\/strong>(transplant\u00e9s d&rsquo;organes solides, transplant\u00e9s r\u00e9cents de moelle osseuse, patients dialys\u00e9s, patients atteints de maladies auto-immunes sous traitement immunosuppresseur fort de type anti-CD20\u00a0ou anti-m\u00e9tabolites). Sont \u00e9galement concern\u00e9es<strong> \u00e0 partir du 18 juin les personnes atteintes de leuc\u00e9mie lympho\u00efde chronique<\/strong> ou de certains types de <strong>lymphomes <\/strong>trait\u00e9s par antiCD20.\u00a0Cette troisi\u00e8me injection doit intervenir 4\u00a0semaines au moins apr\u00e8s la deuxi\u00e8me dose, ou d\u00e8s que possible pour les personnes qui auraient d\u00e9j\u00e0 d\u00e9pass\u00e9 ce d\u00e9lai.<\/p>\n<h3><a id=\"vaccins-sans-rappel-covid\" name=\"vaccins-sans-rappel-covid\">Quels sont les vaccins sans rappel ?<\/a><\/h3>\n<p>Le seul vaccin qui n&rsquo;a pas besoin de rappel \u00e0 ce jour est le vaccin Janssen de Johnson&amp;Johnson autoris\u00e9 aux plus de 55 ans en France et administr\u00e9 en m\u00e9decine de ville (m\u00e9decins, pharmacies&#8230;).\u00a0<\/p>\n<table border=\"1\" cellpadding=\"1\" cellspacing=\"1\" style=\"width:100%;\">\n<thead>\n<tr>\n<th scope=\"row\" style=\"width: 117px;\">\u00a0<\/th>\n<th scope=\"col\" style=\"text-align: center; width: 118px;\">Mode d&rsquo;action<\/th>\n<th scope=\"col\" style=\"text-align: center; width: 102px;\">Efficacit\u00e9<\/th>\n<th scope=\"col\" style=\"text-align: center; width: 331px;\">Conservation (non ouvert)<\/th>\n<th scope=\"col\" style=\"text-align: center; width: 175px;\">Age (en France)<\/th>\n<th scope=\"col\" style=\"text-align: center; width: 155px;\">Intervalle pour la 2e dose<\/th>\n<th scope=\"col\" style=\"text-align: center; width: 155px;\">D\u00e9lai pour un sch\u00e9ma vaccinal complet<\/th>\n<\/tr>\n<tr>\n<th scope=\"row\" style=\"width: 117px;\">Pfizer-BioNTech<\/th>\n<td style=\"width: 118px;\">ARNm<\/td>\n<td style=\"width: 102px;\">95%<\/td>\n<td style=\"width: 331px;\">\n<p>\u2022 pendant 6\u00a0mois entre -90\u00a0\u00b0C \u00e0 -60\u00a0\u00b0C,<\/p>\n<p>\u2022 pendant 5\u00a0jours entre 2\u00a0\u00b0C et 8\u00a0\u00b0C<\/p>\n<p>\u2022 ou pendant 2\u00a0heures \u00e0 une temp\u00e9rature maximale de +30\u00a0\u00b0C.<\/p>\n<\/td>\n<td style=\"width: 175px;\">12 ans et plus sans conditions<\/td>\n<td style=\"width: 155px;\">21 \u00e0 49 jours (pendant l&rsquo;\u00e9t\u00e9)<\/td>\n<td style=\"width: 155px;\">2 semaines apr\u00e8s la 2e injection<\/td>\n<\/tr>\n<tr>\n<th scope=\"row\" style=\"width: 117px;\">Moderna<\/th>\n<td style=\"width: 118px;\">ARNm<\/td>\n<td style=\"width: 102px;\">93%<\/td>\n<td style=\"width: 331px;\">\n<p>\u2022 pendant 7\u00a0mois entre -25\u00a0\u00b0C \u00e0 -15\u00a0\u00b0C,<\/p>\n<p>\u2022 pendant 30\u00a0jours entre 2\u00a0\u00b0C et 8\u00a0\u00b0C<\/p>\n<p>\u2022\u00a0ou pendant 12\u00a0heures \u00e0 une temp\u00e9rature comprise entre +8\u00a0\u00b0C et +25\u00a0\u00b0C<\/p>\n<\/td>\n<td style=\"width: 175px;\">12\u00a0ans et plus sans conditions<\/td>\n<td style=\"width: 155px;\">21 \u00e0 49 jours (pendant l&rsquo;\u00e9t\u00e9)<\/td>\n<td style=\"width: 155px;\">2\u00a0semaines apr\u00e8s la 2e injection<\/td>\n<\/tr>\n<tr>\n<th scope=\"row\" style=\"width: 117px;\">AstraZeneca<\/th>\n<td style=\"width: 118px;\">Vecteur viral<\/td>\n<td style=\"width: 102px;\">60-70%<\/td>\n<td style=\"width: 331px;\">\n<p>\u2022 au r\u00e9frig\u00e9rateur entre 2-8\u00b0C.<\/p>\n<p>\u2022 apr\u00e8s sa premi\u00e8re ouverture, moins de 6\u00a0heures \u00e0 temp\u00e9rature ambiante (\u00e0 moins de 30\u00b0C) ou 48\u00a0heures au r\u00e9frig\u00e9rateur entre 2\u00b0C-8\u00b0C<\/p>\n<\/td>\n<td style=\"width: 175px;\">+ 55\u00a0ans<\/td>\n<td style=\"width: 155px;\">9 \u00e0 12\u00a0semaines.<\/td>\n<td style=\"width: 155px;\">2\u00a0semaines apr\u00e8s la 2e injection<\/td>\n<\/tr>\n<tr>\n<th scope=\"row\" style=\"width: 117px;\">Johnson&amp;Johnson<\/th>\n<td style=\"width: 118px;\">Vecteur viral<\/td>\n<td style=\"width: 102px;\">67%<\/td>\n<td style=\"width: 331px;\">\n<p>\u2022 pendant 3 mois au r\u00e9frig\u00e9rateur<\/p>\n<p>\u2022 6 heures apr\u00e8s ouverture au r\u00e9frig\u00e9rateur<\/p>\n<\/td>\n<td style=\"width: 175px;\">+ 55\u00a0ans<\/td>\n<td style=\"width: 155px;\">Dose unique.<\/td>\n<td style=\"width: 155px;\">4 semaines apr\u00e8s l&rsquo;injection<\/td>\n<\/tr>\n<\/thead>\n<\/table>\n<p>Comme tout m\u00e9dicament, un vaccin peut g\u00e9n\u00e9rer des effets secondaires. L&rsquo;Agence nationale du m\u00e9dicament (ANSM) publie chaque semaine sur son site, le point de situation de la surveillance des effets ind\u00e9sirables des vaccins en France.<\/p>\n<p>Certaines personnes peuvent se voir remettre une<strong> attestation de contre-indication \u00e0 la vaccination<\/strong> dans certains cas. Cette attestation peut servir \u00e0 obtenir un QR\u00a0Code et de facto, un pass sanitaire.\u00a0Le tout est expliqu\u00e9 dans un d\u00e9cret paru du Journal Officiel le 9 ao\u00fbt. Peuvent obtenir cette attestation :\u00a0<\/p>\n<ul>\n<li>Les personnes \u00e9tant allergique\u00a0\u00e0 un des composants du vaccin.<\/li>\n<li>Les personnes qui ont fait une forte r\u00e9action allergique apr\u00e8s l&rsquo;injection d&rsquo;une premi\u00e8re dose.<\/li>\n<li>Les personnes ayant connu des \u00e9pisodes de syndrome de fuite capillaire.<\/li>\n<li>Les personnes ayant eu un effet secondaire\u00a0\u00a0d&rsquo;intensit\u00e9 s\u00e9v\u00e8re ou grave attribu\u00e9 \u00e0 la premi\u00e8re dose de vaccin signal\u00e9 au syst\u00e8me de pharmacovigilance\u00a0comme une myocardite ou le syndrome de Guillain-Barr\u00e9.<\/li>\n<li>Les enfants ayant \u00e9t\u00e9 touch\u00e9s par un\u00a0syndrome inflammatoire multi syst\u00e9mique p\u00e9diatrique (Pims)\u00a0apr\u00e8s une contamination au Covid-19.<\/li>\n<\/ul>\n<p>La <a href=\"https:\/\/www.has-sante.fr\/maintenance\/index.html\" target=\"_blank\" rel=\"noopener noreferrer\">Haute Autorit\u00e9 de Sant\u00e9<\/a> a rappel\u00e9 le 2 mars\u00a0que,\u00a0malgr\u00e9 l&rsquo;absence de donn\u00e9es suffisantes au cours de la grossesse, l&rsquo;administration des <strong>vaccins contre la Covid-19\u00a0chez la femme enceinte n&rsquo;est pas contre-indiqu\u00e9e<\/strong> ; elle doit \u00eatre envisag\u00e9e si les b\u00e9n\u00e9fices potentiels l&#8217;emportent sur les risques pour la m\u00e8re et le f\u0153tus. En particulier, les femmes enceintes de plus de 35\u00a0ans ou celles pr\u00e9sentant d&rsquo;autres comorbidit\u00e9s comme l&rsquo;ob\u00e9sit\u00e9, le diab\u00e8te ou les maladies cardiovasculaires, ou les femmes enceintes susceptibles d&rsquo;\u00eatre en contact avec des personnes infect\u00e9es du fait de leur activit\u00e9 professionnelle pourraient se voir proposer la vaccination.\u00a0Par mesure de pr\u00e9caution, dans l&rsquo;attente des r\u00e9sultats finaux des \u00e9tudes men\u00e9es chez l&rsquo;animal pour le vaccin \u00e0 vecteur viral d&rsquo;AstraZeneca et compte tenu des syndromes de type grippal ayant \u00e9t\u00e9 rapport\u00e9s avec ce vaccin, la HAS, conform\u00e9ment aux recommandations de l&rsquo;ANSM, recommande de <strong>privil\u00e9gier chez la femme enceinte les vaccins \u00e0 ARNm (Comirnaty\u00ae ou Moderna\u00ae),<\/strong> pour lesquels les \u00e9tudes animales n&rsquo;ont pas montr\u00e9 de cons\u00e9quence sur le d\u00e9veloppement du f\u0153tus.<\/p>\n<p><strong>En pratique, selon l&rsquo;<a href=\"https:\/\/ansm.sante.fr\/dossiers-thematiques\/covid-19-vaccins\/covid-19-vaccins-et-femmes-enceintes\" target=\"_blank\" rel=\"noopener noreferrer\">Agence nationale du m\u00e9dicament<\/a> :<\/strong><\/p>\n<ul>\n<li>Chez une femme enceinte, il est recommand\u00e9 de\u00a0<strong>discuter cette d\u00e9cision en \u00e9troite concertation avec son m\u00e9decin, sa sage-femme ou son gyn\u00e9cologue<\/strong>\u00a0afin d&rsquo;\u00e9valuer individuellement le b\u00e9n\u00e9fice de la vaccination.<\/li>\n<li>Si une femme enceinte a mal tol\u00e9r\u00e9 sa premi\u00e8re dose de vaccin, quel que soit le vaccin, il est conseill\u00e9 de diff\u00e9rer la deuxi\u00e8me dose apr\u00e8s la fin de la grossesse, en concertation avec son m\u00e9decin, sa sage-femme ou son gyn\u00e9cologue.<\/li>\n<li>Si une premi\u00e8re dose a \u00e9t\u00e9 administr\u00e9e alors que la grossesse \u00e9tait encore m\u00e9connue, il n&rsquo;existe\u00a0<strong>aucun \u00e9l\u00e9ment inqui\u00e9tant \u00e0 ce jour pour la m\u00e8re et pour l&rsquo;enfant \u00e0 naitre<\/strong>, quel que soit le vaccin. Si la premi\u00e8re dose a \u00e9t\u00e9 bien tol\u00e9r\u00e9e, le sch\u00e9ma vaccinal peut \u00eatre normalement, poursuivi.<\/li>\n<\/ul>\n<p><strong>Chez la femme qui allaite :<\/strong>\u00a0il n&rsquo;existe pas d&rsquo;\u00e9tude sur le passage de ces vaccins dans le lait ou chez la femme allaitante, mais la HAS rappelle que, sur la base des m\u00e9canismes biologiques (d\u00e9gradation rapide des ARNm), il n&rsquo;y a pas d&rsquo;effet attendu chez le nourrisson et l&rsquo;enfant allait\u00e9 par une femme vaccin\u00e9e. La vaccination chez la femme allaitante est donc possible.<\/p>\n<p>L&rsquo;efficacit\u00e9 des vaccins n&rsquo;est pas de 100%. Si vous \u00eates expos\u00e9 au virus,\u00a0vous pouvez contracter le Covid-19 et avoir un test\u00a0positif apr\u00e8s avoir \u00e9t\u00e9 vaccin\u00e9. Le risque \u00e9tant plus \u00e9lev\u00e9 quand le sch\u00e9ma vaccinal n&rsquo;est pas complet c&rsquo;est-\u00e0-dire quand on a re\u00e7u qu&rsquo;une seule dose sur les deux. Apr\u00e8s les deux doses \u00ab\u00a0<em><strong>un tr\u00e8s faible pourcentage de personnes compl\u00e8tement vaccin\u00e9es d\u00e9veloppera la Covid-19\u00a0si elles sont expos\u00e9es au virus qui le cause<\/strong>. C&rsquo;est ce qu&rsquo;on appelle \u00ab\u00a0un cas de perc\u00e9e vaccinale\u00a0\u00bb d\u00e9finie comme une infection \u2265 14\u00a0jours apr\u00e8s avoir termin\u00e9 l&rsquo;immunisation compl\u00e8te vaccinale\u00a0\u00bb<\/em> explique l&rsquo;<a href=\"https:\/\/presse.inserm.fr\/un-test-pcr-positif-apres-avoir-ete-vaccine-vraiment\/42770\/\" target=\"_blank\" rel=\"noopener noreferrer\">Inserm\u00a0dans un article d&rsquo;avril 2021<\/a>. <em>\u00ab\u00a0Pour le moment, il n&rsquo;y a pas de profils particuliers pr\u00e9disposant \u00e0 ces perc\u00e9es vaccinales, qui demeurent extr\u00eamement rares. Il est recommand\u00e9 de continuer de porter un masque, d&rsquo;\u00e9viter les rassemblements et les espaces ventil\u00e9s m\u00eame quand on est compl\u00e8tement vaccin\u00e9.\u00a0\u00bb<\/em><\/p>\n<p>Quatre vaccins Covid ont \u00e9t\u00e9 autoris\u00e9s et sont disponibles en France\u00a0:<\/p>\n<table border=\"1\" cellpadding=\"1\" cellspacing=\"1\" style=\"width:100%;\">\n<thead>\n<tr>\n<th scope=\"col\">\u00a0<\/th>\n<th scope=\"col\">Vaccin Pfizer-BioNTech<\/th>\n<th scope=\"col\">Vaccin Moderna<\/th>\n<th scope=\"col\">Vaccin Vaxzevria (AstraZeneca)<\/th>\n<th scope=\"col\">Vaccin Janssen<\/th>\n<\/tr>\n<\/thead>\n<tbody>\n<tr>\n<td>Date de l&rsquo;AMM donn\u00e9e par l&rsquo;Europe<\/td>\n<td>21 d\u00e9cembre 2020<\/td>\n<td>6 janvier 2021<\/td>\n<td>29 janvier 2021<\/td>\n<td>11 mars 2021<\/td>\n<\/tr>\n<tr>\n<td><a id=\"date-vaccin-covid-france\" name=\"date-vaccin-covid-france\"><strong>Date d&rsquo;autorisation en France<\/strong><\/a><\/td>\n<td>27 d\u00e9cembre 2020<\/td>\n<td>8 janvier 2021<\/td>\n<td>2 f\u00e9vrier 2021<\/td>\n<td>12 mars 2021<\/td>\n<\/tr>\n<\/tbody>\n<\/table>\n<p>On ne peut pas choisir son vaccin puisqu&rsquo;ils disposent chacun d&rsquo;une \u00ab\u00a0population cible\u00a0\u00bb. Pour chacun des vaccins, un avis de la HAS pr\u00e9cise les personnes \u00e9ligibles et les modalit\u00e9s d&rsquo;utilisation. Il est par contre possible de choisir entre Pfizer et Moderna, vaccins ayant la m\u00eame cible de population, lors de la prise de rendez-vous par Internet dans les centres de vaccination. Les sites indiquent par exemple \u00ab\u00a01\u00e8re injection vaccin Covid-19\u00a0(Pfizer-BioNTech)\u00a0\u00bb ou \u00ab\u00a01\u00e8re injection vaccin Covid-19\u00a0(Moderna)\u00a0\u00bb.<\/p>\n<table border=\"1\" cellpadding=\"1\" cellspacing=\"1\" style=\"width:100%;\">\n<thead>\n<tr>\n<th scope=\"col\"><a id=\"nombre-vaccin-covid-france-injection\" name=\"nombre-vaccin-covid-france-injection\">Nombre d&rsquo;injections<\/a> au 29 juillet (ANSM)<\/th>\n<th scope=\"col\">Vaccin Pfizer-BioNTech<\/th>\n<th scope=\"col\">Vaccin Vaxzevria (AstraZeneca)<\/th>\n<th scope=\"col\">Vaccin Moderna<\/th>\n<th scope=\"col\">Vaccin Janssen<\/th>\n<\/tr>\n<\/thead>\n<tbody>\n<tr>\n<td>\u00a0<\/td>\n<td>57\u00a0232\u00a0000<\/td>\n<td>7\u00a0679\u00a0000<\/td>\n<td>6\u00a0996\u00a0000<\/td>\n<td>845\u00a0000<\/td>\n<\/tr>\n<\/tbody>\n<\/table>\n<p>Les Autorisations de mises sur le march\u00e9 (AMM) sont d\u00e9livr\u00e9es par la Commission Europ\u00e9enne. Dans le contexte de la pand\u00e9mie et de l&rsquo;urgence de sant\u00e9 publique, <b>les AMM sont dites \u00ab\u00a0conditionnelles\u00a0\u00bb.<\/b> Comme l&rsquo;explique l&rsquo;<a href=\"https:\/\/ansm.sante.fr\/dossiers-thematiques\/covid-19-vaccins\" target=\"_blank\" rel=\"noopener noreferrer\">ANSM<\/a>,<b>\u00a0<\/b>une AMM conditionnelle permet l&rsquo;autorisation de m\u00e9dicaments qui r\u00e9pondent \u00e0 un besoin m\u00e9dical non satisfait avant que des donn\u00e9es \u00e0 long terme sur l&rsquo;efficacit\u00e9 et la s\u00e9curit\u00e9 ne soient disponibles.\u00a0Une AMM conditionnelle est<strong> accord\u00e9e pour un an <\/strong>et peut \u00eatre renouvel\u00e9e. Lorsque les autorit\u00e9s europ\u00e9ennes ont re\u00e7u et \u00e9valu\u00e9 toutes les donn\u00e9es compl\u00e9mentaires exig\u00e9es, l&rsquo;AMM conditionnelle peut \u00eatre convertie en une AMM standard.<\/p>\n<blockquote>\n<p style=\"text-align: right;\">72,4% de la population de l&rsquo;UE vaccin\u00e9e avec au moins une dose.<\/p>\n<\/blockquote>\n<p><strong>Vaccins autoris\u00e9s en Europe<\/strong><\/p>\n<ul>\n<li>Le\u00a0vaccin\u00a0Comirnaty\u00ae\u00a0\u00e0 ARNm\u00a0Covid-19\u00a0est le premier\u00a0vaccin 2\u00a0avo61\u00a0obtenu une\u00a0autorisation\u00a0de mise sur le march\u00e9 (AMM) conditionnelle en Europe le<strong> 21\u00a0d\u00e9cembre 2020.<\/strong><\/li>\n<li>Le vaccin de l&rsquo;am\u00e9ricain Moderna (\u00e9galement \u00e0 ARNm) est le second vaccin \u00e0 avoir re\u00e7u le feu vert de l&rsquo;EMA <strong>le 6\u00a0janvier 2021.<\/strong> La Haute Autorit\u00e9 de Sant\u00e9 n&rsquo;a pas encore valid\u00e9 sa commercialisation en France.\u00a0<\/li>\n<li>Le vaccin d&rsquo;Astrazeneca et de l&rsquo;Universit\u00e9 d&rsquo;Oxford (phase 3\u00a0des essais cliniques) bas\u00e9 sur la technologie du vecteur viral a \u00e9t\u00e9 autoris\u00e9 le<strong> 29\u00a0janvier 2021.<\/strong><\/li>\n<li>Le vaccin de Janssen de Johnson&amp;Johnson \u00e9galement sur la technologie du vecteur viral autoris\u00e9<strong> le 11\u00a0mars 2021<\/strong> (pas encore disponible).<\/li>\n<\/ul>\n<p><strong>Vaccin en cours d&rsquo;analyse par l&rsquo;EMA<\/strong><\/p>\n<ul>\n<li>Le vaccin Spoutnik V (Russie).<\/li>\n<li>Le vaccin CVnCOV de CureVac (Allemand).<\/li>\n<li>Le vaccin Sanofi-GSK.<\/li>\n<li>Le vaccin Novavax.<\/li>\n<li>Le vaccin CoronaVac de Sinovac (Chinois)<\/li>\n<\/ul>\n<p><strong>Vaccins pas encore soumis \u00e0 l&rsquo;EMA<\/strong><\/p>\n<ul>\n<li>Le vaccin Sanofi-Pasteur.<\/li>\n<\/ul>\n<p>Au 4 ao\u00fbt 2021, selon les <a href=\"https:\/\/ec.europa.eu\/info\/live-work-travel-eu\/coronavirus-response\/safe-covid-19-vaccines-europeans_fr\" target=\"_blank\" rel=\"noopener noreferrer\">donn\u00e9es de l&rsquo;ECDC<\/a> et des\u00a0producteurs de vaccins :\u00a0<\/p>\n<ul>\n<li>559,9\u00a0millions de doses de vaccins Covid ont \u00e9t\u00e9 livr\u00e9es \u00e0 l&rsquo;UE<\/li>\n<li>474,8\u00a0millions de doses administr\u00e9es dans l&rsquo;UE<\/li>\n<li>72,4\u00a0% de la population de l&rsquo;UE vaccin\u00e9e avec au moins une dose<\/li>\n<\/ul>\n<p>L&rsquo;Europe est leader de la production de vaccins\u00a0avec 27\u00a0sites de production r\u00e9partis dans 11\u00a0pays de l&rsquo;Union europ\u00e9enne. L&rsquo;Europe produit chaque ann\u00e9e 1,7\u00a0milliard de doses de vaccins, soit 76\u00a0% de la production mondiale.<em> \u00ab\u00a0Le choix des usines de production du vaccin COVID-19\u00a0va d\u00e9pendre du type de vaccin \u00e0 produire et du proc\u00e9d\u00e9 technologique employ\u00e9\u00a0\u00bb<\/em> d\u00e9taille le LEEM. Au 26 avril, l&rsquo;EU compte 53\u00a0sites de fabrication de vaccins covid et nous pr\u00e9voyons une capacit\u00e9 de production annuelle de plus de 3\u00a0milliards de doses d&rsquo;ici la fin de l&rsquo;ann\u00e9e 2021\u00a0selon le Commission Europ\u00e9enne.\u00a0Plusieurs sites de production peuvent produire pour\u00a0plusieurs continents de m\u00eame que les diff\u00e9rentes phases de production d&rsquo;un vaccin peuvent \u00eatre r\u00e9partis sur plusieurs sites (un site produit l&rsquo;antig\u00e8ne, un site conditionne&#8230;).\u00a0Les<strong> vaccins distribu\u00e9s en France<\/strong> peuvent\u00a0donc \u00eatre produits sur plusieurs continents.<\/p>\n<div style=\"text-align:center\">\n<figure class=\"image\" style=\"display:inline-block\"><a class=\"fancy\" href=\"https:\/\/img-3.journaldesfemmes.fr\/e6UYXbFEBXd4ddJIaDoD_oQYmFU=\/1080x\/smart\/d7565de0df9a45bca313ffa3b1e0409a\/ccmcms-jdf\/24360235.jpg\" target=\"_blank\" rel=\"noopener noreferrer\"><img decoding=\"async\" alt=\"production vaccin covid\" src=\"https:\/\/img-3.journaldesfemmes.fr\/MhvpO3ZyuXYMQF_KKrbYsozIFbM=\/600x\/smart\/d7565de0df9a45bca313ffa3b1e0409a\/ccmcms-jdf\/24360235.jpg\"\/><\/a><figcaption data-credit=\"Gouvernement.fr\" data-legend=\"Carte de production des vaccins Covid-19 en France\">Carte de production des vaccins Covid-19\u00a0en France <small>\u00a9\u00a0Gouvernement.fr<\/small><\/figcaption><\/figure>\n<\/div>\n<p>\u2192 Le vaccin <strong>Pfizer-BioNTech<\/strong> est produit dans les sites de fabrication de Pfizer en Belgique (\u00e0 Puurs) et aux Etats-Unis ainsi que par\u00a0BioNTech\u00a0\u00e0 Marburg en Allemagne. A partir du 7 avril, l&rsquo;usine du\u00a0fran\u00e7ais Delpharm bas\u00e9e en\u00a0Eure-et-Loir produira aussi le vaccin Pfizer.<\/p>\n<p>\u2192 Le vaccin <strong>Moderna <\/strong>est fabriqu\u00e9\u00a0\u00e0 Vi\u00e8ge en Suisse et \u00e0 Monts en Eure-et-Loir.<\/p>\n<p>\u2192 Le vaccin <strong>AstraZeneca <\/strong>est notamment produit par Novasep \u00e0 Seneffe en Belgique et par le n\u00e9erlandais Halix\u00a0\u00e0 Leiden, aux Pays-Bas. Le vaccin est conditionn\u00e9 en Italie \u00e0 Agnini et en Espagne.<\/p>\n<p>\u2192\u00a0Fareva devrait produire le vaccin allemand <strong>CureVac <\/strong>(s&rsquo;il re\u00e7oit l&rsquo;autorisation de l&rsquo;Agence europ\u00e9enne du m\u00e9dicament) sur ses sites de Pau (Pyr\u00e9n\u00e9es-Atlantiques) et Val-de-Reuil (Eure) d&rsquo;ici juin.<\/p>\n<p>\u2192\u00a0Sanofi d\u00e9butera cet \u00e9t\u00e9 le flaconnage des vaccins de <strong>Janssen <\/strong>\u00e0 Marcy-l&rsquo;Etoile (Rh\u00f4ne).<\/p>\n<p>La Commission europ\u00e9enne a d\u00e9j\u00e0 r\u00e9serv\u00e9 jusqu&rsquo;\u00e0 2,6\u00a0milliards de doses de vaccins contre la COVID-19, et des n\u00e9gociations sont en cours pour obtenir des doses suppl\u00e9mentaires. Le 10 juillet, Ursula von der Leyen, la pr\u00e9sidente de la Commission europ\u00e9enne, a assur\u00e9 que l&rsquo;Union europ\u00e9enne avait atteint le nombre de doses n\u00e9cessaires pour vacciner 70% de la population adulte.\u00a0La Commission a \u00e9galement conclu des discussions pr\u00e9liminaires avec\u00a0Novavax\u00a0en vue d&rsquo;acheter jusqu&rsquo;\u00e0 200\u00a0millions de doses.\u00a0La France doit b\u00e9n\u00e9ficier\u00a0des <strong>m\u00eames vaccins que les autres pays de\u00a0l&rsquo;Union europ\u00e9enne<\/strong>. <em>\u00ab\u00a0Le nombre de doses \u00e9tant r\u00e9parti en fonction de la population de chaque \u00e9tat membre\u00a0\u00bb<\/em> avait rappel\u00e9 le Pr\u00e9sident de la R\u00e9publique le 24\u00a0novembre.\u00a0<em>\u00ab\u00a0Rien que sur le mois de juin, on va livrer entre 22\u00a0et 25\u00a0millions de doses \u00e0 la France\u00a0\u00bb<\/em> a indiqu\u00e9 Thierry Breton, Commissaire europ\u00e9en au march\u00e9 int\u00e9rieur sur RTL\u00a0lundi 7\u00a0juin.\u00a0<\/p>\n<table border=\"1\" cellpadding=\"1\" cellspacing=\"1\" style=\"width:100%;\">\n<thead>\n<tr>\n<th scope=\"col\" style=\"text-align: center;\">Commandes pour l&rsquo;Europe<\/th>\n<th scope=\"col\" style=\"text-align: center;\">(en millions de doses)<\/th>\n<th scope=\"col\" style=\"text-align: center;\">Dont doses pour la France<\/th>\n<\/tr>\n<tr>\n<td>Pfizer<\/td>\n<td>600<\/td>\n<td>50<\/td>\n<\/tr>\n<tr>\n<td>Moderna<\/td>\n<td>460<\/td>\n<td>24<\/td>\n<\/tr>\n<tr>\n<td>AstraZeneca<\/td>\n<td>400<\/td>\n<td>44<\/td>\n<\/tr>\n<tr>\n<td>Johnson&amp;Johnson<\/td>\n<td>400<\/td>\n<td>NC<\/td>\n<\/tr>\n<tr>\n<td>CureVac<\/td>\n<td>405<\/td>\n<td>NC<\/td>\n<\/tr>\n<tr>\n<td>Sanofi-GSK (vaccin en cours d&rsquo;examen)<\/td>\n<td>300<\/td>\n<td>NC<\/td>\n<\/tr>\n<\/thead>\n<\/table>\n<table border=\"1\" cellpadding=\"1\" cellspacing=\"1\" style=\"width:100%;\">\n<thead>\n<tr>\n<th scope=\"col\" style=\"text-align: center; width: 170px;\">France<\/th>\n<th scope=\"col\" style=\"width: 199px;\">Doses totales distribu\u00e9es (au 10 ao\u00fbt)<\/th>\n<th scope=\"col\" style=\"text-align: center; width: 625px;\">Doses totales administr\u00e9es (au 10 ao\u00fbt &#8211; source Vaccinetracker.ecdc.eu)<\/th>\n<\/tr>\n<\/thead>\n<tbody>\n<tr>\n<td style=\"width: 170px;\">Pfizer-BioNTech<\/td>\n<td style=\"width: 199px;\">59 609 160<\/td>\n<td style=\"width: 625px;\">59 381 585<\/td>\n<\/tr>\n<tr>\n<td style=\"width: 170px;\">Moderna<\/td>\n<td style=\"width: 199px;\">9 257\u00a0200<\/td>\n<td style=\"width: 625px;\">7 295 678<\/td>\n<\/tr>\n<tr>\n<td style=\"width: 170px;\">AstraZeneca<\/td>\n<td style=\"width: 199px;\">10 355 500<\/td>\n<td style=\"width: 625px;\">7 717 265<\/td>\n<\/tr>\n<tr>\n<td style=\"width: 170px;\">Janssen<\/td>\n<td style=\"width: 199px;\">2 695 800<\/td>\n<td style=\"width: 625px;\">\n<p>883 540<\/p>\n<\/td>\n<\/tr>\n<\/tbody>\n<\/table>\n<div style=\"text-align:center\">\n<figure class=\"image\" style=\"display:inline-block\"><a class=\"fancy\" href=\"https:\/\/img-3.journaldesfemmes.fr\/9nQPL9tdeuV7GOIU5vAo543aKKQ=\/1080x\/smart\/062c935f360741dba8e0696b1b8a9931\/ccmcms-jdf\/26995831.jpg\"><img decoding=\"async\" alt=\"covid-vaccin-europe\" src=\"https:\/\/img-3.journaldesfemmes.fr\/K3DaaT8IW8eMkNI-t8wwtFtJDsY=\/600x\/smart\/062c935f360741dba8e0696b1b8a9931\/ccmcms-jdf\/26995831.jpg\"\/><\/a><figcaption data-credit=\"Vaccine Tracker Ecdc\" data-legend=\"Nombre de doses de vaccins distribu\u00e9es en Europe au 10 ao\u00fbt \u00a9\u00a0Ecdc vaccine tracker\">Nombre de doses de vaccins distribu\u00e9es en Europe au 10 ao\u00fbt\u00a0<small>\u00a9\u00a0Vaccine Tracker Ecdc<\/small><\/figcaption><\/figure>\n<\/div>\n<p>Un certificat de vaccination est d\u00e9livr\u00e9 lors de la vaccination. Lorsque le sch\u00e9ma vaccinal est complet, ce certificat fait office de pass sanitaire et permet d&rsquo;acc\u00e9der \u00e0 des rassemblements de plus de 1000 personnes, de voyager&#8230;<\/p>\n<p>Face \u00e0 un virus tr\u00e8s contagieux et mortel pour les plus fragiles, plusieurs grandes entreprises du m\u00e9dicament et de grandes biotechs ou centres de recherche se sont positionn\u00e9s dans la course au vaccin. De nombreuses alliances se sont form\u00e9es. Tous les essais de phase 3\u00a0men\u00e9es concernent des vaccins qui<strong> s&rsquo;administrent par voie intramusculaire<\/strong>.<\/p>\n<table border=\"1\" cellpadding=\"1\" cellspacing=\"1\" style=\"width:100%;\">\n<thead>\n<tr>\n<th scope=\"col\" style=\"width: 131px;\">ENTREPRISE<\/th>\n<th scope=\"col\" style=\"width: 636px;\">PARTENARIAT<\/th>\n<th scope=\"col\" style=\"width: 229px;\">TYPE DE VACCIN<\/th>\n<\/tr>\n<\/thead>\n<tbody>\n<tr>\n<td style=\"width: 131px;\">PFIZER<\/td>\n<td style=\"width: 636px;\">BioNTECH<\/td>\n<td style=\"width: 229px;\">ARNm<\/td>\n<\/tr>\n<tr>\n<td style=\"width: 131px;\">MODERNA<\/td>\n<td style=\"width: 636px;\">NIH &#8211; BARDA<\/td>\n<td style=\"width: 229px;\">ARNm<\/td>\n<\/tr>\n<tr>\n<td style=\"width: 131px;\">CureVAC<\/td>\n<td style=\"width: 636px;\">\u00a0<\/td>\n<td style=\"width: 229px;\">ARNm<\/td>\n<\/tr>\n<tr>\n<td style=\"width: 131px;\">SANOFI<\/td>\n<td style=\"width: 636px;\">Translate Bio &#8211; BARDA<\/td>\n<td style=\"width: 229px;\">ARNm<\/td>\n<\/tr>\n<tr>\n<td style=\"width: 131px;\">ASTRAZENECA<\/td>\n<td style=\"width: 636px;\">Oxford University &#8211; BARDA<\/td>\n<td style=\"width: 229px;\">Vecteur viral<\/td>\n<\/tr>\n<tr>\n<td style=\"width: 131px;\">J&amp;J<\/td>\n<td style=\"width: 636px;\">\u00a0<\/td>\n<td style=\"width: 229px;\">Vecteur viral<\/td>\n<\/tr>\n<tr>\n<td style=\"width: 131px;\">MSD<\/td>\n<td style=\"width: 636px;\">Institut Pasteur\/Universit\u00e9 de Pittsburgh &#8211; IAVI\/BARDA<\/td>\n<td style=\"width: 229px;\">Vecteur viral r\u00e9plicatif<\/td>\n<\/tr>\n<tr>\n<td style=\"width: 131px;\">GSK<\/td>\n<td style=\"width: 636px;\">Clover Biopharmaceuticals<\/td>\n<td style=\"width: 229px;\">Prot\u00e9ine recombinante<\/td>\n<\/tr>\n<tr>\n<td style=\"width: 131px;\">SANOFI<\/td>\n<td style=\"width: 636px;\">GSK (adjuvant) &#8211; BARDA<\/td>\n<td style=\"width: 229px;\">Prot\u00e9ine recombinante<\/td>\n<\/tr>\n<\/tbody>\n<\/table>\n<p>Pfizer est le premier laboratoire dont le vaccin \u00e0 ARNm \u00ab\u00a0COMIRNATY\u00a0\u00bb (BNT162b2) a \u00e9t\u00e9 commercialis\u00e9 en Europe. Il a \u00e9t\u00e9 autoris\u00e9 par l&rsquo;Agence Europ\u00e9enne du m\u00e9dicament, le 21\u00a0d\u00e9cembre, aux 27\u00a0pays membres (il a \u00e9t\u00e9 valid\u00e9 au Royaume-Uni le 8\u00a0d\u00e9cembre).\u00a0Le 9\u00a0novembre, apr\u00e8s 10\u00a0mois de travaux, le laboratoire annon\u00e7ait avoir mis au point un vaccin <strong>efficace \u00e0 90% contre le coronavirus<\/strong>, selon les premiers r\u00e9sultats de ce candidat<strong> en phase 3 <\/strong>relat\u00e9s\u00a0dans un\u00a0<a href=\"https:\/\/www.pfizer.com\/news\/press-release\/press-release-detail\/pfizer-and-biontech-announce-vaccine-candidate-against\" target=\"_blank\" rel=\"noopener noreferrer\">communiqu\u00e9<\/a>.\u00a0Le 14\u00a0avril, la <a href=\"https:\/\/ec.europa.eu\/info\/live-work-travel-eu\/coronavirus-response\/safe-covid-19-vaccines-europeans_fr\" target=\"_blank\" rel=\"noopener noreferrer\">Commission europ\u00e9enne<\/a> est parvenue \u00e0 un accord avec BioNTech-Pfizer afin d&rsquo;acc\u00e9l\u00e9rer la livraison des vaccins<strong>. 50\u00a0millions de doses suppl\u00e9mentaires<\/strong>, initialement pr\u00e9vues pour le quatri\u00e8me trimestre\u00a02021, seront livr\u00e9es au deuxi\u00e8me trimestre, <strong>d\u00e8s le mois d&rsquo;avril.<\/strong> Pour se pr\u00e9parer \u00e0 l&rsquo;avenir, la Commission a \u00e9galement annonc\u00e9 entamer des n\u00e9gociations avec BioNTech-Pfizer en vue d&rsquo;un <strong>troisi\u00e8me contrat <\/strong>pr\u00e9voyant la livraison de 1,8\u00a0milliard de doses de vaccin pour la p\u00e9riode<strong> 2021-2023. <\/strong>Le 11\u00a0mai, la Food and Drug Administration, autorit\u00e9 sanitaire des Etats-Unis, a autoris\u00e9 l&rsquo;utilisation de\u00a0ce vaccin pour les 12-15 ans.\u00a0<\/p>\n<p>Le vaccin du laboratoire am\u00e9ricain <a href=\"https:\/\/www.modernatx.com\/\" target=\"_blank\" rel=\"noopener noreferrer\"><strong>Moderna<\/strong><\/a> est un vaccin\u00a0ARN messager. Il ne\u00a0consiste donc\u00a0pas \u00e0<strong> inoculer<\/strong> le virus mais\u00a0<strong>une part du code g\u00e9n\u00e9tique du virus<\/strong>. Il est autoris\u00e9 par l&rsquo;Agence europ\u00e9enne du m\u00e9dicament (EMA) le\u00a0mercredi 6\u00a0janvier et le 8\u00a0janvier par la Haute Autorit\u00e9 de Sant\u00e9 pour la France.\u00a0Selon le laboratoire dans un <a href=\"https:\/\/investors.modernatx.com\/news-releases\/news-release-details\/moderna-reports-second-quarter-fiscal-year-2021-financial?utm_source=social&amp;utm_medium=twitter&amp;utm_campaign=earnings\" target=\"_blank\" rel=\"noopener noreferrer\">communiqu\u00e9 du 5\u00a0ao\u00fbt<\/a> :<em> \u00ab\u00a0L&rsquo;analyse finale de l&rsquo;\u00e9tude COVE de phase 3\u00a0montre une efficacit\u00e9 de 93\u00a0%. L&rsquo;efficacit\u00e9 reste durable jusqu&rsquo;\u00e0 six mois apr\u00e8s la deuxi\u00e8me dose.\u00a0\u00bb<\/em> St\u00e9phane Bancel, directeur g\u00e9n\u00e9ral de Moderna a indiqu\u00e9 ;<em> \u00ab\u00a0Nous sommes heureux que notre vaccin COVID-19\u00a0montre une efficacit\u00e9 durable de 93\u00a0% sur six mois, mais reconnaissons que la variante Delta est une nouvelle menace importante, nous devons donc rester vigilants.<\/em><\/p>\n<p><span style=\"font-size: 1rem;\">Le vaccin AstraZeneca (nouvellement nomm\u00e9 <strong>Vaxzevria<\/strong>) administr\u00e9 en France depuis le 6\u00a0f\u00e9vrier 2021\u00a0utilise un vecteur d&rsquo;une<\/span><strong style=\"font-size: 1rem;\"> version affaiblie d&rsquo;un virus du rhume commun (ad\u00e9novirus) qui provoque des infections chez les chimpanz\u00e9s <\/strong><span style=\"font-size: 1rem;\">et contient le mat\u00e9riel g\u00e9n\u00e9tique de la prot\u00e9ine de pointe (prot\u00e9ine spike) du virus SARS-CoV-2. Apr\u00e8s la vaccination, la prot\u00e9ine de surface spike est produite, amor\u00e7ant le syst\u00e8me immunitaire et l&rsquo;incitant \u00e0 attaquer le virus SARS-CoV-2\u00a0s&rsquo;il infecte plus tard le sujet.<\/span><\/p>\n<p>Le vaccin Janssen de la soci\u00e9t\u00e9\u00a0Johnson&amp;Johnson a \u00e9t\u00e9 autoris\u00e9 par l&rsquo;Agence europ\u00e9enne du m\u00e9dicament le 11 mars 2021. Le 20 avril,\u00a0l&rsquo;Agence europ\u00e9enne du m\u00e9dicament a rendu son avis sur le vaccin Johnson&amp;Johnson alors que son utilisation avait \u00e9t\u00e9 suspendu aux Etats-Unis en raison de rares cas de caillots sanguins. Pour l&rsquo;EMA,<strong> le rapport b\u00e9n\u00e9fice\/risque du vaccin de Johnson&amp;Johnson global reste positif<\/strong><em>.<\/em>\u00a0Ce\u00a0vaccin<strong>\u00a0<\/strong>est bas\u00e9 sur une<strong> version att\u00e9nu\u00e9e d&rsquo;un virus responsable de rhinopharyngite chez l&rsquo;homme<\/strong> (ad\u00e9novirus). Son but est de produire seulement une partie du virus de la COVID-19, la prot\u00e9ine spike \u00a0\u00bb S \u00ab\u00a0, qui sera reconnue par le syst\u00e8me immunitaire et induira ainsi une r\u00e9ponse immunitaire et de bloquer la multiplication du SARS-CoV-2\u00a0dans l&rsquo;organisme humain.\u00a0Ce vaccin dit \u00e0 \u00a0\u00bb\u00a0<strong>vecteur viral non r\u00e9plicatif\u00a0<\/strong>\u00a0\u00bb repose sur une<strong> technologie qui a \u00e9t\u00e9 utilis\u00e9e pour l&rsquo;un des vaccins contre Ebola,<\/strong> approuv\u00e9 par l&rsquo;Agence Europ\u00e9enne du M\u00e9dicament.\u00a0<\/p>\n<p>Dans un <a href=\"https:\/\/ir.novavax.com\/2021-06-14-Novavax-COVID-19-Vaccine-Demonstrates-90-Overall-Efficacy-and-100-Protection-Against-Moderate-and-Severe-Disease-in-PREVENT-19-Phase-3-Trial\" target=\"_blank\" rel=\"noopener noreferrer\">communiqu\u00e9 du 14 juin<\/a>, le laboratoire Novavax a indiqu\u00e9 que le vaccin Novavax anti-covid d\u00e9montre une efficacit\u00e9 globale de 90\u00a0% et une protection de 100\u00a0% contre les maladies mod\u00e9r\u00e9es et graves dans l&rsquo;essai de phase 3. <em>\u00ab\u00a0Aujourd&rsquo;hui, Novavax fait un pas de plus vers la r\u00e9ponse au besoin critique et persistant de sant\u00e9 publique mondiale en vaccins suppl\u00e9mentaires contre le COVID-19. Ces r\u00e9sultats cliniques renforcent le fait que le NVX-CoV2373\u00a0est extr\u00eamement efficace et offre une protection compl\u00e8te contre les infections COVID-19\u00a0mod\u00e9r\u00e9es et s\u00e9v\u00e8res\u00a0\u00bb<\/em> a d\u00e9clar\u00e9 Stanley C. Erck, pr\u00e9sident et chef de la direction de Novavax.\u00a0Le comit\u00e9 des m\u00e9dicaments de l&rsquo;Agence europ\u00e9enne des m\u00e9dicaments (EMA) a annonc\u00e9 dans un\u00a0<a href=\"https:\/\/www.ema.europa.eu\/en\/news\/ema-starts-rolling-review-novavaxs-covid-19-vaccine-nvx-cov2373\" target=\"_blank\" rel=\"noopener noreferrer\">communiqu\u00e9<\/a>\u00a0du 3\u00a0f\u00e9vrier 2021\u00a0avoir entam\u00e9 un examen continu du\u00a0<strong>NVX-CoV2373<\/strong>, un vaccin COVID-19\u00a0en cours de d\u00e9veloppement par Novavax CZ AS (une filiale de Novavax, Inc.). Selon des r\u00e9sultats pr\u00e9liminaires, le vaccin d\u00e9clenche la\u00a0<strong>production d&rsquo;<a data-insertor-excluded=\"1\" href=\"https:\/\/sante.journaldesfemmes.fr\/fiches-anatomie-et-examens\/2668297-anticorps-definition-structure-covid-19-taux-antigene-monoclonaux-polyclonaux\/\" target=\"_blank\" title=\"Anticorps\" rel=\"noopener noreferrer\">anticorps<\/a>\u00a0et de cellules immunitaires qui ciblent le SRAS-CoV-2,<\/strong>\u00a0le virus qui cause le COVID-19.\u00a0La soci\u00e9t\u00e9 m\u00e8ne actuellement des\u00a0<strong>essais chez l&rsquo;homme\u00a0<\/strong>pour \u00e9valuer sa s\u00e9curit\u00e9, son immunog\u00e9nicit\u00e9 (dans quelle mesure elle d\u00e9clenche une r\u00e9ponse contre le virus) et son efficacit\u00e9 contre le\u00a0<a href=\"https:\/\/sante.journaldesfemmes.fr\/fiches-maladies\/2605417-covid-19-france-coronavirus-chiffres-nombre-cas-mort-vaccin-restriction-portail-citoyen-sidep\/\" target=\"_blank\" title=\"Covid 19\" rel=\"noopener noreferrer\">COVID-19<\/a>.<\/p>\n<p>En France,\u00a0une\u00a0<em>Task Force<\/em>\u00a0(force op\u00e9rationnelle) a \u00e9t\u00e9 mise en place \u00e0 l&rsquo;<strong>Institut Pasteur\u00a0<\/strong>pour\u00a0le d\u00e9veloppement de vaccins d\u00e8s le d\u00e9but de l&rsquo;\u00e9pid\u00e9mie. Trois projets ont \u00e9t\u00e9 \u00e9tudi\u00e9s dont un sur un vecteur de la rougeole, abandonn\u00e9 en janvier 2021.<\/p>\n<p>Le laboratoire fran\u00e7ais, bas\u00e9 \u00e0 Lyon, Sanofi travaille sur deux candidats-vaccin contre la Covid-19 :\u00a0un vaccin \u00e0 base de prot\u00e9ine recombinante d\u00e9velopp\u00e9 avec\u00a0GSK et\u00a0un vaccin \u00e0 ARN r\u00e9alis\u00e9 avec Translate Bio.<\/p>\n<p>\u2192 Le comit\u00e9 des m\u00e9dicaments \u00e0 usage humain (CHMP) de l&rsquo;EMA a lanc\u00e9 l&rsquo;examen de Vidprevtyn, le vaccin Covid d\u00e9velopp\u00e9 par Sanofi Pasteur et GSK, a annonc\u00e9 l&rsquo;EMA le 20\u00a0juillet 2021. Sanofi et GSK avaient annonc\u00e9 jeudi 26 mai dans un communiqu\u00e9 qu&rsquo;ils avaient\u00a0<strong>commenc\u00e9\u00a0leur \u00e9tude internationale de phase 3 :\u00a0<\/strong><em>\u00ab\u00a0Les premi\u00e8res vaccinations dans le cadre de cette importante \u00e9tude pivot de phase III ont d\u00e9but\u00e9 et nous nous en f\u00e9licitons car nous pensons que notre plateforme technologique unique aboutira \u00e0 une solution vaccinale d&rsquo;une grande utilit\u00e9 clinique\u00a0\u00bb<\/em>, a d\u00e9clar\u00e9 Thomas Triomphe, Vice-Pr\u00e9sident ex\u00e9cutif et responsable Monde de Sanofi Pasteur dans le communiqu\u00e9. Ainsi,<strong> plus 35\u00a0000\u00a0volontaires \u00e2g\u00e9s de 18\u00a0ans et plus seront recrut\u00e9s dans diff\u00e9rents pays<\/strong>, dont les \u00c9tats-Unis et plusieurs pays d&rsquo;Asie, d&rsquo;Afrique et d&rsquo;Am\u00e9rique latine.\u00a0Le vaccin d\u00e9velopp\u00e9 avec GSK\u00a0avait d\u00e9j\u00e0 montr\u00e9 des r\u00e9sultats encourageants lors de l&rsquo;essai de phase II : il\u00a0induisait\u00a0une forte r\u00e9ponse immunitaire chez les adultes, toutes tranches d&rsquo;\u00e2ge confondues, a indiqu\u00e9 le laboratoire dans un <a href=\"https:\/\/www.sanofi.com\/fr\/media-room\/communiques-de-presse\/2021\/2021-05-17-07-30-00-2230312\" target=\"_blank\" rel=\"noopener noreferrer\">communiqu\u00e9<\/a> le 17\u00a0mai.<em>\u00a0<\/em>Le vaccin pourrait \u00eatre disponible d&rsquo;ici la fin d&rsquo;ann\u00e9e.<\/p>\n<p>\u2192\u00a0Quand \u00e0 l&rsquo;autre\u00a0candidat vaccin r\u00e9alis\u00e9 avec Translate Bio, baptis\u00e9 \u00ab\u00a0<strong>MRT5500<\/strong>\u00ab\u00a0, il a induit la production de concentrations \u00e9lev\u00e9es d&rsquo;anticorps dans le cadre d&rsquo;\u00e9tudes pr\u00e9cliniques.\u00a0Un essai clinique de phase I\/II devrait d\u00e9buter au premier trimestre\u00a02021 pour une approbation potentielle au deuxi\u00e8me semestre de la m\u00eame ann\u00e9e.\u00a0Le groupe pharmaceutique fran\u00e7ais Sanofi a annonc\u00e9 dimanche 14\u00a0f\u00e9vrier qu&rsquo;il lancerait au deuxi\u00e8me semestre 2021\u00a0une \u00e9tude clinique de \u00ab\u00a0phase trois\u00a0\u00bb pour son candidat-vaccin \u00e0 ARN d\u00e9velopp\u00e9 avec la soci\u00e9t\u00e9 am\u00e9ricaine Translate Bio.\u00a0<\/p>\n<p>Le vaccin allemand Curevac est\u00a0<a href=\"https:\/\/www.ema.europa.eu\/en\/news\/ema-starts-rolling-review-curevacs-covid-19-vaccine-cvncov\" target=\"_blank\" rel=\"noopener noreferrer\">examin\u00e9 par l&rsquo;Agence europ\u00e9enne du m\u00e9dicament<\/a>\u00a0depuis le 12\u00a0f\u00e9vrier 2021 pour \u00eatre \u00e9ventuellement autoris\u00e9 prochainement en Europe. C&rsquo;est un vaccin \u00e0 ARN.\u00a0Le laboratoire allemand CureVac a annonc\u00e9 dans un communiqu\u00e9 consult\u00e9 par l&rsquo;AFP que son principal candidat vaccin n&rsquo;avait d\u00e9montr\u00e9 qu&rsquo;une efficacit\u00e9 de 47\u00a0%. Il ne remplit pas, \u00e0 ce stade, les crit\u00e8res exig\u00e9s\u00a0: Le vaccin <em>\u00ab\u00a0a atteint une efficacit\u00e9 pr\u00e9liminaire de 47\u00a0% contre le COVID-19, quelle que soit sa gravit\u00e9, ne remplissant pas les crit\u00e8res statistiques de succ\u00e8s pr\u00e9-sp\u00e9cifi\u00e9s.\u00a0\u00bb<\/em> Cependant, le PDG du laboratoire a indiqu\u00e9 que<em> \u00ab\u00a0l&rsquo;efficacit\u00e9 finale pourrait encore changer.\u00a0\u00bb<\/em><\/p>\n<p>Le vaccin russe Spoutnik V <span style=\"font-size: 1rem;\">(en r\u00e9f\u00e9rence au premier satellite artificiel de l&rsquo;Histoire con\u00e7u par l&rsquo;Union sovi\u00e9tique)\u00a0<\/span>serait efficace \u00e0 91.6%\u00a0contre les formes symptomatiques du COVID-19, selon les r\u00e9sultats de la phase finale de son essai clinique publi\u00e9s mardi 2 f\u00e9vrier 2021 dans la revue m\u00e9dicale internationale<em> The Lancet<\/em>.<em>\u00a0<\/em><\/p>\n<p>En Chine, trois vaccins sont administr\u00e9s dans le pays\u00a0: CoronoVac du laboratoire Sinovac et deux vaccins Sinopharm, du laboratoire \u00e9ponyme. L&rsquo;OMS a valid\u00e9 le vaccin Sinopharm en mai et le vaccin de Sinovac le 1er juin.\u00a0<em>\u00ab\u00a0Je suis heureux d&rsquo;annoncer que le vaccin Sinovac est homologu\u00e9 sur la liste d&rsquo;urgence. Son innocuit\u00e9 a \u00e9t\u00e9 \u00e9tablie, son efficacit\u00e9 a \u00e9t\u00e9 prouv\u00e9e apr\u00e8s l&rsquo;administration de deux doses\u00a0\u00bb<\/em>, a d\u00e9clar\u00e9\u00a0Tedros Adhanom Ghebreyesus, directeur g\u00e9n\u00e9ral de l&rsquo;OMS le 1er juin.\u00a0<\/p>\n<table border=\"1\" cellpadding=\"1\" cellspacing=\"1\" style=\"width:100%;\">\n<thead>\n<tr>\n<th scope=\"col\" style=\"text-align: center;\">DATES CLES DE LA VACCINATION COVID-19<\/th>\n<\/tr>\n<\/thead>\n<tbody>\n<tr>\n<td>\n<ul>\n<li><strong>8 d\u00e9cembre<\/strong> : l&rsquo;Angleterre est le premier pays \u00e0 vacciner sa population avec le vaccin Pfizer.<\/li>\n<li><strong>14 d\u00e9cembre<\/strong> : d\u00e9but de la vaccination au Canada et aux Etats-Unis avec le vaccin Pfizer.<\/li>\n<li><strong>21 d\u00e9cembre<\/strong> : l&rsquo;Agence europ\u00e9enne du m\u00e9dicament rend un\u00a0avis positif sur le vaccin Pfizer et donne\u00a0son feu vert \u00e0 sa commercialisation dans toute l&rsquo;Europe.<\/li>\n<li><strong>27\u00a0d\u00e9cembre <\/strong>: la France comme les autres pays de l&rsquo;Union Europ\u00e9enne commencent \u00e0 vacciner leur population avec le vaccin, Pfizer\/BioNTech.\u00a0<\/li>\n<li><strong>30\u00a0d\u00e9cembre<\/strong> : le Royaume-Uni est le premier pays \u00e0 autoriser le vaccin d&rsquo;Astrazeneca.\u00a0<\/li>\n<li><strong>6 janvier : <\/strong>autorisation du vaccin Moderna par\u00a0l&rsquo;Agence europ\u00e9enne du m\u00e9dicament (EMA).<\/li>\n<li><strong>8\u00a0janvier <\/strong>: autorisation du vaccin Moderna par la Haute Autorit\u00e9 de Sant\u00e9 pour la France.<\/li>\n<li><strong>29 janvier :<\/strong> autorisation du vaccin AstraZeneca par l&rsquo;Agence europ\u00e9enne du m\u00e9dicament.\u00a0<\/li>\n<li><strong>25 f\u00e9vrier : <\/strong>d\u00e9but de la vaccination chez les m\u00e9decins g\u00e9n\u00e9ralistes et en entreprise en France avec le vaccin\u00a0AstraZeneca.<\/li>\n<li><strong>11 mars <\/strong>: l&rsquo;EMA donne son feu vert \u00e0 l&rsquo;autorisation du vaccin Janssen de Johnson&amp;Johnson en Europe.<\/li>\n<li><strong>1er mai <\/strong>: ouverture de la vaccination aux personnes souffrant de maladies chroniques et d&rsquo;ob\u00e9sit\u00e9 en France.<\/li>\n<li><strong>31 mai<\/strong> : ouverture de la vaccination \u00e0 tous les adultes, en France, sans aucune condition.\u00a0<\/li>\n<li><strong>15 juin<\/strong> : les 12-18 ans peuvent \u00eatre vaccin\u00e9s en France avec le vaccin de Pfizer.<\/li>\n<\/ul>\n<\/td>\n<\/tr>\n<\/tbody>\n<\/table>\n<p><em>Merci \u00e0 Hela Ketatni, biologiste m\u00e9dical \u00e0 Paris, au Dr Mathieu Lafaurie, infectiologue \u00e0 l&rsquo;h\u00f4pital Saint-Louis \u00e0 Paris et au porte-parole\u00a0du service du Pr Didier Raoult, Directeur de l&rsquo;IHU M\u00e9diterran\u00e9e Infection.<\/em><\/p>\n<p><u>Sources : <\/u><\/p>\n<p>EMA recommends COVID-19\u00a0Vaccine AstraZeneca for authorisation in the EU. 29 janvier 2021<\/p>\n<p>EMA recommends COVID-19\u00a0Vaccine Moderna for authorisation in the EU. 6 janvier 2021.<\/p>\n<p><a href=\"https:\/\/www.sanofi.com\/-\/media\/Project\/One-Sanofi-Web\/Websites\/Global\/Sanofi-COM\/Home\/media-room\/press-releases\/2020\/2020-10-15-14-00-00-2109121-fr.pdf?la=fr\" target=\"_blank\" rel=\"noopener noreferrer\">Le candidat-vaccin \u00e0 ARNm contre la COVID-19\u00a0de Sanofi et Translate Bio a induit la production de concentrations \u00e9lev\u00e9es d&rsquo;anticorps dans le cadre d&rsquo;\u00e9tudes pr\u00e9cliniques<\/a>. Communiqu\u00e9 de presse Sanofi. 15 octobre 2020.<\/p>\n<p><a href=\"https:\/\/www.leem.org\/sites\/default\/files\/2020-07\/12%20questions%20vaccins%20-%20LEEM%20-%2022%20juillet_0.pdf\" target=\"_blank\" rel=\"noopener noreferrer\">Covid-19 et vaccins : 12 questions-r\u00e9ponses<\/a>, LEEM, 22 juillet 2020<\/p>\n<p><a href=\"https:\/\/www.infectiologie.com\/UserFiles\/File\/formation\/desc\/2019\/seminaire-avril-2019\/jeudi-04-04-2019\/recherche-5a-jeudi-04-pr-launay.pdf\" target=\"_blank\" rel=\"noopener noreferrer\">Recherche clinique (vaccinologie),<\/a> Facult\u00e9 de m\u00e9decine &#8211; Universit\u00e9 Paris Descartes<\/p>\n<p><a href=\"https:\/\/www.lecrips-idf.net\/dossiers-thematiques\" target=\"_blank\" rel=\"noopener noreferrer\">Essai vaccinal : les diff\u00e9rente \u00e9tapes<\/a>, CRIPS Ile-de-France, avril 2016.\u00a0<\/p>\n<p><a href=\"https:\/\/solidarites-sante.gouv.fr\/IMG\/pdf\/avis_vaccins_9_juillet_2020_-_care_-_conseil_scientifique_-_comite_vaccin.pdf\" target=\"_blank\" rel=\"noopener noreferrer\">\u00ab\u00a0Vaccin contre le Sars-CoV-2 &#8211; 9 juillet 2020 Une strat\u00e9gie de vaccination\u00a0\u00bb, Conseil scientifique Covid-19<\/a><\/p>\n<p>Inserm, <a href=\"https:\/\/presse.inserm.fr\/les-cellules-souches-sanguines-ont-une-memoire-immunitaire-et-ouvrent-des-pistes-dans-la-recherche-sur-le-covid-19-2\/39467\/\" target=\"_blank\" rel=\"noopener noreferrer\">Les cellules souches sanguines ont une m\u00e9moire immunitaire et ouvrent des pistes dans la recherche sur le Covid-19<\/a>, 12 mai 2020.<\/p>\n<p>Institut Curie, Nicolas Manel, <a href=\"https:\/\/curie.fr\/actualite\/derniere-minute\/covid-19-et-immunologie-des-pistes-vers-de-nouvelles-strategies\" target=\"_blank\" rel=\"noopener noreferrer\">Covid-19 et immunologie<\/a>.\u00a0<\/p>\n<p>Institut Pasteur, <a href=\"https:\/\/www.pasteur.fr\/fr\/espace-presse\/mobilisation-coronavirus\/projets-recherche-coronavirus#p2\" target=\"_blank\" rel=\"noopener noreferrer\">les projets de recherche\u00a0sur le coronavirus<\/a>.<\/p>\n<aside id=\"NL_557833198\" class=\"newsletter_subscription jNlBlock\"><noscript><br \/>\n            <\/noscript><\/p>\n<h3 class=\"newsletter_subscription-title\">Newsletter <\/h3>\n<p><a href=\"\/\/mailing.ccmbg.com\/archive\/last-85\" target=\"_blank\" class=\"a_hover\" rel=\"noopener noreferrer\">Voir un exemple<\/a><\/p>\n<\/aside>\n<p>Centre de recherche Allemand sur les infections (DZIF)<em>, <a href=\"https:\/\/www.dzif.de\/en\/sars-cov-2-dzif-scientists-and-development-vaccines\" target=\"_blank\" rel=\"noopener noreferrer\">d\u00e9veloppement\u00a0de\u00a0vaccins contre le SARS-CoV-2.<\/a><\/em><\/p>\n<p>Sanofi,\u00a0Sanofi et GSK s&rsquo;associent pour lutter contre le COVID-19, <a href=\"https:\/\/www.sanofi.com\/-\/media\/Project\/One-Sanofi-Web\/Websites\/Global\/Sanofi-COM\/Home\/media-room\/press-releases\/2020\/Sanofi-et-GSK-sassocient-dans-une-collaboration-sans-prcdent-pour-lutter-contre-le-COVID19-FR.pdf\" target=\"_blank\" rel=\"noopener noreferrer\">communiqu\u00e9 du 14 avril 2020<\/a>.<\/p>\n<ul>\n<li>Le vaccin allemand CureVac (phase 3) bas\u00e9 sur l&rsquo;ARNm.\u00a0<\/li>\n<li>Le vaccin russe Spoutnik V.<\/li>\n<li>Le\u00a0vaccin\u00a0de Sanofi-Pasteur et GSK (phase 2) annonc\u00e9 pour fin 2021, bas\u00e9 sur les prot\u00e9ines virales.<\/li>\n<\/ul>\n<\/div>\n<p><script async src=\"http:\/\/platform.twitter.com\/widgets.js\" charset=\"utf-8\"><\/script><br \/>\n<br \/>[ad_2]<br \/>\n<br \/><a href=\"https:\/\/sante.journaldesfemmes.fr\/fiches-maladies\/2620433-vaccin-coronavirus-covid-19-france-pfizer-moderna-janssen-astrazeneca-3-eme-dose-sanofi-contre-indication\/\">Source link <\/a><\/p>\n","protected":false},"excerpt":{"rendered":"<p>[ad_1] Quatre vaccins du Covid sont administr\u00e9s en France pour faire reculer l&rsquo;\u00e9pid\u00e9mie\u00a0: celui de Pfizer, l&rsquo;AstraZeneca, de Johnson&amp;Johnson et &hellip; <a href=\"http:\/\/www.affinite.fr\/index.php\/2021\/08\/11\/3eme-dose-effet-secondaire-lequel-choisir\/\" class=\"more-link\">Plus <span class=\"screen-reader-text\">3\u00e8me dose, effet secondaire, lequel choisir<\/span> <span class=\"meta-nav\">&rarr;<\/span><\/a><\/p>\n","protected":false},"author":1,"featured_media":6762,"comment_status":"open","ping_status":"open","sticky":false,"template":"","format":"standard","meta":{"_sitemap_exclude":false,"_sitemap_priority":"","_sitemap_frequency":"","footnotes":""},"categories":[1],"tags":[],"class_list":["post-6761","post","type-post","status-publish","format-standard","has-post-thumbnail","hentry","category-tous"],"_links":{"self":[{"href":"http:\/\/www.affinite.fr\/index.php\/wp-json\/wp\/v2\/posts\/6761"}],"collection":[{"href":"http:\/\/www.affinite.fr\/index.php\/wp-json\/wp\/v2\/posts"}],"about":[{"href":"http:\/\/www.affinite.fr\/index.php\/wp-json\/wp\/v2\/types\/post"}],"author":[{"embeddable":true,"href":"http:\/\/www.affinite.fr\/index.php\/wp-json\/wp\/v2\/users\/1"}],"replies":[{"embeddable":true,"href":"http:\/\/www.affinite.fr\/index.php\/wp-json\/wp\/v2\/comments?post=6761"}],"version-history":[{"count":0,"href":"http:\/\/www.affinite.fr\/index.php\/wp-json\/wp\/v2\/posts\/6761\/revisions"}],"wp:featuredmedia":[{"embeddable":true,"href":"http:\/\/www.affinite.fr\/index.php\/wp-json\/wp\/v2\/media\/6762"}],"wp:attachment":[{"href":"http:\/\/www.affinite.fr\/index.php\/wp-json\/wp\/v2\/media?parent=6761"}],"wp:term":[{"taxonomy":"category","embeddable":true,"href":"http:\/\/www.affinite.fr\/index.php\/wp-json\/wp\/v2\/categories?post=6761"},{"taxonomy":"post_tag","embeddable":true,"href":"http:\/\/www.affinite.fr\/index.php\/wp-json\/wp\/v2\/tags?post=6761"}],"curies":[{"name":"wp","href":"https:\/\/api.w.org\/{rel}","templated":true}]}}