{"id":6745,"date":"2021-08-06T22:38:37","date_gmt":"2021-08-06T22:38:37","guid":{"rendered":"https:\/\/www.affinite.fr\/index.php\/2021\/08\/06\/loi-sanitaire-promulguee-derniers-chiffres\/"},"modified":"2021-08-06T22:38:37","modified_gmt":"2021-08-06T22:38:37","slug":"loi-sanitaire-promulguee-derniers-chiffres","status":"publish","type":"post","link":"http:\/\/www.affinite.fr\/index.php\/2021\/08\/06\/loi-sanitaire-promulguee-derniers-chiffres\/","title":{"rendered":"loi sanitaire promulgu\u00e9e, derniers chiffres"},"content":{"rendered":"<p> [ad_1]<br \/>\n<\/p>\n<p>\n                CORONAVIRUS DIRECT &#8211; Extension du pass sanitaire, obligation vaccinale des soignants&#8230; La loi relative \u00e0 la gestion de la crise sanitaire a \u00e9t\u00e9 promulgu\u00e9e le 6\u00a0ao\u00fbt au Journal Officiel alors que la tension hospitali\u00e8re se confirme dans le sud de la France. Infos et chiffres de l&rsquo;\u00e9pid\u00e9mie du jour.            <\/p>\n<div>\n<aside class=\"ccmsummary marqueur_module ccmcss_cms_summary ccmcss_cms_summary--right\">\n<p>\u00a0Sommaire<\/p>\n<\/aside>\n<p><strong>[Mis\u00a0\u00e0 jour le vendredi 6\u00a0ao\u00fbt\u00a0\u00e0 19h39<\/strong><b>]<\/b>\u00a0Extension du pass sanitaire, obligation vaccinale des soignants&#8230; La<strong> loi relative \u00e0 la gestion de la crise sanitaire a \u00e9t\u00e9 promulgu\u00e9e<\/strong> au <a href=\"https:\/\/www.legifrance.gouv.fr\/jorf\/id\/JORFTEXT000043909676\" target=\"_blank\" rel=\"noopener noreferrer\">Journal Officiel<\/a> le 6 ao\u00fbt apr\u00e8s l&rsquo;aval donn\u00e9 par le\u00a0<strong>Conseil constitutionnel<\/strong>\u00a0la veille. La pr\u00e9sentation du<strong> pass sanitaire est d\u00e9sormais obligatoire pour les plus de 18 ans pour aller aux restaurants,<\/strong> <strong>caf\u00e9s<\/strong>, bars, dans les salons, foires, s\u00e9minaires, pour les d\u00e9placements longue distance en transport, rendre visite \u00e0 un proche \u00e0 l&rsquo;h\u00f4pital&#8230; Les <strong>mineurs \u00e0 partir de 12 ans seront concern\u00e9s \u00e0 partir du 30 septembre<\/strong>.\u00a0Cette nouvelle loi intervient alors que la situation se d\u00e9grade dans les h\u00f4pitaux. <strong><em>\u00ab\u00a0<\/em><\/strong><em>Apr\u00e8s le temps de la vague \u00e9pid\u00e9mique est <strong>venu celui de la vague hospitali\u00e8re. <\/strong>Ici \u00e0 Aix-en-Provence avec des patients de plus en plus jeunes admis en r\u00e9animation, non vaccin\u00e9s pour 90% d&rsquo;entre eux. Et qui le regrettent, parfois trop tard\u00a0\u00bb <\/em>a pr\u00e9venu le <a href=\"https:\/\/twitter.com\/olivierveran\/status\/1423325820744052736\" target=\"_blank\" rel=\"noopener noreferrer\">ministre de la Sant\u00e9 Olivier V\u00e9ran en d\u00e9placement \u00e0 Aix en Provence jeudi 5\u00a0ao\u00fbt.<\/a>\u00a0L<strong>a Corse, <\/strong>confront\u00e9e elle aussi \u00e0 une flamb\u00e9e de l&rsquo;\u00e9pid\u00e9mie<strong>,<\/strong> a organis\u00e9, jeudi, <strong>la premi\u00e8re \u00e9vacuation <\/strong>d&rsquo;un patient atteint d&rsquo;une forme grave du Covid-19. L&rsquo;homme a \u00e9t\u00e9 transf\u00e9r\u00e9 par un Puma militaire vers Marseille, accompagn\u00e9 d&rsquo;une \u00e9quipe m\u00e9dicale du centre hospitalier d&rsquo;Ajaccio. Selon le dernier point \u00e9pid\u00e9miologique de Sant\u00e9 Publique France, en<strong>\u00a0<\/strong>semaine 30\u00a0(26\u00a0juillet-1er ao\u00fbt 2021), <strong>la circulation du SARS-CoV-2\u00a0est toujours tr\u00e8s intense<\/strong> sur le territoire national, avec cependant une augmentation plus mod\u00e9r\u00e9e du nombre de cas se traduisant par un<strong> nombre de reproduction (R) en baisse<\/strong>. Les <strong>taux d&rsquo;incidence restaient les plus \u00e9lev\u00e9s chez les 10-39\u00a0ans, mais l&rsquo;augmentation cette semaine \u00e9tait plus marqu\u00e9e chez les 40\u00a0ans et plus, refl\u00e9tant la diffusion de l&rsquo;\u00e9pid\u00e9mie des personnes les plus jeunes vers les plus \u00e2g\u00e9es. <\/strong>L&rsquo;augmentation du nombre des nouvelles hospitalisations et admissions en soins critiques s&rsquo;est acc\u00e9l\u00e9r\u00e9e, confirmant le retentissement hospitalier de cette quatri\u00e8me vague \u00e9pid\u00e9mique.\u00a0Quels sont les derniers <strong>chiffres de l&rsquo;\u00e9pid\u00e9mie<\/strong>\u00a0?\u00a0<span style=\"font-size: 1rem;\">Que disent les\u00a0<\/span><a data-auth=\"NotApplicable\" href=\"https:\/\/sante.journaldesfemmes.fr\/fiches-maladies\/2667643-carte-covid-19-france-monde-europe-pays-couleur-departement-incidence-contamination-aout\/\" rel=\"noopener noreferrer\" style=\"font-size: 1rem; background-color: rgb(255, 255, 255);\" target=\"_blank\">cartes<\/a><span style=\"font-size: 1rem;\"> de suivi de l&rsquo;\u00e9pid\u00e9mie\u00a0? Quels sont les <\/span><a href=\"https:\/\/sante.journaldesfemmes.fr\/fiches-maladies\/2630075-symptomes-coronavirus-covid-19-variant-delta-rhume-diarrhee-bebe-jeune-que-faire-premier-long\/\" style=\"font-size: 1rem; background-color: rgb(255, 255, 255);\" target=\"_blank\" rel=\"noopener noreferrer\">sympt\u00f4mes du coronavirus<\/a><span style=\"font-size: 1rem;\"> ? Quand <\/span><a href=\"https:\/\/sante.journaldesfemmes.fr\/fiches-maladies\/2621211-isolement-covid-cas-contact-duree-vaccine-combien-de-temps-positif-controle-obligatoire\/\" style=\"font-size: 1rem; background-color: rgb(255, 255, 255);\" target=\"_blank\" rel=\"noopener noreferrer\">s&rsquo;isoler et combien de temps<\/a><span style=\"font-size: 1rem;\"> ?\u00a0<\/span><a data-auth=\"NotApplicable\" href=\"https:\/\/sante.journaldesfemmes.fr\/fiches-maladies\/2629823-taux-de-reproduction-covid-france-variant-delta-r0-r-effectif-calcul-definition-2021-aujourd-hui-courbe\/\" rel=\"noopener noreferrer\" style=\"font-size: 1rem; background-color: rgb(255, 255, 255);\" target=\"_blank\">Quel est le taux de R0\u00a0du virus<\/a><span style=\"font-size: 1rem;\">\u00a0? Quand est-on <\/span><a href=\"https:\/\/sante.journaldesfemmes.fr\/fiches-maladies\/2679521-contagion-covid-19-combien-de-temps-jours-duree-asymptomatique-symptomes-incubation-periode-delta\/\" style=\"font-size: 1rem; background-color: rgb(255, 255, 255);\" target=\"_blank\" rel=\"noopener noreferrer\">contagieux<\/a><span style=\"font-size: 1rem;\"> ? Que sait-on des\u00a0<\/span><a href=\"https:\/\/sante.journaldesfemmes.fr\/fiches-maladies\/2620433-vaccin-coronavirus-covid-19-france-pfizer-moderna-janssen-astrazeneca-3-eme-dose-meilleur\/\" style=\"font-size: 1rem; background-color: rgb(255, 255, 255);\" target=\"_blank\" rel=\"noopener noreferrer\">vaccins<\/a><span style=\"font-size: 1rem;\">\u00a0? Des\u00a0<\/span><a href=\"https:\/\/sante.journaldesfemmes.fr\/fiches-maladies\/2686947-effet-secondaire-vaccin-covid-pfizer-moderna-janssen-troubles-menstruels-ado-duree-2-eme-dose\/\" style=\"font-size: 1rem; background-color: rgb(255, 255, 255);\" target=\"_blank\" rel=\"noopener noreferrer\">effets secondaires<\/a><span style=\"font-size: 1rem;\">\u00a0apr\u00e8s la vaccination\u00a0? Chiffres et infos du jour.<\/span><\/p>\n<div style=\"text-align:center\">\n<figure class=\"image\" style=\"display:inline-block\"><a class=\"fancy\" href=\"https:\/\/img-3.journaldesfemmes.fr\/PQeXV-IUj5Ko5NgUNVEzKawofto=\/1080x\/smart\/aad31876cf0e4da6b1fb333f82289682\/ccmcms-jdf\/26865400.png\"><img decoding=\"async\" alt=\"taux d'incidence covid france\" src=\"https:\/\/img-3.journaldesfemmes.fr\/5Y2J5DxSztoFrgGo1Orm0ErnDXI=\/600x\/smart\/aad31876cf0e4da6b1fb333f82289682\/ccmcms-jdf\/26865400.png\"\/><\/a><figcaption data-credit=\"Sant\u00e9 Publique France\" data-legend=\"Taux d'incidence du virus du Covid en France\">Taux d&rsquo;incidence du virus du Covid en France <small>\u00a9\u00a0Sant\u00e9 Publique France<\/small><\/figcaption><\/figure>\n<\/div>\n<ul>\n<li><strong>87% de non vaccin\u00e9s en soins critiques. <\/strong>Selon la <a href=\"https:\/\/drees.solidarites-sante.gouv.fr\/communique-de-presse\/fin-juillet-les-entrees-en-soins-critiques-sont-12-fois-moindres-au-sein-de-la\" target=\"_blank\" rel=\"noopener noreferrer\">Drees<\/a>, fin juillet, les entr\u00e9es en soins critiques sont 12\u00a0fois moindres au sein de la population compl\u00e8tement vaccin\u00e9e que parmi les personnes non vaccin\u00e9es contre le Covid.\u00a0Sur la base des effectifs entr\u00e9s \u00e0 l&rsquo;h\u00f4pital entre le 19\u00a0et le 25\u00a0juillet 2021\u00a0dont le test positif a pu \u00eatre identifi\u00e9 dans SI-DEP, 87\u00a0% des admissions en soins critiques et <strong>83\u00a0% des admissions en hospitalisation <\/strong>conventionnelle sont le fait de personnes non-vaccin\u00e9es, tandis que les<strong> patients compl\u00e8tement vaccin\u00e9s repr\u00e9sentent 6\u00a0% des admissions en soins critiques<\/strong> et <strong>11\u00a0% des admissions en hospitalisation<\/strong> conventionnelle. Pour les <strong>d\u00e9c\u00e8s<\/strong>, ces ratios s&rsquo;\u00e9l\u00e8vent \u00e0<strong> 82\u00a0% pour les personnes non vaccin\u00e9es <\/strong>et 14\u00a0% pour les personnes compl\u00e8tement vaccin\u00e9es. Rappelons qu&rsquo;en population g\u00e9n\u00e9rale, la part des personnes non vaccin\u00e9es (estim\u00e9e sur la m\u00eame p\u00e9riode de r\u00e9f\u00e9rence) est de 45\u00a0% et celles des personnes compl\u00e8tement vaccin\u00e9es de 39\u00a0%.<\/li>\n<li><strong>Troubles menstruels et vaccin Covid.<\/strong>\u00a0L&rsquo;Agence nationale du m\u00e9dicament (ANSM) a publi\u00e9 le 6\u00a0ao\u00fbt\u00a0son <a href=\"https:\/\/ansm.sante.fr\/actualites\/point-de-situation-sur-la-surveillance-des-vaccins-contre-la-covid-19-periode-du-23-07-2021-au-29-07-2021\" target=\"_blank\" rel=\"noopener noreferrer\">point de surveillance<\/a>\u00a0et rapporte <strong>261\u00a0cas de troubles menstruels pour le vaccin Comirnaty et 49\u00a0cas pour Spikevax,<\/strong> surtout apr\u00e8s la premi\u00e8re dose chez des femmes \u00e2g\u00e9es en moyenne de <strong>36\u00a0\u00e0 38\u00a0ans,<\/strong> sans pouvoir\u00a0<em>\u00ab\u00a0\u00e0 ce jour \u00e9tablir de lien entre la vaccination et les troubles menstruels, les causes de ces troubles pouvant \u00eatre multiples\u00a0\u00bb.\u00a0<\/em><\/li>\n<li><strong>Quarantaine pour aller en Allemagne. <\/strong>L&rsquo;Allemagne\u00a0va imposer \u00e0 partir de dimanche une quarantaine pour les voyageurs fran\u00e7ais non vaccin\u00e9s\u00a0en provenance des r\u00e9gions fran\u00e7aises Occitanie, Provence-Alpes-C\u00f4te-d&rsquo;Azur, Corse, mais aussi et des territoires d&rsquo;outre-mer de Guadeloupe, Martinique, R\u00e9union, Saint-Martin et Saint-Barth\u00e9lemy, confront\u00e9s \u00e0 une r\u00e9surgence des cas de Covid-19, a annonc\u00e9 vendredi l&rsquo;institut de veille sanitaire Robert Koch (RKI).<\/li>\n<li><strong>La loi sanitaire promulgu\u00e9e. <\/strong>Au lendemain de sa validation par le<strong> <a href=\"https:\/\/www.conseil-constitutionnel.fr\/decision\/2021\/2021824DC.htm\" target=\"_blank\" rel=\"noopener noreferrer\">Conseil Constitutionnel<\/a>,\u00a0la\u00a0<\/strong><strong>loi<\/strong> relative \u00e0 l&rsquo;<strong>extension du pass sanitaire aux restaurants, caf\u00e9s, bars, h\u00f4pitaux, trains&#8230; <\/strong>a \u00e9t\u00e9 officiellement <strong>promulgu\u00e9e <\/strong>et <a href=\"https:\/\/www.legifrance.gouv.fr\/jorf\/id\/JORFTEXT000043909676\" target=\"_blank\" rel=\"noopener noreferrer\">publi\u00e9e au Journal officiel.<\/a> L&rsquo;entr\u00e9e en vigueur de la mesure est pr\u00e9vue le<strong> 9\u00a0ao\u00fbt.\u00a0<\/strong><\/li>\n<li><strong>Une semaine de \u00ab\u00a0tol\u00e9rance\u00a0\u00bb pour le pass sanitaire. <\/strong>\u00ab\u00a0<em>Il y aura une semaine de tol\u00e9rance, une semaine de rodage<\/em>\u00ab\u00a0, pour que les restaurateurs puissent mettre en place le contr\u00f4le du pass sanitaire dans leurs \u00e9tablissements, a indiqu\u00e9 vendredi le\u00a0porte-parole du gouvernement <a href=\"https:\/\/twitter.com\/i\/broadcasts\/1MnxnlpyolmGO\" target=\"_blank\" rel=\"noopener noreferrer\">Gabriel Attal<\/a>\u00a0depuis Avignon o\u00f9 il se trouve\u00a0en d\u00e9placement<\/li>\n<li><strong>Une 3e dose pour tous cet hiver ?<\/strong>\u00a0\u00ab\u00a0<em>A priori, on risque d&rsquo;avoir besoin de cette troisi\u00e8me injection pour tous<\/em>\u00ab\u00a0, a anticip\u00e9\u00a0le Pr Renaud Piarroux, \u00e9pid\u00e9miologiste et chef du service parasitologie \u00e0 la Piti\u00e9-Salp\u00eatri\u00e8re au micro <a href=\"https:\/\/www.lci.fr\/sante\/covid-19-coronavirus-variant-delta-quatrieme-vague-vaccin-vaccination-on-va-avoir-besoin-de-cette-troisieme-dose-pour-tous-anticipe-le-pr-renaud-piarroux-2193215.html\" target=\"_blank\" rel=\"noopener noreferrer\">de LCI<\/a> ce vendredi. \u00ab\u00a0<em>Peut-\u00eatre pas l\u00e0 en septembre mais plut\u00f4t l&rsquo;hiver\u00a0prochain, et avec des doses ciblant mieux les variants actuels<\/em>\u00ab\u00a0.<\/li>\n<li><strong>\u00ab\u00a0Faites-vous vacciner, faites-vous vacciner, faites-vous vacciner\u00a0\u00bb.<\/strong>\u00a0Dans <a href=\"https:\/\/www.instagram.com\/p\/CSObNJ2jBul\/\" target=\"_blank\" rel=\"noopener noreferrer\">une derni\u00e8re\u00a0vid\u00e9o<\/a> publi\u00e9e vendredi sur Instagram et sur TikTok, Emmanuel Macron a commenc\u00e9 par remercier\u00a0les restaurateurs, cafetiers et l&rsquo;ensemble des citoyens \u00ab\u00a0<em>d&rsquo;accepter ces r\u00e8gles<\/em>\u00ab\u00a0. \u00ab\u00a0<em>Faites-vous vacciner, faites-vous vacciner, faites-vous vacciner<\/em>\u00ab\u00a0, a ensuite martel\u00e9 le pr\u00e9sident. Avant de conclure : \u00ab\u00a0<em>c&rsquo;est une question de citoyennet\u00e9\u00a0; la libert\u00e9 ne vaut que si la libert\u00e9 des autres est pr\u00e9serv\u00e9e, (\u2026) elle ne vaut rien si en pr\u00e9servant notre libert\u00e9 nous contaminons notre fr\u00e8re, notre voisin, notre ami, nos parents, (\u2026) ce n&rsquo;est plus \u00eatre libre, c&rsquo;est devenir irresponsable<\/em>\u00ab\u00a0.<\/li>\n<li><strong>Un premier patient \u00e9vacu\u00e9 de Corse.<\/strong>\u00a0Face \u00e0 la saturation des services de r\u00e9animation dans les h\u00f4pitaux de\u00a0Bastia et Ajaccio, la Corse a organis\u00e9, jeudi, la premi\u00e8re \u00e9vacuation d&rsquo;un patient atteint d&rsquo;une forme grave du Covid-19. L&rsquo;homme a \u00e9t\u00e9 transf\u00e9r\u00e9 par un Puma militaire vers la cit\u00e9 phoc\u00e9enne, accompagn\u00e9 d&rsquo;une \u00e9quipe m\u00e9dicale du centre hospitalier d&rsquo;Ajaccio. Le patient est \u00ab\u00a0actuellement plac\u00e9 sous assistance respiratoire extra-corporelle (ECMO)\u00a0\u00bb, pr\u00e9cise l&rsquo;ARS de Corse, dans <a href=\"https:\/\/twitter.com\/ARSCORSE1\/status\/1423325914985795592\" target=\"_blank\" rel=\"noopener noreferrer\">un communiqu\u00e9<\/a>.<\/li>\n<li><strong>Les soignants \u00ab\u00a0<em>se sentent comme avant un tsunami<\/em>\u00ab\u00a0.\u00a0<\/strong>\u00ab\u00a0<em>Apr\u00e8s le temps de la vague \u00e9pid\u00e9mique, est venu le temps de la vague hospitali\u00e8re. Un chiffre qui parlera \u00e0 tout le monde\u00a0: ici, en huit jours, le nombre de malades hospitalis\u00e9s pour Covid a \u00e9t\u00e9 multipli\u00e9 par quatre<\/em>\u00ab\u00a0, a alert\u00e9 le ministre de la Sant\u00e9 Olivier V\u00e9ran jeudi alors qu&rsquo;il se trouvait en visite\u00a0au centre hospitalier d&rsquo;Aix-en-Provence, dans les Bouches-du-Rh\u00f4ne.\u00a0<b>\u00ab\u00a0<\/b><em>Les \u00e9quipes ici me disent qu&rsquo;elles se sentent un peu comme avant un tsunami, quand l&rsquo;eau se retire, que les oiseaux se taisent et qu&rsquo;on attend la vague<\/em>\u00ab\u00a0, a-t-il\u00a0ajout\u00e9.\u00a0<\/li>\n<li><strong>Obligation vaccinale pour les soignants.<\/strong>\u00a0Le Conseil constitutionnel a valid\u00e9\u00a0la vaccination obligatoire des soignants.\u00a0Cette obligation de vaccination (ou de pr\u00e9sentation d&rsquo;une attestation de r\u00e9tablissement apr\u00e8s le Covid-19) est cens\u00e9e<strong> prendre effet le 15\u00a0septembre<\/strong>. D&rsquo;ici l\u00e0, les professionnels concern\u00e9s pourront encore pr\u00e9senter des tests PCR n\u00e9gatifs.<\/li>\n<li><strong>Pas d&rsquo;isolement obligatoire.\u00a0<\/strong>A l&rsquo;inverse de ce qu&rsquo;avaient act\u00e9 les d\u00e9put\u00e9s du Parlement le 25\u00a0juillet, le Conseil constitutionnel a rejet\u00e9 l&rsquo;isolement <strong>obligatoire <\/strong>des maladies du Covid expliquant que cette obligation \u00e9tait \u00ab\u00a0contraire \u00e0 la Constitution\u00a0\u00bb.<\/li>\n<li><strong>Contre-indications \u00e0 la vaccination<\/strong>. Le Conseil Constitutionnel\u00a0a pr\u00e9vu la d\u00e9termination par un d\u00e9cret des <strong>cas de contre-indication m\u00e9dicale faisant obstacle \u00e0 la vaccination<\/strong> et la d\u00e9livrance aux personnes concern\u00e9es d&rsquo;un document pouvant \u00eatre pr\u00e9sent\u00e9 dans les lieux, services ou \u00e9tablissements o\u00f9 sera exig\u00e9e la pr\u00e9sentation d&rsquo;un \u00a0\u00bb\u00a0passe sanitaire\u00a0\u00ab\u00a0.<\/li>\n<\/ul>\n<section>\n<section>\u00a0<\/section>\n<\/section>\n<section>\n<\/section>\n<p>Les chiffres de l&rsquo;\u00e9pid\u00e9mie de Covid-19\u00a0en\u00a0France sont publi\u00e9s quotidiennement par le\u00a0site <a href=\"http:\/\/www.gouvernement.fr\/info-coronavirus\/carte-et-donnees\" target=\"_blank\" rel=\"noopener noreferrer\">Carte-et-donn\u00e9es<\/a> du gouvernement et par <a href=\"https:\/\/www.santepubliquefrance.fr\/dossiers\/coronavirus-covid-19\/coronavirus-chiffres-cles-et-evolution-de-la-covid-19-en-france-et-dans-le-monde\" target=\"_blank\" rel=\"noopener noreferrer\">Sant\u00e9 Publique France<\/a>.\u00a0<\/p>\n<section>\n<table border=\"1\" cellpadding=\"1\" cellspacing=\"1\" style=\"width:100%;\">\n<thead>\n<tr>\n<th scope=\"col\" style=\"width: 205px; text-align: center;\">Nombre de cas de Covid (5 ao\u00fbt)<\/th>\n<th scope=\"col\" style=\"width: 229px; text-align: center;\">Nombre de morts du Covid\u00a0<\/th>\n<th scope=\"col\" style=\"width: 244px; text-align: center;\">Nombre de personnes en soins critiques\u00a0<\/th>\n<th scope=\"col\" style=\"width: 119px; text-align: center;\">R0 (31 juillet)<\/th>\n<\/tr>\n<\/thead>\n<tbody>\n<tr>\n<td style=\"width: 205px; text-align: center;\">6 233 876<\/td>\n<td style=\"width: 229px; text-align: center;\">112 130 (+52 en 24h)<\/td>\n<td style=\"width: 244px; text-align: center;\">1 420<\/td>\n<td style=\"width: 119px; text-align: center;\">1.3 (-31.0% en 7 jours)<\/td>\n<\/tr>\n<\/tbody>\n<\/table>\n<p>Au niveau national, Sant\u00e9 Publique France informe le 6 ao\u00fbt que le <strong>taux d&rsquo;incidence<\/strong> \u00e9tait de 225\/100\u00a0000\u00a0habitants (+17%) et \u00e9tait toujours<strong> le plus \u00e9lev\u00e9 chez les 10-39\u00a0ans.<\/strong> <strong>L&rsquo;augmentation du taux d&rsquo;incidence \u00e9tait plus marqu\u00e9e chez les 40\u00a0ans et plus.<\/strong>\u00a0Le taux de d\u00e9pistage (+17%) \u00e9tait en augmentation dans toutes les classes d&rsquo;\u00e2ge. Le taux de positivit\u00e9 \u00e9tait stable \u00e0 4,1%.\u00a0En France m\u00e9tropolitaine, le taux d&rsquo;incidence a continu\u00e9 d<strong>&lsquo;augmenter dans toutes les r\u00e9gions, \u00e0 l&rsquo;exception de l&rsquo;\u00cele-de-France et de la Nouvelle-Aquitaine o\u00f9 il s&rsquo;est stabilis\u00e9. <\/strong>Les taux d&rsquo;incidence \u00e9taient les plus \u00e9lev\u00e9s en Corse (659\/100\u00a0000, +31%), Provence-Alpes-C\u00f4te d&rsquo;Azur (573, +38%) et Occitanie (422, +14%).<\/p>\n<table border=\"1\" cellpadding=\"1\" cellspacing=\"1\" style=\"width:100%;\">\n<thead>\n<tr>\n<th scope=\"col\" style=\"width: 205px; text-align: center;\">Nombre de cas de Covid (5 ao\u00fbt)<\/th>\n<th scope=\"col\" style=\"width: 229px; text-align: center;\"><a id=\"cas-covid-24-heures\" name=\"cas-covid-24-heures\">Evolution sur 24 heures<\/a><\/th>\n<th scope=\"col\" style=\"width: 244px; text-align: center;\">Nombre moyen de nouveaux cas confirm\u00e9s quotidiens (2 ao\u00fbt)<\/th>\n<th scope=\"col\" style=\"width: 244px; text-align: center;\"><a id=\"taux-incidence-covid\" name=\"taux-incidence-covid\">Taux d&rsquo;incidence<\/a> (2 ao\u00fbt)<\/th>\n<th scope=\"col\" style=\"width: 197px; text-align: center;\">Evolution du taux d&rsquo;incidence sur 7 jrs\u00a0<\/th>\n<\/tr>\n<tr>\n<td style=\"width: 205px; text-align: center;\">6\u00a0233\u00a0876<\/td>\n<td style=\"width: 229px; text-align: center;\">26 460<\/td>\n<td style=\"width: 244px; text-align: center;\">21 445<\/td>\n<td style=\"width: 244px; text-align: center;\">226,9\/100 000 habitants<\/td>\n<td style=\"width: 197px; text-align: center;\"><strong>+9,2%<\/strong><\/td>\n<\/tr>\n<\/thead>\n<\/table>\n<div style=\"text-align:center\">\n<figure class=\"image\" style=\"display:inline-block\"><a class=\"fancy\" href=\"https:\/\/img-3.journaldesfemmes.fr\/0iKrhN2ydVUvOlQiNKY8_XfR47I=\/1080x\/smart\/2f8effc70d9e4f838a6e7721cdd559f3\/ccmcms-jdf\/26869158.jpg\"><img decoding=\"async\" alt=\"taux incidence covid\" src=\"https:\/\/img-3.journaldesfemmes.fr\/ANLN25LXtXUH3RxHMjtGTsCxpTk=\/600x\/smart\/2f8effc70d9e4f838a6e7721cdd559f3\/ccmcms-jdf\/26869158.jpg\"\/><\/a><figcaption data-credit=\"Sant\u00e9 Publique France\"><small>\u00a9\u00a0Sant\u00e9 Publique France<\/small><\/figcaption><\/figure>\n<\/div>\n<p><strong>En semaine 30 (26 juillet-1er ao\u00fbt), Sant\u00e9 Publique France indique rapporte :\u00a0<\/strong><\/p>\n<ul>\n<li>Une augmentation de\u00a0<strong>55%\u00a0<\/strong>du nombre des\u00a0<strong>nouvelles hospitalisations.\u00a0<\/strong>Cette tendance concernait toutes les classes d&rsquo;\u00e2ge, except\u00e9 les moins de 20\u00a0ans.<\/li>\n<li>Une augmentation de\u00a0<strong>63%\u00a0<\/strong>du nombre des\u00a0<strong>nouvelles admissions en services de soins critiques<\/strong>. Cette tendance concernait toutes les classes d&rsquo;\u00e2ge, except\u00e9 les moins de 20\u00a0ans.<\/li>\n<li>Une augmentation de\u00a0<strong>56%\u00a0<\/strong>du nombre des\u00a0<strong>d\u00e9c\u00e8s \u00e0 l&rsquo;h\u00f4pital<\/strong>. Cette hausse \u00e9tait plus marqu\u00e9e chez les 70\u00a0ans et plus.<\/li>\n<\/ul>\n<div style=\"text-align:center\">\n<figure class=\"image\" style=\"display:inline-block\"><a class=\"fancy\" href=\"https:\/\/img-3.journaldesfemmes.fr\/ysnji0-yeS5xsLR-RxUOUT3H_bw=\/1080x\/smart\/f5ca3e7a403d4a50994348c3da8c1536\/ccmcms-jdf\/26869121.jpg\"><img decoding=\"async\" alt=\"Nombre hebdomadaire de patients COVID-19 nouvellement hospitalis\u00e9s (1) et de nouvelles admissions en services de soins critiques\" src=\"https:\/\/img-3.journaldesfemmes.fr\/ysnji0-yeS5xsLR-RxUOUT3H_bw=\/1080x\/smart\/f5ca3e7a403d4a50994348c3da8c1536\/ccmcms-jdf\/26869121.jpg\"\/><\/a><figcaption data-credit=\"Sant\u00e9 Publique France\"><small>\u00a9\u00a0Sant\u00e9 Publique France<\/small><\/figcaption><\/figure>\n<\/div>\n<p>Voici les chiffres \u00e0 jour selon\u00a0le <a href=\"https:\/\/www.gouvernement.fr\/info-coronavirus\/carte-et-donnees\" target=\"_blank\" rel=\"noopener noreferrer\">site du\u00a0gouvernement<\/a>\u00a0et\u00a0<a href=\"https:\/\/dashboard.covid19.data.gouv.fr\/vue-d-ensemble?location=FRA\" target=\"_blank\" rel=\"noopener noreferrer\">Data-gouv.fr<\/a>.\u00a0<\/p>\n<table border=\"1\" cellpadding=\"1\" cellspacing=\"1\" style=\"width:100%;\">\n<thead>\n<tr>\n<th scope=\"col\" style=\"width: 205px; text-align: center;\">\u00a0<\/th>\n<th scope=\"col\" style=\"width: 205px; text-align: center;\">Nombre de patients Covid hospitalis\u00e9s\u00a0\u00a0<\/th>\n<th scope=\"col\" style=\"width: 229px; text-align: center;\">Nombre moyen de nouvelles hospitalisations quotidiennes (5 ao\u00fbt)<\/th>\n<th scope=\"col\" style=\"width: 244px; text-align: center;\">Nombre de patients Covid en soins critiques<\/th>\n<th scope=\"col\" style=\"width: 244px; text-align: center;\">Nombre moyen de nouvelles entr\u00e9es en soins critiques quotidiennes (5 ao\u00fbt)<\/th>\n<\/tr>\n<tr>\n<td style=\"width: 205px; text-align: center;\"><strong>Au 5 ao\u00fbt<\/strong><\/td>\n<td style=\"width: 205px; text-align: center;\">8 210<\/td>\n<td style=\"width: 229px; text-align: center;\">630 (+59.9% en 7 jours)<\/td>\n<td style=\"width: 244px; text-align: center;\">1 420<\/td>\n<td style=\"width: 244px; text-align: center;\">146 (+82,5% en 7 jours)<\/td>\n<\/tr>\n<\/thead>\n<\/table>\n<h3><u>Nombre de personnes actuellement hospitalis\u00e9es par r\u00e9gion au 5\u00a0ao\u00fbt<\/u><u>\u00a02021 (source : gouvernement.fr)<\/u><\/h3>\n<table align=\"center\" border=\"1\" cellpadding=\"1\" cellspacing=\"1\" style=\"width:100%;\">\n<thead>\n<tr>\n<th scope=\"col\" style=\"width: 260px;\">R\u00e9gion<\/th>\n<th scope=\"col\" style=\"width: 283px;\">Nombre de personnes actuellement hospitalis\u00e9es<\/th>\n<th scope=\"col\" style=\"width: 220px;\">Evolution en 7 jours<\/th>\n<\/tr>\n<\/thead>\n<tbody>\n<tr>\n<td style=\"width: 260px;\"><strong>Auvergne-Rh\u00f4ne-Alpes<\/strong><\/td>\n<td style=\"width: 283px;\">764<\/td>\n<td style=\"width: 220px;\"><strong>+19.4%<\/strong><\/td>\n<\/tr>\n<tr>\n<td style=\"width: 260px;\"><strong>Hauts-de-France<\/strong><\/td>\n<td style=\"width: 283px;\">642<\/td>\n<td style=\"width: 220px;\">-21,6%<\/td>\n<\/tr>\n<tr>\n<td style=\"width: 260px;\"><strong>Provence-Alpes-C\u00f4te d&rsquo;Azur<\/strong><\/td>\n<td style=\"width: 283px;\">1134<\/td>\n<td style=\"width: 220px;\"><strong>+29,8%<\/strong><\/td>\n<\/tr>\n<tr>\n<td style=\"width: 260px;\"><strong>Grand Est<\/strong><\/td>\n<td style=\"width: 283px;\">419<\/td>\n<td style=\"width: 220px;\">-3,5%<\/td>\n<\/tr>\n<tr>\n<td style=\"width: 260px;\"><strong>Occitanie<\/strong><\/td>\n<td style=\"width: 283px;\">898<\/td>\n<td style=\"width: 220px;\"><strong>+47,5%<\/strong><\/td>\n<\/tr>\n<tr>\n<td style=\"width: 260px;\"><strong><a href=\"http:\/\/www.affinite.fr\/index.php\/2024\/11\/21\/construire-votre-maison-en-normandie\/\">Normandie<\/a><\/strong><\/td>\n<td style=\"width: 283px;\">425<\/td>\n<td style=\"width: 220px;\">+11.3%<\/td>\n<\/tr>\n<tr>\n<td style=\"width: 260px;\"><strong>Nouvelle-Aquitaine<\/strong><\/td>\n<td style=\"width: 283px;\">558<\/td>\n<td style=\"width: 220px;\"><strong>+28,6%<\/strong><\/td>\n<\/tr>\n<tr>\n<td style=\"width: 260px;\"><strong>Centre-Val de Loire<\/strong><\/td>\n<td style=\"width: 283px;\">227<\/td>\n<td style=\"width: 220px;\">+6,1%<\/td>\n<\/tr>\n<tr>\n<td style=\"width: 260px;\"><strong>Bourgogne-Franche-Comt\u00e9<\/strong><\/td>\n<td style=\"width: 283px;\">186<\/td>\n<td style=\"width: 220px;\">-12,7%\u00a0<\/td>\n<\/tr>\n<tr>\n<td style=\"width: 260px;\"><strong>Bretagne<\/strong><\/td>\n<td style=\"width: 283px;\">292<\/td>\n<td style=\"width: 220px;\">+4.3%<\/td>\n<\/tr>\n<tr>\n<td style=\"width: 260px;\"><strong>Corse<\/strong><\/td>\n<td style=\"width: 283px;\">68<\/td>\n<td style=\"width: 220px;\">+100%<\/td>\n<\/tr>\n<tr>\n<td style=\"width: 260px;\"><strong>Pays de la Loire<\/strong><\/td>\n<td style=\"width: 283px;\">177<\/td>\n<td style=\"width: 220px;\">+13.5%\u00a0<\/td>\n<\/tr>\n<tr>\n<td style=\"width: 260px;\"><strong>\u00cele-de-France<\/strong><\/td>\n<td style=\"width: 283px;\">1 708<\/td>\n<td style=\"width: 220px;\">+5,4%<\/td>\n<\/tr>\n<tr>\n<td style=\"width: 260px;\"><strong>Guadeloupe<\/strong><\/td>\n<td style=\"width: 283px;\">187<\/td>\n<td style=\"width: 220px;\"><strong>+55,8%<\/strong><\/td>\n<\/tr>\n<tr>\n<td style=\"width: 260px;\"><strong>Martinique<\/strong><\/td>\n<td style=\"width: 283px;\">242<\/td>\n<td style=\"width: 220px;\"><strong>+65,8%<\/strong><\/td>\n<\/tr>\n<tr>\n<td style=\"width: 260px;\"><strong>Guyane<\/strong><\/td>\n<td style=\"width: 283px;\">102<\/td>\n<td style=\"width: 220px;\"><strong>-12,8%<\/strong><\/td>\n<\/tr>\n<tr>\n<td style=\"width: 260px;\"><strong>La R\u00e9union<\/strong><\/td>\n<td style=\"width: 283px;\">179<\/td>\n<td style=\"width: 220px;\">+24,3%<\/td>\n<\/tr>\n<tr>\n<td style=\"width: 260px;\"><strong>Mayotte<\/strong><\/td>\n<td style=\"width: 283px;\">2<\/td>\n<td style=\"width: 220px;\">NC<\/td>\n<\/tr>\n<\/tbody>\n<\/table>\n<\/section>\n<p>La mortalit\u00e9 li\u00e9e \u00e0 la COVID-19 a faibli. <strong>112 130\u00a0<\/strong>d\u00e9c\u00e8s sont recens\u00e9s au 5\u00a0ao\u00fbt\u00a0dont 85 577\u00a0\u00e0 l&rsquo;h\u00f4pital\u00a0(+49\u00a0au cours des 24\u00a0derni\u00e8res heures), selon les chiffres de <a href=\"https:\/\/www.santepubliquefrance.fr\/dossiers\/coronavirus-covid-19\/coronavirus-chiffres-cles-et-evolution-de-la-covid-19-en-france-et-dans-le-monde\" target=\"_blank\" rel=\"noopener noreferrer\">Sant\u00e9 Publique France<\/a>. Ce chiffre ne comprend pas les d\u00e9c\u00e8s \u00e0 domicile.\u00a0<\/p>\n<p>En semaine 30\u00a0(26\u00a0juillet-1er ao\u00fbt 2021), la <strong>circulation du SARS-CoV-2\u00a0\u00e9tait toujours tr\u00e8s intense<\/strong> sur le territoire national, avec cependant une <strong>augmentation plus mod\u00e9r\u00e9e du nombre de cas se traduisant par un nombre de reproduction en baisse <\/strong>(1,27\u00a0vs 1,89\u00a0en S29). Les <strong>taux d&rsquo;incidence restaient les plus \u00e9lev\u00e9s chez les 10-39\u00a0ans<\/strong>, mais l&rsquo;augmentation cette semaine \u00e9tait plus marqu\u00e9e chez les 40\u00a0ans et plus, refl\u00e9tant la diffusion de l&rsquo;\u00e9pid\u00e9mie des personnes les plus jeunes vers les plus \u00e2g\u00e9es. L&rsquo;<strong>augmentation du nombre des nouvelles hospitalisations et admissions en soins critiques s&rsquo;est acc\u00e9l\u00e9r\u00e9e<\/strong>, confirmant le retentissement hospitalier de cette quatri\u00e8me vague \u00e9pid\u00e9mique.\u00a0Cette quatri\u00e8me vague \u00e9pid\u00e9mique ne sera pas la derni\u00e8re. Invit\u00e9 sur BFM-TV vendredi, Jean-Fran\u00e7ois Delfraissy, pr\u00e9sident du Conseil scientifique a estim\u00e9 que<strong><em>\u00a0\u00ab\u00a0le retour \u00e0 la normale, c&rsquo;est peut-\u00eatre 2022, 2023\u00a0\u00bb<\/em><\/strong>;<em>\u00a0\u00ab\u00a0Nous gagnerons\u00a0\u00bb<\/em> face au Covid, mais pas tout de suite.\u00a0<strong><em>\u00ab\u00a0Nous aurons probablement un autre variant qui arrivera dans le courant de l&rsquo;hiver\u00a0\u00bb, <\/em><\/strong>anticipe le sp\u00e9cialiste.<strong><em> <\/em><\/strong><\/p>\n<div style=\"text-align:center\">\n<figure class=\"image\" style=\"display:inline-block\"><a class=\"fancy\" href=\"https:\/\/img-3.journaldesfemmes.fr\/-d2k-9B1aHVaqtzph0dTONDvCss=\/1080x\/smart\/16409e10e4c94cf98b7639ccc1807871\/ccmcms-jdf\/26869094.jpg\"><img decoding=\"async\" alt=\"taux incidence covid\" src=\"https:\/\/img-3.journaldesfemmes.fr\/-d2k-9B1aHVaqtzph0dTONDvCss=\/1080x\/smart\/16409e10e4c94cf98b7639ccc1807871\/ccmcms-jdf\/26869094.jpg\"\/><\/a><figcaption data-credit=\"Sant\u00e9 Publique France\" data-legend=\"Courbe d'\u00e9volution des cas de Covid en France\">Courbe d&rsquo;\u00e9volution des cas de Covid en France <small>\u00a9\u00a0Sant\u00e9 Publique France<\/small><\/figcaption><\/figure>\n<\/div>\n<p><strong>Pour rappel, la France a connu trois \u00ab\u00a0vagues\u00a0\u00bb \u00e9pid\u00e9miques depuis janvier 2020 :\u00a0<\/strong><\/p>\n<p>\u2192 Une premi\u00e8re vague marqu\u00e9e par un\u00a0<strong>pic \u00e9pid\u00e9mique<\/strong>\u00a0au cours de la\u00a0<strong>semaine du 6\u00a0au 12\u00a0avril 2020<\/strong>, soit 15\u00a0jours\u00a0apr\u00e8s la mise en \u0153uvre du premier\u00a0confinement de la population (le 17\u00a0mars 2020).<\/p>\n<p>\u2192 Une deuxi\u00e8me vague marqu\u00e9e par un\u00a0<strong>pic au cours de la semaine du<\/strong>\u00a0<strong>16\u00a0au 20\u00a0novembre 2020,\u00a0<\/strong>trois semaines apr\u00e8s le deuxi\u00e8me confinement (29 octobre 2020).<\/p>\n<p>\u2192 Une troisi\u00e8me vague dont le <strong>pic \u00e9pid\u00e9mique a \u00e9t\u00e9 estim\u00e9 \u00e0 la mi-avril 2021.<\/strong>\u00a0<\/p>\n<p>\u2192 Une <strong>quatri\u00e8me vague <\/strong>\u00e9pid\u00e9mique a commenc\u00e9 d\u00e9but juillet 2021, avec un chiffre record de nouvelles contaminations (18 181) le 20 juillet.\u00a0<\/p>\n<p>Le variant Delta est majoritaire en France m\u00e9tropolitaine.\u00a0<strong>Il repr\u00e9sentait 93,8% des s\u00e9quences interpr\u00e9tables de l&rsquo;enqu\u00eate Flash #16\u00a0du 20\u00a0juillet en m\u00e9tropole<\/strong>\u00a0(<em>vs\u00a0<\/em>87,4% pour Flash #15\u00a0le 13\u00a0juillet). En Outre-mer, les donn\u00e9es de s\u00e9quen\u00e7age globales (enqu\u00eates Flash comprises) montraient une<strong> forte augmentation de Delta \u00e0 La R\u00e9union,<\/strong> avec une moindre pr\u00e9dominance de Beta, tandis que <strong>Gamma restait majoritaire en Guyane.<\/strong> Dans les<strong> Antilles, Alpha \u00e9tait toujours dominant,<\/strong> m\u00eame si la circulation du <strong>variant Delta augmentait en Guadeloupe et en Martinique<\/strong>.<\/p>\n<p><strong>Confinement <\/strong>et<strong> couvre-feu <\/strong>ont laiss\u00e9 place au <strong>d\u00e9ploiement du pass sanitaire<\/strong> en France. Attestation de vaccination ou certificat de tests sont d\u00e9sormais n\u00e9cessaires <strong>pour se rendre aux restaurants, caf\u00e9s, th\u00e9\u00e2tre, concert, parc d&rsquo;attractions&#8230; <\/strong>Le<strong> port du masque<\/strong> qui n&rsquo;est plus obligatoire au niveau national en ext\u00e9rieur est peu \u00e0 peu<strong> r\u00e9impos\u00e9<\/strong> par les pr\u00e9fets dans les zones o\u00f9 l&rsquo;\u00e9pid\u00e9mie repart au cours de l&rsquo;\u00e9t\u00e9 2021.\u00a0\u00a0Il n&rsquo;y a plus de<strong> couvre-feu <\/strong>en France depuis le 20 juin. Le <strong>port du masque en ext\u00e9rieur <\/strong>n&rsquo;est aussi plus obligatoire au niveau national depuis cette date mais des villes ont recommenc\u00e9 \u00e0 l&rsquo;imposer d\u00e9but juillet \u00e0 cause de la diffusion du variant indien (Lille, Saint-Malo, Touquet&#8230;). A l&rsquo;\u00e9cole, le ministre de l&rsquo;Education nationale Jean-Michel Blanquer a d\u00e9voil\u00e9 le 28 juillet le <strong><a href=\"https:\/\/www.education.gouv.fr\/annee-scolaire-2021-2022-protocole-sanitaire-et-mesures-de-fonctionnement-324257\" target=\"_blank\" rel=\"noopener noreferrer\">nouveau protocole<\/a> Covid pour la rentr\u00e9e de septembre 2021. <\/strong>Masque, cours \u00e0 distance, activit\u00e9s physiques, fermeture des \u00e9tablissements&#8230;\u00a0<strong>Quatre sc\u00e9narios sont envisag\u00e9s,<\/strong> et \u00ab\u00a0<em>\u00e0 la fin du mois d&rsquo;ao\u00fbt je dirai, \u00e9videmment en me reposant sur les analyses des autorit\u00e9s de sant\u00e9, o\u00f9 est le curseur de la circulation du virus et donc, quel sc\u00e9nario nous appliquerons<\/em>\u00ab\u00a0, a expliqu\u00e9 Jean-Michel Blanquer.<\/p>\n<div style=\"text-align:center\">\n<figure class=\"image\" style=\"display:inline-block\"><a class=\"fancy\" href=\"https:\/\/img-3.journaldesfemmes.fr\/q7n9KXUz5L2DkvlVbYPP1rmizDY=\/1080x\/smart\/05f97f59bbb046b983590bebf28d68d2\/ccmcms-jdf\/26642145.jpg\"><img decoding=\"async\" alt=\"PROTOCOLE \u00e9cole covid 2021 2022\" src=\"https:\/\/img-3.journaldesfemmes.fr\/7l_oHbQCb0wnRBS_ptoHWZE-4Zs=\/450x\/smart\/05f97f59bbb046b983590bebf28d68d2\/ccmcms-jdf\/26642145.jpg\"\/><\/a><figcaption data-credit=\"Minist\u00e8re de l'Education nationale\" data-legend=\"Mesures sanitaires pour la rentr\u00e9e scolaire de septembre 2021\">Mesures sanitaires pour la rentr\u00e9e scolaire de septembre 2021 <small>\u00a9\u00a0Minist\u00e8re de l&rsquo;Education nationale<\/small><\/figcaption><\/figure>\n<\/div>\n<div class=\"ccminsert\">\n<aside class=\"app_widget_fo app_widget_fo--call\">\n<ul>\n<li>\n                <a href=\"https:\/\/sante.journaldesfemmes.fr\/fiches-maladies\/2634451-sport-covid-reprise-pass-sanitaire-salle-de-sport-exterieur-piscine-protocole-apres-vaccin\/\" class=\"jGTMWidgetGAEventClick\" data-gtmwidgetgaeventaction=\"clickWidgetCall\" data-gtmwidgetgaeventlabel=\"Sport et Covid\u00a0:\u00a0pass sanitaire en salle, ext\u00e9rieur, piscine\"><\/p>\n<figure><picture><source media=\"(max-width: 480px)\" srcset=\"https:\/\/img-3.journaldesfemmes.fr\/-j-MnG5rLppSGEyDVEjgTGghv0I=\/160x105\/smart\/aab39235b46848b3adafc6d86826b340\/ccmcms-jdf\/26470026.jpg\" width=\"160\" height=\"105\"><img decoding=\"async\" src=\"https:\/\/img-3.journaldesfemmes.fr\/zPJ0aSWjcq-hRWSmONhat-q71AU=\/200x132\/smart\/aab39235b46848b3adafc6d86826b340\/ccmcms-jdf\/26470026.jpg\" alt=\"\" width=\"200\" height=\"132\" loading=\"lazy\"\/><\/source><\/picture><figcaption>\n<h3>Sport et Covid\u00a0:\u00a0pass sanitaire en salle, ext\u00e9rieur, piscine<\/h3>\n<p>SPORT ET COVID &#8211; La pratique du sport est possible en plein air, en salle, en club et dans les piscines. Mais depuis le 21\u00a0juillet, un pass sanitaire est obligatoire dans tous les lieux couverts et en plein air accueillant plus de 50\u00a0personnes. Nouveau protocole en salle, gymnase, piscines, club, comp\u00e9titions, mineurs&#8230;<\/p>\n<\/figcaption><\/figure>\n<p><\/a>\n            <\/li>\n<\/ul>\n<\/aside>\n<\/div>\n<p>Conform\u00e9ment \u00e0 la loi du 6 ao\u00fbt 2021, la pr\u00e9sentation du<strong> pass sanitaire est obligatoire pour les plus de 18\u00a0ans pour aller aux restaurants,<\/strong> <strong>caf\u00e9s<\/strong>, bars, dans les salons, foires, s\u00e9minaires, pour les d\u00e9placements longue distance en transport, rendre visite \u00e0 un proche \u00e0 l&rsquo;h\u00f4pital&#8230; Elle avait d\u00e9j\u00e0 \u00e9tendue aux lieux de loisirs et de culture pouvant accueillir plus de 50 personnes le 21 juillet. Les <strong>mineurs \u00e0 partir de 12\u00a0ans seront concern\u00e9s \u00e0 partir du 30\u00a0septembre<\/strong>.\u00a0<\/p>\n<p>La vaccination contre la Covid-19\u00a0se poursuit en France avec les vaccins Pfizer-BioNTech,\u00a0Moderna,\u00a0AstraZeneca et Janssen (chez les m\u00e9decins g\u00e9n\u00e9ralistes,\u00a0au travail et en pharmacie). L&rsquo;Agence europ\u00e9enne des m\u00e9dicament vient d&rsquo;approuv\u00e9 l&rsquo;utilisation du vaccin Moderna pour les jeunes de 12 \u00e0 17\u00a0ans. Les \u00e9pid\u00e9miologistes recommandent un taux de vaccination de 90% de la population de plus de 12 ans pour atteindre l&rsquo;<strong>immunit\u00e9 collective<\/strong>. La prise de<strong> rendez-vous<\/strong> est possible sur les sites Internet <strong>Doctolib, Maiia et KelDoc<\/strong> et peut aussi se faire en contactant par t\u00e9l\u00e9phone le <strong>centre de vaccination<\/strong> le plus proche de chez soi (liste disponible sur\u00a0<a href=\"https:\/\/www.sante.fr\/centres-vaccination-covid.html\" target=\"_blank\" rel=\"noopener noreferrer\">Sante.fr<\/a>).\u00a0En cas de difficult\u00e9, le num\u00e9ro vert national\u00a0:<strong> 0\u00a0800\u00a0009\u00a0110<\/strong>,\u00a0permet d&rsquo;\u00eatre redirig\u00e9 vers le standard t\u00e9l\u00e9phonique d&rsquo;un centre ou d&rsquo;obtenir un accompagnement \u00e0 la prise de rendez-vous.<\/p>\n<div style=\"text-align:center\">\n<figure class=\"image\" style=\"display:inline-block\"><a class=\"fancy\" href=\"https:\/\/img-3.journaldesfemmes.fr\/GYEuPqXiNGnTMo5k4VEaD1BRFfU=\/1080x\/smart\/edbf8cb5280e4a32b647ebbfa8fc0467\/ccmcms-jdf\/26865360.png\"><img decoding=\"async\" alt=\"Nombre de personnes vaccin\u00e9es en France au 21 juillet\" src=\"https:\/\/img-3.journaldesfemmes.fr\/13LuYLzr7BAXFIXQ94GxpWhlzf4=\/600x\/smart\/edbf8cb5280e4a32b647ebbfa8fc0467\/ccmcms-jdf\/26865360.png\"\/><\/a><figcaption data-credit=\"Gouvernement.fr\" data-legend=\"Nombre de personnes vaccin\u00e9es en France au 4 ao\u00fbt\">Nombre de personnes vaccin\u00e9es en France au 4 ao\u00fbt <small>\u00a9\u00a0Gouvernement.fr<\/small><\/figcaption><\/figure>\n<\/div>\n<aside id=\"NL_252479902\" class=\"newsletter_subscription jNlBlock\"><noscript><br \/>\n            <\/noscript><\/p>\n<h3 class=\"newsletter_subscription-title\">Newsletter <\/h3>\n<p><a href=\"\/\/mailing.ccmbg.com\/archive\/last-85\" target=\"_blank\" class=\"a_hover\" rel=\"noopener noreferrer\">Voir un exemple<\/a><\/p>\n<\/aside>\n<p>Depuis le\u00a09\u00a0juin 2021, une classification des pays\u00a0et des modalit\u00e9s sp\u00e9cifiques d&rsquo;encadrement des d\u00e9placements vers la France sont d\u00e9finies en fonction de la\u00a0situation sanitaire et de la vaccination des voyageurs. Elles sont d\u00e9sign\u00e9es par les cat\u00e9gories 1\u00a0(vert), 2\u00a0(rouge) et 3\u00a0(orange). Il est fortement recommand\u00e9 de<strong> ne pas <a href=\"http:\/\/www.affinite.fr\/index.php\/2023\/07\/29\/changer-de-vie-voyager-complement-de-retraite-devenez-vendeur-de-glace-a-litalienne\/\">voyager<\/a> vers les pays\/territoires de cat\u00e9gorie 2\u00a0class\u00e9s \u00ab\u00a0rouges\u00a0\u00bb <\/strong>pour des raisons sanitaires. Pour les autres pays, il faut\u00a0consulter les\u00a0Conseils aux voyageurs\u00a0pour la destination, afin de s&rsquo;assurer des conditions d&rsquo;entr\u00e9e et de s\u00e9jour en vigueur dans ce pays.<strong>\u00a0Depuis le 1er juillet, le \u00ab\u00a0pass europ\u00e9en\u00a0\u00bb\u00a0est entr\u00e9 en application<\/strong> dans tous les \u00c9tats membres.\u00a0<strong>Depuis le 17\u00a0juillet 2021, <\/strong>les contraintes pesant sur les voyageurs b\u00e9n\u00e9ficiant d&rsquo;un<strong> sch\u00e9ma vaccinal complet <\/strong>avec un vaccin reconnu par l&rsquo;Agence europ\u00e9enne du m\u00e9dicament ont \u00e9t\u00e9 lev\u00e9es, quel que soit le pays de provenance. Il reste toutefois fortement d\u00e9conseill\u00e9 de voyager vers un pays class\u00e9 \u00ab\u00a0rouge\u00a0\u00bb.<\/p>\n<section>\n<p>Le d\u00e9pistage du Covid-19 est r\u00e9alis\u00e9 en France par <strong>RT-PCT<\/strong> et par tests <strong>antig\u00e9niques (sans avance de frais et 100% pris en charge par la S\u00e9curit\u00e9 sociale)<\/strong>. Ces <strong>deux tests sont reconnus comme pass sanitaire.<\/strong> Depuis le 11 f\u00e9vrier 2021, les <strong>tests salivaires<\/strong> sont d\u00e9ploy\u00e9s dans les\u00a0\u00e9tablissements scolaires et peuvent \u00eatre utilis\u00e9s en premi\u00e8re intention pour d\u00e9pister la Covid-19, conform\u00e9ment aux recommandations de la <a href=\"https:\/\/www.has-sante.fr\/maintenance\/index.html\" target=\"_blank\" rel=\"noopener noreferrer\">HAS<\/a>. Depuis le 12 avril, des <strong>autotests <\/strong>Covid sont aussi disponibles en vente libre dans les pharmacies fran\u00e7aises (non rembours\u00e9) et peuvent \u00eatre utilis\u00e9s dans les \u00e9coles. Enfin, des <strong>tests s\u00e9rologiques <\/strong>peuvent \u00eatre r\u00e9alis\u00e9s en laboratoires (moins en pharmacie) pour avoir connaissance d&rsquo;une infection pass\u00e9e au Covid (ils ne sont pas rembours\u00e9s par la S\u00e9curit\u00e9 sociale).\u00a0<em>\u00ab\u00a0Il reste d\u00e9terminant que chaque personne pr\u00e9sentant des sympt\u00f4mes \u00e9vocateurs de COVID-19\u00a0s&rsquo;isole imm\u00e9diatement et r\u00e9alise un test diagnostique dans les plus brefs d\u00e9lais\u00a0\u00bb<\/em> rappelle Sant\u00e9 Publique France dans ses bulletins hebdomadaires.<\/p>\n<p>Si au d\u00e9but, on ne parlait que de <strong>fi\u00e8vre<\/strong>, toux s\u00e8che, rhume, \u00e9tat grippal et de fatigue, les sympt\u00f4mes de l&rsquo;infection par le coronavirus ont \u00e9volu\u00e9. On sait d\u00e9sormais que le virus peut avoir des <strong>effets sur la peau<\/strong> (urticaire, l\u00e9sions inflammatoires sur les orteils), la sph\u00e8re digestive (vomissements, diarrh\u00e9es&#8230;), <strong>l&rsquo;odorat<\/strong>, le <strong>go\u00fbt <\/strong>et m\u00eame le cerveau.<em> <\/em><\/p>\n<p>\u2192<strong> Chaque personne pr\u00e9sentant des sympt\u00f4mes \u00e9vocateurs de COVID-19 doit s&rsquo;isoler imm\u00e9diatement et r\u00e9aliser un test diagnostique<\/strong> dans les plus brefs d\u00e9lais.<\/p>\n<p>\u2192<strong> <\/strong><strong>Appeler le\u00a015\u00a0en cas de\u00a0difficult\u00e9s respiratoires\u00a0: \u00ab\u00a0<\/strong><em>Si la toux et la\u00a0fi\u00e8vre s&rsquo;accompagnent d&rsquo;une g\u00eane respiratoire qui devient permanente avec souffle court, difficult\u00e9 \u00e0 inspirer et \u00e0 expirer, d&rsquo;une aggravation importante de la toux, cela peut signifier une \u00e9volution de la maladie sous la forme d&rsquo;une pneumopathie. Il s&rsquo;agit alors d&rsquo;une urgence respiratoire potentielle et comme dans tous les cas d&rsquo;urgence, il faut alors appeler le 15\u00a0qui prendra les meilleures dispositions pour r\u00e9pondre \u00e0 la situation\u00a0\u00bb, <\/em>pr\u00e9vient le Dr\u00a0Patrick Aub\u00e9, m\u00e9decin g\u00e9n\u00e9raliste. \u00a0<\/p>\n<div class=\"ccminsert\">\n<aside class=\"app_widget_fo app_widget_fo--list app_widget_fo--list-2-col\">\n<ul>\n<li>\n<h3>\n                    <a href=\"https:\/\/sante.journaldesfemmes.fr\/fiches-maladies\/2696267-covid-long-syndrome-symptomes-contagieux-fatigue-france-traitement-vaccin-pourcentage-jeunes\/\" class=\"jGTMWidgetGAEventClick\" data-gtmwidgetgaeventaction=\"clickWidgetListOnTwoColumns\" data-gtmwidgetgaeventlabel=\"Covid long\u00a0: pourcentage, jeunes, sympt\u00f4mes, traitement\"><br \/>\n                        Covid long\u00a0: pourcentage, jeunes, sympt\u00f4mes, traitement<br \/>\n                    <\/a><br \/>\n                <\/h3>\n<\/li>\n<li>\n<h3>\n                    <a href=\"https:\/\/sante.journaldesfemmes.fr\/fiches-sante-du-quotidien\/2627657-perte-odorat-anosmie-symptome-covid-19-duree-definition-cause-traitement-reeducation\/\" class=\"jGTMWidgetGAEventClick\" data-gtmwidgetgaeventaction=\"clickWidgetListOnTwoColumns\" data-gtmwidgetgaeventlabel=\"Perte de l'odorat\u00a0(anosmie)\u00a0: sympt\u00f4mes du Covid, dur\u00e9e, r\u00e9\u00e9ducation\"><br \/>\n                        Perte de l&rsquo;odorat\u00a0(anosmie)\u00a0: sympt\u00f4mes du Covid, dur\u00e9e, r\u00e9\u00e9ducation<br \/>\n                    <\/a><br \/>\n                <\/h3>\n<\/li>\n<li>\n<h3>\n                    <a href=\"https:\/\/sante.journaldesfemmes.fr\/fiches-maladies\/2625903-porteur-sain-covid-19-coronavirus-asymptomatique-definition-duree-isolement-anticorps-isolement-test\/\" class=\"jGTMWidgetGAEventClick\" data-gtmwidgetgaeventaction=\"clickWidgetListOnTwoColumns\" data-gtmwidgetgaeventlabel=\"Porteur sain Covid\u00a0(asymptomatique)\u00a0: d\u00e9finition, test, isolement\"><br \/>\n                        Porteur sain Covid\u00a0(asymptomatique)\u00a0: d\u00e9finition, test, isolement<br \/>\n                    <\/a><br \/>\n                <\/h3>\n<\/li>\n<li>\n<h3>\n                    <a href=\"https:\/\/sante.journaldesfemmes.fr\/fiches-maladies\/2665621-angine-ou-covid-19-symptomes-signes-fievre-mal-gorge-test-difference-contagion\/\" class=\"jGTMWidgetGAEventClick\" data-gtmwidgetgaeventaction=\"clickWidgetListOnTwoColumns\" data-gtmwidgetgaeventlabel=\"Angine ou Covid-19\u00a0: sympt\u00f4mes, diff\u00e9rences, test, contagion\"><br \/>\n                        Angine ou Covid-19\u00a0: sympt\u00f4mes, diff\u00e9rences, test, contagion<br \/>\n                    <\/a><br \/>\n                <\/h3>\n<\/li>\n<li>\n<h3>\n                    <a href=\"https:\/\/sante.journaldesfemmes.fr\/fiches-maladies\/2701631-probleme-maladie-foie-covid-atteinte-cancer-complication-sequelles-symptomes-risque-vaccination\/\" class=\"jGTMWidgetGAEventClick\" data-gtmwidgetgaeventaction=\"clickWidgetListOnTwoColumns\" data-gtmwidgetgaeventlabel=\"Probl\u00e8me au foie et Covid\u00a0: risques, s\u00e9quelles, vaccination\"><br \/>\n                        Probl\u00e8me au foie et Covid\u00a0: risques, s\u00e9quelles, vaccination<br \/>\n                    <\/a><br \/>\n                <\/h3>\n<\/li>\n<li>\n<h3>\n                    <a href=\"https:\/\/sante.journaldesfemmes.fr\/fiches-maladies\/2701633-fievre-covid-duree-obligatoire-que-faire-que-prendre-combien-temperature\/\" class=\"jGTMWidgetGAEventClick\" data-gtmwidgetgaeventaction=\"clickWidgetListOnTwoColumns\" data-gtmwidgetgaeventlabel=\"Fi\u00e8vre et Covid\u00a0: dur\u00e9e, temp\u00e9rature, est-ce obligatoire\u00a0?\"><br \/>\n                        Fi\u00e8vre et Covid\u00a0: dur\u00e9e, temp\u00e9rature, est-ce obligatoire\u00a0?<br \/>\n                    <\/a><br \/>\n                <\/h3>\n<\/li>\n<li>\n<h3>\n                    <a href=\"https:\/\/sante.journaldesfemmes.fr\/fiches-maladies\/2661241-rhume-ou-covid-19-symptomes-tableau-differences-ecole-que-faire-comment-savoir-travail\/\" class=\"jGTMWidgetGAEventClick\" data-gtmwidgetgaeventaction=\"clickWidgetListOnTwoColumns\" data-gtmwidgetgaeventlabel=\"Rhume ou Covid-19\u00a0: sympt\u00f4mes, tableau, \u00e9cole, que faire\u00a0?\"><br \/>\n                        Rhume ou Covid-19\u00a0: sympt\u00f4mes, tableau, \u00e9cole, que faire\u00a0?<br \/>\n                    <\/a><br \/>\n                <\/h3>\n<\/li>\n<li>\n<h3>\n                    <a href=\"https:\/\/sante.journaldesfemmes.fr\/fiches-maladies\/2626825-covid-ou-allergie-pollen-coronavirus-asthme-symptomes-toux-yeux-traitement\/\" class=\"jGTMWidgetGAEventClick\" data-gtmwidgetgaeventaction=\"clickWidgetListOnTwoColumns\" data-gtmwidgetgaeventlabel=\"Covid ou allergie au pollen\u00a0: sympt\u00f4mes, diff\u00e9rences, traitements\"><br \/>\n                        Covid ou allergie au pollen\u00a0: sympt\u00f4mes, diff\u00e9rences, traitements<br \/>\n                    <\/a><br \/>\n                <\/h3>\n<\/li>\n<li>\n<h3>\n                    <a href=\"https:\/\/sante.journaldesfemmes.fr\/fiches-maladies\/2676955-covid-19-ou-gastro-enterite-difference-symptomes-fievre-diarrhee-que-faire-complications\/\" class=\"jGTMWidgetGAEventClick\" data-gtmwidgetgaeventaction=\"clickWidgetListOnTwoColumns\" data-gtmwidgetgaeventlabel=\"Covid\u00a0ou gastro-ent\u00e9rite\u00a0: sympt\u00f4mes, quelles diff\u00e9rences\u00a0?\"><br \/>\n                        Covid\u00a0ou gastro-ent\u00e9rite\u00a0: sympt\u00f4mes, quelles diff\u00e9rences\u00a0?<br \/>\n                    <\/a><br \/>\n                <\/h3>\n<\/li>\n<li>\n<h3>\n                    <a href=\"https:\/\/sante.journaldesfemmes.fr\/fiches-sante-du-quotidien\/2627543-perte-gout-agueusie-covid-19-def-duree-cause-partielle-traitement-soigner\/\" class=\"jGTMWidgetGAEventClick\" data-gtmwidgetgaeventaction=\"clickWidgetListOnTwoColumns\" data-gtmwidgetgaeventlabel=\"Perte du go\u00fbt (agueusie)\u00a0: dur\u00e9e, Covid, comment soigner\u00a0?\"><br \/>\n                        Perte du go\u00fbt (agueusie)\u00a0: dur\u00e9e, Covid, comment soigner\u00a0?<br \/>\n                    <\/a><br \/>\n                <\/h3>\n<\/li>\n<\/ul>\n<\/aside>\n<\/div>\n<table border=\"1\" cellpadding=\"1\" cellspacing=\"1\" style=\"width:100%;\">\n<thead>\n<tr>\n<th scope=\"col\" style=\"text-align: center;\"><a id=\"date-cle-epidemie-covid-france-confinement\" name=\"date-cle-epidemie-covid-france-confinement\"><strong>DATES CL\u00c9S DE L&rsquo;\u00c9PID\u00c9MIE EN FRANCE<\/strong><\/a><\/th>\n<\/tr>\n<\/thead>\n<tbody>\n<tr>\n<td>\n<p><u><strong>2019<\/strong><\/u><\/p>\n<ul>\n<li><strong>31\u00a0d\u00e9cembre 2019,<\/strong> l&rsquo;Organisation mondiale de la Sant\u00e9 en Chine est inform\u00e9e de plusieurs cas de pneumonies dans la ville de Wuhan. 44\u00a0personnes sont infect\u00e9es entre cette date et le 3\u00a0janvier 2020.<\/li>\n<\/ul>\n<p><u><strong>2020<\/strong><\/u><\/p>\n<ul>\n<li><strong>7\u00a0janvier 2020, <\/strong>les autorit\u00e9s chinoises identifient un \u00ab\u00a0nouveau type de coronavirus\u00a0\u00bb.<\/li>\n<li><strong>13\u00a0janvier, <\/strong>un cas import\u00e9 est recens\u00e9 en Tha\u00eflande.<\/li>\n<li><strong>15\u00a0janvier<\/strong>, le virus cause\u00a0la mort d&rsquo;<strong>une premi\u00e8re\u00a0personne \u00e0 Wuhan<\/strong>, un homme de 69\u00a0ans.\u00a0<\/li>\n<li><strong>23\u00a0janvier,<\/strong> trois villes chinoises dont Wuhan sont plac\u00e9es en quarantaine.<\/li>\n<li><strong>25\u00a0janvier, trois personnes\u00a0contamin\u00e9es sont recens\u00e9es en France<\/strong>, deux \u00e0 Paris et une Bordeaux. Ce sont les premiers cas enregistr\u00e9s sur le continent europ\u00e9en.<\/li>\n<li><strong>30\u00a0janvier, <\/strong>l&rsquo;Organisation mondiale de la Sant\u00e9 <strong>d\u00e9cr\u00e8te\u00a0l&rsquo;<a href=\"https:\/\/sante.journaldesfemmes.fr\/fiches-maladies\/2608035-urgence-de-sante-publique-de-portee-internationale-definition-oms-coronavirus\/\" target=\"_blank\" rel=\"noopener noreferrer\">urgence de sant\u00e9 mondiale<\/a><\/strong>.\u00a0Cette mesure n&rsquo;avait \u00e9t\u00e9 d\u00e9cr\u00e9t\u00e9e que 5\u00a0fois depuis sa cr\u00e9ation (pour Ebola (deux fois), la grippe H1N1, Zika et la poliomy\u00e9lite).\u00a0<\/li>\n<li><strong>23\u00a0f\u00e9vrier, <\/strong>la France d\u00e9clenche le <a href=\"https:\/\/sante.journaldesfemmes.fr\/fiches-maladies\/2622449-plan-orsan-reb-definition-signification-qui-declenche-coronavirus-definition-duree\/\" target=\"_blank\" rel=\"noopener noreferrer\">plan ORSAN<\/a>, un dispositif exceptionnel d&rsquo;organisation des soins.<\/li>\n<li><strong>28\u00a0f\u00e9vrier,<\/strong> la France passe en stade 2\u00a0de l&rsquo;\u00e9pid\u00e9mie.<\/li>\n<li><strong>11\u00a0mars, <\/strong>l&rsquo;OMS classifie de <strong>pand\u00e9mie <\/strong>la diffusion de la maladie \u00e0 coronavirus Covid-19\u00a0dans le monde.<\/li>\n<li><strong>12\u00a0mars<\/strong>, le pr\u00e9sident de la R\u00e9publique Emmanuel Macron annonce la fermeture nationale des cr\u00e8ches et \u00e9tablissements scolaires de France \u00e0 compter du 16\u00a0mars et \u00ab\u00a0jusqu&rsquo;\u00e0 nouvel ordre\u00a0\u00bb.<\/li>\n<li><strong>14\u00a0mars<\/strong>, la France passe au <a href=\"https:\/\/sante.journaldesfemmes.fr\/fiches-maladies\/2625289-coronavirus-covid-19-stade-1-2-3-4-duree-mesure-france-signification-quand\/\" target=\"_blank\" rel=\"noopener noreferrer\"><strong>stade 3 <\/strong><\/a>de l&rsquo;\u00e9pid\u00e9mie.<\/li>\n<li><strong>16\u00a0mars\u00a0:\u00a0la France met en place un premier\u00a0confinement interdisant les d\u00e9placements.<\/strong><\/li>\n<li><strong>26\u00a0mars<\/strong>, un premier cas jeune meurt en France, une adolescente de 16\u00a0ans, en Ile-de-France originaire de Morsang-sur-Orge.<\/li>\n<li><strong>27\u00a0mars,<\/strong> le confinement de la population fran\u00e7aise est renouvel\u00e9 jusqu&rsquo;au 15\u00a0avril.<\/li>\n<li><strong>13\u00a0avril,<\/strong> Emmanuel Macron annonce le prolongement du confinement jusqu&rsquo;au 11\u00a0mai.<\/li>\n<li><strong>11\u00a0mai, la France commence son d\u00e9confinement.<\/strong><\/li>\n<li><strong>20\u00a0juillet,<\/strong>\u00a0le <strong>port du masque est rendu obligatoire <\/strong>dans les lieux publics clos en France.<\/li>\n<li><strong>17 octobre,<\/strong>\u00a0un <strong>couvre-feu <\/strong>est instaur\u00e9 dans 9 territoires fran\u00e7ais (Paris-Ile-de-France, Rouen, Grenoble, Lille, Lyon, Aix-Marseille, Montpellier, Saint-Etienne, Toulouse).<\/li>\n<li><strong>29 octobre<\/strong>\u00a0:<strong> un deuxi\u00e8me confinement est instaur\u00e9 en France.<\/strong><\/li>\n<li><strong>28 novembre : <\/strong>r\u00e9ouverture des commerces non essentiels un mois avant les f\u00eates de fin d&rsquo;ann\u00e9e.<\/li>\n<li><strong>15 d\u00e9cembre : d\u00e9confinement <\/strong>avec\u00a0couvre-feu de 20 heures \u00e0 6 heures du matin.<\/li>\n<li><strong>24 d\u00e9cembre<\/strong> <strong>: autorisation du vaccin Pfizer-BioNTech en France.<\/strong><\/li>\n<li><strong>27 d\u00e9cembre :<\/strong> d\u00e9but de la vaccination en France avec le vaccin Pfizer BioNTech.<\/li>\n<\/ul>\n<p><u><strong>2021<\/strong><\/u><\/p>\n<ul>\n<li><strong>8 janvier 2021<\/strong> <strong>:\u00a0autorisation du vaccin Moderna en France.<\/strong><\/li>\n<li><strong>31 janvier\u00a0<\/strong>: fermeture des fronti\u00e8res de la France\u00a0aux pays ext\u00e9rieurs \u00e0 l&rsquo;Union europ\u00e9enne<\/li>\n<li><strong>2 f\u00e9vrier<\/strong>\u00a0<strong>:\u00a0autorisation du vaccin AstraZeneca en France<\/strong>.<\/li>\n<li><strong>11 f\u00e9vrier : <\/strong>d\u00e9ploiement des tests salivaires dans les \u00e9tablissements scolaires.<\/li>\n<li><strong>12 mars :\u00a0autorisation du\u00a0vaccin\u00a0Johnson&amp;Johnson.<\/strong><\/li>\n<li><strong>16 mars <\/strong>: autorisation des autotests en France.<\/li>\n<li><strong>19 mars :<\/strong> confinement de 16 d\u00e9partements pour une dur\u00e9e de 4 semaines. Le couvre-feu repasse \u00e0 19 heures dans toute la France au lieu de 18 heures.<\/li>\n<li><strong>25 mars<\/strong> :\u00a0confinement de 3 nouveaux d\u00e9partements pour une dur\u00e9e de 4\u00a0semaines.<\/li>\n<li><strong>3 avril\u00a0: la France met en place son troisi\u00e8me confinement,<\/strong>\u00a0les \u00e9coles ferment pour trois semaines, les d\u00e9placements sont limit\u00e9s \u00e0 10 km.<\/li>\n<li><strong>12 avril :<\/strong> ouverture de la vaccination\u00a0\u00e0 tous les Fran\u00e7ais \u00e2g\u00e9s de\u00a055\u00a0ans ou plus.<\/li>\n<li><strong>3 mai : premi\u00e8re \u00e9tape du d\u00e9confinement <\/strong>avec la<strong>\u00a0<\/strong>fin de l&rsquo;attestation de d\u00e9placement et de la limitation des d\u00e9placements \u00e0 10 km. Le couvre-feu est en vigueur de 19h \u00e0 6h.<\/li>\n<li><strong>10 mai <\/strong>: ouverture de la vaccination aux plus de 50 ans.<\/li>\n<li><strong>19 mai :<\/strong>\u00a0deuxi\u00e8me \u00e9tape du d\u00e9confinement avec la r\u00e9ouverture des lieux essentiels ferm\u00e9s (terrasses des bars et restaurants, mus\u00e9es, cin\u00e9mas, th\u00e9\u00e2tres, commerces&#8230;) et couvre-feu de 21 h \u00e0 6 h.\u00a0<\/li>\n<li><strong>31 mai :<\/strong> ouverture de la vaccination \u00e0 toutes les personnes majeures, sans aucune condition.\u00a0<\/li>\n<li><strong>9 juin : <\/strong>troisi\u00e8me \u00e9tape du d\u00e9confinement avec la r\u00e9ouverture de plusieurs lieux (piscines, salles de sport, restaurants, bars, parcs d&rsquo;attractions&#8230;), la mise en place d&rsquo;un couvre-feu de 23h \u00e0 6h et du pass sanitaire national.\u00a0<\/li>\n<li><strong>17 juin <\/strong>: fin de l&rsquo;obligation de porter le masque en ext\u00e9rieur.<\/li>\n<li><strong>20 juin :<\/strong> fin du couvre-feu.<\/li>\n<li><strong>30 juin<\/strong> : d\u00e9confinement total de la France, suppression des jauges.<\/li>\n<li><strong>21\u00a0juillet<\/strong>\u00a0: Extension du<em>\u00a0<\/em>pass sanitaire \u00e0 tous les lieux de loisirs et de culture r\u00e9unissant plus de 50\u00a0personnes<\/li>\n<\/ul>\n<\/td>\n<\/tr>\n<\/tbody>\n<\/table>\n<p><em>Cet article est mis \u00e0 jour quotidiennement par <a href=\"https:\/\/www.journaldesfemmes.fr\/account\/ablaize-11409696\" target=\"_blank\" rel=\"noopener noreferrer\">Aur\u00e9lie Blaize<\/a>\u00a0et\u00a0<a href=\"https:\/\/www.journaldesfemmes.fr\/account\/anaisthiebaux-10573564\" target=\"_blank\" rel=\"noopener noreferrer\">Ana\u00efs Thi\u00e9baux<\/a>.<\/em><\/p>\n<\/section>\n<\/div>\n<p><script async src=\"http:\/\/platform.twitter.com\/widgets.js\" charset=\"utf-8\"><\/script><script async defer src=\"https:\/\/platform.instagram.com\/en_US\/embeds.js\"><\/script><br \/>\n<br \/>[ad_2]<br \/>\n<br \/><a href=\"https:\/\/sante.journaldesfemmes.fr\/fiches-maladies\/2605417-covid-19-france-coronavirus-chiffres-nombre-cas-mort-vaccin-restriction-info-direct-loi-sanitaire\/\">Source link <\/a><\/p>\n","protected":false},"excerpt":{"rendered":"<p>[ad_1] CORONAVIRUS DIRECT &#8211; Extension du pass sanitaire, obligation vaccinale des soignants&#8230; La loi relative \u00e0 la gestion de la &hellip; <a href=\"http:\/\/www.affinite.fr\/index.php\/2021\/08\/06\/loi-sanitaire-promulguee-derniers-chiffres\/\" class=\"more-link\">Plus <span class=\"screen-reader-text\">loi sanitaire promulgu\u00e9e, derniers chiffres<\/span> <span class=\"meta-nav\">&rarr;<\/span><\/a><\/p>\n","protected":false},"author":1,"featured_media":6746,"comment_status":"open","ping_status":"open","sticky":false,"template":"","format":"standard","meta":{"_sitemap_exclude":false,"_sitemap_priority":"","_sitemap_frequency":"","footnotes":""},"categories":[1],"tags":[],"class_list":["post-6745","post","type-post","status-publish","format-standard","has-post-thumbnail","hentry","category-tous"],"_links":{"self":[{"href":"http:\/\/www.affinite.fr\/index.php\/wp-json\/wp\/v2\/posts\/6745"}],"collection":[{"href":"http:\/\/www.affinite.fr\/index.php\/wp-json\/wp\/v2\/posts"}],"about":[{"href":"http:\/\/www.affinite.fr\/index.php\/wp-json\/wp\/v2\/types\/post"}],"author":[{"embeddable":true,"href":"http:\/\/www.affinite.fr\/index.php\/wp-json\/wp\/v2\/users\/1"}],"replies":[{"embeddable":true,"href":"http:\/\/www.affinite.fr\/index.php\/wp-json\/wp\/v2\/comments?post=6745"}],"version-history":[{"count":0,"href":"http:\/\/www.affinite.fr\/index.php\/wp-json\/wp\/v2\/posts\/6745\/revisions"}],"wp:featuredmedia":[{"embeddable":true,"href":"http:\/\/www.affinite.fr\/index.php\/wp-json\/wp\/v2\/media\/6746"}],"wp:attachment":[{"href":"http:\/\/www.affinite.fr\/index.php\/wp-json\/wp\/v2\/media?parent=6745"}],"wp:term":[{"taxonomy":"category","embeddable":true,"href":"http:\/\/www.affinite.fr\/index.php\/wp-json\/wp\/v2\/categories?post=6745"},{"taxonomy":"post_tag","embeddable":true,"href":"http:\/\/www.affinite.fr\/index.php\/wp-json\/wp\/v2\/tags?post=6745"}],"curies":[{"name":"wp","href":"https:\/\/api.w.org\/{rel}","templated":true}]}}