{"id":6739,"date":"2021-08-04T22:36:36","date_gmt":"2021-08-04T22:36:36","guid":{"rendered":"https:\/\/www.affinite.fr\/index.php\/2021\/08\/04\/sophie-ferjani-devoile-des-photos-de-son-mariage\/"},"modified":"2021-08-04T22:36:36","modified_gmt":"2021-08-04T22:36:36","slug":"sophie-ferjani-devoile-des-photos-de-son-mariage","status":"publish","type":"post","link":"http:\/\/www.affinite.fr\/index.php\/2021\/08\/04\/sophie-ferjani-devoile-des-photos-de-son-mariage\/","title":{"rendered":"Sophie Ferjani d\u00e9voile des PHOTOS de son mariage"},"content":{"rendered":"<p> [ad_1]<br \/>\n<br \/><img decoding=\"async\" src=\"https:\/\/img-3.journaldesfemmes.fr\/HQkENMN7018vNL6Ta1vpFbNR3fs=\/1280x\/smart\/369f7492914c4b3ba46d67cbad0e7782\/ccmcms-jdf\/26819361.jpg\" \/><\/p>\n<p>\n                Sophie Ferjani f\u00eate ses 20\u00a0ans de mariage\u00a0! L&rsquo;acolyte de St\u00e9phane Plaza a d\u00e9clar\u00e9 sa flamme \u00e0 son mari et d\u00e9voil\u00e9 des photos de leur union&#8230;            <\/p>\n<div>\n<p><strong>Sophie Ferjani,<\/strong> la sp\u00e9cialiste de la d\u00e9coration et comp\u00e8re de <a href=\"https:\/\/www.journaldesfemmes.fr\/people\/personnalites\/2715085-stephane-plaza\/\" title=\"St\u00e9phane Plaza\">St\u00e9phane Plaza<\/a>, a c\u00e9l\u00e9br\u00e9 ses <strong>noces de porcelaine<\/strong> avec son <strong>mari Baligh<\/strong>, le 4\u00a0ao\u00fbt.\u00a0Et pour f\u00eater l&rsquo;\u00e9v\u00e8nement comme il se doit, la d\u00e9coratrice d&rsquo;int\u00e9rieur a publi\u00e9 plusieurs <strong>clich\u00e9s de son mariage<\/strong>, c\u00e9l\u00e9br\u00e9 il y a 20\u00a0ans.\u00a0<em>\u00ab\u00a0Il y a 20\u00a0ans, nous nous mariions. Simple, \u00e9vident, honn\u00eatement, et entour\u00e9s de ceux qu&rsquo;on aime. On \u00e9tait jeunes mais \u00e0 part quelques cravates et coupes de costumes, personne n&rsquo;a vieilli. La <strong>force de l&rsquo;amour<\/strong> est dans nos valeurs communes, dans l&rsquo;envie de partager ensemble notre quotidien, de cr\u00e9er ensemble, de <strong>fonder une famille, une entreprise, une vie<\/strong> sur ces valeurs qui nous rassemblent<\/em>\u00ab\u00a0, a-t-elle \u00e9crit en l\u00e9gende sur Instagram.<\/p>\n<p>Et d&rsquo;ajouter: \u00ab\u00a0<em>Notre chance est d&rsquo;avoir m\u00fbri mais d&rsquo;avoir toujours continu\u00e9 \u00e0 regarder dans la m\u00eame direction. Mon mari m&rsquo;a offert aujourd&rsquo;hui <strong>un arbre pour nos 20\u00a0ans<\/strong>, un cerisier du Japon qui est en fleurs en avril et qui, une semaine durant, m&rsquo;\u00e9merveille chaque ann\u00e9e. Quelle plus belle <strong>preuve de cet amour simple et profond<\/strong> qui s&rsquo;enracine un peu plus chaque jour.<\/em>\u00a0<em>Aujourd&rsquo;hui il pleut sur Marseille mais pas dans nos c\u0153urs! Mariage pluvieux, mariage heureux<\/em>\u00ab\u00a0.<\/p>\n<h2>Sophie Ferjani et Baligh, amoureux&#8230; et associ\u00e9s<\/h2>\n<aside id=\"NL_1721415796\" class=\"newsletter_subscription jNlBlock\"><noscript><br \/>\n            <\/noscript><\/p>\n<h3 class=\"newsletter_subscription-title\">Newsletter <\/h3>\n<p><a href=\"\/\/mailing.ccmbg.com\/archive\/last-85\" target=\"_blank\" class=\"a_hover\" rel=\"noopener noreferrer\">Voir un exemple<\/a><\/p>\n<\/aside>\n<p>Les amoureux, d\u00e9sormais install\u00e9s \u00e0 <strong>Marseille<\/strong>, travaillent d&rsquo;ailleurs ensemble dans leur boutique de la cit\u00e9 phoc\u00e9enne, La s\u00e9lection, qui <strong>vend des meubles et aitres objets<\/strong>.\u00a0Son \u00e9poux, en tant qu&rsquo;ancien responsable commercial dans la <strong>grande distribution de meubles<\/strong>, lui apporte une aide pr\u00e9cieuse. \u00ab\u00a0<em>Le gros avantage, c&rsquo;est que nous sommes tr\u00e8s compl\u00e9mentaires. J&rsquo;interviens comme consultante dans la s\u00e9lection des produits, lui n\u00e9gocie aupr\u00e8s des marques et distributeurs car il sait vendre et acheter<\/em>\u00ab\u00a0, avait-elle expliqu\u00e9 au site Love Spots.\u00a0L&rsquo;amour donne des ailes!<\/p>\n<\/p><\/div>\n<p>[ad_2]<br \/>\n<br \/><a href=\"https:\/\/www.journaldesfemmes.fr\/people\/actus\/2735771-sophie-ferjani-photos-mariage-mari-baligh-stephane-plaza\/\">Source link <\/a><\/p>\n","protected":false},"excerpt":{"rendered":"<p>[ad_1] Sophie Ferjani f\u00eate ses 20\u00a0ans de mariage\u00a0! L&rsquo;acolyte de St\u00e9phane Plaza a d\u00e9clar\u00e9 sa flamme \u00e0 son mari et &hellip; <a href=\"http:\/\/www.affinite.fr\/index.php\/2021\/08\/04\/sophie-ferjani-devoile-des-photos-de-son-mariage\/\" class=\"more-link\">Plus <span class=\"screen-reader-text\">Sophie Ferjani d\u00e9voile des PHOTOS de son mariage<\/span> <span class=\"meta-nav\">&rarr;<\/span><\/a><\/p>\n","protected":false},"author":1,"featured_media":6740,"comment_status":"open","ping_status":"open","sticky":false,"template":"","format":"standard","meta":{"_sitemap_exclude":false,"_sitemap_priority":"","_sitemap_frequency":"","footnotes":""},"categories":[1],"tags":[],"class_list":["post-6739","post","type-post","status-publish","format-standard","has-post-thumbnail","hentry","category-tous"],"_links":{"self":[{"href":"http:\/\/www.affinite.fr\/index.php\/wp-json\/wp\/v2\/posts\/6739"}],"collection":[{"href":"http:\/\/www.affinite.fr\/index.php\/wp-json\/wp\/v2\/posts"}],"about":[{"href":"http:\/\/www.affinite.fr\/index.php\/wp-json\/wp\/v2\/types\/post"}],"author":[{"embeddable":true,"href":"http:\/\/www.affinite.fr\/index.php\/wp-json\/wp\/v2\/users\/1"}],"replies":[{"embeddable":true,"href":"http:\/\/www.affinite.fr\/index.php\/wp-json\/wp\/v2\/comments?post=6739"}],"version-history":[{"count":0,"href":"http:\/\/www.affinite.fr\/index.php\/wp-json\/wp\/v2\/posts\/6739\/revisions"}],"wp:featuredmedia":[{"embeddable":true,"href":"http:\/\/www.affinite.fr\/index.php\/wp-json\/wp\/v2\/media\/6740"}],"wp:attachment":[{"href":"http:\/\/www.affinite.fr\/index.php\/wp-json\/wp\/v2\/media?parent=6739"}],"wp:term":[{"taxonomy":"category","embeddable":true,"href":"http:\/\/www.affinite.fr\/index.php\/wp-json\/wp\/v2\/categories?post=6739"},{"taxonomy":"post_tag","embeddable":true,"href":"http:\/\/www.affinite.fr\/index.php\/wp-json\/wp\/v2\/tags?post=6739"}],"curies":[{"name":"wp","href":"https:\/\/api.w.org\/{rel}","templated":true}]}}