{"id":6733,"date":"2021-08-02T22:34:30","date_gmt":"2021-08-02T22:34:30","guid":{"rendered":"https:\/\/www.affinite.fr\/index.php\/2021\/08\/02\/une-femme-tuee-dans-laveyron-le-suspect-grievement-blesse\/"},"modified":"2021-08-02T22:34:30","modified_gmt":"2021-08-02T22:34:30","slug":"une-femme-tuee-dans-laveyron-le-suspect-grievement-blesse","status":"publish","type":"post","link":"http:\/\/www.affinite.fr\/index.php\/2021\/08\/02\/une-femme-tuee-dans-laveyron-le-suspect-grievement-blesse\/","title":{"rendered":"Une femme tu\u00e9e dans l&rsquo;Aveyron\u00a0: le suspect gri\u00e8vement bless\u00e9"},"content":{"rendered":"<p> [ad_1]<br \/>\n<br \/><img decoding=\"async\" src=\"https:\/\/img-3.journaldesfemmes.fr\/IMwI1pWEENAckAm5Ix_skX06jvg=\/1280x\/smart\/c140e91f1617485aa03063304dff27e8\/ccmcms-jdf\/26772098.jpg\" \/><\/p>\n<p>\n                Une femme de 48\u00a0ans a \u00e9t\u00e9 tu\u00e9e dans l&rsquo;Aveyron, le 1er ao\u00fbt. Son mari, qui a tent\u00e9 de se donner la mort, est le suspect principal et est actuellement gri\u00e8vement bless\u00e9&#8230;            <\/p>\n<div>\n<p><strong>Une femme de 48\u00a0ans a \u00e9t\u00e9 tu\u00e9e <\/strong>par arme blanche \u00e0 Calmont-sur-le-Segala dans l&rsquo;Aveyron, le 1er ao\u00fbt. Le <strong>conjoint de la d\u00e9funte<\/strong> est le principal <strong>suspect<\/strong>. Selon les premiers \u00e9l\u00e9ments de l&rsquo;enqu\u00eate, d\u00e9voil\u00e9s par<em>\u00a0Centre Presse Aveyron<\/em>, le jour du drame, la victime voyageait \u00e0 bord d&rsquo;un v\u00e9hicule conduit par son mari,\u00a0un \u00e9leveur d&rsquo;ovins,\u00a0en compagnie d&rsquo;autres membres de sa famille. Tous se rendaient \u00e0 un d\u00e9jeuner.\u00a0Pendant le trajet, le conducteur se serait arr\u00eat\u00e9\u00a0au lieu-dit Bonnecombe, \u00e0 Calmont, afin d&rsquo;uriner, pendant que les autres membres de la famille seraient <strong>rest\u00e9s dans le v\u00e9hicule<\/strong>. Au bout d&rsquo;un long moment, la quarantenaire se serait <strong>inqui\u00e9t\u00e9e <\/strong>de ne pas voir son conjoint revenir et aurait donc d\u00e9cid\u00e9 de rejoindre son mari afin de v\u00e9rifier que rien ne clochait&#8230;<\/p>\n<h2>Le suspect, entre la vie et la mort<\/h2>\n<aside id=\"NL_1416711668\" class=\"newsletter_subscription jNlBlock\"><noscript><br \/>\n            <\/noscript><\/p>\n<h3 class=\"newsletter_subscription-title\">Newsletter <\/h3>\n<p><a href=\"\/\/mailing.ccmbg.com\/archive\/last-85\" target=\"_blank\" class=\"a_hover\" rel=\"noopener noreferrer\">Voir un exemple<\/a><\/p>\n<\/aside>\n<p>C&rsquo;est pendant ce laps de temps que la quarantenaire a \u00e9t\u00e9 <strong>poignard\u00e9e<\/strong>. Plusieurs <strong>plaies <\/strong>ont \u00e9t\u00e9 remarqu\u00e9es, dont une au cou. Son <strong>corps sans vie <\/strong>a \u00e9t\u00e9 retrouv\u00e9 par les autres membres de la famille, tandis que le mari, principal suspect, a \u00e9t\u00e9 retrouv\u00e9 gri\u00e8vement bless\u00e9.\u00a0Il semblerait que l&rsquo;\u00e9poux de la victime, \u00e2g\u00e9 de 50\u00a0ans, ait voulu <strong>se donner la mort<\/strong>. Il est actuellement <strong>hospitalis\u00e9 <\/strong>et son <strong><a href=\"https:\/\/sante.journaldesfemmes.fr\/fiches-sante-du-quotidien\/2680003-pronostic-vital-engage-reserve-court-terme-cancer-definition-signification-combien-de-temps\/\" title=\"Pronostic vital\">pronostic vital<\/a><\/strong> est engag\u00e9. Il ne peut donc, pour l&rsquo;instant, pas \u00eatre entendu par les enqu\u00eateurs.<br \/>\u00ab\u00a0<em>Le d\u00e9roulement pr\u00e9cis des faits reste \u00e0 d\u00e9terminer <\/em>(&#8230;) <em>La <strong>motivation du geste<\/strong> interroge<\/em>\u00ab\u00a0, a pr\u00e9cis\u00e9 le parquet de Rodez, alors que des examens m\u00e9dico-l\u00e9gaux doivent \u00eatre r\u00e9alis\u00e9s pour en savoir plus sur les circonstances du drame.<\/p>\n<\/p><\/div>\n<p>[ad_2]<br \/>\n<br \/><a href=\"https:\/\/www.journaldesfemmes.fr\/societe\/actu\/2735367-femincide-aveyron-femme-tuee-mari-conjoint-blesse-hospitalise\/\">Source link <\/a><\/p>\n","protected":false},"excerpt":{"rendered":"<p>[ad_1] Une femme de 48\u00a0ans a \u00e9t\u00e9 tu\u00e9e dans l&rsquo;Aveyron, le 1er ao\u00fbt. Son mari, qui a tent\u00e9 de se &hellip; <a href=\"http:\/\/www.affinite.fr\/index.php\/2021\/08\/02\/une-femme-tuee-dans-laveyron-le-suspect-grievement-blesse\/\" class=\"more-link\">Plus <span class=\"screen-reader-text\">Une femme tu\u00e9e dans l&rsquo;Aveyron\u00a0: le suspect gri\u00e8vement bless\u00e9<\/span> <span class=\"meta-nav\">&rarr;<\/span><\/a><\/p>\n","protected":false},"author":1,"featured_media":6734,"comment_status":"open","ping_status":"open","sticky":false,"template":"","format":"standard","meta":{"_sitemap_exclude":false,"_sitemap_priority":"","_sitemap_frequency":"","footnotes":""},"categories":[1],"tags":[],"class_list":["post-6733","post","type-post","status-publish","format-standard","has-post-thumbnail","hentry","category-tous"],"_links":{"self":[{"href":"http:\/\/www.affinite.fr\/index.php\/wp-json\/wp\/v2\/posts\/6733"}],"collection":[{"href":"http:\/\/www.affinite.fr\/index.php\/wp-json\/wp\/v2\/posts"}],"about":[{"href":"http:\/\/www.affinite.fr\/index.php\/wp-json\/wp\/v2\/types\/post"}],"author":[{"embeddable":true,"href":"http:\/\/www.affinite.fr\/index.php\/wp-json\/wp\/v2\/users\/1"}],"replies":[{"embeddable":true,"href":"http:\/\/www.affinite.fr\/index.php\/wp-json\/wp\/v2\/comments?post=6733"}],"version-history":[{"count":0,"href":"http:\/\/www.affinite.fr\/index.php\/wp-json\/wp\/v2\/posts\/6733\/revisions"}],"wp:featuredmedia":[{"embeddable":true,"href":"http:\/\/www.affinite.fr\/index.php\/wp-json\/wp\/v2\/media\/6734"}],"wp:attachment":[{"href":"http:\/\/www.affinite.fr\/index.php\/wp-json\/wp\/v2\/media?parent=6733"}],"wp:term":[{"taxonomy":"category","embeddable":true,"href":"http:\/\/www.affinite.fr\/index.php\/wp-json\/wp\/v2\/categories?post=6733"},{"taxonomy":"post_tag","embeddable":true,"href":"http:\/\/www.affinite.fr\/index.php\/wp-json\/wp\/v2\/tags?post=6733"}],"curies":[{"name":"wp","href":"https:\/\/api.w.org\/{rel}","templated":true}]}}