{"id":6729,"date":"2021-08-01T22:33:24","date_gmt":"2021-08-01T22:33:24","guid":{"rendered":"https:\/\/www.affinite.fr\/index.php\/2021\/08\/01\/deces-chiffres-par-pays-voyage-vaccin\/"},"modified":"2021-08-01T22:33:24","modified_gmt":"2021-08-01T22:33:24","slug":"deces-chiffres-par-pays-voyage-vaccin","status":"publish","type":"post","link":"http:\/\/www.affinite.fr\/index.php\/2021\/08\/01\/deces-chiffres-par-pays-voyage-vaccin\/","title":{"rendered":"d\u00e9c\u00e8s, chiffres, par pays, voyage, vaccin"},"content":{"rendered":"<p> [ad_1]<br \/>\n<\/p>\n<p>\n                CORONAVIRUS MONDE &#8211; Pr\u00e8s de 200\u00a0millions de cas de Covid ont \u00e9t\u00e9 confirm\u00e9s dans le monde et plus de 4\u00a0millions de d\u00e9c\u00e8s sont recens\u00e9s depuis le 31\u00a0d\u00e9cembre 2019. L&rsquo;\u00e9pid\u00e9mie repart dans plusieurs pays alors que la vaccination s&rsquo;intensifie. Bilan en chiffres et derni\u00e8res actualit\u00e9s.            <\/p>\n<div>\n<aside class=\"ccmsummary marqueur_module ccmcss_cms_summary ccmcss_cms_summary--right\">\n<p>au Sommaire<\/p>\n<\/aside>\n<p><b>[Mise \u00e0 jour du dimanche 1er juillet<\/b><b>\u00a02021\u00a0\u00e0 21h05]<\/b>\u00a0Pr\u00e8s de 200\u00a0millions de cas de Covid ont \u00e9t\u00e9 confirm\u00e9s dans le monde et plus de 4\u00a0millions de d\u00e9c\u00e8s sont recens\u00e9s depuis le 31\u00a0d\u00e9cembre 2019. L<strong>&lsquo;\u00e9pid\u00e9mie repart dans plusieurs pays <\/strong>alors que la <strong>vaccination s&rsquo;intensifie<\/strong>. Bilan en chiffres et derni\u00e8res actualit\u00e9s. La pand\u00e9mie de Covid repart dans plusieurs pays du monde alors que les vacances d&rsquo;\u00e9t\u00e9 ont commenc\u00e9.\u00a0Selon l&rsquo;<a href=\"https:\/\/gisanddata.maps.arcgis.com\/apps\/dashboards\/bda7594740fd40299423467b48e9ecf6\" target=\"_blank\" rel=\"noopener noreferrer\">universit\u00e9 Johns Hopkins<\/a>, pr\u00e8s de <strong>4\u00a0milliards de doses de vaccins ont \u00e9t\u00e9 inject\u00e9es dans le monde<\/strong>. Chiffres et infos.\u00a0<\/p>\n<ul>\n<li><strong>Manifestations contre le confinement\u00a0en Allemagne. <\/strong>Des centaines de personnes ont manifest\u00e9 dimanche \u00e0 Berlin contre les restrictions impos\u00e9es r\u00e9cemment dans le pays\u00a0alors que les rassemblements y sont actuellement interdits. Des \u00e9chauffour\u00e9es ont \u00e9clat\u00e9 entre manifestants et forces de l&rsquo;ordre, ont rapport\u00e9 <a href=\"https:\/\/www.lexpress.fr\/actualites\/1\/monde\/allemagne-echauffourees-a-berlin-lors-de-manifestations-anti-confinement_2155902.html\" target=\"_blank\" rel=\"noopener noreferrer\">plusieurs m\u00e9dias<\/a>.<\/li>\n<li><strong>La cha\u00eene Sky News Australia suspendue pour d\u00e9sinformation. <\/strong>YouTube a annonc\u00e9 dimanche avoir suspendu pendant une semaine le m\u00e9dia Sky News Australia de sa plateforme de vid\u00e9os, a rapport\u00e9 <a href=\"https:\/\/www.courrierinternational.com\/article\/medias-la-chaine-sky-news-australia-suspendue-de-youtube-pour-desinformation-sur-le-covid-19\" target=\"_blank\" rel=\"noopener noreferrer\">Courrier International<\/a>. La filiale de Google accuse la cha\u00eene d&rsquo;avoir diffus\u00e9\u00a0de fausses informations sur le Covid-<span style=\"font-size: 1rem;\">19.\u00a0<\/span><\/li>\n<li><strong>Deux tigres de Sumatra infect\u00e9s par le\u00a0Covid-19<\/strong>. Les autorit\u00e9s indon\u00e9siennes ont indiqu\u00e9 que deux tigres de Sumatra du zoo de Jakarta avaient \u00e9t\u00e9 test\u00e9s positifs au Covid-19\u00a0\u00e0 la mi-juillet. Les deux f\u00e9lins avaient\u00a0pr\u00e9sent\u00e9 un syndrome grippal, des difficult\u00e9s respiratoires et une perte d&rsquo;app\u00e9tit. Leur \u00e9tat de sant\u00e9 s&rsquo;est depuis am\u00e9lior\u00e9.\u00a0<\/li>\n<li><b data-original-fontsize=\"20px\" data-original-lineheight=\"30px\">Une hausse du\u00a0prix des vaccins\u00a0?<\/b>\u00a0Selon le\u00a0<a data-original-fontsize=\"20px\" data-original-lineheight=\"30px\" href=\"https:\/\/www.ft.com\/content\/d415a01e-d065-44a9-bad4-f9235aa04c1a\" target=\"_blank\" rel=\"noopener noreferrer\">Financial Times<\/a>, les prix des vaccins Pfizer et Moderna auraient tous deux \u00e9t\u00e9 revus \u00e0 la hausse par leur fabricant. Dans leurs derniers contrats conclus avec l&rsquo;Union europ\u00e9enne, ils auraient ainsi augment\u00e9 respectivement de\u00a025% et\u00a010% le tarif de la dose.<\/li>\n<li><strong>4\u00a0millions de doses envoy\u00e9es au Nigeria.\u00a0<\/strong>Le Nigeria, frapp\u00e9 par une troisi\u00e8me vague \u00e9pid\u00e9mique, a re\u00e7u dimanche\u00a0quatre millions de doses du\u00a0vaccin\u00a0Moderna envoy\u00e9es\u00a0par les Etats-Unis. Son voisin, le Niger, a aussi b\u00e9n\u00e9fici\u00e9 d&rsquo;une aide des Etats-Unis et a re\u00e7u 302.400\u00a0doses de vaccin Janssen, a indiqu\u00e9 le\u00a0minist\u00e8re de la Sant\u00e9 nig\u00e9rien samedi. Le pays a d\u00e9j\u00e0 re\u00e7u plusieurs dons de vaccins anti-covid ces derniers mois, de la part de la Chine, de l&rsquo;Inde ou dans le cadre du\u00a0programme Covax.<\/li>\n<li><strong>Les femmes enceintes encourag\u00e9es \u00e0 se faire vacciner au Royaume-Uni. <\/strong>La cheffe des sages-femmes en Angleterre, Jacqueline Dunkley-Bent, a tir\u00e9 la sonnette d&rsquo;alarme quant aux risques encourus par les femmes enceintes face au variant Delta.\u00a0\u00ab\u00a0<em>Le vaccin Covid-19\u00a0peut vous garder, vous, votre b\u00e9b\u00e9 et vos proches, en s\u00e9curit\u00e9 et hors de l&rsquo;h\u00f4pital<\/em>\u00ab\u00a0, a-t-elle ainsi soulign\u00e9\u00a0vendredi dans une lettre ouverte\u00a0alors qu&rsquo;une faible proportion des femmes enceintes s&rsquo;est vue administrer, pour l&rsquo;heure,\u00a0un\u00a0s\u00e9rum anti-covid. Cet avertissement intervient alors qu&rsquo;une \u00e9tude de l&rsquo;universit\u00e9 d&rsquo;Oxford publi\u00e9e la semaine derni\u00e8re montre que 99\u00a0% des femmes enceintes hospitalis\u00e9es \u00e0 cause du Covid\u00a0n&rsquo;ont pas \u00e9t\u00e9 vaccin\u00e9es. Or, une femme enceinte sur dix admise \u00e0 l&rsquo;h\u00f4pital n\u00e9cessite des soins intensifs, concluent aussi ces travaux.<\/li>\n<li><strong>Moins de 1000 d\u00e9c\u00e8s par jour au Br\u00e9sil. <\/strong>Le nombre moyen de d\u00e9c\u00e8s quotidiens sur sept jours enregistr\u00e9\u00a0au Br\u00e9sil est pass\u00e9 samedi sous la barre des 1000. Il s&rsquo;agit d&rsquo;une premi\u00e8re depuis plus de sept mois dans le deuxi\u00e8me pays le plus endeuill\u00e9 du monde. Au total, 556.370\u00a0d\u00e9c\u00e8s et plus de 19.917.855\u00a0cas ont \u00e9t\u00e9 enregistr\u00e9s depuis le\u00a0dernier bilan du minist\u00e8re de la Sant\u00e9.\u00a0<\/li>\n<\/ul>\n<div class=\"ccminsert\">\n<aside class=\"app_widget_fo app_widget_fo--call\">\n<ul>\n<li>\n                <a href=\"https:\/\/sante.journaldesfemmes.fr\/fiches-maladies\/2700095-pass-sanitaire-covid-france-europeen-obtenir-date-telecharger-ameli-bar-restaurant-loi-hopital-telephone\/\" class=\"jGTMWidgetGAEventClick\" data-gtmwidgetgaeventaction=\"clickWidgetCall\" data-gtmwidgetgaeventlabel=\"Pass sanitaire\u00a0: t\u00e9l\u00e9charger, date, restaurant, bar, cin\u00e9ma\"><\/p>\n<figure><picture><source media=\"(max-width: 480px)\" srcset=\"https:\/\/img-3.journaldesfemmes.fr\/xPSbSoiQvPsNo-0Xp1GWIa2g5bk=\/160x105\/smart\/93e32be1d805411ba1a780bcb53d9f11\/ccmcms-jdf\/26693525.jpg\" width=\"160\" height=\"105\"><img decoding=\"async\" src=\"https:\/\/img-3.journaldesfemmes.fr\/UyiHuHnIBLjZTPKXTlUgzWKsE28=\/200x132\/smart\/93e32be1d805411ba1a780bcb53d9f11\/ccmcms-jdf\/26693525.jpg\" alt=\"\" width=\"200\" height=\"132\" loading=\"lazy\"\/><\/source><\/picture><figcaption>\n<h3>Pass sanitaire\u00a0: t\u00e9l\u00e9charger, date, restaurant, bar, cin\u00e9ma<\/h3>\n<p>Le nouvelle extension du pass sanitaire aux bars, restaurants, caf\u00e9s, h\u00f4pitaux&#8230; devrait entrer en vigueur le 9\u00a0ao\u00fbt prochain. Comment l&rsquo;obtenir\u00a0? Le t\u00e9l\u00e9charger sur son t\u00e9l\u00e9phone\u00a0? Quels sont les documents \u00e0 avoir\u00a0? Dans quels lieux sera-t-il obligatoire\u00a0? Dans les centres commerciaux\u00a0? Les trains\u00a0? Age, test, vaccin, voyage, QR Code&#8230;  Guide.<\/p>\n<\/figcaption><\/figure>\n<p><\/a>\n            <\/li>\n<\/ul>\n<\/aside>\n<\/div>\n<p>L&rsquo;\u00e9pid\u00e9mie de Covid repart au 31\u00a0juillet 2021 comme le montrent les courbes de l&rsquo;<a href=\"https:\/\/coronavirus.jhu.edu\/data\/new-cases\" target=\"_blank\" rel=\"noopener noreferrer\">Universit\u00e9 Johns Hopkins<\/a>, dans plusieurs pays\u00a0: <strong>Etats-Unis, Inde, Iran, Espagne, France, Malaysie, Turquie, Mexique, Thailande, Irak, Cuba, Vietnam.\u00a0<\/strong><\/p>\n<div style=\"text-align:center\">\n<figure class=\"image\" style=\"display:inline-block\"><a class=\"fancy\" href=\"https:\/\/img-3.journaldesfemmes.fr\/Q5uFmj_owmYqu0ZjZF7KS48j5QQ=\/1080x\/smart\/3cf1e859f9aa44ba96b5602d511e7669\/ccmcms-jdf\/26752113.png\"><img decoding=\"async\" alt=\"courbe-covid-monde-pays\" src=\"https:\/\/img-3.journaldesfemmes.fr\/drUr3pTOU7l_-LG3nwoo4-sB1EM=\/600x\/smart\/3cf1e859f9aa44ba96b5602d511e7669\/ccmcms-jdf\/26752113.png\"\/><\/a><figcaption data-credit=\"Universit\u00e9 Johns Hopkins\" data-legend=\"Evolution des nouveaux cas confirm\u00e9s de Covid sur les 7 derniers jours au 31 juillet 2021 dans les pays les plus affect\u00e9s \">Evolution des nouveaux cas confirm\u00e9s de Covid sur les 7 derniers jours au 31 juillet 2021 dans les pays les plus affect\u00e9s <small>\u00a9\u00a0Universit\u00e9 Johns Hopkins<\/small><\/figcaption><\/figure>\n<\/div>\n<p><a id=\"coronavirus-monde-nombre-de-cas-chiffres-covid-19\" name=\"coronavirus-monde-nombre-de-cas-chiffres-covid-19\" style=\"font-size: 1.125rem; background-color: rgb(255, 255, 255);\" target=\"_blank\" rel=\"noopener noreferrer\">Combien de cas de Covid-19\u00a0dans le monde\u00a0?\u00a0<\/a><span style=\"font-size: 1rem;\">\u00a0 \u00a0<\/span><\/p>\n<section>\n<p><span style=\"font-size: 1rem;\">Au 31<\/span>\u00a0juillet<span style=\"font-size: 1rem;\">\u00a02021, <\/span><strong style=\"font-size: 1rem;\">plus\u00a0de 198<\/strong><span style=\"font-size: 1rem;\">\u00a0<\/span><strong style=\"font-size: 1rem;\">millions\u00a0de personnes <\/strong><span style=\"font-size: 1rem;\">ont \u00e9t\u00e9 test\u00e9es positives au virus selon les comptages de l&rsquo;<\/span><a href=\"https:\/\/gisanddata.maps.arcgis.com\/apps\/opsdashboard\/index.html#\/bda7594740fd40299423467b48e9ecf6\" style=\"font-size: 1rem; background-color: rgb(255, 255, 255);\" target=\"_blank\" rel=\"noopener noreferrer\">Universit\u00e9 Johns Hopkins<\/a><strong style=\"font-size: 1rem;\">\u00a0(<\/strong><strong>198\u00a0032\u00a0883<\/strong><strong style=\"font-size: 1rem;\">).<\/strong><span style=\"font-size: 1rem;\">\u00a0Selon les chiffres du\u00a0<\/span><a href=\"https:\/\/www.ecdc.europa.eu\/en\/geographical-distribution-2019-ncov-cases\" style=\"font-size: 1rem; background-color: rgb(255, 255, 255);\" target=\"_blank\" rel=\"noopener noreferrer\">Centre europ\u00e9en de pr\u00e9vention et de contr\u00f4le des maladies<\/a>\u00a0arr\u00eat\u00e9s \u00e0 la semaine 29\u00a0(29\u00a0juillet)<span style=\"font-size: 1rem;\">,\u00a0<\/span><strong style=\"font-size: 1rem;\">194 860\u00a0770\u00a0<\/strong><span style=\"font-size: 1rem;\">cas ont \u00e9t\u00e9 confirm\u00e9s entre le 31 d\u00e9cembre 2019.\u00a0Ces chiffres varient\u00a0selon les d\u00e9finitions de cas appliqu\u00e9es dans chaque pays et leurs strat\u00e9gies de d\u00e9pistage.\u00a0\u00a0<\/span><\/p>\n<p>L&rsquo;\u00e9pid\u00e9mie de coronavirus continue de faire des morts. Le 31 juillet, plus de 4,2\u00a0millions de d\u00e9c\u00e8s sont d\u00e9plor\u00e9s,\u00a0selon les comptages de l&rsquo;<a href=\"https:\/\/gisanddata.maps.arcgis.com\/apps\/opsdashboard\/index.htm\" target=\"_blank\" rel=\"noopener noreferrer\">Universit\u00e9 Johns Hopkins<\/a>\u00a0<strong>(4 220\u00a0504)<\/strong>\u00a0et du\u00a0<a href=\"https:\/\/www.ecdc.europa.eu\/en\/geographical-distribution-2019-ncov-cases\" target=\"_blank\" rel=\"noopener noreferrer\">Centre europ\u00e9en de pr\u00e9vention et de contr\u00f4le des maladies<\/a>\u00a0(<strong>4 168\u00a0372\u00a0<\/strong>entre le 31\u00a0d\u00e9cembre 2019\u00a0et le 29\u00a0juillet).\u00a0<\/p>\n<p>La vaccination progresse dans le monde.\u00a0Selon les chiffres de l&rsquo;<a href=\"https:\/\/gisanddata.maps.arcgis.com\/apps\/dashboards\/bda7594740fd40299423467b48e9ecf6\" target=\"_blank\" rel=\"noopener noreferrer\">universit\u00e9 Johns Hopkins<\/a>, plus de <strong>4,1\u00a0milliards de doses de vaccins ont \u00e9t\u00e9 inject\u00e9es dans le monde<\/strong>. En <a href=\"https:\/\/solidarites-sante.gouv.fr\/actualites\/presse\/communiques-de-presse\/article\/vaccination-contre-la-covid-en-france-au-28-juillet-2021-pres-de-71-910-000-d\" target=\"_blank\" rel=\"noopener noreferrer\">France<\/a>, au 31\u00a0juillet,\u00a042\u00a0466\u00a0447\u00a0personnes ont re\u00e7u au moins une injection (soit 63 % de la population totale) et 35\u00a0400\u00a0285\u00a0personnes ont d\u00e9sormais un sch\u00e9ma vaccinal complet (soit 52,5% de la population totale).<\/p>\n<div style=\"text-align:center\">\n<figure class=\"image\" style=\"display:inline-block\"><a class=\"fancy\" href=\"https:\/\/img-3.journaldesfemmes.fr\/h4P8ymLlFF29CSvBd7RJbtyCTkk=\/1080x\/smart\/434aef418c4748d69f68acc3e7639a4a\/ccmcms-jdf\/26666014.jpg\"><img decoding=\"async\" alt=\"vaccination-covid-monde-pays\" src=\"https:\/\/img-3.journaldesfemmes.fr\/h4P8ymLlFF29CSvBd7RJbtyCTkk=\/1080x\/smart\/434aef418c4748d69f68acc3e7639a4a\/ccmcms-jdf\/26666014.jpg\"\/><\/a><figcaption data-credit=\"Universit\u00e9 Johns Hopkins Centers for Civic Impact, CDC, Our World in Data, How to use our data.\" data-legend=\"Taux de vaccination Covid dans le monde par pays\">Taux de vaccination Covid dans le monde par pays <small>\u00a9\u00a0Universit\u00e9 Johns Hopkins Centers for Civic Impact, CDC, Our World in Data, How to use our data.<\/small><\/figcaption><\/figure>\n<\/div>\n<p>\u00a0<\/p>\n<\/section>\n<div style=\"text-align:center\">\n<figure class=\"image\" style=\"display:inline-block\"><a class=\"fancy\" href=\"https:\/\/img-3.journaldesfemmes.fr\/mG5R2G-X8c7vz5JafazVxqGVsBw=\/1080x\/smart\/d43c5da723124366bcd393c2674966fb\/ccmcms-jdf\/26665796.jpg\" target=\"_blank\" rel=\"noopener noreferrer\"><img decoding=\"async\" alt=\"courbe-covid-monde-pays-jour\" src=\"https:\/\/img-3.journaldesfemmes.fr\/mG5R2G-X8c7vz5JafazVxqGVsBw=\/1080x\/smart\/d43c5da723124366bcd393c2674966fb\/ccmcms-jdf\/26665796.jpg\"\/><\/a><figcaption data-credit=\"ECDC\" data-legend=\"Courbe d'\u00e9volution des nouveaux cas journaliers de Covid-19 dans le monde jusqu'au 28 juillet 2021 \">Courbe d&rsquo;\u00e9volution des nouveaux cas journaliers de Covid-19\u00a0dans le monde jusqu&rsquo;au 28\u00a0juillet 2021 <small>\u00a9\u00a0ECDC<\/small><\/figcaption><\/figure>\n<\/div>\n<p>\u00a0<\/p>\n<h3><a id=\"tableau-classement-covid-cas-pays-plus-touches-monde-pourcentage\" name=\"tableau-classement-covid-cas-pays-plus-touches-monde-pourcentage\">Tableau des\u00a010\u00a0pays recensant le plus grand nombre de cas de Covid-19\u00a0dans le monde au 31\u00a0juillet 2021<\/a>\u00a0(Sources\u00a0: Universit\u00e9 Johns Hopkins)<\/h3>\n<table border=\"1\" cellpadding=\"1\" cellspacing=\"1\">\n<thead>\n<tr>\n<th scope=\"col\" style=\"width: 181px;\">\n<p>Pays<\/p>\n<\/th>\n<th scope=\"col\" style=\"width: 273px;\">\n<p>Nombre de cas confirm\u00e9s<\/p>\n<\/th>\n<th scope=\"col\" style=\"width: 254px;\">\n<p>Nombre total d&rsquo;habitants (en millions)<\/p>\n<\/th>\n<th scope=\"col\" style=\"width: 290px;\">\n<p>Pourcentage de la population infect\u00e9e<\/p>\n<\/th>\n<\/tr>\n<tr>\n<td style=\"width: 181px;\">\n<p><strong>Etats-Unis <\/strong><\/p>\n<\/td>\n<td style=\"width: 273px;\">34 980 079<\/td>\n<td style=\"width: 254px;\">\n<p>328,2<\/p>\n<\/td>\n<td style=\"width: 290px;\">\n<p>10,56%<\/p>\n<\/td>\n<\/tr>\n<tr>\n<td style=\"width: 181px;\"><strong>Inde<\/strong><\/td>\n<td style=\"width: 273px;\">31 655 824<\/td>\n<td style=\"width: 254px;\">1\u00a0353<\/td>\n<td style=\"width: 290px;\">\n<p>2,34%<\/p>\n<\/td>\n<\/tr>\n<tr>\n<td style=\"width: 181px;\">\n<p><b>Br\u00e9sil<\/b><\/p>\n<\/td>\n<td style=\"width: 273px;\">19 917 855<\/td>\n<td style=\"width: 254px;\">\n<p>209,5<\/p>\n<\/td>\n<td style=\"width: 290px;\">\n<p>9,51%<\/p>\n<\/td>\n<\/tr>\n<tr>\n<td style=\"width: 181px;\">\n<p><strong>Russie<\/strong><\/p>\n<\/td>\n<td style=\"width: 273px;\">6 207\u00a0513\u00a0<\/td>\n<td style=\"width: 254px;\">144,5<\/td>\n<td style=\"width: 290px;\">\n<p>4,30%<\/p>\n<\/td>\n<\/tr>\n<tr>\n<td style=\"width: 181px;\"><b>France<\/b><\/td>\n<td style=\"width: 273px;\"><strong>6\u00a0190\u00a0334<\/strong><\/td>\n<td style=\"width: 254px;\"><strong>66,9<\/strong><\/td>\n<td style=\"width: 290px;\"><strong>9,25%<\/strong><\/td>\n<\/tr>\n<tr>\n<td style=\"width: 181px;\"><strong>Royaume-Uni<\/strong><\/td>\n<td style=\"width: 273px;\">5\u00a0883\u00a0451<\/td>\n<td style=\"width: 254px;\">66,65<\/td>\n<td style=\"width: 290px;\">8,83%<\/td>\n<\/tr>\n<tr>\n<td style=\"width: 181px;\"><b>Turquie<\/b><\/td>\n<td style=\"width: 273px;\">5\u00a0722 045<\/td>\n<td style=\"width: 254px;\">84,3<\/td>\n<td style=\"width: 290px;\">6,79%<\/td>\n<\/tr>\n<tr>\n<td style=\"width: 181px;\"><span style=\"font-weight: 600;\">Argentine<\/span><\/td>\n<td style=\"width:273px;\">4 929 764<\/td>\n<td style=\"width: 254px;\">44,5<\/td>\n<td style=\"width: 290px;\">11.08%<\/td>\n<\/tr>\n<tr>\n<td style=\"width: 181px;\"><b>Colombie<\/b><\/td>\n<td style=\"width: 273px;\">4\u00a0785 320<\/td>\n<td style=\"width: 254px;\">49<\/td>\n<td style=\"width:290px;\">9,77%<\/td>\n<\/tr>\n<tr>\n<td style=\"width: 181px;\"><strong>Espagne<\/strong><\/td>\n<td style=\"width: 273px;\">4 447 084<\/td>\n<td style=\"width: 254px;\">\u00a047<\/td>\n<td style=\"width: 290px;\">9.46%<\/td>\n<\/tr>\n<\/thead>\n<\/table>\n<p>&gt; <strong><a href=\"https:\/\/gisanddata.maps.arcgis.com\/apps\/opsdashboard\/index.html#\/bda7594740fd40299423467b48e9ecf6\" target=\"_blank\" rel=\"noopener noreferrer\">Voir le nombre de cas des autres pays<\/a><\/strong><\/p>\n<h3><a id=\"tableau-pays-covid-morts-classement\" name=\"tableau-pays-covid-morts-classement\">Tableau des 10\u00a0pays recensant le plus grand nombre de d\u00e9c\u00e8s par Covid-19\u00a0dans le monde au 31\u00a0juillet 2021\u00a0<\/a>(Source\u00a0: Johns Hopkins Universit\u00e9)<\/h3>\n<table border=\"1\" cellpadding=\"1\" cellspacing=\"1\">\n<thead>\n<tr>\n<th scope=\"col\" style=\"width: 126px;\">\n<p style=\"text-align: center;\">Pays<\/p>\n<\/th>\n<th scope=\"col\" style=\"width: 282px;\">\n<p style=\"text-align: center;\">Nombre de d\u00e9c\u00e8s<\/p>\n<\/th>\n<th scope=\"col\" style=\"width: 588px;\">\n<p style=\"text-align: center;\">Pourcentage de la population d\u00e9c\u00e9d\u00e9e<\/p>\n<\/th>\n<\/tr>\n<tr>\n<td style=\"width: 126px;\">\n<p><strong>Etats-Unis<\/strong><\/p>\n<\/td>\n<td style=\"width: 282px;\">613 157<\/td>\n<td style=\"width: 588px;\">\n<p>0.19%<\/p>\n<\/td>\n<\/tr>\n<tr>\n<td style=\"width: 126px;\">\n<p><strong>Br\u00e9sil<\/strong><\/p>\n<\/td>\n<td style=\"width: 282px;\">556 370<\/td>\n<td style=\"width: 588px;\">\n<p>0.27%<\/p>\n<\/td>\n<\/tr>\n<tr>\n<td style=\"width: 126px;\">\n<p><span style=\"font-weight: 600;\">Inde<\/span><\/p>\n<\/td>\n<td style=\"width: 282px;\">424 351<\/td>\n<td style=\"width: 588px;\">0.03%<\/td>\n<\/tr>\n<tr>\n<td style=\"width: 126px;\">\n<p><span style=\"font-weight: 600;\">Mexique<\/span><\/p>\n<\/td>\n<td style=\"width: 282px;\">240 906<\/td>\n<td style=\"width: 588px;\">\n<p>0.19%<\/p>\n<\/td>\n<\/tr>\n<tr>\n<td style=\"width: 126px;\"><strong>P\u00e9rou<\/strong><\/td>\n<td style=\"width: 282px;\">196 353<\/td>\n<td style=\"width: 588px;\">0,62%<\/td>\n<\/tr>\n<tr>\n<td style=\"width: 126px;\"><strong>Russie<\/strong><\/td>\n<td style=\"width: 282px;\">156 726<\/td>\n<td style=\"width: 588px;\">0.11%<\/td>\n<\/tr>\n<tr>\n<td style=\"width: 126px;\"><strong>Royaume-Uni<\/strong><\/td>\n<td style=\"width:282px;\">129 949<\/td>\n<td style=\"width: 588px;\">0.19%<\/td>\n<\/tr>\n<tr>\n<td style=\"width: 126px;\"><b>Italie<\/b><\/td>\n<td style=\"width: 282px;\">128 063<\/td>\n<td style=\"width: 588px;\">\n<p>0.21%<\/p>\n<\/td>\n<\/tr>\n<tr>\n<td style=\"width: 126px;\">\n<p><strong>Colombie<\/strong><\/p>\n<\/td>\n<td style=\"width: 282px;\">120\u00a0723<\/td>\n<td style=\"width: 588px;\">0.25%<\/td>\n<\/tr>\n<tr>\n<td style=\"width: 126px;\"><b>France<\/b><\/td>\n<td style=\"width: 282px;\"><strong>112\u00a0055\u00a0<\/strong><\/td>\n<td style=\"width: 588px;\"><strong>0.17%<\/strong><\/td>\n<\/tr>\n<tr>\n<td style=\"width: 126px;\"><strong>Argentine<\/strong><\/td>\n<td style=\"width: 282px;\">105 721<\/td>\n<td style=\"width: 588px;\">0.24%<\/td>\n<\/tr>\n<\/thead>\n<\/table>\n<p>&gt; <strong><a href=\"https:\/\/gisanddata.maps.arcgis.com\/apps\/opsdashboard\/index.html#\/bda7594740fd40299423467b48e9ecf6\" target=\"_blank\" rel=\"noopener noreferrer\">Voir le nombre de d\u00e9c\u00e8s\u00a0des autres pays<\/a><\/strong><\/p>\n<table border=\"1\" cellpadding=\"1\" cellspacing=\"1\">\n<thead>\n<tr>\n<th scope=\"col\">PAYS<\/th>\n<th scope=\"col\">NOMBRE DE MORTS (31 juillet 2021)<\/th>\n<\/tr>\n<tr>\n<td><strong>ITALIE<\/strong><\/td>\n<td>128 063<\/td>\n<\/tr>\n<tr>\n<td><strong>FRANCE<\/strong><\/td>\n<td>112 055<\/td>\n<\/tr>\n<tr>\n<td><strong>ALLEMAGNE<\/strong><\/td>\n<td>91 666<\/td>\n<\/tr>\n<tr>\n<td><strong>ESPAGNE<\/strong><\/td>\n<td>81 486<\/td>\n<\/tr>\n<tr>\n<td><strong>POLOGNE<\/strong><\/td>\n<td>75\u00a0261<\/td>\n<\/tr>\n<tr>\n<td><strong>ROUMANIE<\/strong><\/td>\n<td>34\u00a0286<\/td>\n<\/tr>\n<tr>\n<td><strong>REPUBLIQUE TCHEQUE<\/strong><\/td>\n<td>30\u00a0374<\/td>\n<\/tr>\n<tr>\n<td><strong>HONGRIE<\/strong><\/td>\n<td>30\u00a0026<\/td>\n<\/tr>\n<tr>\n<td><strong>BELGIQUE<\/strong><\/td>\n<td>25\u00a0241<\/td>\n<\/tr>\n<tr>\n<td><strong>BULGARIE<\/strong><\/td>\n<td>18\u00a0213<\/td>\n<\/tr>\n<tr>\n<td><strong>PAYS-BAS<\/strong><\/td>\n<td>18 114<\/td>\n<\/tr>\n<tr>\n<td><strong>PORTUGAL<\/strong><\/td>\n<td>17\u00a0344<\/td>\n<\/tr>\n<tr>\n<td><strong>SUEDE<\/strong><\/td>\n<td>14\u00a0655<\/td>\n<\/tr>\n<tr>\n<td><strong>GRECE<\/strong><\/td>\n<td>12\u00a0940<\/td>\n<\/tr>\n<tr>\n<td><strong>SLOVAQUIE<\/strong><\/td>\n<td>12\u00a0540<\/td>\n<\/tr>\n<tr>\n<td><strong>AUTRICHE<\/strong><\/td>\n<td>10 738<\/td>\n<\/tr>\n<tr>\n<td><strong>CROATIE<\/strong><\/td>\n<td>8\u00a0263<\/td>\n<\/tr>\n<tr>\n<td><strong>IRLANDE<\/strong><\/td>\n<td>5\u00a0035<\/td>\n<\/tr>\n<tr>\n<td><strong>SLOVENIE<\/strong><\/td>\n<td>4 429<\/td>\n<\/tr>\n<tr>\n<td><strong>LITUANIE<\/strong><\/td>\n<td>4\u00a0416<\/td>\n<\/tr>\n<tr>\n<td><strong>LETTONIE<\/strong><\/td>\n<td>2\u00a0556<\/td>\n<\/tr>\n<tr>\n<td><strong>DANEMARK<\/strong><\/td>\n<td>2\u00a0551<\/td>\n<\/tr>\n<tr>\n<td><strong>ESTONIE<\/strong><\/td>\n<td>1\u00a0272\u00a0<\/td>\n<\/tr>\n<tr>\n<td><strong>FINLANDE<\/strong><\/td>\n<td>985<\/td>\n<\/tr>\n<tr>\n<td><strong>LUXEMBOURG<\/strong><\/td>\n<td>822<\/td>\n<\/tr>\n<tr>\n<td><strong>NORVEGE<\/strong><\/td>\n<td>799<\/td>\n<\/tr>\n<tr>\n<td><strong>MALTE<\/strong><\/td>\n<td>423<\/td>\n<\/tr>\n<tr>\n<td><strong>CHYPRE<\/strong><\/td>\n<td>419<\/td>\n<\/tr>\n<tr>\n<td><strong>LIECHTENSTEIN<\/strong><\/td>\n<td>59<\/td>\n<\/tr>\n<tr>\n<td><strong>ISLANDE<\/strong><\/td>\n<td>30<\/td>\n<\/tr>\n<\/thead>\n<\/table>\n<p>L&rsquo;un des moyens les plus importants pour\u00a0mesurer l&rsquo;impact de l&rsquo;\u00e9pid\u00e9mie de Covid-19\u00a0sur un pays est\u00a0la mortalit\u00e9. Les pays du monde entier ont signal\u00e9 des<strong> ratios de l\u00e9talit\u00e9 <\/strong>tr\u00e8s diff\u00e9rents (nombre de d\u00e9c\u00e8s pour 100\u00a0cas\u00a0confirm\u00e9s). Comme le souligne l&rsquo;<a href=\"https:\/\/coronavirus.jhu.edu\/data\/mortality\" target=\"_blank\" rel=\"noopener noreferrer\">Universit\u00e9 Johns Hopkins<\/a><em>\u00a0\u00ab\u00a0les diff\u00e9rences dans les chiffres\u00a0de mortalit\u00e9 peuvent \u00eatre caus\u00e9es par les diff\u00e9rences du\u00a0nombre de personnes test\u00e9es, la d\u00e9mographie (la\u00a0mortalit\u00e9 a tendance \u00e0 \u00eatre plus \u00e9lev\u00e9e dans les populations plus \u00e2g\u00e9es), les caract\u00e9ristiques du syst\u00e8me de sant\u00e9 (la mortalit\u00e9 augmente plus quand les\u00a0h\u00f4pitaux sont d\u00e9bord\u00e9s et disposent de moins de ressources)\u00a0\u00bb<\/em>.<\/p>\n<div style=\"text-align:center\">\n<figure class=\"image\" style=\"display:inline-block\"><a class=\"fancy\" href=\"https:\/\/img-3.journaldesfemmes.fr\/-3x23F0RAlGVUP3aouiqYMylFV0=\/1080x\/smart\/4ffd76f499ae479eb67534be38997e54\/ccmcms-jdf\/26752294.png\"><img decoding=\"async\" alt=\"courbe-covid-monde-mort-pays\" src=\"https:\/\/img-3.journaldesfemmes.fr\/-3x23F0RAlGVUP3aouiqYMylFV0=\/1080x\/smart\/4ffd76f499ae479eb67534be38997e54\/ccmcms-jdf\/26752294.png\"\/><\/a><figcaption data-credit=\"Universit\u00e9 Johns Hopkins\" data-legend=\"Ratio de l\u00e9talit\u00e9 du Covid par pays (nombre de d\u00e9c\u00e8s pour 100\u00a0cas confirm\u00e9s du Covid) au 31 juillet 2021 \">Ratio de l\u00e9talit\u00e9 du Covid par pays (nombre de d\u00e9c\u00e8s pour 100\u00a0cas confirm\u00e9s du Covid) au 31 juillet 2021 <small>\u00a9\u00a0Universit\u00e9 Johns Hopkins<\/small><\/figcaption><\/figure>\n<\/div>\n<p>Les pays pr\u00e9sent\u00e9s dans ce graphique ont le plus de d\u00e9c\u00e8s proportionnellement \u00e0 leur population mais\u00a0pas n\u00e9cessairement le plus de d\u00e9c\u00e8s dans l&rsquo;ensemble.<\/p>\n<div style=\"text-align:center\">\n<figure class=\"image\" style=\"display:inline-block\"><a class=\"fancy\" href=\"https:\/\/img-3.journaldesfemmes.fr\/1YZSeg53_YCEcJ0ZI3AGGTn69OE=\/1080x\/smart\/b2010859ba294472be2f9f21c3642397\/ccmcms-jdf\/26752367.png\"><img decoding=\"async\" alt=\"covid-monde-mort-taux-pays\" src=\"https:\/\/img-3.journaldesfemmes.fr\/1YZSeg53_YCEcJ0ZI3AGGTn69OE=\/1080x\/smart\/b2010859ba294472be2f9f21c3642397\/ccmcms-jdf\/26752367.png\"\/><\/a><figcaption data-credit=\"Universit\u00e9 Johns Hopkins\" data-legend=\"Nombre de d\u00e9c\u00e8s li\u00e9s \u00e0 la Covid-19\u00a0pour 100\u00a0000\u00a0habitants dans le pays, au 1er ao\u00fbt 2021 \">Nombre de d\u00e9c\u00e8s li\u00e9s \u00e0 la Covid-19\u00a0pour 100\u00a0000\u00a0habitants dans le pays, au 1er ao\u00fbt 2021 <small>\u00a9\u00a0Universit\u00e9 Johns Hopkins<\/small><\/figcaption><\/figure>\n<\/div>\n<section>\n<p><strong>L&rsquo;Espagne a rouvert\u00a0ses fronti\u00e8res \u00e0 toutes les personnes vaccin\u00e9es depuis le 7\u00a0juin<\/strong>. Le port du masque obligatoire pour toute personne de plus de 6\u00a0ans dans les espaces clos recevant du public ou ouverts au public, dans tous les espaces \u00e0 l&rsquo;air libre et dans les transports.<\/p>\n<table border=\"1\" cellpadding=\"1\" cellspacing=\"1\">\n<thead>\n<tr>\n<th scope=\"col\" style=\"text-align: center; width: 131px;\">\u00a0<\/th>\n<th scope=\"col\" style=\"text-align: center; width: 225px;\">Nombre de cas de Covid-19 en Espagne<\/th>\n<th scope=\"col\" style=\"text-align: center; width: 158px;\">Rang dans le monde<\/th>\n<th scope=\"col\" style=\"text-align: center; width: 232px;\">Nombre de d\u00e9c\u00e8s en Espagne<\/th>\n<th scope=\"col\" style=\"text-align: center; width: 240px;\">Rang dans le monde<\/th>\n<\/tr>\n<\/thead>\n<tbody>\n<tr>\n<td style=\"text-align: center; width: 131px;\">31\/07\/2021<\/td>\n<td style=\"text-align: center; width: 225px;\">4 447 044<\/td>\n<td style=\"text-align: center; width: 158px;\">10<\/td>\n<td style=\"width: 232px; text-align: center;\">81 486<\/td>\n<td style=\"text-align: center; width: 240px;\">\n<p>14<\/p>\n<\/td>\n<\/tr>\n<\/tbody>\n<\/table>\n<div style=\"text-align:center\">\n<figure class=\"image\" style=\"display:inline-block\"><a class=\"fancy\" href=\"https:\/\/img-3.journaldesfemmes.fr\/NFBn8go66vmjsGmAIPecUf36KpU=\/1080x\/smart\/87816eafbfee42ec9fdbd8511c9a8dd8\/ccmcms-jdf\/26666684.jpg\"><img decoding=\"async\" alt=\"courbe-covid-espagne\" src=\"https:\/\/img-3.journaldesfemmes.fr\/PUOWWtkj4uLn-Q9mO0PaRpEYCLg=\/450x\/smart\/87816eafbfee42ec9fdbd8511c9a8dd8\/ccmcms-jdf\/26666684.jpg\"\/><\/a><figcaption data-credit=\"Universit\u00e9 Johns Hopkins\" data-legend=\"Courbe des contaminations Covid en Espagne jusqu'au 28 juillet\">Courbe des contaminations Covid en Espagne jusqu&rsquo;au 28 juillet <small>\u00a9\u00a0Universit\u00e9 Johns Hopkins<\/small><\/figcaption><\/figure>\n<\/div>\n<p>En Espagne, les\u00a0restrictions sont adapt\u00e9es selon les villes : <strong>fermeture de tous les bars et restaurants \u00e0 01h avec\u00a0accueil des clients jusqu&rsquo;\u00e0 minuit \u00e0 Madrid<\/strong> ; rassemblement de plus de 10 personnes interdits en Catalogne ;\u00a0l&rsquo;h\u00f4tellerie, la restauration, et les commerces ferment \u00e0 minuit en Andalousie&#8230;<\/p>\n<p><strong>&gt; Plus d&rsquo;informations sur <a href=\"https:\/\/www.diplomatie.gouv.fr\/fr\/conseils-aux-voyageurs\/conseils-par-pays-destination\/espagne\/\" target=\"_blank\" rel=\"noopener noreferrer\">France Diplomatie<\/a>.<\/strong><\/p>\n<\/section>\n<p><strong>A compter du 2\u00a0juillet, un couvre-feu nocturne (23h00\u00a0\u00e0 5h00) est r\u00e9tabli dans les communes plac\u00e9es en niveau de risque \u00e9lev\u00e9 et tr\u00e8s \u00e9lev\u00e9<\/strong>.\u00a0Le couvre-feu est en vigueur tous les jours de 23h \u00e0 5h du matin. Les Fran\u00e7ais peuvent <a href=\"http:\/\/www.affinite.fr\/index.php\/2023\/07\/29\/changer-de-vie-voyager-complement-de-retraite-devenez-vendeur-de-glace-a-litalienne\/\">voyager<\/a> au Portugal s&rsquo;ils pr\u00e9sentent un pass sanitaire europ\u00e9en<strong>\u00a0quel que soit le motif du d\u00e9placement (continental et \u00eeles).\u00a0A l&rsquo;arriv\u00e9e<\/strong>, les voyageurs\u00a0sont tenus\u00a0de se soumettre \u00e0 une<strong> prise de temp\u00e9rature et\u00a0de renseigner un\u00a0<a href=\"https:\/\/pt.ambafrance.org\/IMG\/pdf\/cartao_de_localizacao_de_passageiro_-_portugal-passenger-locator-card_1_-2.pdf?8279\/4f32a97636c0d1d94b4a42a89c4eb9d3c3a7b852\" rel=\"external noopener noreferrer\" target=\"_blank\" title=\"https:\/\/pt.ambafrance.org\/IMG\/pdf\/cartao_de_localizacao_de_passageiro_-_portugal-passenger-locator-card_1_-2.pdf?8279\/4f32a97636c0d1d94b4a42a89c4eb9d3c3a7b852 (nouvelle fen\u00eatre)\">formulaire exig\u00e9 par les autorit\u00e9s de sant\u00e9 portugaises<\/a>. Pour les communes plac\u00e9es\u00a0en niveau de\u00a0tr\u00e8s \u00e9lev\u00e9<\/strong>\u00a0(Albufeira, Almada, Amadora, Barreiro, Cascais, Const\u00e2ncia, Lisboa, Loul\u00e9, Loures, Mafra, Mira, Moita, Odivelas, Oeiras, Olh\u00e3o, Seixal, Sesimbra, Sintra et Sobral de Monte Agra\u00e7o),\u00a0les restaurants, caf\u00e9s et commerces non alimentaires ferment \u00e0 15h30\u00a0le week-end.<\/p>\n<p><strong>&gt; Plus d&rsquo;informations sur <a href=\"https:\/\/www.diplomatie.gouv.fr\/fr\/conseils-aux-voyageurs\/conseils-par-pays-destination\/portugal\/\" target=\"_blank\" rel=\"noopener noreferrer\">France Diplomatie<\/a>.<\/strong><\/p>\n<table border=\"1\" cellpadding=\"1\" cellspacing=\"1\" style=\"width:100%;\">\n<thead>\n<tr>\n<th scope=\"col\" style=\"width: 120px;\">\u00a0<\/th>\n<th scope=\"col\" style=\"width: 237px; text-align: center;\">Nombre de cas de Covid-19\u00a0<\/th>\n<th scope=\"col\" style=\"width: 184px; text-align: center;\">Rang dans le monde<\/th>\n<th scope=\"col\" style=\"width: 208px; text-align: center;\">Nombre de d\u00e9c\u00e8s<\/th>\n<\/tr>\n<tr>\n<td style=\"width: 120px;\">31\/07\/2021<\/td>\n<td style=\"text-align: center; width: 237px;\">966 041<\/td>\n<td style=\"width: 184px; text-align: center;\">32<\/td>\n<td style=\"width: 208px; text-align: center;\">17 344<\/td>\n<\/tr>\n<\/thead>\n<\/table>\n<p>Les \u00c9tats-Unis sont le<b>\u00a0pays le plus lourdement affect\u00e9 au monde\u00a0<\/b>par la pand\u00e9mie de coronavirus en chiffres absolus. C&rsquo;est toujours un des foyers majeurs de l&rsquo;\u00e9pid\u00e9mie en juin 2021.\u00a0<\/p>\n<table border=\"1\" cellpadding=\"1\" cellspacing=\"1\" style=\"width:100%;\">\n<thead>\n<tr>\n<th scope=\"col\" style=\"width: 120px;\">\u00a0<\/th>\n<th scope=\"col\" style=\"width: 237px;\">Nombre de cas de Covid-19 aux <a href=\"http:\/\/www.affinite.fr\/index.php\/2021\/10\/06\/camion-de-glace-style-usa-made-in-france\/\">USA<\/a><\/th>\n<th scope=\"col\" style=\"width: 184px;\">Rang dans le monde<\/th>\n<th scope=\"col\" style=\"width: 208px;\">Nombre de d\u00e9c\u00e8s aux USA<\/th>\n<th scope=\"col\" style=\"width: 238px;\">Rang dans le monde<\/th>\n<\/tr>\n<tr>\n<td style=\"width: 120px;\">31\/07\/2021<\/td>\n<td style=\"text-align: center; width: 237px;\">34 980 079<\/td>\n<td style=\"width: 184px; text-align: center;\">1<\/td>\n<td style=\"width: 208px; text-align: center;\">613 157<\/td>\n<td style=\"width: 238px; text-align: center;\">1<\/td>\n<\/tr>\n<\/thead>\n<\/table>\n<p><strong>Depuis le 26\u00a0janvier 2021<\/strong>, les passagers \u00e2g\u00e9s de 2\u00a0ans ou plus voyageant \u00e0 destination des \u00c9tats-Unis, \u00e0 partir de tout pays \u00e9tranger dont la France, doivent pr\u00e9senter lors de leur embarquement le r\u00e9sultat d&rsquo;un test de d\u00e9pistage virologique r\u00e9alis\u00e9 dans les trois jours calendaires pr\u00e9c\u00e9dant le vol ne concluant pas \u00e0 une contamination par la COVID-19. Ces mesures s&rsquo;appliquent m\u00eame en cas de simple transit sur le territoire am\u00e9ricain.<\/p>\n<div style=\"text-align:center\">\n<figure class=\"image\" style=\"display:inline-block\"><a class=\"fancy\" href=\"https:\/\/img-3.journaldesfemmes.fr\/lwV8gW0WzQJ-m7jeo3yzLavt1kE=\/1080x\/smart\/955f8b4a173548a4ba0c519945aa9641\/ccmcms-jdf\/26666767.jpg\"><img decoding=\"async\" alt=\"courbe-covid-etats-unis\" src=\"https:\/\/img-3.journaldesfemmes.fr\/OCL3nh4-yo_Mk3ahSKn9YyciKhY=\/450x\/smart\/955f8b4a173548a4ba0c519945aa9641\/ccmcms-jdf\/26666767.jpg\"\/><\/a><figcaption data-credit=\"Universit\u00e9 Johns Hopkins\" data-legend=\"Courbe d'\u00e9volution des cas de Covid-19 aux Etats-Unis jusqu'au 28 juillet \">Courbe d&rsquo;\u00e9volution des cas de Covid-19 aux Etats-Unis jusqu&rsquo;au 28 juillet <small>\u00a9\u00a0Universit\u00e9 Johns Hopkins<\/small><\/figcaption><\/figure>\n<\/div>\n<p>L&rsquo;Angleterre n&rsquo;est pas encore sortie de l&rsquo;\u00e9pid\u00e9mie de Covid puisqu&rsquo;elle fait face \u00e0 une nouvelle hausse des cas en juin, \u00e0 cause du <strong>variant Delta<\/strong>. Malgr\u00e9 cela, les restrictions sanitaires sont lev\u00e9es \u00e0 partir du\u00a0<strong>19 juillet.<\/strong>\u00a0A compter du 19\u00a0juillet (4h du matin), le Royaume-Uni a annonc\u00e9 que les personnes enti\u00e8rement vaccin\u00e9es au Royaume-Uni \u00e9taient exempt\u00e9es de quarantaine si elle provenaient d&rsquo;un pays Ambre. Cette mesure ne concerne pas les voyageurs (quelle que soit leur nationalit\u00e9) qui voyagent depuis la France. Il n&rsquo;y a donc pas de changement pour les voyageurs qui se d\u00e9placent de la France vers le Royaume-Uni.<\/p>\n<table border=\"1\" cellpadding=\"1\" cellspacing=\"1\" style=\"width:100%;\">\n<thead>\n<tr>\n<th scope=\"col\" style=\"width: 119px;\">\u00a0<\/th>\n<th scope=\"col\" style=\"width: 241px;\">Nombre de cas de Covid-19\u00a0au Royaume-Uni<\/th>\n<th scope=\"col\" style=\"width: 153px;\">Rang dans le monde<\/th>\n<th scope=\"col\" style=\"width: 225px;\">Nombre de d\u00e9c\u00e8s au Royaume-Uni<\/th>\n<th scope=\"col\" style=\"width: 241px;\">Rang dans le monde<\/th>\n<\/tr>\n<tr>\n<td style=\"width: 119px;\">31\/07\/2021<\/td>\n<td style=\"width: 241px; text-align: center;\">5 883 451<\/td>\n<td style=\"width: 153px; text-align: center;\">6<\/td>\n<td style=\"width: 225px; text-align: center;\">129 949<\/td>\n<td style=\"width: 241px; text-align: center;\">7<\/td>\n<\/tr>\n<\/thead>\n<\/table>\n<p><span id=\"cke_bm_60963C\" style=\"display: none;\">\u00a0<\/span><\/p>\n<div style=\"text-align:center\">\n<figure class=\"image\" style=\"display:inline-block\"><a class=\"fancy\" href=\"https:\/\/img-3.journaldesfemmes.fr\/JBVyVlKQNUBFv5IqmWKfi5v1VJE=\/1080x\/smart\/69f26c7783a644c6ac573f78f88e5a67\/ccmcms-jdf\/26666812.jpg\"><img decoding=\"async\" alt=\"courbe-covid-royaume-uni\" src=\"https:\/\/img-3.journaldesfemmes.fr\/Nif0K52ihmbkezllQPyL7Iy9vJM=\/450x\/smart\/69f26c7783a644c6ac573f78f88e5a67\/ccmcms-jdf\/26666812.jpg\"\/><\/a><figcaption data-credit=\"Universit\u00e9 Johns Hopkins\" data-legend=\"Courbe des cas de Covid en Grande-Bretagne jusqu'au 28 juillet\">Courbe des cas de Covid en Grande-Bretagne jusqu&rsquo;au 28 juillet <small>\u00a9\u00a0Universit\u00e9 Johns Hopkins<\/small><\/figcaption><\/figure>\n<\/div>\n<p>Le Royaume-Uni a <strong>r\u00e9parti les pays \u00e9trangers sur 3\u00a0listes,<\/strong> qui seront r\u00e9guli\u00e8rement actualis\u00e9es\u00a0: rouge (circulation active du virus), ambre (interm\u00e9diaire) et verte (faible). <strong>La France est actuellement plac\u00e9e sur la liste ambre<\/strong>.\u00a0Les voyageurs arrivant d&rsquo;un pays de la liste ambre (dont la France) doivent<strong> respecter une quarantaine de 10\u00a0jours<\/strong> dans un h\u00f4tel ou \u00e0 domicile et devront<strong> passer un test PCR<\/strong>, le deuxi\u00e8me puis le huiti\u00e8me jour apr\u00e8s le d\u00e9but de cette p\u00e9riode de quarantaine. Une<strong> r\u00e9servation est obligatoire<\/strong> avant le d\u00e9placement (plate-forme de r\u00e9servations). Si l&rsquo;un des deux tests est positif, une nouvelle p\u00e9riode d&rsquo;isolement de 10\u00a0jours devra \u00eatre prise. Un test interm\u00e9diaire (release test) peut \u00eatre r\u00e9alis\u00e9 au 5e jour d&rsquo;isolement. Un retour n\u00e9gatif met un terme \u00e0 la p\u00e9riode de quarantaine. Ce test au 5e jour n&rsquo;est pas possible en Ecosse o\u00f9 la quarantaine est de 10\u00a0jours.\u00a0<\/p>\n<p>&gt; <strong><a href=\"https:\/\/www.diplomatie.gouv.fr\/fr\/conseils-aux-voyageurs\/conseils-par-pays-destination\/royaume-uni\/\" target=\"_blank\" rel=\"noopener noreferrer\">Plus d&rsquo;informations sur France Diplomatie<\/a><\/strong>.<\/p>\n<aside id=\"NL_499135452\" class=\"newsletter_subscription jNlBlock\"><noscript><br \/>\n            <\/noscript><\/p>\n<h3 class=\"newsletter_subscription-title\">Newsletter <\/h3>\n<p><a href=\"\/\/mailing.ccmbg.com\/archive\/last-85\" target=\"_blank\" class=\"a_hover\" rel=\"noopener noreferrer\">Voir un exemple<\/a><\/p>\n<\/aside>\n<p>Selon l&rsquo;<a href=\"https:\/\/www.ecdc.europa.eu\/en\/geographical-distribution-2019-ncov-cases\" target=\"_blank\" rel=\"noopener noreferrer\">ECDC<\/a>, l&rsquo;Europe totalise\u00a0<strong>56\u00a0960\u00a0030\u00a0cas de Covid-19<\/strong>\u00a0du 31\u00a0d\u00e9cembre 2019 au 18\u00a0juillet 2021\u00a0et\u00a0<strong>1\u00a0188\u00a0027 morts.<\/strong><\/p>\n<div style=\"text-align:center\">\n<figure class=\"image\" style=\"display:inline-block\"><a class=\"fancy\" href=\"https:\/\/img-3.journaldesfemmes.fr\/K0O7u4V4n_s4DJOwm8QV1zAFgR8=\/1080x\/smart\/0f7146b56b054906accbeb6ef8976741\/ccmcms-jdf\/26498550.png\"><img decoding=\"async\" alt=\"carte-covid-europe-evolution\" src=\"https:\/\/img-3.journaldesfemmes.fr\/K0O7u4V4n_s4DJOwm8QV1zAFgR8=\/1080x\/smart\/0f7146b56b054906accbeb6ef8976741\/ccmcms-jdf\/26498550.png\"\/><\/a><figcaption data-credit=\"Ecdc.europa.eu\" data-legend=\"Carte de l'\u00e9pid\u00e9mie de Covid-19\u00a0en Europe sur les cas cumul\u00e9s en semaine 27 et 28 de 2021 \">Carte de l&rsquo;\u00e9pid\u00e9mie de Covid-19\u00a0en Europe sur les cas cumul\u00e9s en semaine 27 et 28 de 2021 <small>\u00a9\u00a0Ecdc.europa.eu<\/small><\/figcaption><\/figure>\n<\/div>\n<div style=\"text-align:center\">\n<figure class=\"image\" style=\"display:inline-block\"><a class=\"fancy\" href=\"https:\/\/img-3.journaldesfemmes.fr\/g4tQwLNWcB1y8aD08wwGnbNvYNg=\/1080x\/smart\/c7afc6acf7db4bf48ed15e952e6d91cd\/ccmcms-jdf\/26317535.png\"><img decoding=\"async\" alt=\"carte-covid-monde-evolution\" src=\"https:\/\/img-3.journaldesfemmes.fr\/g4tQwLNWcB1y8aD08wwGnbNvYNg=\/1080x\/smart\/c7afc6acf7db4bf48ed15e952e6d91cd\/ccmcms-jdf\/26317535.png\"\/><\/a><figcaption data-credit=\"Ecdc.europa.eu\" data-legend=\"R\u00e9partition g\u00e9ographique du nombre cumulatif de cas de COVID-19\u00a0signal\u00e9s pour 100\u00a0000\u00a0habitants, dans le monde, sur les 14\u00a0derniers jours, pour les semaines 26-27\">R\u00e9partition g\u00e9ographique du nombre cumulatif de cas de COVID-19\u00a0signal\u00e9s pour 100\u00a0000\u00a0habitants, dans le monde, sur les 14\u00a0derniers jours, pour les semaines 26-27 <small>\u00a9\u00a0Ecdc.europa.eu<\/small><\/figcaption><\/figure>\n<\/div>\n<table border=\"1\" cellpadding=\"1\" cellspacing=\"1\" style=\"width:100%;\">\n<thead>\n<tr>\n<th scope=\"col\">DATES CLES DE L&rsquo;EPIDEMIE DE COVID-19 DANS LE MONDE<\/th>\n<\/tr>\n<\/thead>\n<tbody>\n<tr>\n<td>\n<ul>\n<li><strong>31\u00a0d\u00e9cembre 2019,<\/strong> l&rsquo;Organisation mondiale de la Sant\u00e9 en Chine est inform\u00e9e de plusieurs cas de pneumonies dans la ville de Wuhan. 44\u00a0personnes sont infect\u00e9es entre cette date et le 3\u00a0janvier 2020.<\/li>\n<li><strong>7\u00a0janvier 2020, <\/strong>les autorit\u00e9s chinoises identifient un \u00ab\u00a0nouveau type de coronavirus\u00a0\u00bb.<\/li>\n<li><strong>13\u00a0janvier, <\/strong>un cas import\u00e9 est recens\u00e9 en Tha\u00eflande.<\/li>\n<li><strong>15\u00a0janvier<\/strong>, le virus cause\u00a0la mort d&rsquo;<strong>une premi\u00e8re\u00a0personne \u00e0 Wuhan<\/strong>, un homme de 69\u00a0ans.\u00a0<\/li>\n<li><strong>23\u00a0janvier,<\/strong> trois villes chinoises dont Wuhan sont plac\u00e9es en quarantaine.<\/li>\n<li><strong>25\u00a0janvier, trois personnes\u00a0contamin\u00e9es sont recens\u00e9es en France<\/strong>, deux \u00e0 Paris et une Bordeaux. Ce sont les premiers cas enregistr\u00e9s sur le continent europ\u00e9en.<\/li>\n<li><strong>30\u00a0janvier, <\/strong>l&rsquo;Organisation mondiale de la Sant\u00e9 <strong>d\u00e9cr\u00e8te\u00a0l&rsquo;<a href=\"https:\/\/sante.journaldesfemmes.fr\/fiches-maladies\/2608035-urgence-de-sante-publique-de-portee-internationale-definition-oms-coronavirus\/\" target=\"_blank\" rel=\"noopener noreferrer\">urgence de sant\u00e9 mondiale<\/a><\/strong>.\u00a0Cette mesure n&rsquo;avait \u00e9t\u00e9 d\u00e9cr\u00e9t\u00e9e que 5\u00a0fois depuis sa cr\u00e9ation (pour Ebola (deux fois), la grippe H1N1, Zika et la poliomy\u00e9lite).\u00a0<\/li>\n<li><strong>11\u00a0mars, <\/strong>l&rsquo;OMS classifie de <strong>pand\u00e9mie <\/strong>la diffusion de la maladie \u00e0 coronavirus Covid-19\u00a0dans le monde.<\/li>\n<li><strong>13\u00a0mars<\/strong>, l&rsquo;OMS d\u00e9signe d\u00e9sormais l&rsquo;Europe comme \u00e9picentre.<\/li>\n<li><strong>16\u00a0mars, <\/strong>l&rsquo;Europe <a href=\"http:\/\/www.affinite.fr\/index.php\/2022\/10\/22\/la-creme-glacee-la-nouvelle-culture-commerciale\/\">ferme<\/a> ses fronti\u00e8res ainsi que celles de l&rsquo;espace Schengen. La France met en place un dispositif de confinement interdisant les d\u00e9placements.<\/li>\n<li><strong>2\u00a0avril,<\/strong>\u00a0le <strong>million de cas<\/strong> de coronavirus dans le monde est d\u00e9pass\u00e9, et plus de 51.000\u00a0morts, selon le d\u00e9compte de l&rsquo;h\u00f4pital am\u00e9ricain de r\u00e9f\u00e9rence Johns-Hopkins.<\/li>\n<li><strong>28\u00a0juin,<\/strong> le cap des<strong> 10\u00a0millions de cas <\/strong>de coronavirus est franchi\u00a0dans le monde, et les\u00a0<strong>500\u00a0000\u00a0d\u00e9c\u00e8s <\/strong>ont \u00e9t\u00e9 atteints dans la nuit du 28\u00a0au 29\u00a0juin 2020, selon les chiffres de l&rsquo;h\u00f4pital am\u00e9ricain de r\u00e9f\u00e9rence Johns-Hopkins.<\/li>\n<li><strong>Au 1er octobre<\/strong>, le <strong>cap du million de morts<\/strong> du Covid-19\u00a0dans le monde est franchi.<\/li>\n<li><strong>27\u00a0janvier 2021,<\/strong> plus de <strong>100 millions <\/strong>de personnes ont \u00e9t\u00e9 infect\u00e9es par le nouveau coronavirus dans le monde.\u00a0<\/li>\n<li><strong>28 janvier 2021 :<\/strong> record de d\u00e9c\u00e8s en 24 heures avec 18 000 personnes d\u00e9c\u00e9d\u00e9es du Covid-19.<\/li>\n<li><strong>19 f\u00e9vrier 2021 : <\/strong>le cap des 110\u00a0millions de cas depuis le d\u00e9but de l&rsquo;\u00e9pid\u00e9mie est d\u00e9pass\u00e9 dans le monde.<\/li>\n<li><strong>25\u00a0juin 2021 <\/strong>:\u00a0cap des 180\u00a0millions de cas de Covid-19 d\u00e9pass\u00e9 dans le monde.<\/li>\n<\/ul>\n<\/td>\n<\/tr>\n<\/tbody>\n<\/table>\n<\/div>\n<p>[ad_2]<br \/>\n<br \/><a href=\"https:\/\/sante.journaldesfemmes.fr\/fiches-maladies\/2657799-covid-monde-chiffres-mort-evolution-direct-classement-deces-voyage-carte-vaccin-nombre-par-pays\/\">Source link <\/a><\/p>\n","protected":false},"excerpt":{"rendered":"<p>[ad_1] CORONAVIRUS MONDE &#8211; Pr\u00e8s de 200\u00a0millions de cas de Covid ont \u00e9t\u00e9 confirm\u00e9s dans le monde et plus de &hellip; <a href=\"http:\/\/www.affinite.fr\/index.php\/2021\/08\/01\/deces-chiffres-par-pays-voyage-vaccin\/\" class=\"more-link\">Plus <span class=\"screen-reader-text\">d\u00e9c\u00e8s, chiffres, par pays, voyage, vaccin<\/span> <span class=\"meta-nav\">&rarr;<\/span><\/a><\/p>\n","protected":false},"author":1,"featured_media":6730,"comment_status":"open","ping_status":"open","sticky":false,"template":"","format":"standard","meta":{"_sitemap_exclude":false,"_sitemap_priority":"","_sitemap_frequency":"","footnotes":""},"categories":[1],"tags":[],"class_list":["post-6729","post","type-post","status-publish","format-standard","has-post-thumbnail","hentry","category-tous"],"_links":{"self":[{"href":"http:\/\/www.affinite.fr\/index.php\/wp-json\/wp\/v2\/posts\/6729"}],"collection":[{"href":"http:\/\/www.affinite.fr\/index.php\/wp-json\/wp\/v2\/posts"}],"about":[{"href":"http:\/\/www.affinite.fr\/index.php\/wp-json\/wp\/v2\/types\/post"}],"author":[{"embeddable":true,"href":"http:\/\/www.affinite.fr\/index.php\/wp-json\/wp\/v2\/users\/1"}],"replies":[{"embeddable":true,"href":"http:\/\/www.affinite.fr\/index.php\/wp-json\/wp\/v2\/comments?post=6729"}],"version-history":[{"count":0,"href":"http:\/\/www.affinite.fr\/index.php\/wp-json\/wp\/v2\/posts\/6729\/revisions"}],"wp:featuredmedia":[{"embeddable":true,"href":"http:\/\/www.affinite.fr\/index.php\/wp-json\/wp\/v2\/media\/6730"}],"wp:attachment":[{"href":"http:\/\/www.affinite.fr\/index.php\/wp-json\/wp\/v2\/media?parent=6729"}],"wp:term":[{"taxonomy":"category","embeddable":true,"href":"http:\/\/www.affinite.fr\/index.php\/wp-json\/wp\/v2\/categories?post=6729"},{"taxonomy":"post_tag","embeddable":true,"href":"http:\/\/www.affinite.fr\/index.php\/wp-json\/wp\/v2\/tags?post=6729"}],"curies":[{"name":"wp","href":"https:\/\/api.w.org\/{rel}","templated":true}]}}