{"id":6709,"date":"2021-07-27T22:28:39","date_gmt":"2021-07-27T22:28:39","guid":{"rendered":"https:\/\/www.affinite.fr\/index.php\/2021\/07\/27\/cas-contact-covid-nouvelle-definition-vaccine-isolement\/"},"modified":"2021-07-27T22:28:39","modified_gmt":"2021-07-27T22:28:39","slug":"cas-contact-covid-nouvelle-definition-vaccine-isolement","status":"publish","type":"post","link":"http:\/\/www.affinite.fr\/index.php\/2021\/07\/27\/cas-contact-covid-nouvelle-definition-vaccine-isolement\/","title":{"rendered":"Cas contact Covid\u00a0: nouvelle d\u00e9finition, vaccin\u00e9, isolement"},"content":{"rendered":"<p> [ad_1]<br \/>\n<\/p>\n<p>\n                Les d\u00e9finitions des personnes contacts \u00e9voluent et prennent d\u00e9sormais en compte le statut vaccinal et immunitaire des personnes, annonce la DGS le 27\u00a0juillet. M\u00eame chose pour leur prise en charge. Test, PCR ou antig\u00e9nique, isolement ou pas, dur\u00e9e, d\u00e9claration&#8230; Voici les nouvelles r\u00e8gles.            <\/p>\n<div>\n<aside class=\"ccmsummary marqueur_module ccmcss_cms_summary ccmcss_cms_summary--right\">\n<p>Sommaire<\/p>\n<\/aside>\n<p><strong>[Mise \u00e0 jour le mardi 27 juillet \u00e0 18h48] <\/strong>La <a href=\"https:\/\/sante.journaldesfemmes.fr\/fiches-maladies\/2619933-maladie-covid-19-coronavirus-signification-definition-nom-incubation-traitement-depistage-duree-evolution\/\" title=\"Maladie de la covid-19\">maladie Covid-19<\/a> \u00e9tant tr\u00e8s contagieuse, d\u00e8s lors qu&rsquo;un cas positif est confirm\u00e9, les autorit\u00e9s sanitaires recommandent aux personnes contact de se tester et\u00a0<strong>s&rsquo;isoler 7\u00a0jours <\/strong>pour <strong>casser la cha\u00eene de transmission du virus<\/strong>\u00a0et lutter contre la\u00a0propagation de ses <a href=\"https:\/\/sante.journaldesfemmes.fr\/fiches-maladies\/2685453-mutation-covid-variant-france-symptomes-beta-epsilon-gamma-dangereux-vaccin-nouveau-lambda-delta\/\" title=\"Variant de la Covid\">variants<\/a>.<strong>\u00a0<\/strong><em>\u00ab\u00a0Les <strong>d\u00e9finitions des personnes contacts \u00e9voluent <\/strong>et prennent d\u00e9sormais en compte le<strong> statut vaccinal et immunitaire <\/strong>des personnes\u00a0\u00bb <\/em>indique la <a href=\"https:\/\/solidarites-sante.gouv.fr\/IMG\/pdf\/dgs-urgent_71_evolution_de_la_strategie_de_contact_tracing.pdf\" target=\"_blank\" rel=\"noopener noreferrer\">DGS<\/a> le 27 juillet.\u00a0<strong>Les personnes ayant un sch\u00e9ma vaccinal complet ne sont plus consid\u00e9r\u00e9es comme des cas contacts \u00e0 risque \u00e9lev\u00e9<\/strong>. Elles n&rsquo;ont plus l&rsquo;obligation de s&rsquo;isoler mais doivent toujours se tester.\u00a0Quelle est la<strong> d\u00e9finition d&rsquo;un cas contact ? Quand se faire tester ? <\/strong>S&rsquo;isoler et combien de temps ? <strong>Faut-il quand m\u00eame s&rsquo;isoler si on a \u00e9t\u00e9 vaccin\u00e9 contre le covid<\/strong> ? Que faire quand on est cas contact <strong>au travail<\/strong> ? Comment \u00e7a se passe \u00e0 l&rsquo;\u00e9cole pour un<strong> enfant \u00ab\u00a0cas contact\u00a0\u00bb\u00a0? <\/strong>Proc\u00e9dure en vigueur.\u00a0<\/p>\n<p>Par d\u00e9finition, un cas contact est une personne qui a \u00e9t\u00e9<strong> au contact d&rsquo;un cas positif \u00e0 la Covid-19<\/strong>.\u00a0<strong>\u00a0<\/strong><em>\u00ab\u00a0Les <strong>d\u00e9finitions des personnes contacts \u00e9voluent <\/strong>et prennent d\u00e9sormais en compte le<strong> statut vaccinal et immunitaire <\/strong>des personnes\u00a0\u00bb <\/em>indique la <a href=\"https:\/\/solidarites-sante.gouv.fr\/IMG\/pdf\/dgs-urgent_71_evolution_de_la_strategie_de_contact_tracing.pdf\" target=\"_blank\" rel=\"noopener noreferrer\">DGS<\/a> le 27\u00a0juillet. Les personnes-contacts \u00e0 risque \u00e9lev\u00e9 sont distingu\u00e9es des personnes-contacts \u00e0 risque mod\u00e9r\u00e9 et n\u00e9gligeable. <a href=\"https:\/\/www.santepubliquefrance.fr\/dossiers\/coronavirus-covid-19\/covid-19-outils-pour-les-professionnels-de-sante\" target=\"_blank\" rel=\"noopener noreferrer\">Sant\u00e9 Publique France<\/a> a mis \u00e0 jour les d\u00e9finitions de cas contacts.<\/p>\n<p><u><strong>En l&rsquo;absence de mesures de protection efficaces pendant toute la dur\u00e9e du contact\u00a0:<\/strong><\/u><\/p>\n<p>\u25ba <strong>Sont consid\u00e9r\u00e9es comme personnes contact \u00e0 risque \u00e9lev\u00e9 toutes les personnes n&rsquo;ayant pas re\u00e7u un sch\u00e9ma complet de primo-vaccination<\/strong> (c&rsquo;est-\u00e0-dire un sch\u00e9ma complet de vaccination, avant des rappels \u00e9ventuels) OU ayant re\u00e7u un sch\u00e9ma complet de primo-vaccination depuis moins de 7\u00a0jours (vaccins Cominarty\/Pfizer, Moderna, AstraZeneca\/Vaxzeria ou Covishield) ou moins de 4\u00a0semaines (vaccin Covid-19\u00a0vaccin Janssen) OU atteinte d&rsquo;une immunod\u00e9pression grave, c&rsquo;est-\u00e0-dire pr\u00e9sentant une affection le rendant \u00e9ligible \u00e0 une 3e dose de primo-vaccination, m\u00eame si celle-ci a d\u00e9j\u00e0 \u00e9t\u00e9 administr\u00e9e. Ces personnes doivent\u00a0:<\/p>\n<ul>\n<li>Respecter une <a href=\"https:\/\/sante.journaldesfemmes.fr\/fiches-maladies\/2621211-isolement-covid-cas-contact-duree-vaccine-combien-de-temps-positif-controle-amende\/\" title=\"Quatorzaine\">quarantaine<\/a> ;<\/li>\n<li>R\u00e9aliser un test imm\u00e9diat et \u00e0 J7\u00a0du dernier contact avec le cas (J17\u00a0si la personne contact ne peut pas s&rsquo;isoler strictement du cas au sein du domicile) ;<\/li>\n<li>Informer leurs contacts (contact-warning).<\/li>\n<\/ul>\n<p>\u25ba<strong> Sont consid\u00e9r\u00e9es comme personnes contact \u00e0 risque mod\u00e9r\u00e9 toutes les personnes sans immunod\u00e9pression grave ayant re\u00e7u un sch\u00e9ma complet de primo-vaccination depuis au moins 7\u00a0jours<\/strong> (vaccins Cominarty\/Pfizer, Moderna, AstraZeneca\/Vaxzeria ou Covishield) ou au moins 4\u00a0semaines (vaccin Covid-19\u00a0vaccin Janssen). Ces personnes\u00a0:<\/p>\n<ul>\n<li>Ne sont pas tenues de respecter de quarantaine ;<\/li>\n<li>Doivent r\u00e9aliser un test imm\u00e9diat et un test \u00e0 J7\u00a0du dernier contact avec le cas (J17\u00a0si la personne contact ne peut pas s&rsquo;isoler strictement du cas au sein du domicile) ;<\/li>\n<li>Doivent porter un masque dans l&rsquo;espace public, informer leurs contacts (contact-warning) et limiter leurs interactions sociales.<\/li>\n<\/ul>\n<p>\u25ba<strong> Sont consid\u00e9r\u00e9s comme des mesures de protection efficaces\u00a0<\/strong>:<\/p>\n<ul>\n<li>S\u00e9paration physique isolant la personne-contact du cas confirm\u00e9 ou probable en cr\u00e9ant deux espaces ind\u00e9pendants (vitre, Hygiaphone\u00ae);<\/li>\n<li>Masque chirurgical, ou FFP2, ou en tissu \u00a0\u00bb grand public filtration sup\u00e9rieure \u00e0 90% \u00a0\u00bb (correspondant \u00e0 la cat\u00e9gorie 1\u00a0(AFNOR)), port\u00e9 par le cas confirm\u00e9 ou probable OU la personne-contact.<\/li>\n<\/ul>\n<p><strong>\u25baNe sont pas consid\u00e9r\u00e9s comme mesures de protection efficaces<\/strong> :<\/p>\n<ul>\n<li>Masques en tissu grand public de cat\u00e9gorie 2\u00a0;<\/li>\n<li>Masques en tissu \u00a0\u00bb maison \u00a0\u00bb ou de fabrication artisanale ne r\u00e9pondant pas aux normes AFNOR ;<\/li>\n<li>Visi\u00e8res et masques en plastique transparent port\u00e9s seuls ;<\/li>\n<li>Plaque de plexiglas pos\u00e9e sur un comptoir, rideaux en plastique transparent s\u00e9parant clients et commer\u00e7ants.<\/li>\n<\/ul>\n<blockquote>\n<p style=\"text-align: right;\">\u00ab\u00a0Les r\u00e8gles pourront \u00e9voluer en mati\u00e8re de cas contact\u00a0\u00bb<\/p>\n<\/blockquote>\n<p>Depuis le 27 juillet, les personnes vaccin\u00e9es ne sont plus consid\u00e9r\u00e9es comme des cas contacts \u00e0 risque \u00ab\u00a0\u00e9lev\u00e9\u00a0\u00bb mais \u00ab\u00a0mod\u00e9r\u00e9\u00a0\u00bb. Ces personnes sont <strong>dispens\u00e9es de quarantaine (septaine) <\/strong>mais elles <strong>doivent respecter les autres mesures<\/strong> destin\u00e9es \u00e0 briser les cha\u00eenes de transmission, en raison du\u00a0risque r\u00e9siduel d&rsquo;infection par le SARS-CoV-2, quel que soit le variant viral ayant infect\u00e9 leur cas index\u00a0:<\/p>\n<ul>\n<li><strong>R\u00e9aliser imm\u00e9diatement un test de d\u00e9pistage <\/strong>(RT-PCR, RT-LAMP ou TAG nasopharyng\u00e9) ;<\/li>\n<li>Informer de leur statut les personnes avec qui elles ont-elles-m\u00eames \u00e9t\u00e9 en contact \u00e0 partir de 48h apr\u00e8s leur derni\u00e8re exposition \u00e0 risque avec le cas confirm\u00e9 et leur recommander de limiter leurs contacts sociaux et familiaux (contact-warning) ;<\/li>\n<li>Mettre en \u0153uvre strictement l&rsquo;ensemble des autres mesures barri\u00e8res jusqu&rsquo;\u00e0 J+7\u00a0apr\u00e8s le dernier contact avec le cas index, et notamment\u00a0: limiter les interactions sociales, en particulier dans les lieux\u00a0o\u00f9 le port du masque n&rsquo;est pas possible, et \u00e9viter tout contact avec des personnes \u00e0 risque de forme grave m\u00eame si elles sont vaccin\u00e9es; porter un masque de cat\u00e9gorie 1\u00a0dans l&rsquo;espace public ;\u00a0pour les<strong> personnes-contacts partageant le m\u00eame domicile <\/strong>que le cas (dites \u00a0\u00bb domiciliaires \u00ab\u00a0), porter un masque au domicile.<\/li>\n<li>R\u00e9aliser une auto-surveillance de leur temp\u00e9rature et de l&rsquo;\u00e9ventuelle apparition de sympt\u00f4mes, avec test diagnostique imm\u00e9diat en cas de sympt\u00f4mes7\u00a0, quel que soit l&rsquo;\u00e2ge<\/li>\n<li><strong>R\u00e9aliser un second test de d\u00e9pistage <\/strong>(RT-PCR, RT-LAMP ou TAG naso-pharyng\u00e9) <strong>7\u00a0jours apr\u00e8s la fin de la p\u00e9riode d&rsquo;isolement du cas,<\/strong> soit pour les personnes-contacts vivant sous le m\u00eame toit que le cas index, 17\u00a0jours\u00a0apr\u00e8s la date de d\u00e9but des signes du cas (ou la date de pr\u00e9l\u00e8vement diagnostique pour les cas asymptomatiques).<\/li>\n<\/ul>\n<p>Les personnes non vaccin\u00e9es ou ayant sch\u00e9ma de primovaccination incomplet ou une immunod\u00e9pression grave sont consid\u00e9r\u00e9es comme des cas contacts \u00e0 risque \u00ab\u00a0\u00e9lev\u00e9\u00a0\u00bb.\u00a0Ces personnes-contacts \u00e0 risque \u00e9lev\u00e9 doivent\u00a0:<\/p>\n<ul>\n<li><strong>R\u00e9aliser imm\u00e9diatement un test de d\u00e9pistage<\/strong> (RT-PCR, RT-LAMP ou TAG nasopharyng\u00e9) ;<\/li>\n<li><strong>Respecter une quarantaine de 7\u00a0jours<\/strong> (septaine) \u00e0 partir de la date du dernier contact \u00e0 risque avec le cas confirm\u00e9 ;<\/li>\n<li>Informer de leur statut les personnes avec qui elles ont \u00e9t\u00e9 en contact \u00e0 partir de 48h apr\u00e8s leur derni\u00e8re exposition \u00e0 risque avec le cas confirm\u00e9 et leur recommander de limiter leurs contacts sociaux et familiaux (contact-warning).<\/li>\n<li>R\u00e9aliser une auto-surveillance de leur temp\u00e9rature et de l&rsquo;\u00e9ventuelle apparition de sympt\u00f4mes, avec test diagnostique (mol\u00e9culaire ou TAG) imm\u00e9diat en cas de sympt\u00f4mes, quel que soit l&rsquo;\u00e2ge.<\/li>\n<li>R\u00e9aliser un second test de d\u00e9pistage (RT-PCR, RT-LAMP ou TAG naso-pharyng\u00e9) 7\u00a0jours apr\u00e8s la date du dernier contact \u00e0 risque avec le cas.<\/li>\n<li>La septaine peut \u00eatre r\u00e9alis\u00e9e au domicile, si les conditions le permettent. Dans cette situation, la quarantaine des personnes-contacts vivant sous le m\u00eame toit que le cas index prend fin 17\u00a0jours\u00a0apr\u00e8s la date de d\u00e9but des signes du cas (ou la date du pr\u00e9l\u00e8vement diagnostique pour les cas asymptomatiques).<\/li>\n<\/ul>\n<p>Une personne identifi\u00e9e comme \u00ab\u00a0cas contact\u00a0\u00bb covid re\u00e7oit un <strong>SMS de l&rsquo;Assurance Maladie<\/strong> (38\u00a0663)\u00a0qui lui permet d&rsquo;\u00eatre prioritaire pour r\u00e9aliser un test de d\u00e9pistage de l&rsquo;infection Covid-19. Un test antig\u00e9nique peut \u00eatre r\u00e9alis\u00e9\u00a0facilement en pharmacie sans rendez-vous et sans ordonnance. Un test PCR (plus fiable) se fait en laboratoire et il faut prendre rendez-vous. Elle peut aussi b\u00e9n\u00e9ficier d&rsquo;un<strong> arr\u00eat de travail sp\u00e9cifique<\/strong> d\u00e9livr\u00e9 par l&rsquo;Assurance Maladie si elle ne peut pas t\u00e9l\u00e9travailler.\u00a0<\/p>\n<p>\u25ba<strong> Les cas contacts vaccin\u00e9s ou non vaccin\u00e9s doivent\u00a0r\u00e9aliser un test imm\u00e9diat et un test \u00e0 J+7\u00a0du dernier contact <\/strong>avec le cas (J+17\u00a0si la personne contact ne peut pas s&rsquo;isoler strictement du cas au sein du domicile).<\/p>\n<p>\u25ba<strong> Si\u00a0un r\u00e9sultat positif provient d&rsquo;un test antig\u00e9nique naso-pharyng\u00e9 (TAG), une RT-PCR de diagnostic doit \u00eatre r\u00e9alis\u00e9e dans les 24h<\/strong> <strong>suivant le TAG. Si le r\u00e9sultat de diagnostic obtenu par cette RT-PCR et celui du TAG sont discordants, c&rsquo;est celui de la RT-PCR qui doit \u00eatre retenu.<\/strong><\/p>\n<p><strong>Les cas contacts sont prioritaires pour la r\u00e9alisation du test de d\u00e9pistage au coronavirus <\/strong>(pr\u00e9l\u00e8vement nasal). L&rsquo;ordonnance du m\u00e9decin ou le SMS re\u00e7u par l&rsquo;Assurance maladie pour les cas contacts reconnus \u00ab\u00a0\u00e0 risque\u00a0\u00bb acc\u00e9l\u00e8re l&rsquo;obtention d&rsquo;un rendez-vous.\u00a0<\/p>\n<p>Si vous \u00eates cas positif \u00e0 la Covid-19<strong>,<\/strong>\u00a0un isolement de <strong>10\u00a0jours pleins d\u00e9bute\u00a0\u00e0 partir du jour du pr\u00e9l\u00e8vement positif <\/strong>(ou des sympt\u00f4mes si vous en avez eu avant d&rsquo;avoir les r\u00e9sultats du test). En cas de survenue de sympt\u00f4mes apr\u00e8s le d\u00e9but de l&rsquo;isolement, consulter un m\u00e9decin pour \u00e9ventuellement prolonger l&rsquo;isolement.<\/p>\n<p>\u25ba<strong> Si vous \u00eates test\u00e9 positif \u00e0 un test Covid-19<\/strong>, vous allez recevoir un message SMS renvoyant vers un site o\u00f9 vous \u00eates invit\u00e9 \u00e0 pr\u00e9parer la liste de vos cas contact \u00e0 risque ainsi que leurs coordonn\u00e9es dans l&rsquo;attente de l&rsquo;appel t\u00e9l\u00e9phonique de l&rsquo;Assurance maladie.<\/p>\n<p>\u25ba<strong>\u00a0Si votre test est\u00a0positif, les autres membres de votre foyer sont consid\u00e9r\u00e9s comme<\/strong>\u00a0<strong>cas contact<\/strong>, et doivent\u00a0:<\/p>\n<ul>\n<li>se maintenir\u00a0<strong>en isolement<\/strong>\u00a0eux aussi (les enfants ne doivent pas aller \u00e0 l&rsquo;<strong>\u00e9cole<\/strong>)\u202f;<\/li>\n<li>faire un\u00a0<strong>test antig\u00e9nique imm\u00e9diatement.<\/strong><\/li>\n<\/ul>\n<p>\u25ba\u00a0<strong>Si\u00a0un r\u00e9sultat positif provient d&rsquo;un test antig\u00e9nique naso-pharyng\u00e9 (TAG), une RT-PCR de diagnostic doit \u00eatre r\u00e9alis\u00e9e dans les 24h<\/strong> <strong>suivant le TAG. Si le r\u00e9sultat de diagnostic obtenu par cette RT-PCR et celui du TAG sont discordants, c&rsquo;est celui de la RT-PCR qui doit \u00eatre retenu.<\/strong><\/p>\n<p>Un<strong> premier test <\/strong>antig\u00e9nique est \u00e0 r\u00e9aliser imm\u00e9diatement. En cas de test n\u00e9gatif, vous devez\u00a0<strong>rester en isolement 7\u00a0jours et refaire un test au bout des 7 jours apr\u00e8s le dernier contact \u00e0 risque (ou\u00a0apr\u00e8s la gu\u00e9rison de la personne positive \u00e0 la Covid-19 si vous vivez avec elle)<\/strong>. Si ce deuxi\u00e8me test est n\u00e9gatif, l&rsquo;isolement peut prendre fin. S&rsquo;il est positif, l&rsquo;isolement se poursuit 10 jours de plus (7+10 = 17 jours au total).<\/p>\n<p>L&rsquo;isolement ne concerne que les cas contacts non vaccin\u00e9s contre le Covid ou dont le sch\u00e9ma vaccinal n&rsquo;est pas encore complet (avant les 7 jours apr\u00e8s la vaccination avec Pfizer, Moderna, AstraZeneca ou 4 semaines apr\u00e8s Janssen).<\/p>\n<p>\u25ba<strong>Les cas contacts\u00a0vaccin\u00e9s et\u00a0sans immunod\u00e9pression grave ne doivent plus s&rsquo;isoler.<\/strong><\/p>\n<p>\u25ba\u00a0<strong>Pour les cas contacts non vaccin\u00e9s ou avec un sch\u00e9ma vaccinal incomplet<\/strong> : la dur\u00e9e d&rsquo;isolement\u00a0<strong>est fix\u00e9e \u00e0 7\u00a0jours \u00e0 partir du dernier contact avec la personne positive<\/strong>.\u00a0La septaine peut \u00eatre r\u00e9alis\u00e9e au domicile, si les conditions le permettent. La quarantaine des personnes-contacts vivant sous le m\u00eame toit que le cas index prend fin 17\u00a0jours\u00a0apr\u00e8s la date de d\u00e9but des signes du cas (ou la date du pr\u00e9l\u00e8vement diagnostique pour les cas asymptomatiques).<\/p>\n<p><strong>\u25baSi le test est positif et que la\u00a0personne est symptomatique<\/strong>\u00a0: isolement pendant 10\u00a0jours \u00e0 partir de la date de d\u00e9but des sympt\u00f4mes. En cas de fi\u00e8vre persistante au bout de 10\u00a0jours, l&rsquo;isolement est maintenu jusqu&rsquo;\u00e0 48h apr\u00e8s la disparition de la fi\u00e8vre.<\/p>\n<p><strong>\u25baSi le test est positif et que la personne est asymptomatique\u00a0: <\/strong>isolement pendant 10\u00a0jours \u00e0 partir de la date de pr\u00e9l\u00e8vement du test positif. Si la personne d\u00e9veloppe secondairement des sympt\u00f4mes, l&rsquo;isolement est prolong\u00e9 d&rsquo;une dur\u00e9e de 10\u00a0jours \u00e0 partir de la date de d\u00e9but des sympt\u00f4mes. En cas de fi\u00e8vre persistante au bout de 10\u00a0jours, l&rsquo;isolement est maintenu jusqu&rsquo;\u00e0 48h apr\u00e8s la disparition de la fi\u00e8vre.<\/p>\n<p>Le contact tracing est important pour contr\u00f4ler l&rsquo;\u00e9pid\u00e9mie de Covid.\u00a0Depuis le 21\u00a0janvier 2021, l&rsquo;Assurance Maladie a fait\u00a0\u00e9voluer\u00a0son dispositif pour rechercher les cha\u00eenes de contamination.\u00a0<\/p>\n<ul>\n<li>Une fois que le m\u00e9decin a compl\u00e9t\u00e9 le dossier du patient positif\u00a0dans une base sp\u00e9cifique s\u00e9curis\u00e9e appel\u00e9e \u00a0\u00bb Contact Covid \u00ab\u00a0, c&rsquo;est l&rsquo;Assurance Maladie qui prend le relais avec ses enqu\u00eateurs.\u00a0<\/li>\n<\/ul>\n<figure class=\"image\" style=\"float:right\"><a class=\"fancy\" href=\"https:\/\/img-3.journaldesfemmes.fr\/MPbPMA7pz1RJwJPs6DRPRxk5AhE=\/1080x\/smart\/17af7d4e4d2f4a058638637dd7c0eb04\/ccmcms-jdf\/26394097.jpg\" target=\"_blank\" rel=\"noopener noreferrer\"><img decoding=\"async\" alt=\"CONTACT TRACING COVID\" src=\"https:\/\/img-3.journaldesfemmes.fr\/LprHwgLTttncn0XBruL-jr3gxPo=\/450x\/smart\/17af7d4e4d2f4a058638637dd7c0eb04\/ccmcms-jdf\/26394097.jpg\"\/><\/a><figcaption data-credit=\"Assurance Maladie\" data-legend=\"Contact tracing du Covid en France par l'Assurance maladie.\">Contact tracing du Covid en France par l&rsquo;Assurance maladie. <small>\u00a9\u00a0Assurance Maladie<\/small><\/figcaption><\/figure>\n<ul>\n<li><strong>L&rsquo;Assurance Maladie contacte les personnes test\u00e9es positives pour compl\u00e9ter avec eux la liste de leurs cas contact.<\/strong><\/li>\n<li><strong>Toutes les personnes contact re\u00e7oivent un sms \u00e9mis par le num\u00e9ro 38663<\/strong>. Ce sms renvoie, via un lien cliquable, vers un site internet donnant des informations utiles sur les mesures sanitaires \u00e0 respecter et sur leurs droits (arr\u00eat de travail, d\u00e9livrance gratuite de masques\u2026). La<strong> consultation de ce site vaut confirmation de la lecture du sms par le cas contact qui sera d\u00e8s lors consid\u00e9r\u00e9 comme inform\u00e9 sur son statut <\/strong>et les r\u00e8gles \u00e0 suivre.<\/li>\n<li><strong>48\u00a0h avant la date conseill\u00e9e pour r\u00e9aliser leur test de d\u00e9pistage<\/strong>, les cas contact re\u00e7oivent un SMS de rappel\u00a0;<\/li>\n<li><strong>4\u00a0jours apr\u00e8s avoir \u00e9t\u00e9 inform\u00e9s par l&rsquo;Assurance Maladie de leur statut<\/strong>, les cas contact re\u00e7oivent un SMS pour leur rappeler l&rsquo;importance de bien respecter leur p\u00e9riode d&rsquo;isolement.<\/li>\n<li><strong>7\u00a0jours apr\u00e8s le d\u00e9but de l&rsquo;isolement<\/strong>\u00a0pour les personnes cas contact vivant avec la personne positive ;<\/li>\n<li><strong>le dernier jour du confinement<\/strong>\u00a0(7e jour pour les cas contact hors foyer, 17e jour si les cas contacts vivent avec la personne positive)\u00a0: ces personnes sont invit\u00e9es \u00e0 r\u00e9pondre \u00e0 des questions par SMS. Leurs r\u00e9ponses permettent de d\u00e9terminer si la p\u00e9riode d&rsquo;isolement peut prendre fin ou pas.<\/li>\n<\/ul>\n<p><strong>&gt;&gt; Pour les cas contact de cas contact de Covid-19 \u00ab\u00a0<\/strong><em><strong>pas besoin de se faire tester<\/strong>,<\/em> insiste Dr Anne Goffard.<em> On applique les mesures barri\u00e8res et on \u00e9vite de surcharger les labos en allant se faire tester pour rien.<b>\u00ab\u00a0<\/b><\/em>\u00a0Dans son point hebdomadaire du 17\u00a0septembre,\u00a0le Ministre de la Sant\u00e9 Olivier V\u00e9ran avait\u00a0soulign\u00e9 que<em> \u00ab\u00a0les cas contacts de cas contacts ne sont pas des cas contacts\u00a0\u00bb<\/em>.<\/p>\n<blockquote>\n<p style=\"text-align: right;\">\u00ab\u00a0Les cas contacts de cas contacts ne sont pas des cas contacts\u00a0\u00bb<\/p>\n<\/blockquote>\n<p><strong>Si on est cas contact dans une entreprise\u00a0:<\/strong><em>\u00a0\u00ab\u00a0Pour \u00e9viter de contaminer \u00e0 leur tour d&rsquo;autres personnes, les personnes contact doivent rester isol\u00e9es jusqu&rsquo;aux r\u00e9sultats du test de d\u00e9pistage, m\u00eame si elles ne pr\u00e9sentent pas de sympt\u00f4mes. Elles ne doivent pas se rendre sur leur lieu de travail\u00a0\u00bb <\/em>explique\u00a0l&rsquo;Assurance Maladie sur son site internet.<\/p>\n<h3><a id=\"cas-contact-arret-de-travail\" name=\"cas-contact-arret-de-travail\" target=\"_blank\" rel=\"noopener noreferrer\">Arr\u00eat de travail : pour qui ?<\/a><\/h3>\n<p>Lorsqu&rsquo;une personne est reconnue par l&rsquo;Assurance maladie comme \u00ab\u00a0cas contact \u00e0 risque\u00a0\u00bb et qu&rsquo;elle ne peut pas\u00a0t\u00e9l\u00e9travailler, un <strong>arr\u00eat de travail sp\u00e9cifique<\/strong> est n\u00e9cessaire. Depuis le\u00a0<strong>3\u00a0octobre 2020, <\/strong>l&rsquo;Assurance maladie a ouvert\u00a0un <a href=\"https:\/\/declare.ameli.fr\/\" target=\"_blank\" rel=\"noopener noreferrer\">t\u00e9l\u00e9service<\/a> permettant de demander cet arr\u00eat de travail en ligne (sur le site et depuis un smartphone), <strong>sans d\u00e9lai de carence. <\/strong>Apr\u00e8s avoir effectu\u00e9 sa demande sur declare.ameli.fr, l&rsquo;assur\u00e9 pourra b\u00e9n\u00e9ficier d&rsquo;un<strong> arr\u00eat de 7\u00a0jours d\u00e9butant \u00e0 la date \u00e0 laquelle l&rsquo;Assurance Maladie l&rsquo;a contact\u00e9 pour l&rsquo;inviter \u00e0 s&rsquo;isoler et \u00e0 r\u00e9aliser un test<\/strong>, apr\u00e8s un contact \u00e0 risque avec une personne test\u00e9e positive au coronavirus. Pour les assur\u00e9s qui se seraient d\u00e9j\u00e0 spontan\u00e9ment isol\u00e9s avant cette date, l&rsquo;arr\u00eat pourra \u00eatre r\u00e9troactif dans la limite de 4\u00a0jours. Dans l&rsquo;hypoth\u00e8se o\u00f9 les r\u00e9sultats de test ne seraient pas encore connus \u00e0 la fin de l&rsquo;arr\u00eat initial, l&rsquo;assur\u00e9 pourra demander une <strong>prolongation <\/strong>de celui-ci <strong>dans la limite de 7\u00a0jours suppl\u00e9mentaires.\u00a0<\/strong>Avant de proc\u00e9der au versement des indemnit\u00e9s journali\u00e8res, <strong>l&rsquo;Assurance Maladie v\u00e9rifiera que l&rsquo;assur\u00e9 est bien connu en tant que cas contact \u00e0 risque<\/strong>. En cas d&rsquo;accord, une attestation d&rsquo;isolement valant arr\u00eat de travail d\u00e9rogatoire lui sera adress\u00e9e, qui pourra \u00eatre pr\u00e9sent\u00e9e \u00e0 l&#8217;employeur.<\/p>\n<p><span style=\"font-size: 1.125rem;\">\u00a0<\/span><a id=\"enfant-cas-contact-ecole-maternelle-isolement\" name=\"enfant-cas-contact-ecole-maternelle-isolement\" style=\"font-size: 1.125rem; background-color: rgb(255, 255, 255);\">Enfant cas contact : la proc\u00e9dure \u00e0 l&rsquo;\u00e9cole par \u00e2ge<\/a><\/p>\n<p><strong>\u25ba La proc\u00e9dure dans les \u00e9coles maternelles :<\/strong><\/p>\n<p><strong>Quand l&rsquo;\u00e9l\u00e8ve est identifi\u00e9 comme un cas contact\u00a0:<\/strong><\/p>\n<ul>\n<li>la famille doit le signaler au directeur de l&rsquo;\u00e9cole\u00a0;<\/li>\n<li>l&rsquo;\u00e9l\u00e8ve doit rester au domicile, \u00e9viter les contacts, consulter un m\u00e9decin et suivre les recommandations de l&rsquo;Assurance maladie\u00a0;<\/li>\n<\/ul>\n<ul>\n<li>l&rsquo;enfant retourne \u00e0 l&rsquo;\u00e9cole au bout de 7\u00a0jours apr\u00e8s le dernier contact avec le cas confirm\u00e9 sans qu&rsquo;un test ne soit obligatoirement r\u00e9alis\u00e9, \u00e0 condition qu&rsquo;il ne pr\u00e9sente pas de\u00a0sympt\u00f4mes. Ces d\u00e9lais peuvent \u00eatre prolong\u00e9s s&rsquo;il vit sous le m\u00eame toit que le cas confirm\u00e9.<\/li>\n<\/ul>\n<p>\u25ba<strong>\u00a0La proc\u00e9dure dans les \u00e9coles \u00e9l\u00e9mentaires :<\/strong><\/p>\n<p><strong>Quand l&rsquo;\u00e9l\u00e8ve est identifi\u00e9 comme un cas contact\u00a0:<\/strong><\/p>\n<ul>\n<li>la famille doit le signaler au directeur de l&rsquo;\u00e9cole\u00a0;<\/li>\n<li>l&rsquo;\u00e9l\u00e8ve doit rester au domicile, \u00e9viter les contacts, consulter un m\u00e9decin et suivre les recommandations de l&rsquo;Assurance maladie\u00a0<\/li>\n<li>l&rsquo;\u00e9l\u00e8ve doit imm\u00e9diatement r\u00e9aliser un test antig\u00e9nique, afin de pouvoir d\u00e9clencher sans attendre le contact-tracing en cas de positivit\u00e9. Un r\u00e9sultat n\u00e9gatif ne l\u00e8ve pas la mesure de quarantaine de la personne contact.<\/li>\n<\/ul>\n<p>&#8211; Pour les contacts \u00e0 risque hors foyer, la mesure de quarantaine prend fin en cas de r\u00e9sultat de test n\u00e9gatif (antig\u00e9nique ou RT-PCR) r\u00e9alis\u00e9 \u00e0 7\u00a0jours apr\u00e8s le dernier contact avec le cas confirm\u00e9 et en l&rsquo;absence de sympt\u00f4mes. En l&rsquo;absence de test au 7<sup>e<\/sup>\u00a0jour, la quarantaine est prolong\u00e9e jusqu&rsquo;au 14<sup>e<\/sup>\u00a0jour.<\/p>\n<p>&#8211; Pour les contacts \u00e0 risque du foyer, la mesure de quarantaine prend fin en cas de r\u00e9sultat de test n\u00e9gatif (antig\u00e9nique ou RT-PCR) r\u00e9alis\u00e9 7\u00a0jours apr\u00e8s la gu\u00e9rison du cas confirm\u00e9 (soit au 17<sup>e<\/sup>\u00a0jour) et en l&rsquo;absence de sympt\u00f4mes.<\/p>\n<ul>\n<li>l&rsquo;\u00e9l\u00e8ve retourne dans l&rsquo;\u00e9tablissement si les parents attestent sur l&rsquo;honneur qu&rsquo;un test n\u00e9gatif a \u00e9t\u00e9 r\u00e9alis\u00e9. \u00c0 d\u00e9faut, le retour se fera 14\u00a0jours pour les contacts \u00e0 risque hors foyer et 24\u00a0jours pour les contacts \u00e0 risque au sein du foyer.<\/li>\n<\/ul>\n<p><strong>\u25ba La proc\u00e9dure dans les coll\u00e8ges et les lyc\u00e9es :<\/strong><\/p>\n<p><strong>Quand l&rsquo;\u00e9l\u00e8ve est identifi\u00e9 comme un cas contact\u00a0:<\/strong><\/p>\n<ul>\n<li>la famille doit le signaler au chef d&rsquo;\u00e9tablissement\u00a0;<\/li>\n<li>l&rsquo;\u00e9l\u00e8ve doit rester au domicile, \u00e9viter les contacts, consulter un m\u00e9decin et suivre les recommandations de l&rsquo;Assurance maladie\u00a0;<br \/>Les personnels et les \u00e9l\u00e8ves identifi\u00e9s comme contacts \u00e0 risque doivent imm\u00e9diatement r\u00e9aliser un test antig\u00e9nique, afin de pouvoir d\u00e9clencher sans attendre le contact-tracing en cas de positivit\u00e9. Un r\u00e9sultat n\u00e9gatif ne l\u00e8ve pas la mesure de quarantaine de la personne contact.<\/li>\n<\/ul>\n<p>&#8211; Pour les contacts \u00e0 risque hors foyer, la mesure de quarantaine prend fin en cas de r\u00e9sultat de test n\u00e9gatif (antig\u00e9nique ou RT-PCR) r\u00e9alis\u00e9 \u00e0 7\u00a0jours apr\u00e8s le dernier contact avec le cas confirm\u00e9 et en l&rsquo;absence de sympt\u00f4mes. En l&rsquo;absence de test au 7<sup>e<\/sup>\u00a0jour, la quarantaine est prolong\u00e9e jusqu&rsquo;au 14<sup>e<\/sup>\u00a0jour.<\/p>\n<p>&#8211; Pour les contacts \u00e0 risque du foyer, la mesure de quarantaine prend fin en cas de r\u00e9sultat de test n\u00e9gatif (antig\u00e9nique ou RT-PCR) r\u00e9alis\u00e9 7\u00a0jours apr\u00e8s la gu\u00e9rison du cas confirm\u00e9 (soit au 17<sup>e<\/sup>\u00a0jour) et en l&rsquo;absence de sympt\u00f4mes.<\/p>\n<ul>\n<li>l&rsquo;\u00e9l\u00e8ve retourne dans l&rsquo;\u00e9tablissement si les parents attestent sur l&rsquo;honneur qu&rsquo;un test n\u00e9gatif a \u00e9t\u00e9 r\u00e9alis\u00e9. \u00c0 d\u00e9faut, le retour se fera apr\u00e8s 14\u00a0jours pour les contacts \u00e0 risque hors foyer et apr\u00e8s 24\u00a0jours pour les contacts \u00e0 risque au sein du foyer.<\/li>\n<\/ul>\n<table align=\"center\" border=\"1\" cellpadding=\"1\" cellspacing=\"1\" style=\"width:80%;\">\n<tbody>\n<tr>\n<td>Pour toute question sur son \u00e9tat de sant\u00e9, on peut directement appeler son m\u00e9decin ou contacter le 0800\u00a0130\u00a0000\u00a0(appel gratuit). Pour les d\u00e9marches aupr\u00e8s de l&rsquo;Assurance Maladie, les\u00a0<a href=\"https:\/\/www.ameli.fr\/assure\/covid-19\/assurance-maladie-contact-droits-et-demarches-pendant-la-crise-sanitaire\/contacter-assurance-maladie-pendant-confinement\" target=\"_blank\" rel=\"noopener noreferrer\">services en ligne<\/a>\u00a0sont \u00e0 privil\u00e9gier en cette p\u00e9riode de pand\u00e9mie.<\/td>\n<\/tr>\n<\/tbody>\n<\/table>\n<p><em>Merci au Dr Anne Goffard, virologue au CHU de Lille.<\/em><\/p>\n<p><u>Sources :\u00a0<\/u><\/p>\n<p>D\u00e9finition de cas d&rsquo;infection au SARS-CoV-2\u00a0(COVID-19) et conduite \u00e0 tenir concernant un nouveau variant d\u00e9tect\u00e9 en Bretagne (variant du clade 20C) Mise \u00e0 jour le 14\/03\/2021<\/p>\n<p>D\u00e9finition de cas d&rsquo;infection au Sars-CoV-2 (Covid-19), Sant\u00e9 Publique France, 7 mai 2020.<\/p>\n<p>J&rsquo;ai \u00e9t\u00e9 en contact \u00e0 risque avec une personne malade du Covid-19. Sant\u00e9 Publique France. 15 septembre 2020.<\/p>\n<aside id=\"NL_556287367\" class=\"newsletter_subscription jNlBlock\"><noscript><br \/>\n            <\/noscript><\/p>\n<h3 class=\"newsletter_subscription-title\">Newsletter <\/h3>\n<p><a href=\"\/\/mailing.ccmbg.com\/archive\/last-85\" target=\"_blank\" class=\"a_hover\" rel=\"noopener noreferrer\">Voir un exemple<\/a><\/p>\n<\/aside>\n<p>&#8211;\u00a0\u00c9cole, coll\u00e8ge, lyc\u00e9e\u00a0: que faire si votre enfant a des sympt\u00f4mes ou est un cas contact\u00a0? 21 mars 2021, Service-public<\/p>\n<\/p><\/div>\n<p>[ad_2]<br \/>\n<br \/><a href=\"https:\/\/sante.journaldesfemmes.fr\/fiches-maladies\/2661027-cas-contact-covid-definition-test-que-faire-isolement-vaccine-protocole-ameli-se-declarer\/\">Source link <\/a><\/p>\n","protected":false},"excerpt":{"rendered":"<p>[ad_1] Les d\u00e9finitions des personnes contacts \u00e9voluent et prennent d\u00e9sormais en compte le statut vaccinal et immunitaire des personnes, annonce &hellip; <a href=\"http:\/\/www.affinite.fr\/index.php\/2021\/07\/27\/cas-contact-covid-nouvelle-definition-vaccine-isolement\/\" class=\"more-link\">Plus <span class=\"screen-reader-text\">Cas contact Covid\u00a0: nouvelle d\u00e9finition, vaccin\u00e9, isolement<\/span> <span class=\"meta-nav\">&rarr;<\/span><\/a><\/p>\n","protected":false},"author":1,"featured_media":6710,"comment_status":"open","ping_status":"open","sticky":false,"template":"","format":"standard","meta":{"_sitemap_exclude":false,"_sitemap_priority":"","_sitemap_frequency":"","footnotes":""},"categories":[1],"tags":[],"class_list":["post-6709","post","type-post","status-publish","format-standard","has-post-thumbnail","hentry","category-tous"],"_links":{"self":[{"href":"http:\/\/www.affinite.fr\/index.php\/wp-json\/wp\/v2\/posts\/6709"}],"collection":[{"href":"http:\/\/www.affinite.fr\/index.php\/wp-json\/wp\/v2\/posts"}],"about":[{"href":"http:\/\/www.affinite.fr\/index.php\/wp-json\/wp\/v2\/types\/post"}],"author":[{"embeddable":true,"href":"http:\/\/www.affinite.fr\/index.php\/wp-json\/wp\/v2\/users\/1"}],"replies":[{"embeddable":true,"href":"http:\/\/www.affinite.fr\/index.php\/wp-json\/wp\/v2\/comments?post=6709"}],"version-history":[{"count":0,"href":"http:\/\/www.affinite.fr\/index.php\/wp-json\/wp\/v2\/posts\/6709\/revisions"}],"wp:featuredmedia":[{"embeddable":true,"href":"http:\/\/www.affinite.fr\/index.php\/wp-json\/wp\/v2\/media\/6710"}],"wp:attachment":[{"href":"http:\/\/www.affinite.fr\/index.php\/wp-json\/wp\/v2\/media?parent=6709"}],"wp:term":[{"taxonomy":"category","embeddable":true,"href":"http:\/\/www.affinite.fr\/index.php\/wp-json\/wp\/v2\/categories?post=6709"},{"taxonomy":"post_tag","embeddable":true,"href":"http:\/\/www.affinite.fr\/index.php\/wp-json\/wp\/v2\/tags?post=6709"}],"curies":[{"name":"wp","href":"https:\/\/api.w.org\/{rel}","templated":true}]}}