{"id":6707,"date":"2021-07-26T22:27:26","date_gmt":"2021-07-26T22:27:26","guid":{"rendered":"https:\/\/www.affinite.fr\/index.php\/2021\/07\/26\/une-femme-retrouvee-morte-dans-sa-propriete-affaire-dargent-et-damour\/"},"modified":"2021-07-26T22:27:26","modified_gmt":"2021-07-26T22:27:26","slug":"une-femme-retrouvee-morte-dans-sa-propriete-affaire-dargent-et-damour","status":"publish","type":"post","link":"http:\/\/www.affinite.fr\/index.php\/2021\/07\/26\/une-femme-retrouvee-morte-dans-sa-propriete-affaire-dargent-et-damour\/","title":{"rendered":"Une femme retrouv\u00e9e morte dans sa propri\u00e9t\u00e9\u00a0: affaire d&rsquo;argent et d&rsquo;amour\u00a0?"},"content":{"rendered":"<p> [ad_1]<br \/>\n<br \/><img decoding=\"async\" src=\"https:\/\/img-3.journaldesfemmes.fr\/8QDCyLsZS-n9nPDKou3p6K1dFBU=\/1280x\/smart\/5ab928630f134b59b8354d8cc0883c25\/ccmcms-jdf\/26594486.jpg\" \/><\/p>\n<p>\n                Daniela Furrer, une femme de 48\u00a0ans, a \u00e9t\u00e9 retrouv\u00e9e morte dans sa propri\u00e9t\u00e9 de Haute-Garonne. Son compagnon, qui a r\u00e9v\u00e9l\u00e9 le d\u00e9c\u00e8s de celle-ci sans le vouloir, a \u00e9t\u00e9 plac\u00e9 en d\u00e9tention provisoire&#8230;            <\/p>\n<div>\n<p>Le <strong>corps sans vie d&rsquo;une femme<\/strong> a \u00e9t\u00e9 d\u00e9couvert, le 8\u00a0juillet. Il s&rsquo;agit d&rsquo;une Suisse pr\u00e9nomm\u00e9e <strong>Daniela Furrer<\/strong>,\u00a0morte dans sa propri\u00e9t\u00e9 de Terrebasse, au sud de la Haute-Garonne, selon\u00a0<em>La D\u00e9p\u00eache.<\/em><br \/>Quelques heures avant la d\u00e9couverte du corps, <strong>son compagnon<\/strong>, un homme de 53 ans, est convoqu\u00e9 par la police de Zurich afin d&rsquo;\u00eatre entendu sur une affaire financi\u00e8re. A cette heure-ci, personne n&rsquo;a connaissance de la mort de la quarantenaire. Alcoolis\u00e9, l&rsquo;homme commence pourtant \u00e0 \u00e9voquer le <strong>meurtre de la Suissesse<\/strong>, survenu dans la propri\u00e9t\u00e9 de Haute-Garonne.\u00a0Surpris, les enqu\u00eateurs demandent aux gendarmes de v\u00e9rifier si l&rsquo;homme dit vrai, si le corps sans vie de sa compagne se trouve bien dans cette r\u00e9sidence. En fin de matin\u00e9e, le couperet tombe: Daniela Furrer est bien <strong>retrouv\u00e9e morte dans sa propri\u00e9t\u00e9<\/strong>. L&rsquo;homme de 53\u00a0ans est ensuite plac\u00e9 en <strong>d\u00e9tention provisoire <\/strong>\u00e0 Zurich.<\/p>\n<h2>Un couple sans histoires&#8230;\u00a0vraiment ?<\/h2>\n<aside id=\"NL_563358667\" class=\"newsletter_subscription jNlBlock\"><noscript><br \/>\n            <\/noscript><\/p>\n<h3 class=\"newsletter_subscription-title\">Newsletter <\/h3>\n<p><a href=\"\/\/mailing.ccmbg.com\/archive\/last-85\" target=\"_blank\" class=\"a_hover\" rel=\"noopener noreferrer\">Voir un exemple<\/a><\/p>\n<\/aside>\n<p>Une <strong><a href=\"https:\/\/sante.journaldesfemmes.fr\/fiches-anatomie-et-examens\/2571653-autopsie-examens-delais-resultats\/\" title=\"Examen post-mortem\">autopsie<\/a> <\/strong>est alors pratiqu\u00e9e sur le corps de Daniela Furrer, <strong>tu\u00e9e d&rsquo;une balle dans la t\u00eate<\/strong>.\u00a0Le meurtre serait survenu environ 48h plus t\u00f4t, soit le 5\u00a0ou 6\u00a0juillet. Avant sa mort, Daniela Furrer vivait sa vie de mani\u00e8re discr\u00e8te, \u00e0 Terrebasse, o\u00f9 elle \u00e9tait relativement connue des voisins pour <strong>s&rsquo;occuper de\u00a0chevaux<\/strong>.\u00a0\u00ab\u00a0<em>Les gens interrog\u00e9s, et qui avaient \u00e9t\u00e9 en contact avec elle, notamment pour les chevaux, se montrent positifs et \u00e9logieux<\/em>\u00ab\u00a0, a pr\u00e9cis\u00e9 un gendarme \u00e0<em> La D\u00e9p\u00eache<\/em>.\u00a0<br \/>Un autre t\u00e9moin, un Toulousain qui avait d\u00e9j\u00e0 log\u00e9 dans la propri\u00e9t\u00e9 de Daniela Furrer et de son compagnon pour des vacances, s&rsquo;est souvenu d&rsquo;un <strong>couple chaleureux et sans histoires<\/strong>.<br \/>Mais selon <em>La D\u00e9p\u00eache<\/em>, les relations<strong> se seraient tendues<\/strong> au sein du couple, ces derniers mois. D\u00e9ception sentimentale, affaire d&rsquo;argent&#8230; Le compagnon de la d\u00e9funte est-il responsable de sa mort?\u00a0<\/p>\n<\/p><\/div>\n<p>[ad_2]<br \/>\n<br \/><a href=\"https:\/\/www.journaldesfemmes.fr\/societe\/actu\/2734093-femme-morte-propriete-terrebasse-haute-garonne-compagnon\/\">Source link <\/a><\/p>\n","protected":false},"excerpt":{"rendered":"<p>[ad_1] Daniela Furrer, une femme de 48\u00a0ans, a \u00e9t\u00e9 retrouv\u00e9e morte dans sa propri\u00e9t\u00e9 de Haute-Garonne. Son compagnon, qui a &hellip; <a href=\"http:\/\/www.affinite.fr\/index.php\/2021\/07\/26\/une-femme-retrouvee-morte-dans-sa-propriete-affaire-dargent-et-damour\/\" class=\"more-link\">Plus <span class=\"screen-reader-text\">Une femme retrouv\u00e9e morte dans sa propri\u00e9t\u00e9\u00a0: affaire d&rsquo;argent et d&rsquo;amour\u00a0?<\/span> <span class=\"meta-nav\">&rarr;<\/span><\/a><\/p>\n","protected":false},"author":1,"featured_media":6708,"comment_status":"open","ping_status":"open","sticky":false,"template":"","format":"standard","meta":{"_sitemap_exclude":false,"_sitemap_priority":"","_sitemap_frequency":"","footnotes":""},"categories":[1],"tags":[],"class_list":["post-6707","post","type-post","status-publish","format-standard","has-post-thumbnail","hentry","category-tous"],"_links":{"self":[{"href":"http:\/\/www.affinite.fr\/index.php\/wp-json\/wp\/v2\/posts\/6707"}],"collection":[{"href":"http:\/\/www.affinite.fr\/index.php\/wp-json\/wp\/v2\/posts"}],"about":[{"href":"http:\/\/www.affinite.fr\/index.php\/wp-json\/wp\/v2\/types\/post"}],"author":[{"embeddable":true,"href":"http:\/\/www.affinite.fr\/index.php\/wp-json\/wp\/v2\/users\/1"}],"replies":[{"embeddable":true,"href":"http:\/\/www.affinite.fr\/index.php\/wp-json\/wp\/v2\/comments?post=6707"}],"version-history":[{"count":0,"href":"http:\/\/www.affinite.fr\/index.php\/wp-json\/wp\/v2\/posts\/6707\/revisions"}],"wp:featuredmedia":[{"embeddable":true,"href":"http:\/\/www.affinite.fr\/index.php\/wp-json\/wp\/v2\/media\/6708"}],"wp:attachment":[{"href":"http:\/\/www.affinite.fr\/index.php\/wp-json\/wp\/v2\/media?parent=6707"}],"wp:term":[{"taxonomy":"category","embeddable":true,"href":"http:\/\/www.affinite.fr\/index.php\/wp-json\/wp\/v2\/categories?post=6707"},{"taxonomy":"post_tag","embeddable":true,"href":"http:\/\/www.affinite.fr\/index.php\/wp-json\/wp\/v2\/tags?post=6707"}],"curies":[{"name":"wp","href":"https:\/\/api.w.org\/{rel}","templated":true}]}}