{"id":6695,"date":"2021-07-23T15:43:23","date_gmt":"2021-07-23T15:43:23","guid":{"rendered":"https:\/\/www.affinite.fr\/index.php\/2021\/07\/23\/design-vegetal-a-chaumont-sur-loire\/"},"modified":"2021-07-23T15:43:23","modified_gmt":"2021-07-23T15:43:23","slug":"design-vegetal-a-chaumont-sur-loire","status":"publish","type":"post","link":"http:\/\/www.affinite.fr\/index.php\/2021\/07\/23\/design-vegetal-a-chaumont-sur-loire\/","title":{"rendered":"Design v\u00e9g\u00e9tal \u00e0 Chaumont-sur-Loire"},"content":{"rendered":"<p> [ad_1]<br \/>\n<br \/><img decoding=\"async\" src=\"https:\/\/maison1.advcdn.net\/images\/medias\/000\/055\/000055092\/200.jpg\" \/><\/p>\n<div itemprop=\"articleBody\">\n<p>\n  Les ch\u00e2teaux de la Loire en font partie. Ils sont souvent li\u00e9s au r\u00e8gne de\u00a0Fran\u00e7ois 1<sup>er<\/sup>, le roi b\u00e2tisseur qui nous a fait passer du Moyen Age \u00e0 la Renaissance. C\u2019est lui qui va implanter des <strong>jardins dans des lieux d\u2019exceptions que sont les demeures royales.<\/strong> Par la suite, Louis XIV qui avait compris l\u2019importance du jardin dans la vie sociale du jardin, va l\u2019implanter au ch\u00e2teau de Versailles et au ch\u00e2teau de Chambord, dont il va finir la construction. Le jardin, devient un lieu essentiel o\u00f9 il fallait \u00eatre vu en bonne compagnie. Le jardinier et paysagiste <strong>Andr\u00e9 Le N\u00f4tre a \u00e9t\u00e9 l\u2019un des pr\u00e9curseurs du jardin \u00e0 la fran\u00e7aise,<\/strong> car d\u00e9j\u00e0 \u00e0 cette \u00e9poque on parlait d\u00e9j\u00e0 de jardin \u00e0 l\u2019anglaise, ou \u00e0 l\u2019italienne.\n<\/p>\n<p>\n  Le ch\u00e2teau de <strong>Chaumont-sur-Loire,<\/strong> qui domine le plus long fleuve de France, a cr\u00e9\u00e9 une exposition permanente avec son <strong>festival des jardins depuis 1992.<\/strong> Comme chaque ann\u00e9e, on implante dans le domaine, plusieurs parcours avec des installations toutes plus originales les unes que les autres. Plusieurs zones sont confi\u00e9es \u00e0 des <strong>Designers V\u00e9g\u00e9taux internationaux.<\/strong> Des visiteurs venus du monde entier envahissent le domaine, jusqu\u2019au 7 novembre 2021 pour d\u00e9couvrir <strong>le th\u00e8me de l\u2019ann\u00e9e\u00a0: le biomim\u00e9tisme,<\/strong>\u00a0qui d\u00e9signe un processus d&rsquo;innovation et une ing\u00e9nierie. Il s&rsquo;inspire des formes, mati\u00e8res, propri\u00e9t\u00e9s, processus et fonctions du vivant.\n<\/p>\n<p>\n  Attention, il faut compter une journ\u00e9e pleine pour tout voir,\u00a0et davantage si vous en avez le temps. <strong>L\u2019installation \u00ab\u00a0A rebrousse-poil\u00a0\u00bb<\/strong> est sortie l\u2019imagination <strong>du designer v\u00e9g\u00e9tal fran\u00e7ais, Alexis Tricoire.<\/strong> Un nom tr\u00e8s connu dans le monde du design v\u00e9g\u00e9tal. Notons dans ses installations celle au Petit Trianon du ch\u00e2teau de Versailles, ou encore sa hutte sous la grande coupole du Grand Palais de Paris, \u00ab\u00a0le Nouveau Monde\u00a0\u00bb pour la Cop 21 de 2015.\n<\/p>\n<p>\n  Pour son exposition \u00e0 Chaumont, <strong>Alexis Tricoire<\/strong> <strong>s\u2019est associ\u00e9 avec plusieurs partenaires dont la F\u00e9d\u00e9ration Fran\u00e7aise de la Brosse, ARP-Astrance<\/strong> pour le choix botanique de plantes indig\u00e8nes de la vall\u00e9e de la Loire\u00a0; Idverde les a fournies et install\u00e9es, et les Pinceaux Raphael, \u00e0 l\u2019origine de l\u2019achat de l\u2019\u0153uvre de l\u2019indien qui ont fourni les pinceaux de sa coiffe.\n<\/p>\n<p>\n  L\u2019organisation du festival international des jardins de Chaumont-sur-Loire, lui a confi\u00e9 la zone appel\u00e9e \u00ab\u00a0Le vallon des brumes\u00a0\u00bb au plus profond de la petite vall\u00e9e qui traverse le parc.\u00a0Il d\u00e9veloppe un <strong>processus cr\u00e9atif original d\u2019upcycling en transformant des rebuts industriels en \u0153uvres d\u2019art biomim\u00e9tiques.<\/strong> A travers son travail<strong>, Alexis Tricoire a dispos\u00e9 un d\u00e9cor tropical avec des oiseaux, des v\u00e9g\u00e9taux et des guerriers sortis de l\u2019Amazonie,<\/strong> <strong>confectionn\u00e9s \u00e0 base de plusieurs types de brosses.<\/strong>\n<\/p>\n<p>\n  Face \u00e0 ces \u0153uvres, vous ne jetterez plus jamais votre vieille brosse \u00e0 dents\u00a0! Le tout est asperg\u00e9 par plusieurs brumisateurs. <strong>Le Designer v\u00e9g\u00e9tal nous transporte dans un monde imaginaire,<\/strong> compos\u00e9 d\u2019\u00eatres, tous originaux.\u00a0 Chaque objet m\u00e9rite une halte pour d\u00e9couvrir de quoi il est constitu\u00e9.\n<\/p>\n<p>\n  Le tout est ins\u00e9r\u00e9 avec doigt\u00e9 et malice dans un paysage naturel pour en faire une <strong>installation de Land Art.<\/strong> Une fois plac\u00e9s en immersion dans un milieu naturel, ces \u00e9l\u00e9ments concourent \u00e0 cr\u00e9er les conditions d\u2019un dialogue entre le r\u00e9el et l\u2019illusion. Une union contre nature pour la joie du grand public qui se plait \u00e0 les d\u00e9nicher tous, des plus visibles aux plus cach\u00e9s, tout en r\u00e9fl\u00e9chissant aux probl\u00e9matiques \u00e9cologiques. Dans un monde de surproduction, voici <strong>une solution pour diminuer la pollution due aux encombrants<\/strong> et constitu\u00e9e de nombreux objets qui pourraient devenir des \u0153uvres d\u2019art.\n<\/p>\n<p>\n  Ce concept, appliqu\u00e9 depuis des si\u00e8cles dans l\u2019art oc\u00e9anien que vous pouvez d\u00e9couvrir \u00e0 Paris au Mus\u00e9e Branly, \u00e9tait tr\u00e8s appr\u00e9ci\u00e9 par des <strong>grands artistes comme Pablo Picasso ou Braque.<\/strong> Chacun aura son interpr\u00e9tation de ce qu\u2019il rep\u00e8re, un toucan\u00a0ou un perroquet, un l\u00e9opard ou un marsupilami, des foug\u00e8res g\u00e9antes qui s\u2019ouvrent \u00e0 la vie, des fleurs de rumba\u00a0? Le tout <strong>confectionn\u00e9 de main de ma\u00eetre avec des brosses de toutes sortes,<\/strong> de la brosse de rue, en passant par la brosse \u00e0 dent ou le manche \u00e0 balais. Je vous laisse \u00e0 vos interpr\u00e9tations de chaque objet. Mais cette installation, n\u2019est pas uniquement un plaisir pour les yeux. Les assemblages de brosses vont devenir des tuteurs pour certaines plantes et participer \u00e0 leur croissance.\n<\/p>\n<p>\n  <strong>Le design v\u00e9g\u00e9tal est une nouvelle discipline<\/strong> qui renouvelle la pr\u00e9sence du v\u00e9g\u00e9tal gr\u00e2ce aux outils du designer. Alexis Tricoire concentre tous ses efforts sur la mise en sc\u00e8ne du v\u00e9g\u00e9tal et accorde une <strong>grande importance \u00e0 l\u2019interaction entre ses cr\u00e9ations et les usagers.<\/strong> Ses objets sont fonctionnels, ergonomiques et multisensoriels : il y int\u00e8gre aussi bien des assises que du son et de l\u2019\u00e9clairage, outre les syst\u00e8mes d\u2019irrigation permettant au v\u00e9g\u00e9tal de se d\u00e9velopper dans la dur\u00e9e.\u00a0\u00a0\n<\/p>\n<p>\n  Si vous d\u00e9sirez d\u00e9couvrir son installation au domaine du ch\u00e2teau de Chaumont, voici quelques indications\u00a0:\n<\/p>\n<ul>\n<li>\n    <strong>Le domaine se divise en plusieurs zones dont celle du ch\u00e2teau<\/strong> avec des expositions d\u2019artistes contemporains ainsi que dans les \u00e9curies.\n  <\/li>\n<li>Pour votre restauration, vous disposez de deux restaurants, d\u2019un caf\u00e9 avec du snacking et d\u2019un restaurant gastronomique, le Grand V\u00e9lum (sur r\u00e9servation)\u00a0; le chef vous y recevra sur r\u00e9servation avec une carte adapt\u00e9e au th\u00e8me de l\u2019ann\u00e9e.\u00a0\u00a0\n  <\/li>\n<\/ul>\n<p>\n  Pr\u00e9voyez du temps pour la visite du domaine qui comprend\u00a0:\n<\/p>\n<ul>\n<li>32 hectares de parcs\n  <\/li>\n<li>55 installations et expositions d\u2019art contemporain\n  <\/li>\n<li>30 nouveaux jardins dans le cadre du Festival International des Jardins\n  <\/li>\n<li>Le Ch\u00e2teau compl\u00e8tement remeubl\u00e9, les \u00c9curies et le Parc Historique\n  <\/li>\n<\/ul>\n<p>\n  Nous vous conseillons d\u2019arriver d\u00e8s l\u2019ouverture pour profiter au mieux du site.\u00a0Il est possible d\u2019effectuer la visite d\u2019une partie du Domaine en moins de temps\u00a0; comptez toutefois 3 heures pour la visite du Festival International des Jardins.\n<\/p>\n<p>\n  Pour profiter pleinement du Domaine durant la haute saison, optez pour le Pass 2 jours cons\u00e9cutifs.\n<\/p>\n<p>\n  Horaires :<br \/>Juillet et ao\u00fbt de 19h00 \u00e0 20h00 Nocturne de 22h00 \u00e0 minuit<br \/>Septembre de 10h00 \u00e0 19h30<br \/>Octobre de 10h00 \u00e0 19h00<br \/>Novembre de 10h00 \u00e0 18h00\n<\/p>\n<p>\n  Tarif 19 \u20ac la journ\u00e9e ou 33 \u20ac les deux jours.<br \/>Merci visiter leur site pour les r\u00e9ductions et les autres formules\u00a0<a href=\"http:\/\/www.domaine-chaumont.fr\/\" target=\"_blank\" rel=\"noopener noreferrer\">www.domaine-chaumont.fr<\/a><br \/>D\u00e9couvrez le monde v\u00e9g\u00e9tal d\u2019Alexis Tricoire\u00a0et son actualit\u00e9 :\u00a0<a href=\"http:\/\/www.alexistricoire.fr\/\" target=\"_blank\" rel=\"noopener noreferrer\">www.alexistricoire.fr<\/a>\u00a0\n<\/p>\n<\/p><\/div>\n<p><script async defer crossorigin=\"anonymous\" src=\"https:\/\/connect.facebook.net\/fr_FR\/sdk.js#xfbml=1&#038;version=v6.0&#038;appId=252025098257546&#038;autoLogAppEvents=1\"><\/script><br \/>\n<br \/>[ad_2]<br \/>\n<br \/><a href=\"http:\/\/feedproxy.google.com\/~r\/maison-actus\/~3\/xZn-p78VgUs\/\">Source link <\/a><\/p>\n","protected":false},"excerpt":{"rendered":"<p>[ad_1] Les ch\u00e2teaux de la Loire en font partie. Ils sont souvent li\u00e9s au r\u00e8gne de\u00a0Fran\u00e7ois 1er, le roi b\u00e2tisseur &hellip; <a href=\"http:\/\/www.affinite.fr\/index.php\/2021\/07\/23\/design-vegetal-a-chaumont-sur-loire\/\" class=\"more-link\">Plus <span class=\"screen-reader-text\">Design v\u00e9g\u00e9tal \u00e0 Chaumont-sur-Loire<\/span> <span class=\"meta-nav\">&rarr;<\/span><\/a><\/p>\n","protected":false},"author":1,"featured_media":6696,"comment_status":"open","ping_status":"open","sticky":false,"template":"","format":"standard","meta":{"_sitemap_exclude":false,"_sitemap_priority":"","_sitemap_frequency":"","footnotes":""},"categories":[1],"tags":[],"class_list":["post-6695","post","type-post","status-publish","format-standard","has-post-thumbnail","hentry","category-tous"],"_links":{"self":[{"href":"http:\/\/www.affinite.fr\/index.php\/wp-json\/wp\/v2\/posts\/6695"}],"collection":[{"href":"http:\/\/www.affinite.fr\/index.php\/wp-json\/wp\/v2\/posts"}],"about":[{"href":"http:\/\/www.affinite.fr\/index.php\/wp-json\/wp\/v2\/types\/post"}],"author":[{"embeddable":true,"href":"http:\/\/www.affinite.fr\/index.php\/wp-json\/wp\/v2\/users\/1"}],"replies":[{"embeddable":true,"href":"http:\/\/www.affinite.fr\/index.php\/wp-json\/wp\/v2\/comments?post=6695"}],"version-history":[{"count":0,"href":"http:\/\/www.affinite.fr\/index.php\/wp-json\/wp\/v2\/posts\/6695\/revisions"}],"wp:featuredmedia":[{"embeddable":true,"href":"http:\/\/www.affinite.fr\/index.php\/wp-json\/wp\/v2\/media\/6696"}],"wp:attachment":[{"href":"http:\/\/www.affinite.fr\/index.php\/wp-json\/wp\/v2\/media?parent=6695"}],"wp:term":[{"taxonomy":"category","embeddable":true,"href":"http:\/\/www.affinite.fr\/index.php\/wp-json\/wp\/v2\/categories?post=6695"},{"taxonomy":"post_tag","embeddable":true,"href":"http:\/\/www.affinite.fr\/index.php\/wp-json\/wp\/v2\/tags?post=6695"}],"curies":[{"name":"wp","href":"https:\/\/api.w.org\/{rel}","templated":true}]}}