{"id":6691,"date":"2021-07-22T22:23:50","date_gmt":"2021-07-22T22:23:50","guid":{"rendered":"https:\/\/www.affinite.fr\/index.php\/2021\/07\/22\/plus-21900-nouveaux-cas-une-hausse-de-505\/"},"modified":"2021-07-22T22:23:50","modified_gmt":"2021-07-22T22:23:50","slug":"plus-21900-nouveaux-cas-une-hausse-de-505","status":"publish","type":"post","link":"http:\/\/www.affinite.fr\/index.php\/2021\/07\/22\/plus-21900-nouveaux-cas-une-hausse-de-505\/","title":{"rendered":"plus 21900\u00a0nouveaux cas, une hausse de 505%"},"content":{"rendered":"<p> [ad_1]<br \/>\n<\/p>\n<p>\n                CORONAVIRUS DIRECT &#8211;  Alors que les discussions se poursuivent \u00e0 l&rsquo;Assembl\u00e9e nationale autour de l&rsquo;extension du pass sanitaire, de nouvelles restrictions ont \u00e9t\u00e9 mises en place dans le Var et les Landes \u00e0 cause d&rsquo;une reprise de l&rsquo;\u00e9pid\u00e9mie de Covid. Chiffres et infos en direct.            <\/p>\n<div>\n<aside class=\"ccmsummary marqueur_module ccmcss_cms_summary ccmcss_cms_summary--right\">\n<p>\u00a0Sommaire<\/p>\n<\/aside>\n<p><strong>[Mis\u00a0\u00e0 jour le jeudi 22\u00a0juillet \u00e0 21h15<\/strong><b>]<\/b>\u00a0La <strong>quatri\u00e8me vague<\/strong> \u00e9pid\u00e9mique de Covid que l&rsquo;on conna\u00eet actuellement a chang\u00e9 de cible. Lors des d\u00e9buts du Covid-19, le virus touchait les personnes les plus fragiles et \u00e2g\u00e9es.\u00a0D\u00e9sormais, \u00ab\u00a0<em>le virus circule<strong> beaucoup plus vite chez les jeunes<\/strong>\u00ab\u00a0, a alert\u00e9 le ministre de la Sant\u00e9, confirmant au S\u00e9nat : \u00ab\u00a0<strong>L&rsquo;\u00e9pid\u00e9mie est port\u00e9e aujourd&rsquo;hui par les 10-40\u00a0ans.<\/strong> C&rsquo;est une \u00e9pid\u00e9mie de jeunes, qui heureusement font peu de formes graves. Un certain nombre peut faire des <strong>Covid longs <\/strong>et \u00eatre<strong> terrass\u00e9s pendant des semaines voire des mois avec une perte d&rsquo;\u00e9nergie, des troubles du rythme cardiaque <\/strong>et d&rsquo;autres sympt\u00f4mes tels que des douleurs chroniques\u00a0\u00bb<\/em>. <em>\u00ab\u00a0Donc il nous<strong> faut vacciner les jeunes<\/strong> parce qu&rsquo;autrement, le r\u00e9servoir viral va passer de la population jeune aux populations plus \u00e2g\u00e9es\u00a0\u00bb<\/em>. Et la tendance \u00e0 l&rsquo;augmentation rapide des contaminations se poursuit avec <strong>21.909\u00a0nouveaux cas<\/strong> d\u00e9nombr\u00e9s ce jeudi en 24 heures : selon\u00a0Sant\u00e9 publique France, il s&rsquo;agit d&rsquo;une hausse de 505% par rapport \u00e0 jeudi dernier.\u00a0Alors que les discussions autour du pass sanitaire se poursuivent \u00e0 l&rsquo;Assembl\u00e9e, celui-ci est d\u00e9j\u00e0 obligatoire depuis mercredi\u00a0pour aller dans les lieux de loisirs de culture de plus de 50\u00a0personnes (cin\u00e9mas, parc d&rsquo;attractions, mus\u00e9es&#8230;). Il doit \u00eatre \u00e9tendu aux trains et terrasses des restaurants et\u00a0caf\u00e9s \u00e0 partir de d\u00e9but ao\u00fbt. De m\u00eame que l&rsquo;obligation vaccinale des soignants.\u00a0En revanche, l&rsquo;Assembl\u00e9e Nationale a vot\u00e9 <strong>contre le pass sanitaire pour les patients et visiteurs dans les h\u00f4pitaux et Ehpad. <\/strong>Quels sont les derniers <strong>chiffres de l&rsquo;\u00e9pid\u00e9mie<\/strong>\u00a0?\u00a0<span style=\"font-size: 1rem;\">Que disent les\u00a0<\/span><a data-auth=\"NotApplicable\" href=\"https:\/\/sante.journaldesfemmes.fr\/fiches-maladies\/2667643-carte-covid-19-france-monde-europe-pays-couleur-zone-rouge-departement-incidence-voyage-juillet\/\" rel=\"noopener noreferrer\" style=\"font-size: 1rem; background-color: rgb(255, 255, 255);\" target=\"_blank\">cartes<\/a><span style=\"font-size: 1rem;\"> de suivi de l&rsquo;\u00e9pid\u00e9mie\u00a0? Quels sont les <\/span><a href=\"https:\/\/sante.journaldesfemmes.fr\/fiches-maladies\/2630075-symptomes-coronavirus-covid-19-mal-gorge-rhume-que-faire-variant-premier-apparition-duree\/\" style=\"font-size: 1rem; background-color: rgb(255, 255, 255);\" target=\"_blank\" rel=\"noopener noreferrer\">sympt\u00f4mes du coronavirus<\/a><span style=\"font-size: 1rem;\"> ? Quand <\/span><a href=\"https:\/\/sante.journaldesfemmes.fr\/fiches-maladies\/2621211-isolement-covid-cas-contact-duree-vaccine-combien-de-temps-test-variant-attestation-certificat\/\" style=\"font-size: 1rem; background-color: rgb(255, 255, 255);\" target=\"_blank\" rel=\"noopener noreferrer\">s&rsquo;isoler et combien de temps<\/a><span style=\"font-size: 1rem;\"> ?\u00a0<\/span><a data-auth=\"NotApplicable\" href=\"https:\/\/sante.journaldesfemmes.fr\/fiches-maladies\/2629823-taux-de-reproduction-covid-france-coronavirus-r0-r-effectif-calcul-definition-2021-aujourd-hui-courbe\/\" rel=\"noopener noreferrer\" style=\"font-size: 1rem; background-color: rgb(255, 255, 255);\" target=\"_blank\">Quel est le taux de R0\u00a0du virus<\/a><span style=\"font-size: 1rem;\">\u00a0? Quand est-on <\/span><a href=\"https:\/\/sante.journaldesfemmes.fr\/fiches-maladies\/2679521-contagion-covid-19-combien-de-temps-jours-duree-asymptomatique-symptomes-incubation-contagieux\/\" style=\"font-size: 1rem; background-color: rgb(255, 255, 255);\" target=\"_blank\" rel=\"noopener noreferrer\">contagieux<\/a><span style=\"font-size: 1rem;\"> ? Que sait-on des\u00a0<\/span><a href=\"https:\/\/sante.journaldesfemmes.fr\/fiches-maladies\/2620433-vaccin-coronavirus-covid-19-france-pfizer-dose-moderna-janssen-meilleur-efficacite-chinois\/\" style=\"font-size: 1rem; background-color: rgb(255, 255, 255);\" target=\"_blank\" rel=\"noopener noreferrer\">vaccins<\/a><span style=\"font-size: 1rem;\">\u00a0? Des\u00a0<\/span><a href=\"https:\/\/sante.journaldesfemmes.fr\/fiches-maladies\/2686947-effet-secondaire-vaccin-covid-pfizer-moderna-astrazeneca-janssen-duree-france-myocardite-ado-injection\/\" style=\"font-size: 1rem; background-color: rgb(255, 255, 255);\" target=\"_blank\" rel=\"noopener noreferrer\">effets secondaires<\/a><span style=\"font-size: 1rem;\">\u00a0apr\u00e8s la vaccination\u00a0? Chiffres et infos du jour.<\/span><\/p>\n<section>\n<ul>\n<li><strong>La barre des 22.000 cas en approche. <\/strong>En l&rsquo;espace de 24h, Sant\u00e9 publique France a enregistr\u00e9 21\u00a0909 nouveaux cas de Covid-19, soit une <strong>augmentation de 505%<\/strong>\u00a0par rapport aux chiffres de jeudi dernier.\u00a0<\/li>\n<li><strong>Pas de pass sanitaire pour les patients et visiteurs en h\u00f4pitaux.<\/strong>\u00a0L&rsquo;Assembl\u00e9e Nationale a vot\u00e9 contre le pass sanitaire pour les patients et visiteurs dans les h\u00f4pitaux et Ehpad. Le projet de loi pr\u00e9voyait initialement l&rsquo;obligation de pr\u00e9senter le\u00a0pass sanitaire pour aller dans\u00a0les \u00e9tablissements de sant\u00e9, except\u00e9 en cas d&rsquo;urgences m\u00e9dicales.\u00a0\n<\/li>\n<li><strong>Les sorties d&rsquo;Olivier V\u00e9ran face au Parlement.<\/strong>\u00a0Nuit blanche pour le ministre de la Sant\u00e9 alors que le texte\u00a0imposant le pass\u00a0sanitaire \u00e9tait discut\u00e9 \u00e0 l&rsquo;Assembl\u00e9 nationale.\u00a0Face \u00e0 la longueur des d\u00e9bats\u00a0et aux\u00a0nombreux amendements d\u00e9pos\u00e9s par l&rsquo;opposition, Olivier V\u00e9ran s&rsquo;est laiss\u00e9 aller \u00e0 quelques sorties telles que : \u00ab\u00a0<em>Si le virus pouvait nous regarder, je pense que ce soir, il serait assez content et qu&rsquo;il se servirait une petite bi\u00e8re\u00a0\u00bb, <\/em>ou encore<em> \u00ab\u00a0Un contr\u00f4le inopin\u00e9 dans un restaurant, \u00e7a veut dire qu&rsquo;il n&rsquo;y a pas de contr\u00f4le. Un passe o\u00f9 il n&rsquo;y a pas un contr\u00f4le syst\u00e9matique, c&rsquo;est un abonnement Netflix familial. C&rsquo;est indispensable d&rsquo;avoir du contr\u00f4le. C&rsquo;est comme les codes Canal&#8230;Tout le monde va se les passer\u00a0\u00bb, <\/em>a-t-il ironis\u00e9<em>.<\/em>\u00a0\n<\/li>\n<li><strong>Vaccin Johnson\u00a0&amp; Johnson : nouvel effet ind\u00e9sirable. <\/strong>Dans un <a href=\"https:\/\/www.ema.europa.eu\/en\/news\/covid-19-vaccine-janssen-guillain-barre-syndrome-listed-very-rare-side-effect\" target=\"_blank\" rel=\"noopener noreferrer\">communiqu\u00e9<\/a> publi\u00e9 ce jeudi, l&rsquo;Agence europ\u00e9enne du m\u00e9dicament (EMA) a ajout\u00e9 un nouvel effet ind\u00e9sirable au vaccin de Johnson &amp; Johnson : le syndrome de Guillain-Barr\u00e9.\u00a0Il s&rsquo;agit d&rsquo;une maladie auto-immune affectant certains nerfs.\u00a0Si les personnes atteintes par cette pathologie ressentent une faiblesse, des picotements \u00e0 l&rsquo;extr\u00e9mit\u00e9 des membres, ou des troubles de la vision, elles doivent \u00e0 tout prix consulter un m\u00e9decin, pr\u00e9cise l&rsquo;EMA.\u00a0<\/li>\n<li><strong>Un cluster en Bourgogne-Franche-Comt\u00e9.<\/strong>\u00a0Selon des informations de<a href=\"https:\/\/www.francebleu.fr\/infos\/sante-sciences\/covid-19-66-cas-positifs-recenses-apres-une-soiree-au-cario-club-a-mathay-1626970917\" rel=\"nofollow noopener noreferrer\" target=\"_blank\">\u00a0France Bleu<\/a>, un cluster a \u00e9t\u00e9 d\u00e9tect\u00e9\u00a0dans une dans\u00a0une discoth\u00e8que \u00e0 Mathay (Doubs) en\u00a0Bourgogne-Franche-Comt\u00e9.\u00a0D&rsquo;apr\u00e8s\u00a0l&rsquo;Agence R\u00e9gionale de Sant\u00e9 (ARS)\u00a066\u00a0contaminations au Covid-19\u00a0ont \u00e9t\u00e9 enregistr\u00e9es au Cario Club entre le\u00a013 et le 17\u00a0juillet dernier.\u00a0<\/li>\n<li><strong>Masque obligatoire dans le Var.\u00a0<\/strong>En raison d&rsquo;une intense circulation du Covid-19\u00a0dans le Var, le d\u00e9partement passe ce jeudi en restrictions renforc\u00e9es, annonce le secr\u00e9taire g\u00e9n\u00e9ral de la pr\u00e9fecture du Var, Serge Jacob. Le masque redeviendra obligatoire d\u00e8s vendredi dans 58\u00a0communes (Bormes-les-Mimosas,\u00a0Collobri\u00e8res, Cuers, Le-Lavandou, La-Londe-les-Maures, Pierrefeu-du-Var&#8230;). Le Var, recense<strong><em> \u00ab\u00a016\u00a0clusters en cours d&rsquo;investigation\u00a0\u00bb<\/em><\/strong> selon Serge Jacob,\u00a0secr\u00e9taire g\u00e9n\u00e9ral de la pr\u00e9fecture du Var, qui a tenu un point-presse ce jeudi.<em>\u00a0\u00ab\u00a0Dans le Golfe de Saint-Tropez, le taux d&rsquo;incidence est pass\u00e9 de 24\u00a0\u00e0 262\u00a0en une semaine et certaines communes connaissent un taux d\u00e9passant les 900.\u00a0\u00bb<\/em><\/li>\n<\/ul>\n<ul>\n<li><strong>Le r\u00f4le des pharmacies renforc\u00e9. <\/strong><em>\u00ab\u00a0Nous sommes entr\u00e9s dans un sprint vaccinal.\u00a0\u00bb\u00a0<\/em>En\u00a0d\u00e9placement dans les Yvelines ce jeudi, Gabriel Attal, le porte-parole du gouvernement a annonc\u00e9 un renforcement du r\u00f4le des pharmacies face \u00e0 la reprise de la pand\u00e9mie et aux objectifs de vaccination\u00a0.\u00a0<em>\u00ab\u00a0Nous allons augmenter le nombre de doses que les pharmaciens recevront en officine, essentiellement du vaccin Moderna\u00a0\u00bb<\/em>, a-t-il pr\u00e9cis\u00e9.\u00a0Et d&rsquo;ajouter : <em>\u00ab\u00a0les pharmaciens vont aussi \u00eatre en premi\u00e8re ligne pour les tests (&#8230;) Nous allons garantir le mat\u00e9riel de test tout au long du mois d&rsquo;ao\u00fbt. La r\u00e9mun\u00e9ration des pharmaciens r\u00e9alisant des tests le dimanche va \u00e9galement \u00eatre augment\u00e9e.\u00a0\u00bb<\/em><\/li>\n<li><strong>Prolongations des restrictions dans les Landes.<\/strong>\u00a0Le d\u00e9partement des Landes, confront\u00e9 \u00e0<em> \u00ab\u00a0une \u00e9volution rapide et importante de la situation sanitaire\u00a0\u00bb<\/em>, prolonge\u00a0jusqu&rsquo;au 4\u00a0ao\u00fbt les mesures restrictives comme le port du masque obligatoire dans les zones les plus denses. De m\u00eame les<strong><em> \u00ab\u00a0rassemblements, r\u00e9unions ou activit\u00e9s sur la voie publique ou dans les lieux ouverts au public\u00a0\u00bb<\/em> avec plus de 20\u00a0personnes simultan\u00e9ment restent interdits<\/strong>, tout comme les <em>\u00ab\u00a0festivals de plein air\u00a0\u00bb, \u00ab\u00a0spectacles et concerts avec du public debout et dans les \u00e9tablissements recevant du public\u00a0\u00bb, <\/em>ont annonc\u00e9 la pr\u00e9fecture et l&rsquo;ARS Nouvelle-Aquitaine dans un communiqu\u00e9.\u00a0<\/li>\n<li><strong>50% des Europ\u00e9ens vaccin\u00e9s.\u00a0<\/strong>La Commission europ\u00e9enne a annonc\u00e9 jeudi que la moiti\u00e9 des adultes de l&rsquo;Union Europ\u00e9enne \u00e9taient d\u00e9sormais totalement vaccin\u00e9s contre le Covid-19. <em>\u00ab\u00a0Jusqu&rsquo;\u00e0 aujourd&rsquo;hui il y a eu 200\u00a0millions de personnes qui sont vaccin\u00e9es compl\u00e8tement dans l&rsquo;Union europ\u00e9enne\u00a0\u00bb<\/em>, a d\u00e9clar\u00e9 une porte-parole de la Commission, Dana Spinant, lors d&rsquo;un point de presse, pr\u00e9cisant que cela correspondait \u00e0 \u00ab\u00a054,7% d&rsquo;adultes\u00a0\u00bb totalement vaccin\u00e9s.\u00a0<\/li>\n<li><strong>Pass sanitaire&#8230;<\/strong><br \/><strong>-&gt;\u00a0dans le train :\u00a0<\/strong>Le pass sanitaire sera obligatoire d\u00e9but ao\u00fbt dans les trains pour les longs trajets.<em>\u00a0\u00ab\u00a0Un billet, un masque et un pass sanitaire\u00a0: ce sont les trois \u00e9l\u00e9ments pour prendre le train \u00e0 partir de d\u00e9but ao\u00fbt\u00a0\u00bb,<\/em> a d\u00e9clar\u00e9 le PDG de SNCF Voyageurs Christophe Fanichet sur RTL, jeudi. Le dispositif reposera sur des<em> \u00ab\u00a0<strong>contr\u00f4les massifs, partout et \u00e0 tout moment du voyage<\/strong>\u00ab\u00a0<\/em>, a soulign\u00e9 la SNCF dans un communiqu\u00e9<br \/><strong>-&gt;\u00a0<\/strong><strong>en terrasse :\u00a0<\/strong><em>Est-ce qu&rsquo;on peut se contaminer en terrasse d&rsquo;un restaurant ou d&rsquo;un caf\u00e9\u00a0? La r\u00e9ponse est oui.\u00a0\u00bb<\/em>\u00a0Sans pass sanitaire en\u00a0ext\u00e9rieur, le ministre \u00e9voque le risque de devoir<em> \u00ab\u00a0fermer les terrasses\u00a0\u00bb<\/em>.<\/li>\n<\/ul>\n<\/section>\n<p><a id=\"covid-france-chiffre-du-jour-bilan\" name=\"covid-france-chiffre-du-jour-bilan\" style=\"font-size: 1.125rem; background-color: rgb(255, 255, 255);\" target=\"_blank\" rel=\"noopener noreferrer\">Quels sont les chiffres du jour ?<\/a><\/p>\n<p>Les chiffres de l&rsquo;\u00e9pid\u00e9mie de Covid-19\u00a0en\u00a0France sont publi\u00e9s quotidiennement par le\u00a0site <a href=\"http:\/\/www.gouvernement.fr\/info-coronavirus\/carte-et-donnees\" target=\"_blank\" rel=\"noopener noreferrer\">Carte-et-donn\u00e9es<\/a> du gouvernement et par <a href=\"https:\/\/www.santepubliquefrance.fr\/dossiers\/coronavirus-covid-19\/coronavirus-chiffres-cles-et-evolution-de-la-covid-19-en-france-et-dans-le-monde\" target=\"_blank\" rel=\"noopener noreferrer\">Sant\u00e9 Publique France<\/a>.<\/p>\n<section>\n<table border=\"1\" cellpadding=\"1\" cellspacing=\"1\" style=\"width:100%;\">\n<thead>\n<tr>\n<th scope=\"col\" style=\"width: 205px; text-align: center;\">Nombre de cas de Covid (22 juillet)<\/th>\n<th scope=\"col\" style=\"width: 229px; text-align: center;\">Nombre de morts du Covid\u00a0<\/th>\n<th scope=\"col\" style=\"width: 244px; text-align: center;\">Nombre de personnes en soins critiques\u00a0<\/th>\n<th scope=\"col\" style=\"width: 119px; text-align: center;\">R0 (17 juillet)<\/th>\n<\/tr>\n<\/thead>\n<tbody>\n<tr>\n<td style=\"width: 205px; text-align: center;\">5 933 510<\/td>\n<td style=\"width: 229px; text-align: center;\">111 587 (+11 en 24h)<\/td>\n<td style=\"width: 244px; text-align: center;\">868<\/td>\n<td style=\"width: 119px; text-align: center;\">1,96 (+32.3% en 7 jours)<\/td>\n<\/tr>\n<\/tbody>\n<\/table>\n<table border=\"1\" cellpadding=\"1\" cellspacing=\"1\" style=\"width:100%;\">\n<thead>\n<tr>\n<th scope=\"col\" style=\"width: 205px; text-align: center;\">Nombre de cas de Covid (22 juillet)<\/th>\n<th scope=\"col\" style=\"width: 229px; text-align: center;\"><a id=\"cas-covid-24-heures\" name=\"cas-covid-24-heures\">Evolution sur 24 heures<\/a><\/th>\n<th scope=\"col\" style=\"width: 244px; text-align: center;\">Nombre moyen de nouveaux cas confirm\u00e9s quotidiens (17 juillet)<\/th>\n<th scope=\"col\" style=\"width: 244px; text-align: center;\">Taux d&rsquo;incidence (18 juillet)<\/th>\n<th scope=\"col\" style=\"width: 197px; text-align: center;\">Evolution du taux d&rsquo;incidence sur 7 jrs<\/th>\n<\/tr>\n<tr>\n<td style=\"width: 205px; text-align: center;\">5\u00a0933\u00a0510<\/td>\n<td style=\"width: 229px; text-align: center;\">+ 21\u00a0909<\/td>\n<td style=\"width: 244px; text-align: center;\">8\u00a0199<\/td>\n<td style=\"width: 244px; text-align: center;\">108.07\/100 000 habitants<\/td>\n<td style=\"width: 197px; text-align: center;\"><strong>+114.8<\/strong><\/td>\n<\/tr>\n<\/thead>\n<\/table>\n<p>On observe\u00a0une<strong> augmentation des nouvelles hospitalisations, notamment en \u00cele-de-France, <a href=\"http:\/\/www.affinite.fr\/index.php\/2024\/11\/21\/construire-votre-maison-en-normandie\/\">Normandie<\/a>, et Martinique<\/strong>, ainsi que des nouvelles admissions en services de soins critiques en Martinique, rapporte Sant\u00e9 Publique France le 16 juillet 2021. Une vigilance est \u00e0 maintenir \u00e9galement en <strong>Occitanie<\/strong> du fait de l&rsquo;augmentation des nouvelles hospitalisations observ\u00e9es par date d&rsquo;admission, \u00e0 consolider les semaines suivantes.\u00a0Voici les chiffres \u00e0 jour selon\u00a0le <a href=\"https:\/\/www.gouvernement.fr\/info-coronavirus\/carte-et-donnees\" target=\"_blank\" rel=\"noopener noreferrer\">site du\u00a0gouvernement<\/a>\u00a0et\u00a0<a href=\"https:\/\/dashboard.covid19.data.gouv.fr\/vue-d-ensemble?location=FRA\" target=\"_blank\" rel=\"noopener noreferrer\">Data-gouv.fr<\/a>.\u00a0<\/p>\n<table border=\"1\" cellpadding=\"1\" cellspacing=\"1\" style=\"width:100%;\">\n<thead>\n<tr>\n<th scope=\"col\" style=\"width: 205px; text-align: center;\">\u00a0<\/th>\n<th scope=\"col\" style=\"width: 205px; text-align: center;\">Nombre de patients Covid hospitalis\u00e9s\u00a0<\/th>\n<th scope=\"col\" style=\"width: 229px; text-align: center;\">Nombre moyen de nouvelles hospitalisations quotidiennes<\/th>\n<th scope=\"col\" style=\"width: 244px; text-align: center;\">Nombre de patients Covid en soins critiques<\/th>\n<th scope=\"col\" style=\"width: 244px; text-align: center;\">Nombre moyen de nouvelles entr\u00e9es en soins critiques quotidiennes\u00a0<\/th>\n<\/tr>\n<tr>\n<td style=\"width: 205px; text-align: center;\"><strong>Au 22 juillet<\/strong><\/td>\n<td style=\"width: 205px; text-align: center;\">6 832\u00a0<\/td>\n<td style=\"width: 229px; text-align: center;\">224 (+56.6% en 7 jours)<\/td>\n<td style=\"width: 244px; text-align: center;\">868<\/td>\n<td style=\"width: 244px; text-align: center;\">43 (+65.4% en 7 jours)<\/td>\n<\/tr>\n<\/thead>\n<\/table>\n<h3><u>Nombre de personnes actuellement hospitalis\u00e9es par r\u00e9gion au 21\u00a0juillet<\/u><u>\u00a02021 (source : gouvernement.fr)<\/u><\/h3>\n<table align=\"center\" border=\"1\" cellpadding=\"1\" cellspacing=\"1\" style=\"width:100%;\">\n<thead>\n<tr>\n<th scope=\"col\" style=\"width: 260px;\">R\u00e9gion<\/th>\n<th scope=\"col\" style=\"width: 283px;\">Nombre de personnes actuellement hospitalis\u00e9es<\/th>\n<th scope=\"col\" style=\"width: 220px;\">Evolution en 7 jours<\/th>\n<\/tr>\n<\/thead>\n<tbody>\n<tr>\n<td style=\"width: 260px;\"><strong>Auvergne-Rh\u00f4ne-Alpes<\/strong><\/td>\n<td style=\"width: 283px;\">539<\/td>\n<td style=\"width: 220px;\">-11.9%<\/td>\n<\/tr>\n<tr>\n<td style=\"width: 260px;\"><strong>Hauts-de-France<\/strong><\/td>\n<td style=\"width: 283px;\">897<\/td>\n<td style=\"width: 220px;\">-17.6%<\/td>\n<\/tr>\n<tr>\n<td style=\"width: 260px;\"><strong>Provence-Alpes-C\u00f4te d&rsquo;Azur<\/strong><\/td>\n<td style=\"width: 283px;\">710<\/td>\n<td style=\"width: 220px;\"><strong>+5.5%<\/strong><\/td>\n<\/tr>\n<tr>\n<td style=\"width: 260px;\"><strong>Grand Est<\/strong><\/td>\n<td style=\"width: 283px;\">436<\/td>\n<td style=\"width: 220px;\">-4.4%<\/td>\n<\/tr>\n<tr>\n<td style=\"width: 260px;\"><strong>Occitanie<\/strong><\/td>\n<td style=\"width: 283px;\">477<\/td>\n<td style=\"width: 220px;\"><strong>+7.2%<\/strong><\/td>\n<\/tr>\n<tr>\n<td style=\"width: 260px;\"><strong>Normandie<\/strong><\/td>\n<td style=\"width: 283px;\">453<\/td>\n<td style=\"width: 220px;\">-3.6%<\/td>\n<\/tr>\n<tr>\n<td style=\"width: 260px;\"><strong>Nouvelle-Aquitaine<\/strong><\/td>\n<td style=\"width: 283px;\">404<\/td>\n<td style=\"width: 220px;\"><strong>+5.5%<\/strong><\/td>\n<\/tr>\n<tr>\n<td style=\"width: 260px;\"><strong>Centre-Val de Loire<\/strong><\/td>\n<td style=\"width: 283px;\">213<\/td>\n<td style=\"width: 220px;\">-3.2%<\/td>\n<\/tr>\n<tr>\n<td style=\"width: 260px;\"><strong>Bourgogne-Franche-Comt\u00e9<\/strong><\/td>\n<td style=\"width: 283px;\">291<\/td>\n<td style=\"width: 220px;\">-0.7%\u00a0<\/td>\n<\/tr>\n<tr>\n<td style=\"width: 260px;\"><strong>Bretagne<\/strong><\/td>\n<td style=\"width: 283px;\">271<\/td>\n<td style=\"width: 220px;\">-2.5%<\/td>\n<\/tr>\n<tr>\n<td style=\"width: 260px;\"><strong>Corse<\/strong><\/td>\n<td style=\"width: 283px;\">32<\/td>\n<td style=\"width: 220px;\"><strong>+18.5%<\/strong><\/td>\n<\/tr>\n<tr>\n<td style=\"width: 260px;\"><strong>Pays de la Loire<\/strong><\/td>\n<td style=\"width: 283px;\">134<\/td>\n<td style=\"width: 220px;\">-1.5%<\/td>\n<\/tr>\n<tr>\n<td style=\"width: 260px;\"><strong>\u00cele-de-France<\/strong><\/td>\n<td style=\"width: 283px;\">1 587<\/td>\n<td style=\"width: 220px;\">-1.1%<\/td>\n<\/tr>\n<tr>\n<td style=\"width: 260px;\"><strong>Guadeloupe<\/strong><\/td>\n<td style=\"width: 283px;\">91<\/td>\n<td style=\"width: 220px;\">-14.2%<\/td>\n<\/tr>\n<tr>\n<td style=\"width: 260px;\"><strong>Martinique<\/strong><\/td>\n<td style=\"width: 283px;\">88<\/td>\n<td style=\"width: 220px;\"><strong>+109.5%<\/strong><\/td>\n<\/tr>\n<tr>\n<td style=\"width: 260px;\"><strong>Guyane<\/strong><\/td>\n<td style=\"width: 283px;\">105<\/td>\n<td style=\"width: 220px;\"><strong>+26.5%<\/strong><\/td>\n<\/tr>\n<tr>\n<td style=\"width: 260px;\"><strong>La R\u00e9union<\/strong><\/td>\n<td style=\"width: 283px;\">141<\/td>\n<td style=\"width: 220px;\">-2.2%<\/td>\n<\/tr>\n<tr>\n<td style=\"width: 260px;\"><strong>Mayotte<\/strong><\/td>\n<td style=\"width: 283px;\">0<\/td>\n<td style=\"width: 220px;\">NC<\/td>\n<\/tr>\n<\/tbody>\n<\/table>\n<\/section>\n<p>La mortalit\u00e9 li\u00e9e \u00e0 la COVID-19 a faibli. <strong>111\u00a0587 d\u00e9c\u00e8s sont recens\u00e9s au 22<\/strong>\u00a0<strong>juillet\u00a0<\/strong>dont 85\u00a0082\u00a0\u00e0 l&rsquo;h\u00f4pital\u00a0(+11 au cours des 24\u00a0derni\u00e8res heures), selon les chiffres de <a href=\"https:\/\/www.santepubliquefrance.fr\/dossiers\/coronavirus-covid-19\/coronavirus-chiffres-cles-et-evolution-de-la-covid-19-en-france-et-dans-le-monde\" target=\"_blank\" rel=\"noopener noreferrer\">Sant\u00e9 Publique France<\/a>. Ce chiffre ne comprend pas les d\u00e9c\u00e8s \u00e0 domicile.\u00a0<\/p>\n<div style=\"text-align:center\">\n<figure class=\"image\" style=\"display:inline-block\"><a class=\"fancy\" href=\"https:\/\/img-3.journaldesfemmes.fr\/dPZmWk0j55r5_E2zNbWH7GSirZQ=\/1080x\/smart\/6e12c83ab34544888baee5e0a846c84a\/ccmcms-jdf\/26138739.jpg\"><img decoding=\"async\" alt=\"courbe-covid-deces-morts-france\" src=\"https:\/\/img-3.journaldesfemmes.fr\/dPZmWk0j55r5_E2zNbWH7GSirZQ=\/1080x\/smart\/6e12c83ab34544888baee5e0a846c84a\/ccmcms-jdf\/26138739.jpg\"\/><\/a><figcaption data-credit=\"Sant\u00e9 Publique France\"><small>\u00a9\u00a0Sant\u00e9 Publique France<\/small><\/figcaption><\/figure>\n<\/div>\n<p>En semaine 27 (5-11 juillet), la d\u00e9gradation de la situation s&rsquo;est acc\u00e9l\u00e9r\u00e9e. La valeur du R effectif (SI-DEP) \u00e0 1,5\u00a0t\u00e9moigne du tr\u00e8s fort dynamisme de la transmission de l&rsquo;infection. Le taux d&rsquo;incidence \u00e9tait en augmentation dans toutes les classes d&rsquo;\u00e2ge. Cette <strong>augmentation \u00e9tait la plus \u00e9lev\u00e9e chez les 10-39\u00a0ans<\/strong> et touchait toutes les r\u00e9gions.<\/p>\n<div style=\"text-align:center\">\n<figure class=\"image\" style=\"display:inline-block\"><a class=\"fancy\" href=\"https:\/\/img-3.journaldesfemmes.fr\/omb2ORvHzBS-qjjT3qE0iQUX29s=\/1080x\/smart\/274aefc3a3164e8a8dcfc00b8c63c949\/ccmcms-jdf\/26320267.jpg\"><img decoding=\"async\" alt=\"taux incidence covid\" src=\"https:\/\/img-3.journaldesfemmes.fr\/omb2ORvHzBS-qjjT3qE0iQUX29s=\/1080x\/smart\/274aefc3a3164e8a8dcfc00b8c63c949\/ccmcms-jdf\/26320267.jpg\"\/><\/a><figcaption data-credit=\"Sant\u00e9 Publique France\"><small>\u00a9\u00a0Sant\u00e9 Publique France<\/small><\/figcaption><\/figure>\n<\/div>\n<p><strong>Pour rappel, la France a connu trois \u00ab\u00a0vagues\u00a0\u00bb \u00e9pid\u00e9miques depuis janvier 2020 :\u00a0<\/strong><\/p>\n<p>\u2192 Une premi\u00e8re vague marqu\u00e9e par un\u00a0<strong>pic \u00e9pid\u00e9mique<\/strong>\u00a0au cours de la\u00a0<strong>semaine du 6\u00a0au 12\u00a0avril 2020<\/strong>, soit 15\u00a0jours\u00a0apr\u00e8s la mise en \u0153uvre du premier\u00a0confinement de la population (le 17\u00a0mars 2020).<\/p>\n<p>\u2192 Une deuxi\u00e8me vague marqu\u00e9e par un\u00a0<strong>pic au cours de la semaine du<\/strong>\u00a0<strong>16\u00a0au 20\u00a0novembre 2020,\u00a0<\/strong>trois semaines apr\u00e8s le deuxi\u00e8me confinement (29 octobre 2020).<\/p>\n<p>\u2192 Une troisi\u00e8me vague dont le <strong>pic \u00e9pid\u00e9mique a \u00e9t\u00e9 estim\u00e9 \u00e0 la mi-avril 2021.<\/strong>\u00a0<\/p>\n<p>\u2192 Une quatri\u00e8me vague \u00e9pid\u00e9mique a commenc\u00e9 d\u00e9but juillet 2021, avec un chiffre record de nouvelles contaminations (18 181) le 20 juillet.\u00a0<\/p>\n<p>Le<strong> variant Delta est devenu majoritaire <\/strong>sur le territoire m\u00e9tropolitain, annonce Sant\u00e9 Publique France dans son point \u00e9pid\u00e9miologique du 16 juillet. La mutation L452R (port\u00e9e principalement par le variant Delta) \u00e9tait retrouv\u00e9e dans 63% des pr\u00e9l\u00e8vements positifs cribl\u00e9s (43% en S26) et ce variant repr\u00e9sentait <strong>55%<\/strong> des virus s\u00e9quenc\u00e9s interpr\u00e9tables dans l&rsquo;enqu\u00eate Flash #13\u00a0du 29\u00a0juin.\u00a0<\/p>\n<p>Il n&rsquo;y a plus de<strong> couvre-feu <\/strong>en France depuis le 20 juin. Le <strong>port du masque en ext\u00e9rieur <\/strong>n&rsquo;est aussi plus obligatoire au niveau national depuis cette date mais des villes ont recommenc\u00e9 \u00e0 l&rsquo;imposer d\u00e9but juillet \u00e0 cause de la diffusion du variant indien (Lille, Saint-Malo, Touquet&#8230;). Il n&rsquo;y a plus de jauge impos\u00e9e dans les restaurants, bars et salles de sport. Le <strong>pass sanitaire est \u00e9tendu le 21 juillet<\/strong> aux lieux de loisirs et cultures de plus de 50 personnes puis d\u00e9but ao\u00fbt aux caf\u00e9s, restaurants&#8230;<\/p>\n<div class=\"ccminsert\">\n<aside class=\"app_widget_fo app_widget_fo--call\">\n<ul>\n<li>\n                <a href=\"https:\/\/sante.journaldesfemmes.fr\/fiches-maladies\/2634451-sport-covid-reprise-pass-sanitaire-salle-de-sport-exterieur-piscine-protocole-apres-vaccin\/\" class=\"jGTMWidgetGAEventClick\" data-gtmwidgetgaeventaction=\"clickWidgetCall\" data-gtmwidgetgaeventlabel=\"Sport et Covid\u00a0:\u00a0pass sanitaire en salle, ext\u00e9rieur, piscine\"><\/p>\n<figure><picture><source media=\"(max-width: 480px)\" srcset=\"https:\/\/img-3.journaldesfemmes.fr\/-j-MnG5rLppSGEyDVEjgTGghv0I=\/160x105\/smart\/aab39235b46848b3adafc6d86826b340\/ccmcms-jdf\/26470026.jpg\" width=\"160\" height=\"105\"><img decoding=\"async\" src=\"https:\/\/img-3.journaldesfemmes.fr\/zPJ0aSWjcq-hRWSmONhat-q71AU=\/200x132\/smart\/aab39235b46848b3adafc6d86826b340\/ccmcms-jdf\/26470026.jpg\" alt=\"\" width=\"200\" height=\"132\" loading=\"lazy\"\/><\/source><\/picture><figcaption>\n<h3>Sport et Covid\u00a0:\u00a0pass sanitaire en salle, ext\u00e9rieur, piscine<\/h3>\n<p>SPORT ET COVID &#8211; La pratique du sport est possible en plein air, en salle, en club et dans les piscines. Mais depuis le 21\u00a0juillet, un pass sanitaire est obligatoire dans tous les lieux couverts et en plein air accueillant plus de 50\u00a0personnes. Nouveau protocole en salle, gymnase, piscines, club, comp\u00e9titions, mineurs&#8230;<\/p>\n<\/figcaption><\/figure>\n<p><\/a>\n            <\/li>\n<\/ul>\n<\/aside>\n<\/div>\n<p>Clients, usagers, salari\u00e9s\u2026\u00a0<strong>seules les personnes vaccin\u00e9es ou test\u00e9es n\u00e9gatives pourront acc\u00e9der aux lieux d\u00e9finis plus bas.<\/strong><\/p>\n<p>La r\u00e8gle g\u00e9n\u00e9rale pour l&rsquo;extension du \u00ab\u00a0pass sanitaire\u00a0\u00bb va se d\u00e9rouler en 2\u00a0\u00e9tapes\u00a0:<\/p>\n<p><strong>\u25ba D\u00e8s le 21\u00a0juillet aux lieux de loisirs et de culture lorsqu&rsquo;ils accueillent plus de 50 personnes :\u00a0\u00a0<\/strong>spectacles, parcs d&rsquo;attraction, concerts, festivals, cin\u00e9mas, lieux de culte, mus\u00e9es, biblioth\u00e8ques, chapiteaux&#8230;\u00a0<br \/><strong>\u25ba \u00c0\u00a0partir du d\u00e9but du mois d&rsquo;ao\u00fbt<\/strong>\u00a0\u2013 \u00a0apr\u00e8s le vote d&rsquo;un <a href=\"https:\/\/www.assemblee-nationale.fr\/dyn\/15\/rapports\/cion_lois\/l15b4389_rapport-fond#_Toc256000001\" target=\"_blank\" rel=\"noopener noreferrer\">projet de loi<\/a>\u00a0\u2013 dans\u00a0:<\/p>\n<ol>\n<li>les caf\u00e9s, les\u00a0restaurants, les \u00ab\u00a0grands\u00a0\u00bb centres commerciaux ;<\/li>\n<li>les h\u00f4pitaux, les maisons de retraites, les\u00a0\u00e9tablissements m\u00e9dicosociaux ;<\/li>\n<li>les avions, trains et cars pour les longs trajets. D\u00e8s cette semaine, les contr\u00f4les aux fronti\u00e8res seront renforc\u00e9s pour les ressortissants en provenance de pays \u00e0 risques avec isolement contraint pour les voyageurs non-vaccin\u00e9s.<\/li>\n<\/ol>\n<p><strong>\u25baL&rsquo;obligation du \u00ab\u00a0pass sanitaire\u00a0\u00bb est repouss\u00e9e au 30\u00a0ao\u00fbt pour<\/strong>\u00a0:<\/p>\n<ul>\n<li><strong>Les salari\u00e9s des lieux et \u00e9tablissements recevant du public.\u00a0<\/strong>La raison en est que pour ces salari\u00e9s, n&rsquo;ayant pas encore re\u00e7u deux doses de vaccin devraient se faire tester presque chaque jour pour aller travailler. Pr\u00e9cision\u00a0:\u00a0<strong>leur 1e injection devra \u00eatre r\u00e9alis\u00e9e au plus tard le 1<sup>er<\/sup>\u00a0ao\u00fbt<\/strong>. Attention\u00a0! le \u00ab\u00a0pass sanitaire\u00a0\u00bb reste exigible pour les clients qui fr\u00e9quenteront ces lieux aux dates des 21\u00a0juillet et 1<sup>er<\/sup>\u00a0ao\u00fbt 2021.<\/li>\n<\/ul>\n<p><strong>\u25baL&rsquo;obligation du \u00ab\u00a0pass sanitaire\u00a0\u00bb est repouss\u00e9e au 30\u00a0septembre pour<\/strong>\u00a0:<\/p>\n<ul>\n<li><strong>Les jeunes de 12\u00a0\u00e0 17\u00a0ans.\u00a0<\/strong>La raison en est que la vaccination n&rsquo;ayant \u00e9t\u00e9 ouverte, pour cette cat\u00e9gorie d&rsquo;\u00e2ge, qu&rsquo;au mois de juin, des millions de jeunes auraient \u00e9t\u00e9 contraints d&rsquo;effectuer des tests \u00e0 r\u00e9p\u00e9tition pour toutes leurs activit\u00e9s estivales, \u00e0 partir du 21\u00a0juillet. Cet am\u00e9nagement permettra, d&rsquo;ici au 30\u00a0septembre, aux 12-17\u00a0ans d&rsquo;\u00eatre vaccin\u00e9s. Des campagnes de vaccination vont \u00eatre organis\u00e9es en septembre au sein des coll\u00e8ges et lyc\u00e9es.<\/li>\n<\/ul>\n<p><strong>En fonction de l&rsquo;\u00e9valuation de la situation, l&rsquo;extension du \u00ab\u00a0pass sanitaire\u00a0\u00bb\u00a0\u00e0 d&rsquo;autres activit\u00e9s sera \u00e9tudi\u00e9e.\u00a0<\/strong>Pour rappel, le \u00ab\u00a0pass sanitaire\u00a0\u00bb est disponible sur\u00a0l&rsquo;application TousAntiCovid\u00a0ou sur la version papier remise au moment de la\u00a0vaccination.<\/p>\n<div class=\"ccminsert\">\n<aside class=\"app_widget_fo app_widget_fo--call\">\n<ul>\n<li>\n                <a href=\"https:\/\/sante.journaldesfemmes.fr\/fiches-maladies\/2700095-pass-sanitaire-covid-france-comment-obtenir-si-dep-ameli-decret-camping-culte-restaurant-validite\/\" class=\"jGTMWidgetGAEventClick\" data-gtmwidgetgaeventaction=\"clickWidgetCall\" data-gtmwidgetgaeventlabel=\"Pass sanitaire\u00a0: liste des lieux, date, comment l'obtenir\u00a0?\"><\/p>\n<figure><picture><source media=\"(max-width: 480px)\" srcset=\"https:\/\/img-3.journaldesfemmes.fr\/Rc6PxSd-q1etgwYOw5a_RJ9nFkA=\/160x105\/smart\/bcc3e0f48d8e4652a886ab9828327cc1\/ccmcms-jdf\/26417917.jpg\" width=\"160\" height=\"105\"><img decoding=\"async\" src=\"https:\/\/img-3.journaldesfemmes.fr\/a9mf7UPlc85iAg6Gxkjs6NV9sFA=\/200x132\/smart\/bcc3e0f48d8e4652a886ab9828327cc1\/ccmcms-jdf\/26417917.jpg\" alt=\"\" width=\"200\" height=\"132\" loading=\"lazy\"\/><\/source><\/picture><figcaption>\n<h3>Pass sanitaire\u00a0: liste des lieux, date, comment l&rsquo;obtenir\u00a0?<\/h3>\n<p>Centre commercial, restaurant, camping, train, salle de sport, mus\u00e9e&#8230; Le pass sanitaire est \u00e9tendu ce 21\u00a0juillet \u00e0 de nouveaux lieux.  Un d\u00e9cret a \u00e9t\u00e9 publi\u00e9 au Journal Officiel. Age, test valide, d\u00e9lai apr\u00e8s le vaccin, QR Code&#8230; Comment l&rsquo;obtenir\u00a0? Pour voyager\u00a0? Sur Ameli\u00a0? Si-Dep\u00a0? Guide pratique.<\/p>\n<\/figcaption><\/figure>\n<p><\/a>\n            <\/li>\n<\/ul>\n<\/aside>\n<\/div>\n<p>La vaccination contre la Covid-19\u00a0se poursuit en France avec les vaccins Pfizer-BioNTech,\u00a0Moderna,\u00a0AstraZeneca et Janssen (chez les m\u00e9decins g\u00e9n\u00e9ralistes,\u00a0au travail et en pharmacie). Selon les chiffres du minist\u00e8re de la Sant\u00e9, au 22\u00a0juillet, 39\u00a0028\u00a0057\u00a0personnes ont re\u00e7u au moins une injection (soit 57,9% de la population totale) et 32\u00a0280\u00a0960\u00a0personnes ont d\u00e9sormais un sch\u00e9ma vaccinal complet (soit 47,9% de la population totale). Les \u00e9pid\u00e9miologistes recommandent un taux de vaccination de 90% de la population pour atteindre l&rsquo;immunit\u00e9 collective. La prise de<strong> rendez-vous<\/strong> est possible sur les sites Internet <strong>Doctolib, Maiia et KelDoc<\/strong> et peut aussi se faire en contactant par t\u00e9l\u00e9phone le <strong>centre de vaccination<\/strong> le plus proche de chez soi (liste disponible sur\u00a0<a href=\"https:\/\/www.sante.fr\/centres-vaccination-covid.html\" target=\"_blank\" rel=\"noopener noreferrer\">Sante.fr<\/a>).\u00a0En cas de difficult\u00e9, le num\u00e9ro vert national\u00a0:<strong> 0\u00a0800\u00a0009\u00a0110<\/strong>,\u00a0permet d&rsquo;\u00eatre redirig\u00e9 vers le standard t\u00e9l\u00e9phonique d&rsquo;un centre ou d&rsquo;obtenir un accompagnement \u00e0 la prise de rendez-vous.<\/p>\n<div style=\"text-align:center\">\n<figure class=\"image\" style=\"display:inline-block\"><a class=\"fancy\" href=\"https:\/\/img-3.journaldesfemmes.fr\/G3obccZGSGJRxCXeVRN16xWhEyQ=\/1080x\/smart\/99b39f24552949979d1eddb9f9aff289\/ccmcms-jdf\/26469519.jpg\"><img decoding=\"async\" alt=\"Nombre de personnes vaccin\u00e9es en France au 19 juillet\" src=\"https:\/\/img-3.journaldesfemmes.fr\/xJamGltkcNglaRZLn3PzVf-vuZE=\/600x\/smart\/99b39f24552949979d1eddb9f9aff289\/ccmcms-jdf\/26469519.jpg\"\/><\/a><figcaption data-credit=\"Gouvernement.fr\" data-legend=\"Nombre de personnes vaccin\u00e9es en France au 19 juillet\">Nombre de personnes vaccin\u00e9es en France au 19 juillet <small>\u00a9\u00a0Gouvernement.fr<\/small><\/figcaption><\/figure>\n<\/div>\n<aside id=\"NL_252479902\" class=\"newsletter_subscription jNlBlock\"><noscript><br \/>\n            <\/noscript><\/p>\n<h3 class=\"newsletter_subscription-title\">Newsletter <\/h3>\n<p><a href=\"\/\/mailing.ccmbg.com\/archive\/last-85\" target=\"_blank\" class=\"a_hover\" rel=\"noopener noreferrer\">Voir un exemple<\/a><\/p>\n<\/aside>\n<p>Depuis le\u00a09\u00a0juin 2021, une classification des pays\u00a0et des modalit\u00e9s sp\u00e9cifiques d&rsquo;encadrement des d\u00e9placements vers la France sont d\u00e9finies en fonction de la\u00a0situation sanitaire et de la vaccination des voyageurs. Elles sont d\u00e9sign\u00e9es par les cat\u00e9gories 1\u00a0(vert), 2\u00a0(rouge) et 3\u00a0(orange). Il est fortement recommand\u00e9 de<strong> ne pas <a href=\"http:\/\/www.affinite.fr\/index.php\/2023\/07\/29\/changer-de-vie-voyager-complement-de-retraite-devenez-vendeur-de-glace-a-litalienne\/\">voyager<\/a> vers les pays\/territoires de cat\u00e9gorie 2\u00a0class\u00e9s \u00ab\u00a0rouges\u00a0\u00bb <\/strong>pour des raisons sanitaires. Pour les autres pays, il faut\u00a0consulter les\u00a0Conseils aux voyageurs\u00a0pour la destination, afin de s&rsquo;assurer des conditions d&rsquo;entr\u00e9e et de s\u00e9jour en vigueur dans ce pays.<strong>\u00a0Depuis le 1er juillet, le \u00ab\u00a0pass europ\u00e9en\u00a0\u00bb\u00a0est entr\u00e9 en application<\/strong> dans tous les \u00c9tats membres.\u00a0<strong>Depuis le 17\u00a0juillet 2021, <\/strong>les contraintes pesant sur les voyageurs b\u00e9n\u00e9ficiant d&rsquo;un<strong> sch\u00e9ma vaccinal complet <\/strong>avec un vaccin reconnu par l&rsquo;Agence europ\u00e9enne du m\u00e9dicament ont \u00e9t\u00e9 lev\u00e9es, quel que soit le pays de provenance. Il reste toutefois fortement d\u00e9conseill\u00e9 de voyager vers un pays class\u00e9 \u00ab\u00a0rouge\u00a0\u00bb.<\/p>\n<div class=\"ccminsert\">\n<aside class=\"app_widget_fo app_widget_fo--call\">\n<ul>\n<li>\n                <a href=\"https:\/\/sante.journaldesfemmes.fr\/fiches-maladies\/2608487-voyage-covid-19-retour-france-carte-pays-condition-portugal-corse-espagne-grece-test-pass-sanitaire\/\" class=\"jGTMWidgetGAEventClick\" data-gtmwidgetgaeventaction=\"clickWidgetCall\" data-gtmwidgetgaeventlabel=\"Voyage et Covid\u00a0: nouvelle carte, conditions Espagne, Portugal, Gr\u00e8ce...\"><\/p>\n<figure><picture><source media=\"(max-width: 480px)\" srcset=\"https:\/\/img-3.journaldesfemmes.fr\/zYztZz5-pxmnwALU9kyArgKQSVo=\/160x105\/smart\/d7f162e4b1034e93a21ad3b412e46ecf\/ccmcms-jdf\/26420282.jpg\" width=\"160\" height=\"105\"><img decoding=\"async\" src=\"https:\/\/img-3.journaldesfemmes.fr\/twB4hf8nKqqXqSkkfXJY4pmG82Y=\/200x132\/smart\/d7f162e4b1034e93a21ad3b412e46ecf\/ccmcms-jdf\/26420282.jpg\" alt=\"\" width=\"200\" height=\"132\" loading=\"lazy\"\/><\/source><\/picture><figcaption>\n<h3>Voyage et Covid\u00a0: nouvelle carte, conditions Espagne, Portugal, Gr\u00e8ce&#8230;<\/h3>\n<p>VOYAGE COVID &#8211; La nouvelle carte des pays en vert, rouge et orange a \u00e9t\u00e9 publi\u00e9e le 18\u00a0juillet. L&rsquo;Espagne, le Portugal, Chypre, les Pays-Bas et la Gr\u00e8ce exigent un test au d\u00e9part de moins de 24h pour les non vaccin\u00e9s. Les voyages au sein de la France sont possibles, sans restriction pour la m\u00e9tropole et avec le pass sanitaire pour la Corse et l&rsquo;Outre-mer. Pays \u00e0 risque, assurance voyage, carte et modalit\u00e9s par pays verts, rouges, orange&#8230;<\/p>\n<\/figcaption><\/figure>\n<p><\/a>\n            <\/li>\n<\/ul>\n<\/aside>\n<\/div>\n<section>\n<p>Le d\u00e9pistage du Covid-19 est r\u00e9alis\u00e9 en France par <strong>RT-PCT<\/strong> et par tests <strong>antig\u00e9niques (sans avance de frais et 100% pris en charge par la S\u00e9curit\u00e9 sociale)<\/strong>. Ces <strong>deux tests sont reconnus comme pass sanitaire.<\/strong> Depuis le 11 f\u00e9vrier 2021, les <strong>tests salivaires<\/strong> sont d\u00e9ploy\u00e9s dans les\u00a0\u00e9tablissements scolaires et peuvent \u00eatre utilis\u00e9s en premi\u00e8re intention pour d\u00e9pister la Covid-19, conform\u00e9ment aux recommandations de la <a href=\"https:\/\/www.has-sante.fr\/maintenance\/index.html\" target=\"_blank\" rel=\"noopener noreferrer\">HAS<\/a>. Depuis le 12 avril, des <strong>autotests <\/strong>Covid sont aussi disponibles en vente libre dans les pharmacies fran\u00e7aises (non rembours\u00e9) et peuvent \u00eatre utilis\u00e9s dans les \u00e9coles. Enfin, des <strong>tests s\u00e9rologiques <\/strong>peuvent \u00eatre r\u00e9alis\u00e9s en laboratoires (moins en pharmacie) pour avoir connaissance d&rsquo;une infection pass\u00e9e au Covid (ils ne sont pas rembours\u00e9s par la S\u00e9curit\u00e9 sociale).\u00a0<em>\u00ab\u00a0Il reste d\u00e9terminant que chaque personne pr\u00e9sentant des sympt\u00f4mes \u00e9vocateurs de COVID-19\u00a0s&rsquo;isole imm\u00e9diatement et r\u00e9alise un test diagnostique dans les plus brefs d\u00e9lais\u00a0\u00bb<\/em> rappelle Sant\u00e9 Publique France dans ses bulletins hebdomadaires.<\/p>\n<p>Si au d\u00e9but, on ne parlait que de <strong>fi\u00e8vre<\/strong>, toux s\u00e8che, rhume, \u00e9tat grippal et de fatigue, les sympt\u00f4mes de l&rsquo;infection par le coronavirus ont \u00e9volu\u00e9. On sait d\u00e9sormais que le virus peut avoir des <strong>effets sur la peau<\/strong> (urticaire, l\u00e9sions inflammatoires sur les orteils), la sph\u00e8re digestive (vomissements, diarrh\u00e9es&#8230;), <strong>l&rsquo;odorat<\/strong>, le <strong>go\u00fbt <\/strong>et m\u00eame le cerveau.<em> <\/em><\/p>\n<p>\u2192<strong> Chaque personne pr\u00e9sentant des sympt\u00f4mes \u00e9vocateurs de COVID-19 doit s&rsquo;isoler imm\u00e9diatement et r\u00e9aliser un test diagnostique<\/strong> dans les plus brefs d\u00e9lais.<\/p>\n<p>\u2192<strong> <\/strong><strong>Appeler le\u00a015\u00a0en cas de\u00a0difficult\u00e9s respiratoires\u00a0: \u00ab\u00a0<\/strong><em>Si la toux et la\u00a0fi\u00e8vre s&rsquo;accompagnent d&rsquo;une g\u00eane respiratoire qui devient permanente avec souffle court, difficult\u00e9 \u00e0 inspirer et \u00e0 expirer, d&rsquo;une aggravation importante de la toux, cela peut signifier une \u00e9volution de la maladie sous la forme d&rsquo;une pneumopathie. Il s&rsquo;agit alors d&rsquo;une urgence respiratoire potentielle et comme dans tous les cas d&rsquo;urgence, il faut alors appeler le 15\u00a0qui prendra les meilleures dispositions pour r\u00e9pondre \u00e0 la situation\u00a0\u00bb, <\/em>pr\u00e9vient le Dr\u00a0Patrick Aub\u00e9, m\u00e9decin g\u00e9n\u00e9raliste. \u00a0<\/p>\n<div class=\"ccminsert\">\n<aside class=\"app_widget_fo app_widget_fo--list app_widget_fo--list-2-col\">\n<ul>\n<li>\n<h3>\n                    <a href=\"https:\/\/sante.journaldesfemmes.fr\/fiches-maladies\/2696267-covid-long-syndrome-symptomes-contagieux-fatigue-france-traitement-vaccin-pourcentage-jeunes\/\" class=\"jGTMWidgetGAEventClick\" data-gtmwidgetgaeventaction=\"clickWidgetListOnTwoColumns\" data-gtmwidgetgaeventlabel=\"Covid long\u00a0: pourcentage, jeunes, sympt\u00f4mes, traitement\"><br \/>\n                        Covid long\u00a0: pourcentage, jeunes, sympt\u00f4mes, traitement<br \/>\n                    <\/a><br \/>\n                <\/h3>\n<\/li>\n<li>\n<h3>\n                    <a href=\"https:\/\/sante.journaldesfemmes.fr\/fiches-sante-du-quotidien\/2627657-perte-odorat-anosmie-symptome-covid-19-duree-definition-cause-traitement-reeducation\/\" class=\"jGTMWidgetGAEventClick\" data-gtmwidgetgaeventaction=\"clickWidgetListOnTwoColumns\" data-gtmwidgetgaeventlabel=\"Perte de l'odorat\u00a0(anosmie)\u00a0: sympt\u00f4mes du Covid, dur\u00e9e, r\u00e9\u00e9ducation\"><br \/>\n                        Perte de l&rsquo;odorat\u00a0(anosmie)\u00a0: sympt\u00f4mes du Covid, dur\u00e9e, r\u00e9\u00e9ducation<br \/>\n                    <\/a><br \/>\n                <\/h3>\n<\/li>\n<li>\n<h3>\n                    <a href=\"https:\/\/sante.journaldesfemmes.fr\/fiches-maladies\/2625903-porteur-sain-covid-19-coronavirus-asymptomatique-definition-duree-isolement-anticorps-isolement-test\/\" class=\"jGTMWidgetGAEventClick\" data-gtmwidgetgaeventaction=\"clickWidgetListOnTwoColumns\" data-gtmwidgetgaeventlabel=\"Porteur sain Covid\u00a0(asymptomatique)\u00a0: d\u00e9finition, test, isolement\"><br \/>\n                        Porteur sain Covid\u00a0(asymptomatique)\u00a0: d\u00e9finition, test, isolement<br \/>\n                    <\/a><br \/>\n                <\/h3>\n<\/li>\n<li>\n<h3>\n                    <a href=\"https:\/\/sante.journaldesfemmes.fr\/fiches-maladies\/2665621-angine-ou-covid-19-symptomes-signes-fievre-mal-gorge-test-difference-contagion\/\" class=\"jGTMWidgetGAEventClick\" data-gtmwidgetgaeventaction=\"clickWidgetListOnTwoColumns\" data-gtmwidgetgaeventlabel=\"Angine ou Covid-19\u00a0: sympt\u00f4mes, diff\u00e9rences, test, contagion\"><br \/>\n                        Angine ou Covid-19\u00a0: sympt\u00f4mes, diff\u00e9rences, test, contagion<br \/>\n                    <\/a><br \/>\n                <\/h3>\n<\/li>\n<li>\n<h3>\n                    <a href=\"https:\/\/sante.journaldesfemmes.fr\/fiches-maladies\/2701631-probleme-maladie-foie-covid-atteinte-cancer-complication-sequelles-symptomes-risque-vaccination\/\" class=\"jGTMWidgetGAEventClick\" data-gtmwidgetgaeventaction=\"clickWidgetListOnTwoColumns\" data-gtmwidgetgaeventlabel=\"Probl\u00e8me au foie et Covid\u00a0: risques, s\u00e9quelles, vaccination\"><br \/>\n                        Probl\u00e8me au foie et Covid\u00a0: risques, s\u00e9quelles, vaccination<br \/>\n                    <\/a><br \/>\n                <\/h3>\n<\/li>\n<li>\n<h3>\n                    <a href=\"https:\/\/sante.journaldesfemmes.fr\/fiches-maladies\/2701633-fievre-covid-duree-obligatoire-que-faire-que-prendre-combien-temperature\/\" class=\"jGTMWidgetGAEventClick\" data-gtmwidgetgaeventaction=\"clickWidgetListOnTwoColumns\" data-gtmwidgetgaeventlabel=\"Fi\u00e8vre et Covid\u00a0: dur\u00e9e, temp\u00e9rature, est-ce obligatoire\u00a0?\"><br \/>\n                        Fi\u00e8vre et Covid\u00a0: dur\u00e9e, temp\u00e9rature, est-ce obligatoire\u00a0?<br \/>\n                    <\/a><br \/>\n                <\/h3>\n<\/li>\n<li>\n<h3>\n                    <a href=\"https:\/\/sante.journaldesfemmes.fr\/fiches-maladies\/2661241-rhume-ou-covid-19-symptomes-tableau-differences-ecole-que-faire-comment-savoir-travail\/\" class=\"jGTMWidgetGAEventClick\" data-gtmwidgetgaeventaction=\"clickWidgetListOnTwoColumns\" data-gtmwidgetgaeventlabel=\"Rhume ou Covid-19\u00a0: sympt\u00f4mes, tableau, \u00e9cole, que faire\u00a0?\"><br \/>\n                        Rhume ou Covid-19\u00a0: sympt\u00f4mes, tableau, \u00e9cole, que faire\u00a0?<br \/>\n                    <\/a><br \/>\n                <\/h3>\n<\/li>\n<li>\n<h3>\n                    <a href=\"https:\/\/sante.journaldesfemmes.fr\/fiches-maladies\/2626825-covid-ou-allergie-pollen-coronavirus-asthme-symptomes-toux-yeux-traitement\/\" class=\"jGTMWidgetGAEventClick\" data-gtmwidgetgaeventaction=\"clickWidgetListOnTwoColumns\" data-gtmwidgetgaeventlabel=\"Covid ou allergie au pollen\u00a0: sympt\u00f4mes, diff\u00e9rences, traitements\"><br \/>\n                        Covid ou allergie au pollen\u00a0: sympt\u00f4mes, diff\u00e9rences, traitements<br \/>\n                    <\/a><br \/>\n                <\/h3>\n<\/li>\n<li>\n<h3>\n                    <a href=\"https:\/\/sante.journaldesfemmes.fr\/fiches-maladies\/2676955-covid-19-ou-gastro-enterite-difference-symptomes-fievre-diarrhee-que-faire-complications\/\" class=\"jGTMWidgetGAEventClick\" data-gtmwidgetgaeventaction=\"clickWidgetListOnTwoColumns\" data-gtmwidgetgaeventlabel=\"Covid\u00a0ou gastro-ent\u00e9rite\u00a0: sympt\u00f4mes, quelles diff\u00e9rences\u00a0?\"><br \/>\n                        Covid\u00a0ou gastro-ent\u00e9rite\u00a0: sympt\u00f4mes, quelles diff\u00e9rences\u00a0?<br \/>\n                    <\/a><br \/>\n                <\/h3>\n<\/li>\n<li>\n<h3>\n                    <a href=\"https:\/\/sante.journaldesfemmes.fr\/fiches-sante-du-quotidien\/2627543-perte-gout-agueusie-covid-19-def-duree-cause-partielle-traitement-soigner\/\" class=\"jGTMWidgetGAEventClick\" data-gtmwidgetgaeventaction=\"clickWidgetListOnTwoColumns\" data-gtmwidgetgaeventlabel=\"Perte du go\u00fbt (agueusie)\u00a0: dur\u00e9e, Covid, comment soigner\u00a0?\"><br \/>\n                        Perte du go\u00fbt (agueusie)\u00a0: dur\u00e9e, Covid, comment soigner\u00a0?<br \/>\n                    <\/a><br \/>\n                <\/h3>\n<\/li>\n<\/ul>\n<\/aside>\n<\/div>\n<table border=\"1\" cellpadding=\"1\" cellspacing=\"1\" style=\"width:100%;\">\n<thead>\n<tr>\n<th scope=\"col\" style=\"text-align: center;\"><a id=\"date-cle-epidemie-covid-france-confinement\" name=\"date-cle-epidemie-covid-france-confinement\"><strong>DATES CL\u00c9S DE L&rsquo;\u00c9PID\u00c9MIE EN FRANCE<\/strong><\/a><\/th>\n<\/tr>\n<\/thead>\n<tbody>\n<tr>\n<td>\n<p><u><strong>2019<\/strong><\/u><\/p>\n<ul>\n<li><strong>31\u00a0d\u00e9cembre 2019,<\/strong> l&rsquo;Organisation mondiale de la Sant\u00e9 en Chine est inform\u00e9e de plusieurs cas de pneumonies dans la ville de Wuhan. 44\u00a0personnes sont infect\u00e9es entre cette date et le 3\u00a0janvier 2020.<\/li>\n<\/ul>\n<p><u><strong>2020<\/strong><\/u><\/p>\n<ul>\n<li><strong>7\u00a0janvier 2020, <\/strong>les autorit\u00e9s chinoises identifient un \u00ab\u00a0nouveau type de coronavirus\u00a0\u00bb.<\/li>\n<li><strong>13\u00a0janvier, <\/strong>un cas import\u00e9 est recens\u00e9 en Tha\u00eflande.<\/li>\n<li><strong>15\u00a0janvier<\/strong>, le virus cause\u00a0la mort d&rsquo;<strong>une premi\u00e8re\u00a0personne \u00e0 Wuhan<\/strong>, un homme de 69\u00a0ans.\u00a0<\/li>\n<li><strong>23\u00a0janvier,<\/strong> trois villes chinoises dont Wuhan sont plac\u00e9es en quarantaine.<\/li>\n<li><strong>25\u00a0janvier, trois personnes\u00a0contamin\u00e9es sont recens\u00e9es en France<\/strong>, deux \u00e0 Paris et une Bordeaux. Ce sont les premiers cas enregistr\u00e9s sur le continent europ\u00e9en.<\/li>\n<li><strong>30\u00a0janvier, <\/strong>l&rsquo;Organisation mondiale de la Sant\u00e9 <strong>d\u00e9cr\u00e8te\u00a0l&rsquo;<a href=\"https:\/\/sante.journaldesfemmes.fr\/fiches-maladies\/2608035-urgence-de-sante-publique-de-portee-internationale-definition-oms-coronavirus\/\" target=\"_blank\" rel=\"noopener noreferrer\">urgence de sant\u00e9 mondiale<\/a><\/strong>.\u00a0Cette mesure n&rsquo;avait \u00e9t\u00e9 d\u00e9cr\u00e9t\u00e9e que 5\u00a0fois depuis sa cr\u00e9ation (pour Ebola (deux fois), la grippe H1N1, Zika et la poliomy\u00e9lite).\u00a0<\/li>\n<li><strong>23\u00a0f\u00e9vrier, <\/strong>la France d\u00e9clenche le <a href=\"https:\/\/sante.journaldesfemmes.fr\/fiches-maladies\/2622449-plan-orsan-reb-definition-signification-qui-declenche-coronavirus-definition-duree\/\" target=\"_blank\" rel=\"noopener noreferrer\">plan ORSAN<\/a>, un dispositif exceptionnel d&rsquo;organisation des soins.<\/li>\n<li><strong>28\u00a0f\u00e9vrier,<\/strong> la France passe en stade 2\u00a0de l&rsquo;\u00e9pid\u00e9mie.<\/li>\n<li><strong>11\u00a0mars, <\/strong>l&rsquo;OMS classifie de <strong>pand\u00e9mie <\/strong>la diffusion de la maladie \u00e0 coronavirus Covid-19\u00a0dans le monde.<\/li>\n<li><strong>12\u00a0mars<\/strong>, le pr\u00e9sident de la R\u00e9publique Emmanuel Macron annonce la fermeture nationale des cr\u00e8ches et \u00e9tablissements scolaires de France \u00e0 compter du 16\u00a0mars et \u00ab\u00a0jusqu&rsquo;\u00e0 nouvel ordre\u00a0\u00bb.<\/li>\n<li><strong>14\u00a0mars<\/strong>, la France passe au <a href=\"https:\/\/sante.journaldesfemmes.fr\/fiches-maladies\/2625289-coronavirus-covid-19-stade-1-2-3-4-duree-mesure-france-signification-quand\/\" target=\"_blank\" rel=\"noopener noreferrer\"><strong>stade 3 <\/strong><\/a>de l&rsquo;\u00e9pid\u00e9mie.<\/li>\n<li><strong>16\u00a0mars\u00a0:\u00a0la France met en place un premier\u00a0confinement interdisant les d\u00e9placements.<\/strong><\/li>\n<li><strong>26\u00a0mars<\/strong>, un premier cas jeune meurt en France, une adolescente de 16\u00a0ans, en Ile-de-France originaire de Morsang-sur-Orge.<\/li>\n<li><strong>27\u00a0mars,<\/strong> le confinement de la population fran\u00e7aise est renouvel\u00e9 jusqu&rsquo;au 15\u00a0avril.<\/li>\n<li><strong>13\u00a0avril,<\/strong> Emmanuel Macron annonce le prolongement du confinement jusqu&rsquo;au 11\u00a0mai.<\/li>\n<li><strong>11\u00a0mai, la France commence son d\u00e9confinement.<\/strong><\/li>\n<li><strong>20\u00a0juillet,<\/strong>\u00a0le <strong>port du masque est rendu obligatoire <\/strong>dans les lieux publics clos en France.<\/li>\n<li><strong>17 octobre,<\/strong>\u00a0un <strong>couvre-feu <\/strong>est instaur\u00e9 dans 9 territoires fran\u00e7ais (Paris-Ile-de-France, Rouen, Grenoble, Lille, Lyon, Aix-Marseille, Montpellier, Saint-Etienne, Toulouse).<\/li>\n<li><strong>29 octobre<\/strong>\u00a0:<strong> un deuxi\u00e8me confinement est instaur\u00e9 en France.<\/strong><\/li>\n<li><strong>28 novembre : <\/strong>r\u00e9ouverture des commerces non essentiels un mois avant les f\u00eates de fin d&rsquo;ann\u00e9e.<\/li>\n<li><strong>15 d\u00e9cembre : d\u00e9confinement <\/strong>avec\u00a0couvre-feu de 20 heures \u00e0 6 heures du matin.<\/li>\n<li><strong>24 d\u00e9cembre<\/strong> <strong>: autorisation du vaccin Pfizer-BioNTech en France.<\/strong><\/li>\n<li><strong>27 d\u00e9cembre :<\/strong> d\u00e9but de la vaccination en France avec le vaccin Pfizer BioNTech.<\/li>\n<\/ul>\n<p><u><strong>2021<\/strong><\/u><\/p>\n<ul>\n<li><strong>8 janvier 2021<\/strong> <strong>:\u00a0autorisation du vaccin Moderna en France.<\/strong><\/li>\n<li><strong>31 janvier\u00a0<\/strong>: fermeture des fronti\u00e8res de la France\u00a0aux pays ext\u00e9rieurs \u00e0 l&rsquo;Union europ\u00e9enne<\/li>\n<li><strong>2 f\u00e9vrier<\/strong>\u00a0<strong>:\u00a0autorisation du vaccin AstraZeneca en France<\/strong>.<\/li>\n<li><strong>11 f\u00e9vrier : <\/strong>d\u00e9ploiement des tests salivaires dans les \u00e9tablissements scolaires.<\/li>\n<li><strong>12 mars :\u00a0autorisation du\u00a0vaccin\u00a0Johnson&amp;Johnson.<\/strong><\/li>\n<li><strong>16 mars <\/strong>: autorisation des autotests en France.<\/li>\n<li><strong>19 mars :<\/strong> confinement de 16 d\u00e9partements pour une dur\u00e9e de 4 semaines. Le couvre-feu repasse \u00e0 19 heures dans toute la France au lieu de 18 heures.<\/li>\n<li><strong>25 mars<\/strong> :\u00a0confinement de 3 nouveaux d\u00e9partements pour une dur\u00e9e de 4\u00a0semaines.<\/li>\n<li><strong>3 avril\u00a0: la France met en place son troisi\u00e8me confinement,<\/strong>\u00a0les \u00e9coles ferment pour trois semaines, les d\u00e9placements sont limit\u00e9s \u00e0 10 km.<\/li>\n<li><strong>12 avril :<\/strong> ouverture de la vaccination\u00a0\u00e0 tous les Fran\u00e7ais \u00e2g\u00e9s de\u00a055\u00a0ans ou plus.<\/li>\n<li><strong>3 mai : premi\u00e8re \u00e9tape du d\u00e9confinement <\/strong>avec la<strong>\u00a0<\/strong>fin de l&rsquo;attestation de d\u00e9placement et de la limitation des d\u00e9placements \u00e0 10 km. Le couvre-feu est en vigueur de 19h \u00e0 6h.<\/li>\n<li><strong>10 mai <\/strong>: ouverture de la vaccination aux plus de 50 ans.<\/li>\n<li><strong>19 mai :<\/strong>\u00a0deuxi\u00e8me \u00e9tape du d\u00e9confinement avec la r\u00e9ouverture des lieux essentiels ferm\u00e9s (terrasses des bars et restaurants, mus\u00e9es, cin\u00e9mas, th\u00e9\u00e2tres, commerces&#8230;) et couvre-feu de 21 h \u00e0 6 h.\u00a0<\/li>\n<li><strong>31 mai :<\/strong> ouverture de la vaccination \u00e0 toutes les personnes majeures, sans aucune condition.\u00a0<\/li>\n<li><strong>9 juin : <\/strong>troisi\u00e8me \u00e9tape du d\u00e9confinement avec la r\u00e9ouverture de plusieurs lieux (piscines, salles de sport, restaurants, bars, parcs d&rsquo;attractions&#8230;), la mise en place d&rsquo;un couvre-feu de 23h \u00e0 6h et du pass sanitaire national.\u00a0<\/li>\n<li><strong>17 juin <\/strong>: fin de l&rsquo;obligation de porter le masque en ext\u00e9rieur.<\/li>\n<li><strong>20 juin :<\/strong> fin du couvre-feu.<\/li>\n<li><strong>30 juin<\/strong> : d\u00e9confinement total de la France, suppression des jauges.<\/li>\n<li><strong>21\u00a0juillet<\/strong>\u00a0: Extension du<em>\u00a0<\/em>pass sanitaire \u00e0 tous les lieux de loisirs et de culture r\u00e9unissant plus de 50\u00a0personnes<\/li>\n<\/ul>\n<\/td>\n<\/tr>\n<\/tbody>\n<\/table>\n<p><em>Cet article est mis \u00e0 jour quotidiennement par <a href=\"https:\/\/www.journaldesfemmes.fr\/account\/ablaize-11409696\" target=\"_blank\" rel=\"noopener noreferrer\">Aur\u00e9lie Blaize<\/a>\u00a0et\u00a0<a href=\"https:\/\/www.journaldesfemmes.fr\/account\/anaisthiebaux-10573564\" target=\"_blank\" rel=\"noopener noreferrer\">Ana\u00efs Thi\u00e9baux<\/a>.<\/em><\/p>\n<\/section>\n<\/div>\n<p>[ad_2]<br \/>\n<br \/><a href=\"https:\/\/sante.journaldesfemmes.fr\/fiches-maladies\/2605417-covid-19-france-chiffres-nombre-cas-mort-vaccination-pass-sanitaire-olivier-veran-hopitaux-var-landes-masque\/\">Source link <\/a><\/p>\n","protected":false},"excerpt":{"rendered":"<p>[ad_1] CORONAVIRUS DIRECT &#8211; Alors que les discussions se poursuivent \u00e0 l&rsquo;Assembl\u00e9e nationale autour de l&rsquo;extension du pass sanitaire, de &hellip; <a href=\"http:\/\/www.affinite.fr\/index.php\/2021\/07\/22\/plus-21900-nouveaux-cas-une-hausse-de-505\/\" class=\"more-link\">Plus <span class=\"screen-reader-text\">plus 21900\u00a0nouveaux cas, une hausse de 505%<\/span> <span class=\"meta-nav\">&rarr;<\/span><\/a><\/p>\n","protected":false},"author":1,"featured_media":6692,"comment_status":"open","ping_status":"open","sticky":false,"template":"","format":"standard","meta":{"_sitemap_exclude":false,"_sitemap_priority":"","_sitemap_frequency":"","footnotes":""},"categories":[1],"tags":[],"class_list":["post-6691","post","type-post","status-publish","format-standard","has-post-thumbnail","hentry","category-tous"],"_links":{"self":[{"href":"http:\/\/www.affinite.fr\/index.php\/wp-json\/wp\/v2\/posts\/6691"}],"collection":[{"href":"http:\/\/www.affinite.fr\/index.php\/wp-json\/wp\/v2\/posts"}],"about":[{"href":"http:\/\/www.affinite.fr\/index.php\/wp-json\/wp\/v2\/types\/post"}],"author":[{"embeddable":true,"href":"http:\/\/www.affinite.fr\/index.php\/wp-json\/wp\/v2\/users\/1"}],"replies":[{"embeddable":true,"href":"http:\/\/www.affinite.fr\/index.php\/wp-json\/wp\/v2\/comments?post=6691"}],"version-history":[{"count":0,"href":"http:\/\/www.affinite.fr\/index.php\/wp-json\/wp\/v2\/posts\/6691\/revisions"}],"wp:featuredmedia":[{"embeddable":true,"href":"http:\/\/www.affinite.fr\/index.php\/wp-json\/wp\/v2\/media\/6692"}],"wp:attachment":[{"href":"http:\/\/www.affinite.fr\/index.php\/wp-json\/wp\/v2\/media?parent=6691"}],"wp:term":[{"taxonomy":"category","embeddable":true,"href":"http:\/\/www.affinite.fr\/index.php\/wp-json\/wp\/v2\/categories?post=6691"},{"taxonomy":"post_tag","embeddable":true,"href":"http:\/\/www.affinite.fr\/index.php\/wp-json\/wp\/v2\/tags?post=6691"}],"curies":[{"name":"wp","href":"https:\/\/api.w.org\/{rel}","templated":true}]}}