{"id":6677,"date":"2021-07-18T22:19:55","date_gmt":"2021-07-18T22:19:55","guid":{"rendered":"https:\/\/www.affinite.fr\/index.php\/2021\/07\/18\/delai-2-doses-1-seule-3-pass-sanitaire\/"},"modified":"2021-07-18T22:19:55","modified_gmt":"2021-07-18T22:19:55","slug":"delai-2-doses-1-seule-3-pass-sanitaire","status":"publish","type":"post","link":"http:\/\/www.affinite.fr\/index.php\/2021\/07\/18\/delai-2-doses-1-seule-3-pass-sanitaire\/","title":{"rendered":"d\u00e9lai 2\u00a0doses, 1\u00a0seule, 3, pass sanitaire"},"content":{"rendered":"<p> [ad_1]<br \/>\n<\/p>\n<p>\n                Mis \u00e0 part le vaccin Janssen qui n\u00e9cessite une seule dose, les vaccins de Pfizer, Moderna et AstraZeneca sont efficaces contre le Covid avec 2\u00a0doses. Pourquoi\u00a0? Quel intervalle pour la deuxi\u00e8me dose\u00a0? Qui doit faire 3\u00a0doses\u00a0? Combien de dose pour le pass sanitaire\u00a0? Cecil Czerkinsky, vaccinologiste, directeur de recherche Inserm \u00e0 l&rsquo;IPMC-CNRS-universit\u00e9 de Nice \u00e0 Sophia Antipolis, nous \u00e9claire.            <\/p>\n<div>\n<aside class=\"ccmsummary marqueur_module ccmcss_cms_summary ccmcss_cms_summary--right\">\n<p>Sommaire<\/p>\n<\/aside>\n<p><strong>[Mise \u00e0 jour le dimanche 18\u00a0juillet \u00e0 19h07] <\/strong>La vaccination contre la Covid-19 s&rsquo;intensifie\u00a0en France\u00a0puisque le <strong>pass sanitaire est \u00e9tendu \u00e0 partir du 21 juillet<\/strong> et que la <strong>vaccination est rendue obligatoire pour plusieurs professionnels dont les soignants<\/strong>. Lors de son <a href=\"https:\/\/www.elysee.fr\/emmanuel-macron\/2021\/07\/12\/adresse-aux-francais-12-juillet-2021\" target=\"_blank\" rel=\"noopener noreferrer\">allocution<\/a> du 12 juillet, Emmanuel Macron a aussi expliqu\u00e9 que les <strong>premiers vaccin\u00e9s<\/strong><em><strong> \u00ab\u00a0c&rsquo;est-\u00e0-dire en janvier-f\u00e9vrier, <\/strong>verront prochainement leur <strong>taux d&rsquo;anticorps baisser<\/strong>, leur immunit\u00e9 diminuer\u00a0\u00bb<\/em> et annonc\u00e9 <em><strong>\u00ab\u00a0une campagne de rappels\u00a0\u00bb<\/strong><\/em> pour leur <em>\u00ab\u00a0permettre de b\u00e9n\u00e9ficier d&rsquo;une nouvelle injection selon le m\u00eame syst\u00e8me et dans les m\u00eames conditions que la ou les premi\u00e8res. <strong>Les rendez-vous pourront \u00eatre pris d\u00e8s les premiers jours du mois de septembre<\/strong>\u00ab\u00a0. <\/em>Ce rappel correspondra \u00e0 une<strong> troisi\u00e8me dose <\/strong>pour les vaccins ayant un sch\u00e9ma \u00e0 deux doses comme Pfizer, Moderna et AstraZeneca. Combien de doses pour \u00eatre vaccin\u00e9 ? Quel d\u00e9lai entre chaque dose ? Qui doit faire trois doses ? Tout savoir pour un sch\u00e9ma vaccinal complet.<\/p>\n<p>Le nombre de doses dans un flacon varie selon les vaccins\u00a0:<\/p>\n<ul>\n<li><strong>Comirnaty\u00ae (Pfizer-BioNTech)<\/strong>\u00a0: un flacon de 0,45ml contient 6\u00a0doses de 0,3ml apr\u00e8s dilution.\u00a0<\/li>\n<li><strong>mRNA-1273\u00a0(Moderna)<\/strong>\u00a0: un flacon multidisciplinaire contient 10\u00a0doses de 0,5ml.\u00a0<\/li>\n<li><strong>Vaxzevria\u00a0(AstraZeneca\/Oxford)<\/strong>\u00a0: un flacon contient 8\u00a0doses de 0,5ml.\u00a0<\/li>\n<li><strong>Vaccin COVID-19\u00a0Janssen<\/strong>\u00a0: chaque flacon de 2,5ml contient 5\u00a0doses de 0,5ml.\u00a0<\/li>\n<\/ul>\n<p>Les vaccins Comirnaty\u00ae (Pfizer-BioNTech), <strong>Vaxzevria\u00a0<\/strong>(AstraZeneca\/Oxford) et mRNA-1273\u00a0(Moderna) n\u00e9cessitent <strong>2\u00a0doses de vaccin. <\/strong><\/p>\n<p>Plus pr\u00e9cis\u00e9ment\u00a0:\u00a0<\/p>\n<ul>\n<li><strong>Comirnaty\u00ae (Pfizer-BioNTech)\u00a0: <\/strong>deux doses de 0,3\u00a0ml chacune. <strong>1\u00a0injection pour une personne ayant d\u00e9j\u00e0 eu la Covid<\/strong> et qui souhaite se vacciner.<\/li>\n<li><strong>Vaxzevria\u00a0<\/strong>(AstraZeneca\/Oxford)\u00a0: deux doses distinctes de 0,5\u00a0ml chacune.\u00a0<\/li>\n<li><strong>mRNA-1273\u00a0(Moderna)\u00a0<\/strong>: deux doses de 0,5ml chacune.<\/li>\n<li>En revanche, le <strong>vaccin COVID-19\u00a0Janssen\/Johnson &amp; Johnson <\/strong>est le seul vaccin \u00e0 \u00eatre administr\u00e9 en <strong>une seule dose de 0,5ml.<\/strong><\/li>\n<\/ul>\n<p>Le d\u00e9lai entre l&rsquo;administration des deux doses varie selon les vaccins\u00a0:\u00a0<\/p>\n<ul>\n<li><a id=\"intervalle-dose-pfizer\" name=\"intervalle-dose-pfizer\"><strong>Comirnaty\u00ae (Pfizer-BioNTech)<\/strong><\/a>\u00a0: le d\u00e9lai habituel entre les deux injections du vaccin de Pfizer est de<strong> 4 \u00e0\u00a06\u00a0semaines.<\/strong> Les secondes injections sont\u00a0positionn\u00e9es entre J+39\u00a0et J+42\u00a0de la premi\u00e8re injection. Ce d\u00e9lai peut \u00eatre r\u00e9duit \u00e0 28\u00a0jours pour les personnes de plus de 70\u00a0ans et les personnes s\u00e9v\u00e8rement immunod\u00e9prim\u00e9s.<strong> Pendant l&rsquo;\u00e9t\u00e9 2021,<\/strong> la DGS indique que la seconde dose en vaccins Pfizer ou Moderna peut \u00eatre r\u00e9alis\u00e9e dans un intervalle allant de <strong>21\u00a0\u00e0 49\u00a0jours <\/strong>apr\u00e8s la premi\u00e8re dose (3 \u00e0 7 semaines). Cette modification est provisoire.<\/li>\n<li><a name=\"intervalle-dose-moderna\" target=\"_blank\" rel=\"noopener noreferrer\"><strong>mRNA-1273\u00a0(Moderna)<\/strong><\/a>\u00a0: le d\u00e9lai habituel entre les deux injections du vaccin de Pfizer est de <strong>4 \u00e0 6\u00a0semaines. <\/strong>Les secondes injections sont\u00a0positionn\u00e9es entre J+39\u00a0et J+42\u00a0de la premi\u00e8re injection. Ce d\u00e9lai peut \u00eatre r\u00e9duit \u00e0 28\u00a0jours pour les personnes de plus de 70\u00a0ans et les personnes s\u00e9v\u00e8rement immunod\u00e9prim\u00e9s.\u00a0<strong>Pendant l&rsquo;\u00e9t\u00e9 2021,<\/strong> la seconde dose en vaccins Pfizer ou Moderna peut \u00eatre r\u00e9alis\u00e9e dans un intervalle allant de 21\u00a0\u00e0 49\u00a0jours apr\u00e8s la premi\u00e8re dose. Cette modification est provisoire et exceptionnelle et doit ainsi permettre \u00e0 chacun de concilier d\u00e9part en vacances et injections dans un m\u00eame lieu.<\/li>\n<li><a name=\"intervalle-dose-astrazeneca\"><strong>Vaxzevria\u00a0(AstraZeneca\/Oxford)<\/strong><\/a>\u00a0: Un d\u00e9lai de<strong> 9 \u00e0\u00a012\u00a0semaines<\/strong> doit \u00eatre respect\u00e9 entre la premi\u00e8re et la deuxi\u00e8me injection de vaccin AstraZeneca, comme recommand\u00e9 par la <a href=\"https:\/\/www.has-sante.fr\/jcms\/p_3240288\/fr\/avis-n-2021-0008\/ac\/seesp-du-1er-mars-2021-du-college-de-la-haute-autorite-de-sante-sur-l-efficacite-du-vaccin-astrazeneca-chez-les-personnes-agees-au-vu-des-donnees-preliminaires-soumises-au-bmj-sur-l-impact-de-la-vaccination-en-ecosse-sur-les-hospitalisations\" target=\"_blank\" rel=\"noopener noreferrer\">Haute Autorit\u00e9 de sant\u00e9 dans son avis du 1er mars 2021<\/a>, pour les personnes de 55\u00a0ans et plus. Les rendez-vous de secondes injections seront donc positionn\u00e9es entre J+80\u00a0et J+84\u00a0de la 1\u00e8re injection.<\/li>\n<li><a name=\"intervalle-dose-janssen\"><strong>Vaccin COVID-19\u00a0Janssen<\/strong><\/a>\u00a0: une seule dose est n\u00e9cessaire.\u00a0<\/li>\n<\/ul>\n<p>La <a href=\"https:\/\/www.has-sante.fr\/jcms\/p_3237456\/fr\/une-seule-dose-de-vaccin-pour-les-personnes-ayant-deja-ete-infectees-par-le-sars-cov-2\" target=\"_blank\" rel=\"noopener noreferrer\">Haute Autorit\u00e9 de Sant\u00e9<\/a> a recommand\u00e9 en f\u00e9vrier 2021 qu&rsquo;une seule dose de vaccin Covid soit administr\u00e9e aux personnes ayant d\u00e9j\u00e0 \u00e9t\u00e9 infect\u00e9e par le virus de la Covid-19. Cette dose fait office de \u00ab\u00a0rappel\u00a0\u00bb pour le syst\u00e8me immunitaire. Le 18 juin, la Direction g\u00e9n\u00e9rale de la Sant\u00e9 confirme que<i> <\/i><em>\u00ab\u00a0les personnes qui ont d\u00e9j\u00e0 \u00e9t\u00e9 infect\u00e9es par la Covid-19\u00a0peuvent,<strong> sur pr\u00e9sentation d&rsquo;un justificatif (ex\u00a0: test PCR ou test s\u00e9rologique positif)<\/strong> valider leur sch\u00e9ma vaccinal avec une unique dose de vaccin\u00a0\u00bb. <\/em><strong>Cette consigne est \u00e0 compter du 18 juin valable quelle que soit la date de l&rsquo;infection, y compris si elle a eu lieu au d\u00e9but de la crise sanitaire. <\/strong>Par ailleurs, il est\u00a0recommand\u00e9 d&rsquo;attendre <strong>2\u00a0mois apr\u00e8s le test positif au Covid-19 pour se faire vacciner<\/strong>.<\/p>\n<p><strong>La vaccination avec une seule dose ne concerne pas deux types de patients conform\u00e9ment aux recommandations de la <a href=\"https:\/\/www.has-sante.fr\/jcms\/p_3237271\/fr\/strategie-de-vaccination-contre-le-sars-cov-2-vaccination-des-personnes-ayant-un-antecedent-de-covid-19\" target=\"_blank\" rel=\"noopener noreferrer\">HAS<\/a> en f\u00e9vrier 2021\u00a0:<\/strong><\/p>\n<ul>\n<li>les personnes pr\u00e9sentant une immunod\u00e9pression av\u00e9r\u00e9e (en particulier celles qui re\u00e7oivent un traitement immunosuppresseur) doivent, apr\u00e8s un d\u00e9lai de 3\u00a0mois apr\u00e8s le d\u00e9but de l&rsquo;infection par le SARS-CoV-2, \u00eatre vaccin\u00e9es par le sch\u00e9ma \u00e0 deux doses\u00a0;<\/li>\n<li>les personnes qui ont re\u00e7u une premi\u00e8re dose de vaccin et qui pr\u00e9sentent une infection par le SARS-CoV-2\u00a0avec PCR positive dans les jours qui suivent cette premi\u00e8re vaccination ne doivent pas recevoir la seconde dose dans les d\u00e9lais habituels, mais dans un d\u00e9lai de 3\u00a0\u00e0 6\u00a0mois apr\u00e8s l&rsquo;infection.<\/li>\n<\/ul>\n<p>Par ailleurs, la HAS pr\u00e9cise\u00a0que la pr\u00e9sence de sympt\u00f4mes persistants apr\u00e8s une Covid-19<strong> (Covid long) n&rsquo;est pas une contre-indication \u00e0 la vaccination<\/strong>. Toutefois dans ce cas, une consultation m\u00e9dicale adapt\u00e9e est n\u00e9cessaire avant la vaccination pour juger au cas par cas de l&rsquo;int\u00e9r\u00eat de celle-ci.<\/p>\n<p><em>\u00ab\u00a0Parce que la <strong>premi\u00e8re dose n&rsquo;induit pas une r\u00e9ponse immunitaire suffisamment forte <\/strong>chez un individu immunologiquement \u00ab\u00a0na\u00eff\u00a0\u00bb, c&rsquo;est-\u00e0-dire n&rsquo;ayant jamais rencontr\u00e9 le microbe (virus, bact\u00e9rie), soit la tr\u00e8s grande majorit\u00e9 de la population dans le cas du virus Sars-CoV-2. Il faut garder \u00e0 l&rsquo;esprit que la plupart des vaccins sont administr\u00e9s chez l&rsquo;enfant (premi\u00e8res injections au d\u00e9but de la vie) et n\u00e9cessite 3\u00a0voire plus d&rsquo;injections pour induire et maintenir durablement un niveau d&rsquo;immunit\u00e9 au-del\u00e0 d&rsquo;un seuil de protection durable\u00a0\u00bb<\/em>, explique Cecil Czerkinsky.\u00a0<\/p>\n<p><em>\u00ab\u00a0Pour la plupart des vaccins injectables, la protection immunitaire est \u00e9vidente <strong>10\u00a0jours \u00e0 2\u00a0semaines apr\u00e8s la deuxi\u00e8me dose<\/strong>\u00ab\u00a0, <\/em>indique le vaccinologiste. Si\u00a0la dur\u00e9e de protection qu&rsquo;ils apportent n&rsquo;est pas \u00e9tablie \u00e0 ce jour, elle <strong>persiste au moins 6\u00a0mois<\/strong>, indique la HAS dans un <a href=\"https:\/\/www.has-sante.fr\/jcms\/p_3269831\/fr\/covid-19-des-trod-pour-optimiser-l-utilisation-des-doses-de-vaccins-disponibles\" target=\"_blank\" rel=\"noopener noreferrer\">communiqu\u00e9<\/a> de juin 2021.\u00a0<\/p>\n<p>Le seul vaccin anti-covid \u00e0 \u00eatre administr\u00e9 en dose unique est celui de <strong>Janssen (Johnson &amp; Johnson).<\/strong> La r\u00e9ponse immunitaire \u00e0 la premi\u00e8re et seule dose semble assez haute 3\u00a0semaines apr\u00e8s l&rsquo;injection. <em>\u00ab\u00a0Les russes ont d\u00e9j\u00e0 pu observer que le vaccin Spoutnik V (bas\u00e9 sur l&rsquo;administration s\u00e9quentielle de 2\u00a0vecteurs ad\u00e9novirus, dont le premier est le m\u00eame que celui du vaccin Janssen\/Johnson &amp; Johnson) induisait une protection 21\u00a0jours apr\u00e8s l&rsquo;administration de la premi\u00e8re dose, m\u00eame si la deuxi\u00e8me dose semble amplifier cette protection, <\/em>pr\u00e9cise le sp\u00e9cialiste. <em>Cela veut dire que les <strong>vecteurs ad\u00e9novirus sont particuli\u00e8rement efficaces<\/strong> pour induire une r\u00e9ponse primaire suffisamment forte.\u00a0\u00bb\u00a0<\/em><\/p>\n<p>Emmanuel Macron a expliqu\u00e9 que les premiers vaccin\u00e9s<em> \u00ab\u00a0c&rsquo;est-\u00e0-dire en janvier-f\u00e9vrier (2021), verront prochainement leur taux d&rsquo;anticorps baisser, leur immunit\u00e9 diminuer\u00a0\u00bb<\/em> et annonc\u00e9 <em><strong>\u00ab\u00a0une campagne de rappels\u00a0\u00bb<\/strong><\/em> pour leur <em>\u00ab\u00a0permettre de b\u00e9n\u00e9ficier d&rsquo;une nouvelle injection selon le m\u00eame syst\u00e8me et dans les m\u00eames conditions que la ou les premi\u00e8res. Les rendez-vous pourront \u00eatre pris d\u00e8s les premiers jours du mois de septembre\u00a0\u00bb. <\/em>Ce rappel correspondra \u00e0 une<strong> troisi\u00e8me dose <\/strong>pour les vaccins ayant un sch\u00e9ma \u00e0 deux doses comme Pfizer, Moderna et AstraZeneca. En dehors de ces personnes, et conform\u00e9ment \u00e0 l&rsquo;<a href=\"https:\/\/solidarites-sante.gouv.fr\/IMG\/pdf\/avis_du_cosv_6_avril_2021pdf.pdf\" target=\"_blank\" rel=\"noopener noreferrer\">avis du 6\u00a0avril 2021\u00a0du Conseil d&rsquo;Orientation de la Strat\u00e9gie Vaccinale (COSV)<\/a>, l&rsquo;injection d&rsquo;une troisi\u00e8me dose de vaccin est n\u00e9cessaire<strong> pour les personnes s\u00e9v\u00e8rement immunod\u00e9prim\u00e9es<\/strong>.\u00a0Cette troisi\u00e8me dose peut \u00eatre administr\u00e9e par l&rsquo;\u00e9quipe de soins habituelle (par exemple dans la structure de dialyse) ou dans un centre de vaccination sur pr\u00e9sentation d&rsquo;une prescription m\u00e9dicale ou du courrier envoy\u00e9 par la Caisse Primaire d&rsquo;Assurance Maladie aux personnes concern\u00e9es. Pour les personnes immunod\u00e9prim\u00e9es qui ont re\u00e7u une seule dose de vaccin et qui ont prochainement rendez-vous pour la 2\u00e8me dose, selon le sch\u00e9ma vaccinal qui leur est recommand\u00e9 ci-dessus, un rendez-vous pour une 3\u00e8me dose devra \u00eatre programm\u00e9 par le <strong>P<\/strong><span style=\"font-size: 1rem;\"><strong>euvent b\u00e9n\u00e9ficier d&rsquo;une troisi\u00e8me dose de vaccin, les personnes\u00a0:<\/strong> <\/span><\/p>\n<ul>\n<li><span style=\"font-size: 1rem;\">ayant re\u00e7u une transplantation d&rsquo;organe ou de cellules souches h\u00e9matopo\u00ef\u00e9tiques ; <\/span><\/li>\n<li><span style=\"font-size: 1rem;\">sous chimioth\u00e9rapie lymphop\u00e9niante ; <\/span><\/li>\n<li><span style=\"font-size: 1rem;\">trait\u00e9es par des m\u00e9dicaments immunosuppresseurs forts, comme les antim\u00e9tabolites (cellcept, myfortic, mycoph\u00e9nolate mof\u00e9til, imurel, azathioprine) et les AntiCD20\u00a0(rituximab\u00a0: Mabthera, Rixathon, Truxima) ;<\/span><\/li>\n<li><span style=\"font-size: 1rem;\">dialys\u00e9es chroniques apr\u00e8s avis de leur m\u00e9decin traitant qui d\u00e9cidera de la n\u00e9cessit\u00e9 des examens adapt\u00e9s ; <\/span><\/li>\n<li><span style=\"font-size: 1rem;\">atteintes de leuc\u00e9mie lympho\u00efde chronique ou de certains types de lymphomes trait\u00e9s par antiCD20\u00a0;<\/span><\/li>\n<li><span style=\"font-size: 1rem;\">au cas par cas, les personnes sous immunosuppresseurs ne relevant pas des cat\u00e9gories susmentionn\u00e9es ou porteuses d&rsquo;un d\u00e9ficit immunitaire primitif.<\/span><\/li>\n<\/ul>\n<p><em>\u00ab\u00a0Tout d\u00e9pend de ce que l&rsquo;on appelle efficacit\u00e9, <\/em>nuance Cecil Czerkinsky.<em> La r\u00e9ponse secondaire (apr\u00e8s injection d&rsquo;une seconde dose) induite par les vaccins ARN est <strong>sup\u00e9rieure \u00e0 celle induite apr\u00e8s une premi\u00e8re injection <\/strong>et pourrait \u00eatre \u00e9galement sup\u00e9rieure \u00e0 celle induite par les vaccins classiques, incluant vaccins ad\u00e9novirus vectoris\u00e9s, administr\u00e9s en une ou deux injections.\u00a0\u00bb<\/em>\u00a0Une explication (parmi d&rsquo;autres) possible\u00a0: l&rsquo;immunit\u00e9 induite contre le vecteur (l&rsquo;ad\u00e9novirus qui transporte le g\u00e8ne correspondant \u00e0 la spicule ou \u00ab\u00a0spike\u00a0\u00bb du virus de la covid) apr\u00e8s la premi\u00e8re dose pourrait interf\u00e9rer avec le vecteur lors de la deuxi\u00e8me dose. Autrement dit,<strong> la premi\u00e8re injection \u00ab\u00a0vaccinerait\u00a0\u00bb contre le vecteur. <\/strong><em>\u00ab\u00a0C&rsquo;est la raison pour laquelle le vaccin russe utilise deux vecteurs ad\u00e9novirus suffisamment diff\u00e9rents pour la premi\u00e8re et la deuxi\u00e8me injection. Ceci pourrait aussi expliquer pourquoi l&rsquo;espacement des 2\u00a0doses semble \u00eatre b\u00e9n\u00e9fique pour le vaccin AstraZeneca\/Oxford qui utilise le m\u00eame vecteur ad\u00e9novirus, c&rsquo;est-\u00e0-dire le m\u00eame vaccin\u00a0\u00bb, <\/em>commente le vaccinologiste. Il semble que l&rsquo;<strong>immunit\u00e9 induite contre le vecteur apr\u00e8s la premi\u00e8re injection diminue avec le temps.<\/strong> <em>\u00ab\u00a0Encore faudrait-il \u00eatre s\u00fbr que l&rsquo;immunit\u00e9 contre l&rsquo;antig\u00e8ne du Sars-CoV-2\u00a0(spike) soit suffisamment durable et aussi longue voire id\u00e9alement plus longue que celle dirig\u00e9e contre le vecteur, <\/em>nuance le sp\u00e9cialiste.<em> La question sera \u00e9videmment encore plus pertinente si des rappels (troisi\u00e8me dose ou plus) s&rsquo;av\u00e9raient n\u00e9cessaires pour maintenir plus durablement un niveau d&rsquo;immunit\u00e9 voire si on utilisait les m\u00eames vecteurs lors d&rsquo;une vaccination contre une prot\u00e9ine spike modifi\u00e9e (variant). Dans ce cas de figure, des solutions sont heureusement envisageables, dont celles utilisant une combinaison de vaccins vecteurs, vaccins ARNm et\/ou vaccins sous-unitaires administres s\u00e9quentiellement\u00a0\u00bb<\/em>, continue-t-il.\u00a0<\/p>\n<p>Le ministre de la Sant\u00e9 Olivier V\u00e9ran a annonc\u00e9 le 13 juillet qu&rsquo;un<strong> d\u00e9lai de 7 jours apr\u00e8s la vaccination<\/strong>\u00a0\u00e9tait d\u00e9sormais suffisant pour <em>\u00ab\u00a0\u00eatre consid\u00e9r\u00e9 comme totalement prot\u00e9g\u00e9 en France et acc\u00e9der au pass sanitaire\u00a0\u00bb, <\/em>contre 14 jours jusque-l\u00e0.\u00a0Ce d\u00e9lai de 7 jours vaut uniquement pour l&rsquo;usage du pass sanitaire en France pas en dehors (voyage&#8230;). <strong><em>\u00ab\u00a0Les r\u00e8gles europ\u00e9ennes des 14\u00a0jours restent inchang\u00e9es pour le moment\u00a0\u00bb<\/em><\/strong> a pr\u00e9cis\u00e9 le ministre. Attention : si le d\u00e9lai de 7 jours est valid\u00e9 pour le pass sanitaire, le d\u00e9lai de l&rsquo;immunit\u00e9 reste de 14 jours pour \u00eatre prot\u00e9g\u00e9.<\/p>\n<p><strong>Un sch\u00e9ma vaccinal complet est valide en France pour le pass sanitaire\u00a0:<\/strong><\/p>\n<ul>\n<li>1 semaine\u00a0apr\u00e8s la 2e injection pour les vaccins \u00e0 double injection (Pfizer, Moderna, AstraZeneca) &#8211; 2 semaines pour <a href=\"http:\/\/www.affinite.fr\/index.php\/2023\/07\/29\/changer-de-vie-voyager-complement-de-retraite-devenez-vendeur-de-glace-a-litalienne\/\">voyager<\/a>.<\/li>\n<li>1 semaine\u00a0apr\u00e8s l&rsquo;injection pour les vaccins chez les personnes ayant eu un ant\u00e9c\u00e9dent de Covid (1\u00a0seule injection) -2 semaines pour voyager.<\/li>\n<li>4\u00a0semaines apr\u00e8s l&rsquo;injection pour les vaccins avec une seule injection (Johnson &amp; Johnson).<\/li>\n<\/ul>\n<div class=\"ccminsert\">\n<blockquote class=\"twitter-tweet\">\n<p dir=\"ltr\" lang=\"fr\">D\u00e9sormais, seuls 7 jours suffiront pour \u00eatre consid\u00e9r\u00e9 comme totalement prot\u00e9g\u00e9 en France et acc\u00e9der au pass sanitaire. Les r\u00e8gles europ\u00e9ennes des 14 jours restent inchang\u00e9es pour le moment.<\/p>\n<p>\u2014 Olivier V\u00e9ran (@olivierveran) <a href=\"https:\/\/twitter.com\/olivierveran\/status\/1415031614661332999?ref_src=twsrc%5Etfw\">July 13, 2021<\/a><\/p><\/blockquote>\n<\/div>\n<p><strong>Le pass sanitaire pour voyager en dehors de la France :<\/strong><\/p>\n<ul>\n<li>2 semaines apr\u00e8s la 2e injection pour les vaccins \u00e0 double injection (Pfizer, Moderna, AstraZeneca) ;<\/li>\n<li>2 semaines\u00a0apr\u00e8s l&rsquo;injection pour les vaccins chez les personnes ayant eu un ant\u00e9c\u00e9dent de Covid (1\u00a0seule injection).<\/li>\n<li>4\u00a0semaines apr\u00e8s l&rsquo;injection pour les vaccins avec une seule injection (Johnson &amp; Johnson).<\/li>\n<\/ul>\n<p>Tous les vaccins contre la Covid-19\u00a0utilis\u00e9s en France sont reconnus dans les \u00c9tats membres de l&rsquo;Union europ\u00e9enne, rappelle le <a href=\"https:\/\/www.gouvernement.fr\/sites\/default\/files\/contenu\/piece-jointe\/2021\/06\/1156_-_tac_dp_pass_sanitaire_europeen.pdf\" target=\"_blank\" rel=\"noopener noreferrer\">gouvernement<\/a>\u00a0: Pfizer-BioNTech \/\u00a0Moderna \/\u00a0AstraZeneca \/\u00a0Johnson &amp; Johnson\/Janssen. Certains \u00c9tats membres reconnaissent d&rsquo;autres vaccins qui n&rsquo;ont pas encore re\u00e7u d&rsquo;autorisation de mise sur le march\u00e9 par l&rsquo;Agence europ\u00e9enne du m\u00e9dicament. <strong>Il appartient aux \u00c9tats membres de d\u00e9cider s&rsquo;ils acceptent un certificat de vaccination apr\u00e8s une seule dose <\/strong>ou apr\u00e8s un cycle de vaccination complet. La plupart des \u00c9tats membres reconnaissent cependant que les personnes qui ont gu\u00e9ri de la Covid-19\u00a0et re\u00e7u une seule dose de vaccin ont suivi un parcours vaccinal complet.\u00a0Toutes les informations par pays de destination sont disponibles sur\u00a0: <a href=\"https:\/\/www.diplomatie.gouv.fr\/fr\/\" target=\"_blank\" rel=\"noopener noreferrer\">diplomatie.gouv.fr<\/a>.<\/p>\n<div class=\"ccminsert\">\n<aside class=\"app_widget_fo app_widget_fo--call\">\n<ul>\n<li>\n                <a href=\"https:\/\/sante.journaldesfemmes.fr\/fiches-maladies\/2700095-pass-sanitaire-covid-france-restaurant-salle-sport-ameli-si-dep-date-decret-installer-vaccin-test-qr-code\/\" class=\"jGTMWidgetGAEventClick\" data-gtmwidgetgaeventaction=\"clickWidgetCall\" data-gtmwidgetgaeventlabel=\"Pass sanitaire\u00a0: t\u00e9l\u00e9charger sur Ameli, Si-Dep, quel test\u00a0?\"><\/p>\n<figure><picture><source media=\"(max-width: 480px)\" srcset=\"https:\/\/img-3.journaldesfemmes.fr\/PUL6M1XgiwlBm4p2QdvrKdmRFUs=\/160x105\/smart\/2642f6e645004772a749d80d8d2076e3\/ccmcms-jdf\/26375733.jpg\" width=\"160\" height=\"105\"><img decoding=\"async\" src=\"https:\/\/img-3.journaldesfemmes.fr\/CX3M1uNRnABZRYX5Q4NQASHlYng=\/200x132\/smart\/2642f6e645004772a749d80d8d2076e3\/ccmcms-jdf\/26375733.jpg\" alt=\"\" width=\"200\" height=\"132\" loading=\"lazy\"\/><\/source><\/picture><figcaption>\n<h3>Pass sanitaire\u00a0: t\u00e9l\u00e9charger sur Ameli, Si-Dep, quel test\u00a0?<\/h3>\n<p>Centre commercial, restaurant, camping, train, salle de sport&#8230; Le projet de loi visant \u00e0 \u00e9tendre le pass sanitaire obligatoire \u00e0 partir du 21\u00a0juillet sera pr\u00e9sent\u00e9 lundi 19\u00a0juillet en Conseil des ministres. Age, d\u00e9cret, test valide, d\u00e9lai apr\u00e8s le vaccin, QR Code&#8230; Comment l&rsquo;obtenir\u00a0? Pour voyager\u00a0? Sur Ameli\u00a0? Si-Dep\u00a0? Guide pratique.<\/p>\n<\/figcaption><\/figure>\n<p><\/a>\n            <\/li>\n<\/ul>\n<\/aside>\n<\/div>\n<p>La pr\u00e9sentation d&rsquo;une\u00a0attestation de vaccination remise lors de la vaccination contre le Covid peut faire office de pass sanitaire pour voyager. Mais pour \u00eatre valide en France, le<strong> sch\u00e9ma vaccinal doit \u00eatre complet <\/strong>:\u00a0<\/p>\n<ul>\n<li>1 semaine\u00a0apr\u00e8s la 2<sup>e<\/sup>\u00a0injection pour les vaccins \u00e0 double injection (Pfizer, Moderna, AstraZeneca)\u00a0;<\/li>\n<li>4\u00a0semaines apr\u00e8s l&rsquo;injection pour les vaccins \u00e0 une seule injection (Janssen)\u00a0;<\/li>\n<li>1 semaine\u00a0apr\u00e8s l&rsquo;injection pour les vaccins chez les personnes ayant eu la Covid.<\/li>\n<\/ul>\n<p><u>Sources :<\/u><\/p>\n<p>Evolutions diverses de la campagne vaccinale, DGS, 18 juin 2021.<\/p>\n<aside id=\"NL_382605982\" class=\"newsletter_subscription jNlBlock\"><noscript><br \/>\n            <\/noscript><\/p>\n<h3 class=\"newsletter_subscription-title\">Newsletter <\/h3>\n<p><a href=\"\/\/mailing.ccmbg.com\/archive\/last-85\" target=\"_blank\" class=\"a_hover\" rel=\"noopener noreferrer\">Voir un exemple<\/a><\/p>\n<\/aside>\n<p>Covid-19\u00a0: des TROD pour optimiser l&rsquo;utilisation des doses de vaccins disponibles.\u00a0Communiqu\u00e9 de presse mis en ligne le 03\u00a0juin 2021, HAS.\u00a0<\/p>\n<p>Service-Public.fr<\/p>\n<\/p><\/div>\n<p><script async src=\"http:\/\/platform.twitter.com\/widgets.js\" charset=\"utf-8\"><\/script><br \/>\n<br \/>[ad_2]<br \/>\n<br \/><a href=\"https:\/\/sante.journaldesfemmes.fr\/fiches-maladies\/2706029-doses-vaccins-covid-delai-1-ere-2-eme-immunite-intervalle-3-eme-pass-sanitaire-unique\/\">Source link <\/a><\/p>\n","protected":false},"excerpt":{"rendered":"<p>[ad_1] Mis \u00e0 part le vaccin Janssen qui n\u00e9cessite une seule dose, les vaccins de Pfizer, Moderna et AstraZeneca sont &hellip; <a href=\"http:\/\/www.affinite.fr\/index.php\/2021\/07\/18\/delai-2-doses-1-seule-3-pass-sanitaire\/\" class=\"more-link\">Plus <span class=\"screen-reader-text\">d\u00e9lai 2\u00a0doses, 1\u00a0seule, 3, pass sanitaire<\/span> <span class=\"meta-nav\">&rarr;<\/span><\/a><\/p>\n","protected":false},"author":1,"featured_media":6678,"comment_status":"open","ping_status":"open","sticky":false,"template":"","format":"standard","meta":{"_sitemap_exclude":false,"_sitemap_priority":"","_sitemap_frequency":"","footnotes":""},"categories":[1],"tags":[],"class_list":["post-6677","post","type-post","status-publish","format-standard","has-post-thumbnail","hentry","category-tous"],"_links":{"self":[{"href":"http:\/\/www.affinite.fr\/index.php\/wp-json\/wp\/v2\/posts\/6677"}],"collection":[{"href":"http:\/\/www.affinite.fr\/index.php\/wp-json\/wp\/v2\/posts"}],"about":[{"href":"http:\/\/www.affinite.fr\/index.php\/wp-json\/wp\/v2\/types\/post"}],"author":[{"embeddable":true,"href":"http:\/\/www.affinite.fr\/index.php\/wp-json\/wp\/v2\/users\/1"}],"replies":[{"embeddable":true,"href":"http:\/\/www.affinite.fr\/index.php\/wp-json\/wp\/v2\/comments?post=6677"}],"version-history":[{"count":0,"href":"http:\/\/www.affinite.fr\/index.php\/wp-json\/wp\/v2\/posts\/6677\/revisions"}],"wp:featuredmedia":[{"embeddable":true,"href":"http:\/\/www.affinite.fr\/index.php\/wp-json\/wp\/v2\/media\/6678"}],"wp:attachment":[{"href":"http:\/\/www.affinite.fr\/index.php\/wp-json\/wp\/v2\/media?parent=6677"}],"wp:term":[{"taxonomy":"category","embeddable":true,"href":"http:\/\/www.affinite.fr\/index.php\/wp-json\/wp\/v2\/categories?post=6677"},{"taxonomy":"post_tag","embeddable":true,"href":"http:\/\/www.affinite.fr\/index.php\/wp-json\/wp\/v2\/tags?post=6677"}],"curies":[{"name":"wp","href":"https:\/\/api.w.org\/{rel}","templated":true}]}}