{"id":6667,"date":"2021-07-16T22:17:37","date_gmt":"2021-07-16T22:17:37","guid":{"rendered":"https:\/\/www.affinite.fr\/index.php\/2021\/07\/16\/10-908-nouveaux-cas-en-24h-record-de-vaccination\/"},"modified":"2021-07-16T22:17:37","modified_gmt":"2021-07-16T22:17:37","slug":"10-908-nouveaux-cas-en-24h-record-de-vaccination","status":"publish","type":"post","link":"http:\/\/www.affinite.fr\/index.php\/2021\/07\/16\/10-908-nouveaux-cas-en-24h-record-de-vaccination\/","title":{"rendered":"10\u00a0908\u00a0nouveaux cas en 24h, record de vaccination"},"content":{"rendered":"<p> [ad_1]<br \/>\n<\/p>\n<p>\n                CORONAVIRUS DIRECT &#8211;  Plus de 10\u00a0000\u00a0cas ont \u00e9t\u00e9 enregistr\u00e9s ces derni\u00e8res 24h, signe de la reprise de l&rsquo;\u00e9pid\u00e9mie de Covid en France. Le port du masque redevient obligatoire en ext\u00e9rieur dans les Pyr\u00e9n\u00e9es-Orientales, \u00e0 Deauville, Trouville&#8230; Le taux d&rsquo;incidence repart \u00e0 la hausse pour tous les \u00e2ges et la vaccination continue de s&rsquo;acc\u00e9l\u00e9rer. Chiffres et infos.            <\/p>\n<div>\n<aside class=\"ccmsummary marqueur_module ccmcss_cms_summary ccmcss_cms_summary--right\">\n<p>\u00a0Sommaire<\/p>\n<\/aside>\n<p><strong>[Mis\u00a0\u00e0 jour le vendredi 16\u00a0juillet \u00e0 20h40<\/strong><b>]<\/b>\u00a0Ces derni\u00e8res 24 heures, 10\u00a0908\u00a0nouveaux cas ont \u00e9t\u00e9 enregistr\u00e9s en France, selon le bilan de <a href=\"https:\/\/www.santepubliquefrance.fr\/dossiers\/coronavirus-covid-19\/coronavirus-chiffres-cles-et-evolution-de-la-covid-19-en-france-et-dans-le-monde\" target=\"_blank\" rel=\"noopener noreferrer\">Sant\u00e9 Publique France<\/a>\u00a0du 16\u00a0juillet.\u00a0Les contaminations quotidiennes n&rsquo;avaient pas d\u00e9pass\u00e9 le seuil des 10 000 depuis fin mai. Toutefois, le rattrapage imputable au 14 juillet, jour f\u00e9ri\u00e9, peut expliquer en partie\u00a0ce chiffre important. En semaine 27\u00a0(5-11\u00a0juillet), la <strong>d\u00e9gradation de la situation<\/strong> s&rsquo;est acc\u00e9l\u00e9r\u00e9e, annonce <a href=\"https:\/\/www.santepubliquefrance.fr\/maladies-et-traumatismes\/maladies-et-infections-respiratoires\/infection-a-coronavirus\/documents\/bulletin-national\/covid-19-point-epidemiologique-du-16-juillet-2021\" target=\"_blank\" rel=\"noopener noreferrer\">Sant\u00e9 Publique France<\/a> le 16 juillet. La valeur du R effectif (taux de reproduction du virus) \u00e0 1,5\u00a0t\u00e9moigne du tr\u00e8s <strong>fort dynamisme de la transmission de l&rsquo;infection<\/strong>. Le <strong>taux d&rsquo;incidence<\/strong> des nouveaux cas de Covid<strong> recommence \u00e0 monter en France dans toutes les classes d&rsquo;\u00e2ge\u00a0<\/strong>d\u00e9passant le seuil d&rsquo;alerte dans certains d\u00e9partements. Le <strong>variant Delta repr\u00e9sente 55% <\/strong>des contaminations selon la derni\u00e8re enqu\u00eate Flash de Sant\u00e9 Publique France.\u00a0Les <strong>hospitalisations et les admissions en soins critiques\u00a0ne baissent plus<\/strong>. Et c&rsquo;est le<strong> retour de certaines restrictions<\/strong> comme le <strong>port du masque obligatoire dans l&rsquo;espace public<\/strong> (sauf \u00e0 la plage et dans les grands espaces naturels)\u00a0dans toutes les communes des <strong>Pyr\u00e9n\u00e9es-Orientales<\/strong>, du 17 juillet jusqu&rsquo;au 2\u00a0ao\u00fbt, a annonc\u00e9 vendredi 16\u00a0juillet la pr\u00e9fecture\u00a0dans un <a href=\"https:\/\/www.pyrenees-orientales.gouv.fr\/Actualites\/Communique-de-presse\/Annee-2021\/Juillet\/Renforcement-des-mesures-de-prevention-contre-la-Covid-19-dans-le-departement-des-PO\" rel=\"noopener noreferrer\" target=\"_blank\" title=\"Nouvelle fen\u00eatre\">communiqu\u00e9<\/a>, en raison d&rsquo;une tr\u00e8s forte hausse des cas de Covid-19. En <strong>Haute-Corse, <\/strong>la <a href=\"http:\/\/www.haute-corse.gouv.fr\/circulation-du-variant-delta-nouvelles-mesures-a4024.html\" target=\"_blank\" rel=\"noopener noreferrer\">pr\u00e9fecture<\/a> a aussi\u00a0annonc\u00e9 que le port d&rsquo;un masque\u00a0de protection est obligatoire jusqu&rsquo;au dimanche 1er ao\u00fbt 2021\u00a0inclus dans l&rsquo;ensemble du d\u00e9partement \u00e0 partir de 11 ans. Des<strong> jauges de 50% sont impos\u00e9es dans les bars et restaurants<\/strong>. toute personne de onze ans. Le <strong>pass sanitaire sera \u00e9tendu le 21 juillet <\/strong>\u00e0 tous les lieux de culture et de loisirs rassemblant plus de 50 personnes en France puis<strong> d\u00e9but ao\u00fbt aux centres commerciaux,<\/strong> restaurants, bars, h\u00f4pitaux&#8230; Les <strong>Fran\u00e7ais continuent d&rsquo;\u00eatre nombreux \u00e0 aller se faire vacciner <\/strong>depuis l&rsquo;allocution d&rsquo;Emmanuel Macron le 12 juillet : \u00ab\u00a0<em>Vous n&rsquo;avez jamais \u00e9t\u00e9 aussi nombreux \u00e0 vous faire vacciner en une journ\u00e9e<\/em>\u00ab\u00a0, s&rsquo;est r\u00e9joui\u00a0le ministre de la Sant\u00e9 Olivier V\u00e9ran sur <a href=\"https:\/\/twitter.com\/olivierveran\/status\/1416073098563104769?ref_src=twsrc%5Etfw%7Ctwcamp%5Etweetembed%7Ctwterm%5E1416073098563104769%7Ctwgr%5E%7Ctwcon%5Es1_&amp;ref_url=https%3A%2F%2Fwww.leparisien.fr%2Fsociete%2Fsante%2Fcovid-19-premiere-etude-sur-le-statut-vaccinal-des-personnes-contaminees-en-france-macron-tente-de-convaincre-les-antivax-suivez-notre-direct-16-07-2021-UIEOPKDWVJFY7JCY75ZYI4OLBE.php\" target=\"_blank\" rel=\"noopener noreferrer\">son compte Twitter<\/a>. Au total, 879\u00a0597\u00a0injections ont \u00e9t\u00e9 r\u00e9alis\u00e9es sur la journ\u00e9e du\u00a0vendredi 16 juillet.<em>\u00a0<\/em>Le 15 juillet, le <a href=\"https:\/\/solidarites-sante.gouv.fr\/IMG\/pdf\/avis_conseil_scientifique_15_juillet_2021.pdf\" target=\"_blank\" rel=\"noopener noreferrer\">Conseil scientifique<\/a> a valid\u00e9 le fait que <strong>le pass sanitaire soit valide d\u00e8s 7 jours au lieu de 14 apr\u00e8s la derni\u00e8re dose du vaccin<\/strong> (ou l&rsquo;unique dose pour les personnes ayant d\u00e9j\u00e0 eu le Covid). Quels sont les derniers <strong>chiffres de l&rsquo;\u00e9pid\u00e9mie<\/strong>\u00a0?\u00a0<span style=\"font-size: 1rem;\">Que disent les\u00a0<\/span><a data-auth=\"NotApplicable\" href=\"https:\/\/sante.journaldesfemmes.fr\/fiches-maladies\/2667643-carte-covid-19-france-monde-europe-couleur-vaccination-voyage-pays-couleur-zone-ecdc-rouge-departement\/\" rel=\"noopener noreferrer\" style=\"font-size: 1rem; background-color: rgb(255, 255, 255);\" target=\"_blank\">cartes<\/a><span style=\"font-size: 1rem;\"> de suivi de l&rsquo;\u00e9pid\u00e9mie\u00a0? Quels sont les <\/span><a href=\"https:\/\/sante.journaldesfemmes.fr\/fiches-maladies\/2630075-symptomes-coronavirus-covid-19-mal-gorge-rhume-que-faire-variant-premier-apparition-duree\/\" style=\"font-size: 1rem; background-color: rgb(255, 255, 255);\" target=\"_blank\" rel=\"noopener noreferrer\">sympt\u00f4mes du coronavirus<\/a><span style=\"font-size: 1rem;\"> ? Quand <\/span><a href=\"https:\/\/sante.journaldesfemmes.fr\/fiches-maladies\/2621211-isolement-covid-19-variant-anglais-7-10-jours-cas-contact-duree-declarer-certificat-attestation\/\" style=\"font-size: 1rem; background-color: rgb(255, 255, 255);\" target=\"_blank\" rel=\"noopener noreferrer\">s&rsquo;isoler et combien de temps<\/a><span style=\"font-size: 1rem;\"> ?\u00a0<\/span><a data-auth=\"NotApplicable\" href=\"https:\/\/sante.journaldesfemmes.fr\/fiches-maladies\/2629823-taux-de-reproduction-covid-france-coronavirus-r0-r-effectif-calcul-definition-2021-aujourd-hui-courbe\/\" rel=\"noopener noreferrer\" style=\"font-size: 1rem; background-color: rgb(255, 255, 255);\" target=\"_blank\">Quel est le taux de R0\u00a0du virus<\/a><span style=\"font-size: 1rem;\">\u00a0? Quand est-on <\/span><a href=\"https:\/\/sante.journaldesfemmes.fr\/fiches-maladies\/2679521-contagion-covid-19-combien-de-temps-jours-duree-asymptomatique-symptomes-incubation-contagieux\/\" style=\"font-size: 1rem; background-color: rgb(255, 255, 255);\" target=\"_blank\" rel=\"noopener noreferrer\">contagieux<\/a><span style=\"font-size: 1rem;\"> ? Que sait-on des\u00a0<\/span><a href=\"https:\/\/sante.journaldesfemmes.fr\/fiches-maladies\/2620433-vaccin-coronavirus-covid-19-france-pfizer-dose-moderna-astrazeneca-janssen-dose-choisir-arn-immunite\/\" style=\"font-size: 1rem; background-color: rgb(255, 255, 255);\" target=\"_blank\" rel=\"noopener noreferrer\">vaccins<\/a><span style=\"font-size: 1rem;\">\u00a0? Des\u00a0<\/span><a href=\"https:\/\/sante.journaldesfemmes.fr\/fiches-maladies\/2686947-effet-secondaire-vaccin-covid-pfizer-moderna-astrazeneca-janssen-2-injection-duree-france-myocardite\/\" style=\"font-size: 1rem; background-color: rgb(255, 255, 255);\" target=\"_blank\" rel=\"noopener noreferrer\">effets secondaires<\/a><span style=\"font-size: 1rem;\">\u00a0apr\u00e8s la vaccination\u00a0? Chiffres et infos du jour.<\/span><\/p>\n<section>\n<ul>\n<li><strong>Les Fran\u00e7ais majoritairement convaincus par les derni\u00e8res mesures. <\/strong>Selon un sondage Ipsos\/Sopra Steria pour <a href=\"https:\/\/www.leparisien.fr\/politique\/sondage-les-mesures-sanitaires-demmanuel-macron-largement-approuvees-par-les-francais-16-07-2021-VRVB6T36FRCSPP3HXC5P2637UU.php\" target=\"_blank\" rel=\"noopener noreferrer\">Le Parisien-Aujourd&rsquo;hui en France<\/a> et Franceinfo, 69% des\u00a0Fran\u00e7ais se disent favorables \u00e0 l&rsquo;obligation de vaccination des soignants. Ils sont 63% \u00e0 se prononcer en faveur de la fin de la gratuit\u00e9 des tests et 62% \u00e0 \u00eatre \u00ab\u00a0pour\u00a0\u00bb\u00a0l&rsquo;application du pass sanitaire dans les lieux publics.\u00a0<\/li>\n<li><b data-original-fontsize=\"20px\" data-original-lineheight=\"30px\">Record de vaccination en une journ\u00e9e. <\/b>\u00ab\u00a0<em>Vous n&rsquo;avez jamais \u00e9t\u00e9 aussi nombreux \u00e0 vous faire vacciner en une journ\u00e9e<\/em>\u00ab\u00a0, s&rsquo;est r\u00e9joui\u00a0Olivier V\u00e9ran sur <a href=\"https:\/\/twitter.com\/olivierveran\/status\/1416073098563104769?ref_src=twsrc%5Etfw%7Ctwcamp%5Etweetembed%7Ctwterm%5E1416073098563104769%7Ctwgr%5E%7Ctwcon%5Es1_&amp;ref_url=https%3A%2F%2Fwww.leparisien.fr%2Fsociete%2Fsante%2Fcovid-19-premiere-etude-sur-le-statut-vaccinal-des-personnes-contaminees-en-france-macron-tente-de-convaincre-les-antivax-suivez-notre-direct-16-07-2021-UIEOPKDWVJFY7JCY75ZYI4OLBE.php\" target=\"_blank\" rel=\"noopener noreferrer\">son compte Twitter<\/a>. Le ministre de la Sant\u00e9 a annonc\u00e9 que 879\u00a0597\u00a0injections avaient \u00e9t\u00e9 r\u00e9alis\u00e9es sur la journ\u00e9e de vendredi. Mardi, au lendemain des annonces d&rsquo;Emmanuel Macron, un record de vaccination quotidienne avait d\u00e9j\u00e0 \u00e9t\u00e9 enregistr\u00e9 avec 792\u00a0339\u00a0injections comptabilis\u00e9es.<\/li>\n<li><strong>\u00ab\u00a0Si je peux me passer de vaccin je m&rsquo;en passe volontiers\u00a0\u00bb.<\/strong> \u00ab\u00a0<em>Moi non plus, je n&rsquo;aime pas les masques, moi non plus, si je peux me passer de vaccin je m&rsquo;en passe volontiers, et moi non plus, si je pouvais ne pas avoir de\u00a0pass sanitaire pour aller dans des lieux de la vie courante, je vais pas vous mentir, je m&rsquo;en passerai tr\u00e8s volontiers \u00a0\u00bb <\/em>a d\u00e9clar\u00e9 Olivier V\u00e9ran vendredi alors qu&rsquo;il \u00e9tait en d\u00e9placement \u00e0 Annecy en Haute-Savoie.<em> \u00ab\u00a0Nous vivons depuis un an et demi avec un ph\u00e9nom\u00e8ne de peur collective. Parfois, il est plus confortable de conjurer la peur en se r\u00e9fugiant dans la magie d&rsquo;un m\u00e9dicament qui ne marcherait pas, par exemple, ou dans la d\u00e9testation, ou dans la n\u00e9gation de la menace.\u00a0\u00bb<\/em><\/li>\n<li><strong>Pas de 3\u00e8me dose pour tout le monde.<\/strong>\u00a0Il n&rsquo;y a \u00ab\u00a0pas lieu pour le moment\u00a0\u00bb de proposer une troisi\u00e8me dose de vaccin contre le Covid-19\u00a0\u00e0 l&rsquo;ensemble de la population, \u00ab\u00a0en dehors des plus vuln\u00e9rables et des plus \u00e2g\u00e9s\u00a0\u00bb, faute de \u00ab\u00a0donn\u00e9es disponibles\u00a0\u00bb, estime vendredi la Haute autorit\u00e9 de la sant\u00e9 (HAS) alors qu&rsquo;Emmanuel Macron a annonc\u00e9 le 12 juillet qu&rsquo;une troisi\u00e8me dose serait \u00e0 r\u00e9aliser \u00e0 la rentr\u00e9e pour les personnes vaccin\u00e9es au d\u00e9but de l&rsquo;ann\u00e9e 2021.<\/li>\n<li><strong>Retour du masque en ext\u00e9rieur dans les Pyr\u00e9n\u00e9es-Orientales.\u00a0<\/strong>Le port du masque sera de nouveau obligatoire dans les Pyr\u00e9n\u00e9es-Orientales d\u00e8s samedi 16 juillet et jusqu&rsquo;au 2\u00a0ao\u00fbt dans l&rsquo;espace public, a annonc\u00e9 <a href=\"https:\/\/twitter.com\/Prefet66\/status\/1415965380116369408?ref_src=twsrc%5Etfw%7Ctwcamp%5Etweetembed%7Ctwterm%5E1415965380116369408%7Ctwgr%5E%7Ctwcon%5Es1_&amp;ref_url=https%3A%2F%2Fwww.leparisien.fr%2Fsociete%2Fsante%2Fcovid-19-le-masque-redevient-obligatoire-en-exterieur-dans-les-pyrenees-orientales-16-07-2021-ZGDAOFGIDRDP3OEC6RJKY332GY.php\" target=\"_blank\" rel=\"noopener noreferrer\">la pr\u00e9fecture du d\u00e9partement<\/a>. Cette mesure, qui vise \u00e0\u00a0endiguer la reprise \u00e9pid\u00e9mique observ\u00e9e sur ce territoire, ne s&rsquo;appliquera pas\u00a0\u00e0 la plage et dans les grands espaces naturels. La consommation d&rsquo;alcool\u00a0dans les espaces publics, en dehors des restaurants et des bars, sera \u00e9galement interdite, a ajout\u00e9\u00a0la pr\u00e9fecture.\u00a0<\/li>\n<li><strong>Masque obligatoire \u00e0 Deauville.<\/strong>\u00a0\u00a0La pr\u00e9fecture du Calvados a \u00e9galement pris deux arr\u00eat\u00e9s pour rendre \u00e0 nouveau obligatoire en ext\u00e9rieur le port du masque \u00e0 Trouville-sur-Mer et Deauville, d\u00e8s le 16\u00a0juillet, rapporte\u00a0<a data-original-fontsize=\"20px\" data-original-lineheight=\"30px\" href=\"https:\/\/www.paris-normandie.fr\/id213336\/article\/2021-07-16\/covid-19-le-port-du-masque-nouveau-obligatoire-en-exterieur-trouville-sur-mer-et?utm_medium=Social&amp;utm_source=Twitter#Echobox=1626437917\" target=\"_blank\" rel=\"noopener noreferrer\">Paris-Normandie<\/a>.<\/li>\n<li><strong>R\u00e9ouverture de la Tour Eiffel.<\/strong>\u00a0La tour Eiffel a rouvert ses portes vendredi 16 juillet \u00e0 13 heures pour la premi\u00e8re fois depuis octobre 2020.<\/li>\n<li><b data-original-fontsize=\"20px\" data-original-lineheight=\"30px\">\u00ab\u00a0<em>Une prise de conscience<\/em>\u00a0\u00bb des Fran\u00e7ais sur la vaccination.<\/b>\u00a0Invit\u00e9 \u00e0 assister au\u00a0Tour de France jeudi, Emmanuel Macron a r\u00e9agi au record de prises de rendez-vous enregistr\u00e9\u00a0sur Doctolib depuis les annonces de lundi soir. \u00ab\u00a0<em>Il y a eu une prise de conscience pour nos concitoyens qui h\u00e9sitaient \u00e0 se faire vacciner. Cela a d\u00e9clench\u00e9 quelque chose<\/em>\u00ab\u00a0, a-t-il estim\u00e9 au micro de France T\u00e9l\u00e9visions.<\/li>\n<li><strong><em>\u00ab\u00a096% des Fran\u00e7ais qui ont contract\u00e9 le Covid avec des sympt\u00f4mes n&rsquo;\u00e9taient pas vaccin\u00e9s\u00a0\u00bb.\u00a0<\/em><\/strong><em>\u00ab\u00a0Dans notre pays, sur la base des contaminations de la semaine derni\u00e8re, 96% des Fran\u00e7ais qui ont contract\u00e9 le Covid avec des sympt\u00f4mes n&rsquo;\u00e9taient pas vaccin\u00e9s\u00a0\u00bb, <\/em>a affirm\u00e9, jeudi, le ministre de la Sant\u00e9 Olivier V\u00e9ran<i>,\u00a0<\/i>en marge de son d\u00e9placement dans un centre de vaccination \u00e0 Chamb\u00e9ry,\u00a0selon <a href=\"https:\/\/www.lci.fr\/societe\/vaccination-olivier-veran-96-des-francais-qui-ont-contracte-le-covid-avec-des-symptomes-n-etaient-pas-vaccines-2191581.html\" target=\"_blank\" rel=\"noopener noreferrer\">LCI<\/a>.\u00a0<em>\u00ab\u00a0C&rsquo;est quasiment 96% aussi des Fran\u00e7ais qui ont contract\u00e9 le variant Delta avec des sympt\u00f4mes qui n&rsquo;\u00e9taient pas vaccin\u00e9s\u00a0\u00bb, a-t-il ajout\u00e9.<\/em>\u00a0<em>\u00ab\u00a0Ces premi\u00e8res donn\u00e9es statistiques montrent donc que vous avez au moins quatre fois moins de chances d&rsquo;attraper le Covid si vous \u00eates vaccin\u00e9s\u00a0\u00bb, a conclu le ministre.\u00a0<\/em><\/li>\n<li><b data-original-fontsize=\"20px\" data-original-lineheight=\"30px\">La r\u00e9duction du\u00a0d\u00e9lai\u00a0post-vaccination approuv\u00e9e.\u00a0<\/b>Le Conseil scientifique a donn\u00e9 son feu vert \u00e0\u00a0la r\u00e9duction du\u00a0d\u00e9lai n\u00e9cessaire pour confirmer l&rsquo;obtention\u00a0du\u00a0pass vaccinal apr\u00e8s la seconde injection de vaccin. En d\u00e9but de semaine, le gouvernement avait indiqu\u00e9 \u00ab\u00a0travailler\u00a0\u00bb \u00e0\u00a0faire passer ce d\u00e9lai\u00a0&#8211; aujourd&rsquo;hui de\u00a014\u00a0jours &#8211;\u00a0\u00e0 sept jours. Une mesure que le Conseil scientifique a approuv\u00e9e dans <a href=\"https:\/\/solidarites-sante.gouv.fr\/IMG\/pdf\/avis_conseil_scientifique_15_juillet_2021.pdf\" target=\"_blank\" rel=\"noopener noreferrer\">un\u00a0avis publi\u00e9 jeudi<\/a>.\u00a0<\/li>\n<\/ul>\n<\/section>\n<p>Les chiffres de l&rsquo;\u00e9pid\u00e9mie de Covid-19 en\u00a0France sont publi\u00e9s quotidiennement par le\u00a0site <a href=\"http:\/\/www.gouvernement.fr\/info-coronavirus\/carte-et-donnees\" target=\"_blank\" rel=\"noopener noreferrer\">Carte-et-donn\u00e9es<\/a> du gouvernement et par <a href=\"https:\/\/www.santepubliquefrance.fr\/dossiers\/coronavirus-covid-19\/coronavirus-chiffres-cles-et-evolution-de-la-covid-19-en-france-et-dans-le-monde\" target=\"_blank\" rel=\"noopener noreferrer\">Sant\u00e9 Publique France<\/a>.<\/p>\n<p><a id=\"covid-france-chiffre-du-jour-bilan\" name=\"covid-france-chiffre-du-jour-bilan\" style=\"font-size: 1.125rem; background-color: rgb(255, 255, 255);\" target=\"_blank\" rel=\"noopener noreferrer\">Quels sont les chiffres du jour ?<\/a><\/p>\n<section>\n<table border=\"1\" cellpadding=\"1\" cellspacing=\"1\" style=\"width:100%;\">\n<thead>\n<tr>\n<th scope=\"col\" style=\"width: 205px; text-align: center;\">Nombre de cas de Covid (16 juillet)<\/th>\n<th scope=\"col\" style=\"width: 229px; text-align: center;\">Nombre de morts du Covid\u00a0<\/th>\n<th scope=\"col\" style=\"width: 244px; text-align: center;\">Nombre de personnes en soins critiques\u00a0<\/th>\n<th scope=\"col\" style=\"width: 119px; text-align: center;\">R0 (10 juillet)<\/th>\n<\/tr>\n<\/thead>\n<tbody>\n<tr>\n<td style=\"width: 205px; text-align: center;\">5 844 249<\/td>\n<td style=\"width: 229px; text-align: center;\">111 480 (+22 en 24h)<\/td>\n<td style=\"width: 244px; text-align: center;\">899<\/td>\n<td style=\"width: 119px; text-align: center;\">1.5 (+37.1% en 7 jours)<\/td>\n<\/tr>\n<\/tbody>\n<\/table>\n<table border=\"1\" cellpadding=\"1\" cellspacing=\"1\" style=\"width:100%;\">\n<thead>\n<tr>\n<th scope=\"col\" style=\"width: 205px; text-align: center;\">Nombre de cas de Covid (16 juillet)<\/th>\n<th scope=\"col\" style=\"width: 229px; text-align: center;\"><a id=\"cas-covid-24-heures\" name=\"cas-covid-24-heures\">Evolution sur 24 heures<\/a><\/th>\n<th scope=\"col\" style=\"width: 244px; text-align: center;\">Nombre moyen de nouveaux cas confirm\u00e9s quotidiens (12 juillet)<\/th>\n<th scope=\"col\" style=\"width: 244px; text-align: center;\">Taux d&rsquo;incidence (12 juillet)<\/th>\n<th scope=\"col\" style=\"width: 197px; text-align: center;\">Evolution du taux d&rsquo;incidence sur 7 jrs<\/th>\n<\/tr>\n<tr>\n<td style=\"width: 205px; text-align: center;\">5\u00a0844 249<\/td>\n<td style=\"width: 229px; text-align: center;\">+ 10 908<\/td>\n<td style=\"width: 244px; text-align: center;\">4 313<\/td>\n<td style=\"width: 244px; text-align: center;\">46\/100 000 habitants<\/td>\n<td style=\"width: 197px; text-align: center;\"><strong>+68%<\/strong><\/td>\n<\/tr>\n<\/thead>\n<\/table>\n<p>On observe\u00a0une<strong> augmentation des nouvelles hospitalisations, notamment en \u00cele-de-France, <a href=\"http:\/\/www.affinite.fr\/index.php\/2024\/11\/21\/construire-votre-maison-en-normandie\/\">Normandie<\/a>, et Martinique<\/strong>, ainsi que des nouvelles admissions en services de soins critiques en Martinique, rapporte Sant\u00e9 Publique France le 16 juillet. Une vigilance est \u00e0 maintenir \u00e9galement en <strong>Occitanie<\/strong> du fait de l&rsquo;augmentation des nouvelles hospitalisations observ\u00e9es par date d&rsquo;admission, \u00e0 consolider les semaines suivantes.\u00a0Voici les chiffres \u00e0 jour selon\u00a0le <a href=\"https:\/\/www.gouvernement.fr\/info-coronavirus\/carte-et-donnees\" target=\"_blank\" rel=\"noopener noreferrer\">site du\u00a0gouvernement<\/a>\u00a0et\u00a0<a href=\"https:\/\/dashboard.covid19.data.gouv.fr\/vue-d-ensemble?location=FRA\" target=\"_blank\" rel=\"noopener noreferrer\">Data-gouv.fr<\/a>.\u00a0<\/p>\n<table border=\"1\" cellpadding=\"1\" cellspacing=\"1\" style=\"width:100%;\">\n<thead>\n<tr>\n<th scope=\"col\" style=\"width: 205px; text-align: center;\">\u00a0<\/th>\n<th scope=\"col\" style=\"width: 205px; text-align: center;\">Nombre de patients Covid hospitalis\u00e9s\u00a0<\/th>\n<th scope=\"col\" style=\"width: 229px; text-align: center;\">Nombre moyen de nouvelles hospitalisations quotidiennes (15 juillet)<\/th>\n<th scope=\"col\" style=\"width: 244px; text-align: center;\">Nombre de patients Covid en soins critiques<\/th>\n<th scope=\"col\" style=\"width: 244px; text-align: center;\">Nombre moyen de nouvelles entr\u00e9es en soins critiques quotidiennes (15 juillet)<\/th>\n<\/tr>\n<tr>\n<td style=\"width: 205px; text-align: center;\"><strong>Au 16 juillet<\/strong><\/td>\n<td style=\"width: 205px; text-align: center;\">6 971<\/td>\n<td style=\"width: 229px; text-align: center;\">159 (+45,9% en 7 jours)<\/td>\n<td style=\"width: 244px; text-align: center;\">899<\/td>\n<td style=\"width: 244px; text-align: center;\">27 (+17.4% en 7 jours)<\/td>\n<\/tr>\n<\/thead>\n<\/table>\n<h3><u>Nombre de personnes actuellement hospitalis\u00e9es par r\u00e9gion au 15\u00a0juillet<\/u><u>\u00a02021 (source : gouvernement.fr)<\/u><\/h3>\n<table align=\"center\" border=\"1\" cellpadding=\"1\" cellspacing=\"1\" style=\"width:100%;\">\n<thead>\n<tr>\n<th scope=\"col\" style=\"width: 260px;\">R\u00e9gion<\/th>\n<th scope=\"col\" style=\"width: 283px;\">Nombre de personnes actuellement hospitalis\u00e9es<\/th>\n<th scope=\"col\" style=\"width: 220px;\">Evolution en 7 jours<\/th>\n<\/tr>\n<\/thead>\n<tbody>\n<tr>\n<td style=\"width: 260px;\"><strong>Auvergne-Rh\u00f4ne-Alpes<\/strong><\/td>\n<td style=\"width: 283px;\">602<\/td>\n<td style=\"width: 220px;\">-14%<\/td>\n<\/tr>\n<tr>\n<td style=\"width: 260px;\"><strong>Hauts-de-France<\/strong><\/td>\n<td style=\"width: 283px;\">1 091<\/td>\n<td style=\"width: 220px;\">-1.4%<\/td>\n<\/tr>\n<tr>\n<td style=\"width: 260px;\"><strong>Provence-Alpes-C\u00f4te d&rsquo;Azur<\/strong><\/td>\n<td style=\"width: 283px;\">677<\/td>\n<td style=\"width: 220px;\">-9.6%<\/td>\n<\/tr>\n<tr>\n<td style=\"width: 260px;\"><strong>Grand Est<\/strong><\/td>\n<td style=\"width: 283px;\">448<\/td>\n<td style=\"width: 220px;\">-8%<\/td>\n<\/tr>\n<tr>\n<td style=\"width: 260px;\"><strong>Occitanie<\/strong><\/td>\n<td style=\"width: 283px;\">449<\/td>\n<td style=\"width: 220px;\"><strong>+4.2%<\/strong><\/td>\n<\/tr>\n<tr>\n<td style=\"width: 260px;\"><strong>Normandie<\/strong><\/td>\n<td style=\"width: 283px;\">468<\/td>\n<td style=\"width: 220px;\"><strong>+2.0%<\/strong><\/td>\n<\/tr>\n<tr>\n<td style=\"width: 260px;\"><strong>Nouvelle-Aquitaine<\/strong><\/td>\n<td style=\"width: 283px;\">384<\/td>\n<td style=\"width: 220px;\">-3.5%<\/td>\n<\/tr>\n<tr>\n<td style=\"width: 260px;\"><strong>Centre-Val de Loire<\/strong><\/td>\n<td style=\"width: 283px;\">220<\/td>\n<td style=\"width: 220px;\">-8%<\/td>\n<\/tr>\n<tr>\n<td style=\"width: 260px;\"><strong>Bourgogne-Franche-Comt\u00e9<\/strong><\/td>\n<td style=\"width: 283px;\">292<\/td>\n<td style=\"width: 220px;\">-9.0%\u00a0<\/td>\n<\/tr>\n<tr>\n<td style=\"width: 260px;\"><strong>Bretagne<\/strong><\/td>\n<td style=\"width: 283px;\">279<\/td>\n<td style=\"width: 220px;\">-3.8%<\/td>\n<\/tr>\n<tr>\n<td style=\"width: 260px;\"><strong>Corse<\/strong><\/td>\n<td style=\"width: 283px;\">27<\/td>\n<td style=\"width: 220px;\"><strong>+8%<\/strong><\/td>\n<\/tr>\n<tr>\n<td style=\"width: 260px;\"><strong>Pays de la Loire<\/strong><\/td>\n<td style=\"width: 283px;\">131<\/td>\n<td style=\"width: 220px;\">-6.4%<\/td>\n<\/tr>\n<tr>\n<td style=\"width: 260px;\"><strong>\u00cele-de-France<\/strong><\/td>\n<td style=\"width: 283px;\">1 589<\/td>\n<td style=\"width: 220px;\">-4%<\/td>\n<\/tr>\n<tr>\n<td style=\"width: 260px;\"><strong>Guadeloupe<\/strong><\/td>\n<td style=\"width: 283px;\">106<\/td>\n<td style=\"width: 220px;\"><strong>+3,9%\u00a0<\/strong><\/td>\n<\/tr>\n<tr>\n<td style=\"width: 260px;\"><strong>Martinique<\/strong><\/td>\n<td style=\"width: 283px;\">50<\/td>\n<td style=\"width: 220px;\"><strong>+92.3%<\/strong><\/td>\n<\/tr>\n<tr>\n<td style=\"width: 260px;\"><strong>Guyane<\/strong><\/td>\n<td style=\"width: 283px;\">94<\/td>\n<td style=\"width: 220px;\">-5.0%<\/td>\n<\/tr>\n<tr>\n<td style=\"width: 260px;\"><strong>La R\u00e9union<\/strong><\/td>\n<td style=\"width: 283px;\">147<\/td>\n<td style=\"width: 220px;\">-5.8%<\/td>\n<\/tr>\n<tr>\n<td style=\"width: 260px;\"><strong>Mayotte<\/strong><\/td>\n<td style=\"width: 283px;\">0<\/td>\n<td style=\"width: 220px;\">NC<\/td>\n<\/tr>\n<\/tbody>\n<\/table>\n<\/section>\n<p>La mortalit\u00e9 li\u00e9e \u00e0 la COVID-19 a faibli. <strong>111 480\u00a0d\u00e9c\u00e8s sont recens\u00e9s au 16<\/strong>\u00a0<strong>juillet\u00a0<\/strong>dont 84 975\u00a0\u00e0 l&rsquo;h\u00f4pital\u00a0(+22\u00a0au cours des 24\u00a0derni\u00e8res heures), selon les chiffres de <a href=\"https:\/\/www.santepubliquefrance.fr\/dossiers\/coronavirus-covid-19\/coronavirus-chiffres-cles-et-evolution-de-la-covid-19-en-france-et-dans-le-monde\" target=\"_blank\" rel=\"noopener noreferrer\">Sant\u00e9 Publique France<\/a>. Ce chiffre ne comprend pas les d\u00e9c\u00e8s \u00e0 domicile.\u00a0<\/p>\n<p>\u25baLes d\u00e9c\u00e8s de patients COVID-19\u00a0hospitalis\u00e9s \u00e9taient toujours en diminution en semaine 26<strong>\u00a0(-24%) <\/strong>et ceux survenus dans les \u00e9tablissements sociaux et m\u00e9dico-sociaux (ESMS) restaient \u00e0 un niveau tr\u00e8s faible.<\/p>\n<div style=\"text-align:center\">\n<figure class=\"image\" style=\"display:inline-block\"><a class=\"fancy\" href=\"https:\/\/img-3.journaldesfemmes.fr\/dPZmWk0j55r5_E2zNbWH7GSirZQ=\/1080x\/smart\/6e12c83ab34544888baee5e0a846c84a\/ccmcms-jdf\/26138739.jpg\"><img decoding=\"async\" alt=\"courbe-covid-deces-morts-france\" src=\"https:\/\/img-3.journaldesfemmes.fr\/dPZmWk0j55r5_E2zNbWH7GSirZQ=\/1080x\/smart\/6e12c83ab34544888baee5e0a846c84a\/ccmcms-jdf\/26138739.jpg\"\/><\/a><figcaption data-credit=\"Sant\u00e9 Publique France\"><small>\u00a9\u00a0Sant\u00e9 Publique France<\/small><\/figcaption><\/figure>\n<\/div>\n<p>En semaine 27 (5-11 juillet), la d\u00e9gradation de la situation s&rsquo;est acc\u00e9l\u00e9r\u00e9e. La valeur du R effectif (SI-DEP) \u00e0 1,5\u00a0t\u00e9moigne du tr\u00e8s fort dynamisme de la transmission de l&rsquo;infection. Le taux d&rsquo;incidence \u00e9tait en augmentation dans toutes les classes d&rsquo;\u00e2ge. Cette <strong>augmentation \u00e9tait la plus \u00e9lev\u00e9e chez les 10-39\u00a0ans<\/strong> et touchait toutes les r\u00e9gions.<\/p>\n<div style=\"text-align:center\">\n<figure class=\"image\" style=\"display:inline-block\"><a class=\"fancy\" href=\"https:\/\/img-3.journaldesfemmes.fr\/omb2ORvHzBS-qjjT3qE0iQUX29s=\/1080x\/smart\/274aefc3a3164e8a8dcfc00b8c63c949\/ccmcms-jdf\/26320267.jpg\"><img decoding=\"async\" alt=\"taux incidence covid\" src=\"https:\/\/img-3.journaldesfemmes.fr\/omb2ORvHzBS-qjjT3qE0iQUX29s=\/1080x\/smart\/274aefc3a3164e8a8dcfc00b8c63c949\/ccmcms-jdf\/26320267.jpg\"\/><\/a><figcaption data-credit=\"Sant\u00e9 Publique France\"><small>\u00a9\u00a0Sant\u00e9 Publique France<\/small><\/figcaption><\/figure>\n<\/div>\n<div style=\"text-align:center\">\n<figure class=\"image\" style=\"display:inline-block\"><a class=\"fancy\" href=\"https:\/\/img-3.journaldesfemmes.fr\/5BROwXkEgNdbylkKXgV7mEk4w2M=\/1080x\/smart\/97303e87713c4c20a0f2d2f1dae8b8d7\/ccmcms-jdf\/26138844.jpg\"><img decoding=\"async\" alt=\"courbe-covid-nombre-de-cas-france\" src=\"https:\/\/img-3.journaldesfemmes.fr\/5BROwXkEgNdbylkKXgV7mEk4w2M=\/1080x\/smart\/97303e87713c4c20a0f2d2f1dae8b8d7\/ccmcms-jdf\/26138844.jpg\"\/><\/a><figcaption data-credit=\"Sant\u00e9 Publique France\"><small>\u00a9\u00a0Sant\u00e9 Publique France<\/small><\/figcaption><\/figure>\n<\/div>\n<p><strong>Pour rappel, la France a connu trois \u00ab\u00a0vagues\u00a0\u00bb \u00e9pid\u00e9miques depuis janvier 2020 :\u00a0<\/strong><\/p>\n<p>\u2192 Une premi\u00e8re vague marqu\u00e9e par un\u00a0<strong>pic \u00e9pid\u00e9mique<\/strong>\u00a0au cours de la\u00a0<strong>semaine du 6\u00a0au 12\u00a0avril 2020<\/strong>, soit 15\u00a0jours\u00a0apr\u00e8s la mise en \u0153uvre du premier\u00a0confinement de la population (le 17\u00a0mars 2020).<\/p>\n<p>\u2192 Une deuxi\u00e8me vague marqu\u00e9e par un\u00a0<strong>pic au cours de la semaine du<\/strong>\u00a0<strong>16\u00a0au 20\u00a0novembre 2020,\u00a0<\/strong>trois semaines apr\u00e8s le deuxi\u00e8me confinement (29 octobre 2020).<\/p>\n<p>\u2192 Une troisi\u00e8me vague dont le <strong>pic \u00e9pid\u00e9mique a \u00e9t\u00e9 estim\u00e9 \u00e0 la mi-avril 2021.<\/strong>\u00a0<\/p>\n<p>Le<strong> variant Delta est devenu majoritaire <\/strong>sur le territoire m\u00e9tropolitain, annonce Sant\u00e9 Publique France dans son point \u00e9pid\u00e9miologique du 16 juillet. La mutation L452R (port\u00e9e principalement par le variant Delta) \u00e9tait retrouv\u00e9e dans 63% des pr\u00e9l\u00e8vements positifs cribl\u00e9s (43% en S26) et ce variant repr\u00e9sentait 55% des virus s\u00e9quenc\u00e9s interpr\u00e9tables dans l&rsquo;enqu\u00eate Flash #13\u00a0du 29\u00a0juin.\u00a0<\/p>\n<p>Il n&rsquo;y a plus de<strong> couvre-feu <\/strong>en France depuis le 20 juin. Le <strong>port du masque en ext\u00e9rieur <\/strong>n&rsquo;est aussi plus obligatoire au niveau national depuis cette date mais des villes ont recommenc\u00e9 \u00e0 l&rsquo;imposer d\u00e9but juillet \u00e0 cause de la diffusion du variant indien (Lille, Saint-Malo, Touquet&#8230;). Il n&rsquo;y a plus de jauge impos\u00e9e dans les restaurants, bars et salles de sport.\u00a0<\/p>\n<p>La vaccination contre la Covid-19\u00a0se poursuit en France avec les vaccins Pfizer-BioNTech,\u00a0Moderna,\u00a0AstraZeneca et Janssen (chez les m\u00e9decins g\u00e9n\u00e9ralistes,\u00a0au travail et en pharmacie). Selon les <a href=\"https:\/\/solidarites-sante.gouv.fr\/actualites\/presse\/communiques-de-presse\/article\/vaccination-contre-la-covid-19-en-france-au-8-juillet-2021-plus-de-59-000-000\" target=\"_blank\" rel=\"noopener noreferrer\">chiffres du minist\u00e8re de la Sant\u00e9<\/a>, au 14\u00a0juillet, 36\u00a0398\u00a0840\u00a0personnes ont re\u00e7u au moins une injection et 28\u00a0674\u00a0895\u00a0personnes ont d\u00e9sormais un <strong>sch\u00e9ma vaccinal complet<\/strong>. Les \u00e9pid\u00e9miologistes recommandent un taux de vaccination de 90% de la population pour atteindre l&rsquo;immunit\u00e9 collective. La prise de<strong> rendez-vous<\/strong> est possible sur les sites Internet <strong>Doctolib, Maiia et KelDoc<\/strong> et peut aussi se faire en contactant par t\u00e9l\u00e9phone le <strong>centre de vaccination<\/strong> le plus proche de chez soi (liste disponible sur\u00a0<a href=\"https:\/\/www.sante.fr\/centres-vaccination-covid.html\" target=\"_blank\" rel=\"noopener noreferrer\">Sante.fr<\/a>).\u00a0En cas de difficult\u00e9, le num\u00e9ro vert national\u00a0:<strong> 0\u00a0800\u00a0009\u00a0110<\/strong>,\u00a0permet d&rsquo;\u00eatre redirig\u00e9 vers le standard t\u00e9l\u00e9phonique d&rsquo;un centre ou d&rsquo;obtenir un accompagnement \u00e0 la prise de rendez-vous.<\/p>\n<div style=\"text-align:center\">\n<figure class=\"image\" style=\"display:inline-block\"><a class=\"fancy\" href=\"https:\/\/img-3.journaldesfemmes.fr\/XJNTKMhkibgwQLyeEMirPhqMekc=\/1080x\/smart\/ec7e1630e2724a26807211f6e9ae71ed\/ccmcms-jdf\/26323668.png\"><img decoding=\"async\" alt=\"Nombre de personnes vaccin\u00e9es en France au 8 juillet 2021\" src=\"https:\/\/img-3.journaldesfemmes.fr\/TJb_pxaLzuJ3wLVI_lhQDln_EFs=\/600x\/smart\/ec7e1630e2724a26807211f6e9ae71ed\/ccmcms-jdf\/26323668.png\"\/><\/a><figcaption data-credit=\"Gouvernement.fr\" data-legend=\"Nombre de personnes vaccin\u00e9es en France au 12 juillet 2021\">Nombre de personnes vaccin\u00e9es en France au 12 juillet 2021 <small>\u00a9\u00a0Gouvernement.fr<\/small><\/figcaption><\/figure>\n<\/div>\n<aside id=\"NL_252479902\" class=\"newsletter_subscription jNlBlock\"><noscript><br \/>\n            <\/noscript><\/p>\n<h3 class=\"newsletter_subscription-title\">Newsletter <\/h3>\n<p><a href=\"\/\/mailing.ccmbg.com\/archive\/last-85\" target=\"_blank\" class=\"a_hover\" rel=\"noopener noreferrer\">Voir un exemple<\/a><\/p>\n<\/aside>\n<p>Les<strong> Europ\u00e9ens vaccin\u00e9s<\/strong> contre le Covid-19\u00a0peuvent entrer en France sans test PCR<strong> depuis le 9\u00a0juin. <\/strong>Une\u00a0preuve de test n\u00e9gatif (PCR ou antig\u00e9nique) sera toujours exig\u00e9e pour les voyageurs en provenance du Royaume-Uni et des Etats-Unis. A partir du 9\u00a0juin \u00e9galement, les flux de voyageurs entre la France et les <strong>pays \u00e9trangers <\/strong>seront rouverts selon des modalit\u00e9s de chaque\u00a0pays\u00a0et de la vaccination. Le pass sanitaire europ\u00e9en est entr\u00e9 en vigueur le 1er juillet pour pouvoir <a href=\"http:\/\/www.affinite.fr\/index.php\/2023\/07\/29\/changer-de-vie-voyager-complement-de-retraite-devenez-vendeur-de-glace-a-litalienne\/\">voyager<\/a> en Europe.<\/p>\n<section>\n<p>Le d\u00e9pistage du Covid-19 est r\u00e9alis\u00e9 en France par <strong>RT-PCT<\/strong> et par tests <strong>antig\u00e9niques (sans avance de frais et 100% pris en charge par la S\u00e9curit\u00e9 sociale)<\/strong>. Depuis le 11 f\u00e9vrier 2021, les <strong>tests salivaires<\/strong> sont d\u00e9ploy\u00e9s dans les\u00a0\u00e9tablissements scolaires et peuvent \u00eatre utilis\u00e9s en premi\u00e8re intention pour d\u00e9pister la Covid-19, conform\u00e9ment aux recommandations de la <a href=\"https:\/\/www.has-sante.fr\/maintenance\/index.html\" target=\"_blank\" rel=\"noopener noreferrer\">HAS<\/a>. Depuis le 12 avril, des <strong>autotests <\/strong>Covid sont aussi disponibles en vente libre dans les pharmacies fran\u00e7aises (non rembours\u00e9) et peuvent \u00eatre utilis\u00e9s dans les \u00e9coles. Enfin, des <strong>tests s\u00e9rologiques <\/strong>peuvent \u00eatre r\u00e9alis\u00e9s en laboratoires (moins en pharmacie) pour avoir connaissance d&rsquo;une infection pass\u00e9e au Covid (ils ne sont pas rembours\u00e9s par la S\u00e9curit\u00e9 sociale).\u00a0<em>\u00ab\u00a0Il reste d\u00e9terminant que chaque personne pr\u00e9sentant des sympt\u00f4mes \u00e9vocateurs de COVID-19\u00a0s&rsquo;isole imm\u00e9diatement et r\u00e9alise un test diagnostique dans les plus brefs d\u00e9lais\u00a0\u00bb<\/em> rappelle Sant\u00e9 Publique France dans ses bulletins hebdomadaires.<\/p>\n<div class=\"ccminsert\">\n<aside class=\"app_widget_fo app_widget_fo--call\">\n<ul>\n<li>\n                <a href=\"https:\/\/sante.journaldesfemmes.fr\/fiches-maladies\/2623965-test-covid-pcr-salivaire-antigenique-pharmacie-sans-rdv-delai-resultats-serologique-payant-trod\/\" class=\"jGTMWidgetGAEventClick\" data-gtmwidgetgaeventaction=\"clickWidgetCall\" data-gtmwidgetgaeventlabel=\"Test Covid-19\u00a0: PCR payant, d\u00e9lai de r\u00e9sultat, rapide, antig\u00e9nique, salivaire...\"><\/p>\n<figure><picture><source media=\"(max-width: 480px)\" srcset=\"https:\/\/img-3.journaldesfemmes.fr\/F_aDL7vErHcLxWAmx-CULuZKhv4=\/160x105\/smart\/f28351d46bec4409becfdf210237516d\/ccmcms-jdf\/25936534.jpg\" width=\"160\" height=\"105\"><img decoding=\"async\" src=\"https:\/\/img-3.journaldesfemmes.fr\/mozSlFvoQZK42R9whuoClSrjtTA=\/200x132\/smart\/f28351d46bec4409becfdf210237516d\/ccmcms-jdf\/25936534.jpg\" alt=\"\" width=\"200\" height=\"132\" loading=\"lazy\"\/><\/source><\/picture><figcaption>\n<h3>Test Covid-19\u00a0: PCR payant, d\u00e9lai de r\u00e9sultat, rapide, antig\u00e9nique, salivaire&#8230;<\/h3>\n<p>PCR, antig\u00e9nique, salivaire, autotest&#8230; Plusieurs tests de d\u00e9pistage de la Covid-19\u00a0sont disponibles en France. Le plus fiable est le test PCR nasal. Il sera payant \u00e0 partir de cet automne a annonc\u00e9 Emmanuel Macron. Prix, test pour savoir si on a eu le Covid, en pharmacie, au laboratoire, d\u00e9lai de r\u00e9sultats&#8230; Guide.<\/p>\n<\/figcaption><\/figure>\n<p><\/a>\n            <\/li>\n<\/ul>\n<\/aside>\n<\/div>\n<p>Si au d\u00e9but, on ne parlait que de <strong>fi\u00e8vre<\/strong>, toux s\u00e8che, rhume, \u00e9tat grippal et de fatigue, les sympt\u00f4mes de l&rsquo;infection par le coronavirus ont \u00e9volu\u00e9. On sait d\u00e9sormais que le virus peut avoir des <strong>effets sur la peau<\/strong> (urticaire, l\u00e9sions inflammatoires sur les orteils), la sph\u00e8re digestive (vomissements, diarrh\u00e9es&#8230;), <strong>l&rsquo;odorat<\/strong>, le <strong>go\u00fbt <\/strong>et m\u00eame le cerveau.<em> <\/em><\/p>\n<p>\u2192<strong> Chaque personne pr\u00e9sentant des sympt\u00f4mes \u00e9vocateurs de COVID-19 doit s&rsquo;isoler imm\u00e9diatement et r\u00e9aliser un test diagnostique<\/strong> dans les plus brefs d\u00e9lais (sans avoir d&rsquo;ordonnance).<\/p>\n<p>\u2192<strong> <\/strong><strong>Appeler le\u00a015\u00a0en cas de\u00a0difficult\u00e9s respiratoires\u00a0: \u00ab\u00a0<\/strong><em>Si la toux et la\u00a0fi\u00e8vre s&rsquo;accompagnent d&rsquo;une g\u00eane respiratoire qui devient permanente avec souffle court, difficult\u00e9 \u00e0 inspirer et \u00e0 expirer, d&rsquo;une aggravation importante de la toux, cela peut signifier une \u00e9volution de la maladie sous la forme d&rsquo;une pneumopathie. Il s&rsquo;agit alors d&rsquo;une urgence respiratoire potentielle et comme dans tous les cas d&rsquo;urgence, il faut alors appeler le 15\u00a0qui prendra les meilleures dispositions pour r\u00e9pondre \u00e0 la situation\u00a0\u00bb, <\/em>pr\u00e9vient le Dr\u00a0Patrick Aub\u00e9, m\u00e9decin g\u00e9n\u00e9raliste. \u00a0<\/p>\n<div class=\"ccminsert\">\n<aside class=\"app_widget_fo app_widget_fo--list app_widget_fo--list-2-col\">\n<ul>\n<li>\n<h3>\n                    <a href=\"https:\/\/sante.journaldesfemmes.fr\/fiches-maladies\/2696267-covid-long-c-est-quoi-symptomes-contagieux-fatigue-prise-en-charge-france-traitement-vaccination\/\" class=\"jGTMWidgetGAEventClick\" data-gtmwidgetgaeventaction=\"clickWidgetListOnTwoColumns\" data-gtmwidgetgaeventlabel=\"Covid long\u00a0: sympt\u00f4mes, vaccination, contagieux ou pas\u00a0?\"><br \/>\n                        Covid long\u00a0: sympt\u00f4mes, vaccination, contagieux ou pas\u00a0?<br \/>\n                    <\/a><br \/>\n                <\/h3>\n<\/li>\n<li>\n<h3>\n                    <a href=\"https:\/\/sante.journaldesfemmes.fr\/fiches-sante-du-quotidien\/2627657-perte-odorat-anosmie-symptome-covid-19-duree-definition-cause-traitement-reeducation\/\" class=\"jGTMWidgetGAEventClick\" data-gtmwidgetgaeventaction=\"clickWidgetListOnTwoColumns\" data-gtmwidgetgaeventlabel=\"Perte de l'odorat\u00a0(anosmie)\u00a0: sympt\u00f4mes du Covid, dur\u00e9e, r\u00e9\u00e9ducation\"><br \/>\n                        Perte de l&rsquo;odorat\u00a0(anosmie)\u00a0: sympt\u00f4mes du Covid, dur\u00e9e, r\u00e9\u00e9ducation<br \/>\n                    <\/a><br \/>\n                <\/h3>\n<\/li>\n<li>\n<h3>\n                    <a href=\"https:\/\/sante.journaldesfemmes.fr\/fiches-maladies\/2625903-porteur-sain-covid-19-coronavirus-asymptomatique-definition-duree-isolement-anticorps-isolement-test\/\" class=\"jGTMWidgetGAEventClick\" data-gtmwidgetgaeventaction=\"clickWidgetListOnTwoColumns\" data-gtmwidgetgaeventlabel=\"Porteur sain Covid\u00a0(asymptomatique)\u00a0: d\u00e9finition, test, isolement\"><br \/>\n                        Porteur sain Covid\u00a0(asymptomatique)\u00a0: d\u00e9finition, test, isolement<br \/>\n                    <\/a><br \/>\n                <\/h3>\n<\/li>\n<li>\n<h3>\n                    <a href=\"https:\/\/sante.journaldesfemmes.fr\/fiches-maladies\/2665621-angine-ou-covid-19-symptomes-signes-fievre-mal-gorge-test-difference-contagion\/\" class=\"jGTMWidgetGAEventClick\" data-gtmwidgetgaeventaction=\"clickWidgetListOnTwoColumns\" data-gtmwidgetgaeventlabel=\"Angine ou Covid-19\u00a0: sympt\u00f4mes, diff\u00e9rences, test, contagion\"><br \/>\n                        Angine ou Covid-19\u00a0: sympt\u00f4mes, diff\u00e9rences, test, contagion<br \/>\n                    <\/a><br \/>\n                <\/h3>\n<\/li>\n<li>\n<h3>\n                    <a href=\"https:\/\/sante.journaldesfemmes.fr\/fiches-maladies\/2701631-probleme-maladie-foie-covid-atteinte-cancer-complication-sequelles-symptomes-risque-vaccination\/\" class=\"jGTMWidgetGAEventClick\" data-gtmwidgetgaeventaction=\"clickWidgetListOnTwoColumns\" data-gtmwidgetgaeventlabel=\"Probl\u00e8me au foie et Covid\u00a0: risques, s\u00e9quelles, vaccination\"><br \/>\n                        Probl\u00e8me au foie et Covid\u00a0: risques, s\u00e9quelles, vaccination<br \/>\n                    <\/a><br \/>\n                <\/h3>\n<\/li>\n<li>\n<h3>\n                    <a href=\"https:\/\/sante.journaldesfemmes.fr\/fiches-maladies\/2701633-fievre-covid-duree-obligatoire-que-faire-que-prendre-combien-temperature\/\" class=\"jGTMWidgetGAEventClick\" data-gtmwidgetgaeventaction=\"clickWidgetListOnTwoColumns\" data-gtmwidgetgaeventlabel=\"Fi\u00e8vre et Covid\u00a0: dur\u00e9e, temp\u00e9rature, est-ce obligatoire\u00a0?\"><br \/>\n                        Fi\u00e8vre et Covid\u00a0: dur\u00e9e, temp\u00e9rature, est-ce obligatoire\u00a0?<br \/>\n                    <\/a><br \/>\n                <\/h3>\n<\/li>\n<li>\n<h3>\n                    <a href=\"https:\/\/sante.journaldesfemmes.fr\/fiches-maladies\/2661241-rhume-ou-covid-19-symptomes-tableau-differences-ecole-que-faire-comment-savoir-travail\/\" class=\"jGTMWidgetGAEventClick\" data-gtmwidgetgaeventaction=\"clickWidgetListOnTwoColumns\" data-gtmwidgetgaeventlabel=\"Rhume ou Covid-19\u00a0: sympt\u00f4mes, tableau, \u00e9cole, que faire\u00a0?\"><br \/>\n                        Rhume ou Covid-19\u00a0: sympt\u00f4mes, tableau, \u00e9cole, que faire\u00a0?<br \/>\n                    <\/a><br \/>\n                <\/h3>\n<\/li>\n<li>\n<h3>\n                    <a href=\"https:\/\/sante.journaldesfemmes.fr\/fiches-maladies\/2626825-covid-ou-allergie-pollen-coronavirus-asthme-symptomes-toux-yeux-traitement\/\" class=\"jGTMWidgetGAEventClick\" data-gtmwidgetgaeventaction=\"clickWidgetListOnTwoColumns\" data-gtmwidgetgaeventlabel=\"Covid ou allergie au pollen\u00a0: sympt\u00f4mes, diff\u00e9rences, traitements\"><br \/>\n                        Covid ou allergie au pollen\u00a0: sympt\u00f4mes, diff\u00e9rences, traitements<br \/>\n                    <\/a><br \/>\n                <\/h3>\n<\/li>\n<li>\n<h3>\n                    <a href=\"https:\/\/sante.journaldesfemmes.fr\/fiches-maladies\/2676955-covid-19-ou-gastro-enterite-difference-symptomes-fievre-diarrhee-que-faire-complications\/\" class=\"jGTMWidgetGAEventClick\" data-gtmwidgetgaeventaction=\"clickWidgetListOnTwoColumns\" data-gtmwidgetgaeventlabel=\"Covid\u00a0ou gastro-ent\u00e9rite\u00a0: sympt\u00f4mes, quelles diff\u00e9rences\u00a0?\"><br \/>\n                        Covid\u00a0ou gastro-ent\u00e9rite\u00a0: sympt\u00f4mes, quelles diff\u00e9rences\u00a0?<br \/>\n                    <\/a><br \/>\n                <\/h3>\n<\/li>\n<li>\n<h3>\n                    <a href=\"https:\/\/sante.journaldesfemmes.fr\/fiches-sante-du-quotidien\/2627543-perte-gout-agueusie-covid-19-def-duree-cause-partielle-traitement-soigner\/\" class=\"jGTMWidgetGAEventClick\" data-gtmwidgetgaeventaction=\"clickWidgetListOnTwoColumns\" data-gtmwidgetgaeventlabel=\"Perte du go\u00fbt (agueusie)\u00a0: dur\u00e9e, Covid, comment soigner\u00a0?\"><br \/>\n                        Perte du go\u00fbt (agueusie)\u00a0: dur\u00e9e, Covid, comment soigner\u00a0?<br \/>\n                    <\/a><br \/>\n                <\/h3>\n<\/li>\n<\/ul>\n<\/aside>\n<\/div>\n<table border=\"1\" cellpadding=\"1\" cellspacing=\"1\" style=\"width:100%;\">\n<thead>\n<tr>\n<th scope=\"col\" style=\"text-align: center;\"><a id=\"date-cle-epidemie-covid-france-confinement\" name=\"date-cle-epidemie-covid-france-confinement\"><strong>DATES CL\u00c9S DE L&rsquo;\u00c9PID\u00c9MIE EN FRANCE<\/strong><\/a><\/th>\n<\/tr>\n<\/thead>\n<tbody>\n<tr>\n<td>\n<p><u><strong>2019<\/strong><\/u><\/p>\n<ul>\n<li><strong>31\u00a0d\u00e9cembre 2019,<\/strong> l&rsquo;Organisation mondiale de la Sant\u00e9 en Chine est inform\u00e9e de plusieurs cas de pneumonies dans la ville de Wuhan. 44\u00a0personnes sont infect\u00e9es entre cette date et le 3\u00a0janvier 2020.<\/li>\n<\/ul>\n<p><u><strong>2020<\/strong><\/u><\/p>\n<ul>\n<li><strong>7\u00a0janvier 2020, <\/strong>les autorit\u00e9s chinoises identifient un \u00ab\u00a0nouveau type de coronavirus\u00a0\u00bb.<\/li>\n<li><strong>13\u00a0janvier, <\/strong>un cas import\u00e9 est recens\u00e9 en Tha\u00eflande.<\/li>\n<li><strong>15\u00a0janvier<\/strong>, le virus cause\u00a0la mort d&rsquo;<strong>une premi\u00e8re\u00a0personne \u00e0 Wuhan<\/strong>, un homme de 69\u00a0ans.\u00a0<\/li>\n<li><strong>23\u00a0janvier,<\/strong> trois villes chinoises dont Wuhan sont plac\u00e9es en quarantaine.<\/li>\n<li><strong>25\u00a0janvier, trois personnes\u00a0contamin\u00e9es sont recens\u00e9es en France<\/strong>, deux \u00e0 Paris et une Bordeaux. Ce sont les premiers cas enregistr\u00e9s sur le continent europ\u00e9en.<\/li>\n<li><strong>30\u00a0janvier, <\/strong>l&rsquo;Organisation mondiale de la Sant\u00e9 <strong>d\u00e9cr\u00e8te\u00a0l&rsquo;<a href=\"https:\/\/sante.journaldesfemmes.fr\/fiches-maladies\/2608035-urgence-de-sante-publique-de-portee-internationale-definition-oms-coronavirus\/\" target=\"_blank\" rel=\"noopener noreferrer\">urgence de sant\u00e9 mondiale<\/a><\/strong>.\u00a0Cette mesure n&rsquo;avait \u00e9t\u00e9 d\u00e9cr\u00e9t\u00e9e que 5\u00a0fois depuis sa cr\u00e9ation (pour Ebola (deux fois), la grippe H1N1, Zika et la poliomy\u00e9lite).\u00a0<\/li>\n<li><strong>23\u00a0f\u00e9vrier, <\/strong>la France d\u00e9clenche le <a href=\"https:\/\/sante.journaldesfemmes.fr\/fiches-maladies\/2622449-plan-orsan-reb-definition-signification-qui-declenche-coronavirus-definition-duree\/\" target=\"_blank\" rel=\"noopener noreferrer\">plan ORSAN<\/a>, un dispositif exceptionnel d&rsquo;organisation des soins.<\/li>\n<li><strong>28\u00a0f\u00e9vrier,<\/strong> la France passe en stade 2\u00a0de l&rsquo;\u00e9pid\u00e9mie.<\/li>\n<li><strong>11\u00a0mars, <\/strong>l&rsquo;OMS classifie de <strong>pand\u00e9mie <\/strong>la diffusion de la maladie \u00e0 coronavirus Covid-19\u00a0dans le monde.<\/li>\n<li><strong>12\u00a0mars<\/strong>, le pr\u00e9sident de la R\u00e9publique Emmanuel Macron annonce la fermeture nationale des cr\u00e8ches et \u00e9tablissements scolaires de France \u00e0 compter du 16\u00a0mars et \u00ab\u00a0jusqu&rsquo;\u00e0 nouvel ordre\u00a0\u00bb.<\/li>\n<li><strong>14\u00a0mars<\/strong>, la France passe au <a href=\"https:\/\/sante.journaldesfemmes.fr\/fiches-maladies\/2625289-coronavirus-covid-19-stade-1-2-3-4-duree-mesure-france-signification-quand\/\" target=\"_blank\" rel=\"noopener noreferrer\"><strong>stade 3 <\/strong><\/a>de l&rsquo;\u00e9pid\u00e9mie.<\/li>\n<li><strong>16\u00a0mars\u00a0:\u00a0la France met en place un premier\u00a0confinement interdisant les d\u00e9placements.<\/strong><\/li>\n<li><strong>26\u00a0mars<\/strong>, un premier cas jeune meurt en France, une adolescente de 16\u00a0ans, en Ile-de-France originaire de Morsang-sur-Orge.<\/li>\n<li><strong>27\u00a0mars,<\/strong> le confinement de la population fran\u00e7aise est renouvel\u00e9 jusqu&rsquo;au 15\u00a0avril.<\/li>\n<li><strong>13\u00a0avril,<\/strong> Emmanuel Macron annonce le prolongement du confinement jusqu&rsquo;au 11\u00a0mai.<\/li>\n<li><strong>11\u00a0mai, la France commence son d\u00e9confinement.<\/strong><\/li>\n<li><strong>20\u00a0juillet,<\/strong>\u00a0le <strong>port du masque est rendu obligatoire <\/strong>dans les lieux publics clos en France.<\/li>\n<li><strong>17 octobre,<\/strong>\u00a0un <strong>couvre-feu <\/strong>est instaur\u00e9 dans 9 territoires fran\u00e7ais (Paris-Ile-de-France, Rouen, Grenoble, Lille, Lyon, Aix-Marseille, Montpellier, Saint-Etienne, Toulouse).<\/li>\n<li><strong>29 octobre<\/strong>\u00a0:<strong> un deuxi\u00e8me confinement est instaur\u00e9 en France.<\/strong><\/li>\n<li><strong>28 novembre : <\/strong>r\u00e9ouverture des commerces non essentiels un mois avant les f\u00eates de fin d&rsquo;ann\u00e9e.<\/li>\n<li><strong>15 d\u00e9cembre : d\u00e9confinement <\/strong>avec\u00a0couvre-feu de 20 heures \u00e0 6 heures du matin.<\/li>\n<li><strong>24 d\u00e9cembre<\/strong> <strong>: autorisation du vaccin Pfizer-BioNTech en France.<\/strong><\/li>\n<li><strong>27 d\u00e9cembre :<\/strong> d\u00e9but de la vaccination en France avec le vaccin Pfizer BioNTech.<\/li>\n<\/ul>\n<p><u><strong>2021<\/strong><\/u><\/p>\n<ul>\n<li><strong>8 janvier 2021<\/strong> <strong>:\u00a0autorisation du vaccin Moderna en France.<\/strong><\/li>\n<li><strong>31 janvier\u00a0<\/strong>: fermeture des fronti\u00e8res de la France\u00a0aux pays ext\u00e9rieurs \u00e0 l&rsquo;Union europ\u00e9enne<\/li>\n<li><strong>2 f\u00e9vrier<\/strong>\u00a0<strong>:\u00a0autorisation du vaccin AstraZeneca en France<\/strong>.<\/li>\n<li><strong>11 f\u00e9vrier : <\/strong>d\u00e9ploiement des tests salivaires dans les \u00e9tablissements scolaires.<\/li>\n<li><strong>12 mars :\u00a0autorisation du\u00a0vaccin\u00a0Johnson&amp;Johnson.<\/strong><\/li>\n<li><strong>16 mars <\/strong>: autorisation des autotests en France.<\/li>\n<li><strong>19 mars :<\/strong> confinement de 16 d\u00e9partements pour une dur\u00e9e de 4 semaines. Le couvre-feu repasse \u00e0 19 heures dans toute la France au lieu de 18 heures.<\/li>\n<li><strong>25 mars<\/strong> :\u00a0confinement de 3 nouveaux d\u00e9partements pour une dur\u00e9e de 4\u00a0semaines.<\/li>\n<li><strong>3 avril\u00a0: la France met en place son troisi\u00e8me confinement,<\/strong>\u00a0les \u00e9coles ferment pour trois semaines, les d\u00e9placements sont limit\u00e9s \u00e0 10 km.<\/li>\n<li><strong>12 avril :<\/strong> ouverture de la vaccination\u00a0\u00e0 tous les Fran\u00e7ais \u00e2g\u00e9s de\u00a055\u00a0ans ou plus.<\/li>\n<li><strong>3 mai : premi\u00e8re \u00e9tape du d\u00e9confinement <\/strong>avec la<strong>\u00a0<\/strong>fin de l&rsquo;attestation de d\u00e9placement et de la limitation des d\u00e9placements \u00e0 10 km. Le couvre-feu est en vigueur de 19h \u00e0 6h.<\/li>\n<li><strong>10 mai <\/strong>: ouverture de la vaccination aux plus de 50 ans.<\/li>\n<li><strong>19 mai :<\/strong>\u00a0deuxi\u00e8me \u00e9tape du d\u00e9confinement avec la r\u00e9ouverture des lieux essentiels ferm\u00e9s (terrasses des bars et restaurants, mus\u00e9es, cin\u00e9mas, th\u00e9\u00e2tres, commerces&#8230;) et couvre-feu de 21 h \u00e0 6 h.\u00a0<\/li>\n<li><strong>31 mai :<\/strong> ouverture de la vaccination \u00e0 toutes les personnes majeures, sans aucune condition.\u00a0<\/li>\n<li><strong>9 juin : <\/strong>troisi\u00e8me \u00e9tape du d\u00e9confinement avec la r\u00e9ouverture de plusieurs lieux (piscines, salles de sport, restaurants, bars, parcs d&rsquo;attractions&#8230;), la mise en place d&rsquo;un couvre-feu de 23h \u00e0 6h et du pass sanitaire national.\u00a0<\/li>\n<li><strong>17 juin <\/strong>: fin de l&rsquo;obligation de porter le masque en ext\u00e9rieur.<\/li>\n<li><strong>20 juin :<\/strong> fin du couvre-feu.<\/li>\n<li><strong>30 juin<\/strong> : d\u00e9confinement total de la France, suppression des jauges.<\/li>\n<li><strong>21\u00a0juillet<\/strong>\u00a0: Extension du<em>\u00a0<\/em>pass sanitaire \u00e0 tous les lieux de loisirs et de culture r\u00e9unissant plus de 50\u00a0personnes<\/li>\n<\/ul>\n<\/td>\n<\/tr>\n<\/tbody>\n<\/table>\n<p><em>Cet article est mis \u00e0 jour quotidiennement par <a href=\"https:\/\/www.journaldesfemmes.fr\/account\/ablaize-11409696\" target=\"_blank\" rel=\"noopener noreferrer\">Aur\u00e9lie Blaize<\/a>\u00a0et\u00a0<a href=\"https:\/\/www.journaldesfemmes.fr\/account\/anaisthiebaux-10573564\" target=\"_blank\" rel=\"noopener noreferrer\">Ana\u00efs Thi\u00e9baux<\/a>.<\/em><\/p>\n<\/section>\n<\/div>\n<p><script async src=\"http:\/\/platform.twitter.com\/widgets.js\" charset=\"utf-8\"><\/script><br \/>\n<br \/>[ad_2]<br \/>\n<br \/><a href=\"https:\/\/sante.journaldesfemmes.fr\/fiches-maladies\/2605417-covid-19-france-chiffres-nombre-cas-incidence-mort-carte-mesures-vaccination-masque-variant-delta\/\">Source link <\/a><\/p>\n","protected":false},"excerpt":{"rendered":"<p>[ad_1] CORONAVIRUS DIRECT &#8211; Plus de 10\u00a0000\u00a0cas ont \u00e9t\u00e9 enregistr\u00e9s ces derni\u00e8res 24h, signe de la reprise de l&rsquo;\u00e9pid\u00e9mie de &hellip; <a href=\"http:\/\/www.affinite.fr\/index.php\/2021\/07\/16\/10-908-nouveaux-cas-en-24h-record-de-vaccination\/\" class=\"more-link\">Plus <span class=\"screen-reader-text\">10\u00a0908\u00a0nouveaux cas en 24h, record de vaccination<\/span> <span class=\"meta-nav\">&rarr;<\/span><\/a><\/p>\n","protected":false},"author":1,"featured_media":6668,"comment_status":"open","ping_status":"open","sticky":false,"template":"","format":"standard","meta":{"_sitemap_exclude":false,"_sitemap_priority":"","_sitemap_frequency":"","footnotes":""},"categories":[1],"tags":[],"class_list":["post-6667","post","type-post","status-publish","format-standard","has-post-thumbnail","hentry","category-tous"],"_links":{"self":[{"href":"http:\/\/www.affinite.fr\/index.php\/wp-json\/wp\/v2\/posts\/6667"}],"collection":[{"href":"http:\/\/www.affinite.fr\/index.php\/wp-json\/wp\/v2\/posts"}],"about":[{"href":"http:\/\/www.affinite.fr\/index.php\/wp-json\/wp\/v2\/types\/post"}],"author":[{"embeddable":true,"href":"http:\/\/www.affinite.fr\/index.php\/wp-json\/wp\/v2\/users\/1"}],"replies":[{"embeddable":true,"href":"http:\/\/www.affinite.fr\/index.php\/wp-json\/wp\/v2\/comments?post=6667"}],"version-history":[{"count":0,"href":"http:\/\/www.affinite.fr\/index.php\/wp-json\/wp\/v2\/posts\/6667\/revisions"}],"wp:featuredmedia":[{"embeddable":true,"href":"http:\/\/www.affinite.fr\/index.php\/wp-json\/wp\/v2\/media\/6668"}],"wp:attachment":[{"href":"http:\/\/www.affinite.fr\/index.php\/wp-json\/wp\/v2\/media?parent=6667"}],"wp:term":[{"taxonomy":"category","embeddable":true,"href":"http:\/\/www.affinite.fr\/index.php\/wp-json\/wp\/v2\/categories?post=6667"},{"taxonomy":"post_tag","embeddable":true,"href":"http:\/\/www.affinite.fr\/index.php\/wp-json\/wp\/v2\/tags?post=6667"}],"curies":[{"name":"wp","href":"https:\/\/api.w.org\/{rel}","templated":true}]}}