{"id":6659,"date":"2021-07-13T22:14:34","date_gmt":"2021-07-13T22:14:34","guid":{"rendered":"https:\/\/www.affinite.fr\/index.php\/2021\/07\/13\/record-de-vaccinations-mardi-792-339-injections\/"},"modified":"2021-07-13T22:14:34","modified_gmt":"2021-07-13T22:14:34","slug":"record-de-vaccinations-mardi-792-339-injections","status":"publish","type":"post","link":"http:\/\/www.affinite.fr\/index.php\/2021\/07\/13\/record-de-vaccinations-mardi-792-339-injections\/","title":{"rendered":"record de vaccinations mardi, 792\u00a0339\u00a0injections"},"content":{"rendered":"<p> [ad_1]<br \/>\n<\/p>\n<p>\n                CORONAVIRUS DIRECT &#8211; Emmanuel Macron s&rsquo;est exprim\u00e9 hier et a annonc\u00e9 des mesures fortes comme l&rsquo;obligation vaccinale pour les soignants, l&rsquo;extension du pass sanitaire et la fin des tests PCR dits de confort. Ce mardi, 792\u00a0339\u00a0injections ont \u00e9t\u00e9 effectu\u00e9es, un record de vaccination. Tout savoir les mesures et les derniers chiffres.            <\/p>\n<div>\n<aside class=\"ccmsummary marqueur_module ccmcss_cms_summary ccmcss_cms_summary--right\">\n<p>\u00a0Sommaire<\/p>\n<\/aside>\n<p><strong>[Mis\u00a0\u00e0 jour le mardi 13 juillet 2021 \u00e0 20h42<\/strong><b>]<\/b>\u00a0Au lendemain des annonces d&rsquo;Emmanuel Macron, un\u00a0<strong>record d&rsquo;injections quotidiennes<\/strong> a \u00e9t\u00e9 atteint. Au total, <strong>792\u00a0339\u00a0doses de vaccins anti-covid<\/strong> ont \u00e9t\u00e9 administr\u00e9es ce mardi, a annonc\u00e9 le Premier ministre Jean Castex sur son <a href=\"https:\/\/twitter.com\/JeanCASTEX\/status\/1414992143836487684?ref_src=twsrc%5Etfw%7Ctwcamp%5Etweetembed%7Ctwterm%5E1414992143836487684%7Ctwgr%5E%7Ctwcon%5Es1_&amp;ref_url=https%3A%2F%2Fwww.leparisien.fr%2Fsociete%2Fsante%2Fcovid-19-pass-sanitaire-tests-pcr-vaccin-obligatoire-pour-les-soignants-macron-emploie-la-methode-forte-pour-imposer-la-vaccination-suivez-notre-direct-13-07-2021-52CYYKAHVBFLZARHFXFVUOVDLM.php\" target=\"_blank\" rel=\"noopener noreferrer\">compte Twitter<\/a>. \u00ab\u00a0<em>Notre pays est confront\u00e9 \u00e0 une reprise forte de l&rsquo;\u00e9pid\u00e9mie qui touche tous les territoires<\/em>\u00ab\u00a0, a d\u00e9clar\u00e9 Emmanuel Macron, lundi soir, en pr\u00e9ambule de son allocution. Il a donc appel\u00e9\u00a0tous les Fran\u00e7ais \u00e0 se faire vacciner, sans tarder. Le Chef de l&rsquo;Etat a annonc\u00e9 <strong>l&rsquo;obligation vaccinale pour les soignants avant le 15 septembre<\/strong>. Apr\u00e8s cette date, des contr\u00f4les et des sanctions auront lieu.\u00a0\u00ab\u00a0<em>\u00c0 partir du 15\u00a0septembre, si vous \u00eates soignant et que vous n&rsquo;\u00eates pas vaccin\u00e9, vous ne pourrez plus travailler et vous ne serez plus pay\u00e9<\/em>\u00ab\u00a0<strong>,<\/strong>\u00a0a confirm\u00e9 Olivier V\u00e9ran sur LCI un peu plus tard dans la soir\u00e9e. Il a \u00e9galement annonc\u00e9 <strong>l&rsquo;\u00e9largissement du pass sanitaire \u00e0 d&rsquo;autres lieux et activit\u00e9s<\/strong>. A partir du 21 juillet, il est indispensable pour les lieux de loisirs et de culture (cin\u00e9ma, th\u00e9\u00e2tre, mus\u00e9e&#8230;)\u00a0regroupant plus de 50 personnes. En ao\u00fbt, il sera \u00e9tendu aux restaurants, bars, centres commerciaux, maisons de retraite, h\u00f4pitaux, trains, avions et cars long trajet. <strong>Les tests PCR dits \u00ab\u00a0de confort\u00a0\u00bb seront rendus payants \u00e0 l&rsquo;automne<\/strong>. Ils le sont d\u00e9j\u00e0 pour les touristes \u00e9trangers depuis le 7 juillet. L&rsquo;\u00e9tat d&rsquo;urgence sanitaire est r\u00e9tabli pour la R\u00e9union et la Martinique, en plus d&rsquo;un couvre-feu.<em>\u00a0<\/em>Quels sont les derniers <strong>chiffres de l&rsquo;\u00e9pid\u00e9mie<\/strong>\u00a0?\u00a0<span style=\"font-size: 1rem;\">Que disent les\u00a0<\/span><a data-auth=\"NotApplicable\" href=\"https:\/\/sante.journaldesfemmes.fr\/fiches-maladies\/2667643-carte-covid-19-france-monde-europe-couleur-vaccination-voyage-pays-couleur-zone-liste-rouge\/\" rel=\"noopener noreferrer\" style=\"font-size: 1rem; background-color: rgb(255, 255, 255);\" target=\"_blank\">cartes<\/a><span style=\"font-size: 1rem;\"> de suivi de l&rsquo;\u00e9pid\u00e9mie\u00a0? Quels sont les <\/span><a href=\"https:\/\/sante.journaldesfemmes.fr\/fiches-maladies\/2630075-symptomes-coronavirus-covid-19-mal-gorge-rhume-que-faire-variant-premier-apparition-duree\/\" style=\"font-size: 1rem; background-color: rgb(255, 255, 255);\" target=\"_blank\" rel=\"noopener noreferrer\">sympt\u00f4mes du coronavirus<\/a><span style=\"font-size: 1rem;\"> ? Quand <\/span><a href=\"https:\/\/sante.journaldesfemmes.fr\/fiches-maladies\/2621211-isolement-covid-19-variant-anglais-7-10-jours-cas-contact-duree-declarer-certificat-attestation\/\" style=\"font-size: 1rem; background-color: rgb(255, 255, 255);\" target=\"_blank\" rel=\"noopener noreferrer\">s&rsquo;isoler et combien de temps<\/a><span style=\"font-size: 1rem;\"> ?\u00a0<\/span><a data-auth=\"NotApplicable\" href=\"https:\/\/sante.journaldesfemmes.fr\/fiches-maladies\/2629823-taux-de-reproduction-covid-france-coronavirus-r0-r-effectif-calcul-definition-2021-aujourd-hui-courbe\/\" rel=\"noopener noreferrer\" style=\"font-size: 1rem; background-color: rgb(255, 255, 255);\" target=\"_blank\">Quel est le taux de R0\u00a0du virus<\/a><span style=\"font-size: 1rem;\">\u00a0? Quand est-on <\/span><a href=\"https:\/\/sante.journaldesfemmes.fr\/fiches-maladies\/2679521-contagion-covid-19-combien-de-temps-jours-duree-asymptomatique-symptomes-incubation-contagieux\/\" style=\"font-size: 1rem; background-color: rgb(255, 255, 255);\" target=\"_blank\" rel=\"noopener noreferrer\">contagieux<\/a><span style=\"font-size: 1rem;\"> ? Que sait-on des\u00a0<\/span><a href=\"https:\/\/sante.journaldesfemmes.fr\/fiches-maladies\/2620433-vaccin-coronavirus-covid-19-france-pfizer-dose-moderna-astrazeneca-janssen-obligatoire-guillain-barre\/\" style=\"font-size: 1rem; background-color: rgb(255, 255, 255);\" target=\"_blank\" rel=\"noopener noreferrer\">vaccins<\/a><span style=\"font-size: 1rem;\">\u00a0? Des\u00a0<\/span><a href=\"https:\/\/sante.journaldesfemmes.fr\/fiches-maladies\/2686947-effet-secondaire-vaccin-covid-pfizer-moderna-astrazeneca-janssen-2-injection-duree-france-myocardite\/\" style=\"font-size: 1rem; background-color: rgb(255, 255, 255);\" target=\"_blank\" rel=\"noopener noreferrer\">effets secondaires<\/a><span style=\"font-size: 1rem;\">\u00a0apr\u00e8s la vaccination\u00a0? Chiffres et infos du jour.<\/span><\/p>\n<ul>\n<li><strong>Pr\u00e8s de 800.000 injections en un jour. <\/strong>Le nombre d&rsquo;injections de vaccins anti-covid effectu\u00e9es en une journ\u00e9e a atteint un nouveau record mardi, au lendemain des annonces d&rsquo;Emmanuel Macron.\u00a0Au total, 792 339 doses ont \u00e9t\u00e9 administr\u00e9es, a annonc\u00e9 le Premier ministre Jean Castex sur son <a href=\"https:\/\/twitter.com\/JeanCASTEX\/status\/1414992143836487684?ref_src=twsrc%5Etfw%7Ctwcamp%5Etweetembed%7Ctwterm%5E1414992143836487684%7Ctwgr%5E%7Ctwcon%5Es1_&amp;ref_url=https%3A%2F%2Fwww.leparisien.fr%2Fsociete%2Fsante%2Fcovid-19-pass-sanitaire-tests-pcr-vaccin-obligatoire-pour-les-soignants-macron-emploie-la-methode-forte-pour-imposer-la-vaccination-suivez-notre-direct-13-07-2021-52CYYKAHVBFLZARHFXFVUOVDLM.php\" target=\"_blank\" rel=\"noopener noreferrer\">compte Twitter<\/a>. \u00ab\u00a0<em>Cet \u00e9lan doit encore s&rsquo;amplifier et se poursuivre dans les semaines qui viennent<\/em>\u00ab\u00a0, a encourag\u00e9 le chef du gouvernement.<\/li>\n<li><strong>Pass sanitaire et masque obligatoire pour le d\u00e9fil\u00e9 du 14\u00a0juillet.<\/strong>\u00a0Les personnes qui souhaitent assister\u00a0au d\u00e9fil\u00e9 militaire du 14\u00a0juillet sur les Champs-Elys\u00e9es \u00e0 Paris, devront pr\u00e9senter leur pass sanitaire et porter leur masque, a annonc\u00e9\u00a0la pr\u00e9fecture de police.<\/li>\n<li><strong>Prolongation du r\u00e9gime transitoire d&rsquo;\u00e9tat d&rsquo;urgence.<\/strong>\u00a0Le r\u00e9gime transitoire d&rsquo;\u00e9tat d&rsquo;urgence sanitaire va \u00eatre prolong\u00e9 jusqu&rsquo;au 31\u00a0d\u00e9cembre, annonce Gabriel Attal, porte-parole du gouvernement le mardi 13 juillet. Pendant cette p\u00e9riode, le gouvernement a la main et peut prendre plusieurs mesures comme la mise en place d&rsquo;un couvre-feu, des restrictions d&rsquo;acc\u00e8s \u00e0 certains lieux&#8230;<\/li>\n<li><strong>Souplesse pour les moins de 18 ans.<\/strong>\u00a0Des \u00ab\u00a0<strong>r\u00e8gles de souplesse<\/strong>\u00a0\u00bb s&rsquo;appliqueront dans la mise en \u0153uvre de l&rsquo;obligation de pr\u00e9senter un pass sanitaire pour les enfants et adolescents de 12\u00a0\u00e0 18\u00a0ans, a promis Gabriel Attal mardi. Emmanuel Macron avait indiqu\u00e9 hier que le pass sanitaire \u00e9tait obligatoire pour tous les citoyens \u00e0 partir de 12 ans.\u00a0<\/li>\n<li><strong>Tests de moins de 24h pour certains pays. <\/strong>Cl\u00e9ment Beaune, secr\u00e9taire d&rsquo;Etat charg\u00e9 des Affaires europ\u00e9ennes a annonc\u00e9 sur <a href=\"https:\/\/twitter.com\/CBeaune\/status\/1414728840660885504\" target=\"_blank\" rel=\"noopener noreferrer\">son compte Twitter<\/a>\u00a0que les personnes non vaccin\u00e9es devraient pr\u00e9senter un test n\u00e9gatif de moins de 24 heures au d\u00e9part pour l&rsquo;Espagne et le Portugal, deux pays sous surveillance renforc\u00e9e. Idem pour le Royaume-Uni, en plus de justifier d&rsquo;un motif imp\u00e9rieux pour s&rsquo;y rendre.\u00a0<\/li>\n<li><strong>Vaccination obligatoire pour les soignants. <\/strong>\u00ab\u00a0<em>Dans un premier temps, pour les personnels soignants et non soignants des h\u00f4pitaux, des cliniques, des maisons de retraite, des\u00a0\u00e9tablissements pour personnes en situation de handicap,<\/em>\u00a0<em>pour tous les professionnels ou les b\u00e9n\u00e9voles qui travaillent au contact des personnes \u00e2g\u00e9es ou fragiles, y compris \u00e0 domicile, la vaccination sera rendue obligatoire<\/em>\u00ab\u00a0, a annonc\u00e9 Emmanuel Macron\u00a0lundi soir. Les Fran\u00e7ais concern\u00e9s auront jusqu&rsquo;au 15\u00a0septembre pour se faire vacciner. \u00c0\u00a0partir de cette date, \u00ab\u00a0des contr\u00f4les seront op\u00e9r\u00e9s et des sanctions seront prises\u00a0\u00bb, a pr\u00e9cis\u00e9 le pr\u00e9sident de la R\u00e9publique. Les soignants non vaccin\u00e9s apr\u00e8s le 15 septembre, ne pourront plus travailler et ne seront \u00ab\u00a0plus pay\u00e9s\u00a0\u00bb a pr\u00e9venu Olivier V\u00e9ran sur LCI.\u00a0<\/li>\n<li><strong>La vaccination obligatoire pour tous les Fran\u00e7ais n&rsquo;est pas envisag\u00e9e pour le moment. <\/strong>\u00ab\u00a0<em>Nous serons sans doute oblig\u00e9s de nous poser la question de la vaccination obligatoire pour tous les Fran\u00e7ais\u00a0\u00bb, <\/em>a pr\u00e9venu le chef de l&rsquo;Etat, avant de balayer cette option \u00e0 ce stade\u00a0: \u00ab\u00a0m<em>ais je fais le choix de la confiance<\/em>\u00ab\u00a0.\u00a0<\/li>\n<li><strong>Le pass sanitaire \u00e9tendu \u00e0 de nouveau lieux. \u00ab\u00a0<\/strong><em>D\u00e8s le 21\u00a0juillet, le pass sanitaire est \u00e9largi \u00e0 tous les lieux de loisirs et de culture r\u00e9unissant plus de 50\u00a0personnes\u00a0\u00bb, <\/em>a annonc\u00e9 Emmanuel Macron. \u00c0\u00a0partir du\u00a0d\u00e9but du mois d&rsquo;ao\u00fbt, il s&rsquo;appliquera ensuite dans les caf\u00e9s, dans les restaurants, dans les centres commerciaux, dans les h\u00f4pitaux, dans les maisons de retraite, dans les \u00e9tablissements m\u00e9dico-sociaux. mais aussi dans les avions, trains et cars pour les longs trajets. \u00ab\u00a0<em>Seuls les vaccin\u00e9s et les personnes test\u00e9es n\u00e9gatives pourront acc\u00e9der \u00e0 ces lieux qu&rsquo;ils soient d&rsquo;ailleurs clients usagers ou salari\u00e9s<\/em>\u00ab\u00a0, a-t-il pr\u00e9cis\u00e9. \u00ab\u00a0<em>En fonction de l&rsquo;\u00e9volution de la situation, nous nous poserons la question de l&rsquo;extension du pass sanitaire \u00e0 de nouvelles activit\u00e9s<\/em>\u00ab\u00a0, a enfin indiqu\u00e9 Emmanuel Macron.<\/li>\n<li><strong>\u00c9tat d&rsquo;urgence sanitaire et couvre-feu pour la Martinique et la R\u00e9union. <\/strong>Emmanuel Macron a annonc\u00e9 que l&rsquo;Etat d&rsquo;urgence sanitaire allait \u00eatre d\u00e9cr\u00e9t\u00e9 d\u00e8s mardi en Martinique et sur l&rsquo;\u00eele de la R\u00e9union. Un couvre-feu sera \u00e9galement instaur\u00e9 sur ces territoires ultra-marins.\u00a0Le chef de l&rsquo;Etat a justifi\u00e9 ces mesures, qui seront ent\u00e9rin\u00e9es en Conseil des ministres, par le \u00ab\u00a0niveau de vaccination insuffisant\u00a0\u00bb et par la \u00ab\u00a0forte pression\u00a0\u00bb hospitali\u00e8re.\u00a0Un couvre-feu sera mis en place d\u00e8s mercredi \u00e0 la R\u00e9union et durera au moins trois semaines, a indiqu\u00e9 Jacques Billant,\u00a0le pr\u00e9fet de l&rsquo;\u00eele, pendant une conf\u00e9rence de presse organis\u00e9e mardi. Ce couvre-feu s&rsquo;appliquera de 23h \u00e0 5h du matin.\u00a0<\/li>\n<li><strong>Les tests PCR payants \u00e0 l&rsquo;automne. \u00ab\u00a0<\/strong><em>Cet automne, les fameux tests PCR seront rendus payants sauf prescription m\u00e9dicale<\/em>\u00ab\u00a0, a indiqu\u00e9 Emmanuel Macron. \u00ab\u00a0<em>Et ceci afin d&rsquo;encourager la vaccination plut\u00f4t que la multiplication des tests\u00a0\u00bb, a-t-il justifi\u00e9. <\/em>Le chef de l&rsquo;Etat a indiqu\u00e9 qu&rsquo;il\u00a0convoquerait \u00ab\u00a0<em>le parlement en session extraordinaire \u00e0 partir du 21\u00a0juillet pour l&rsquo;examen d&rsquo;un projet de loi qui d\u00e9clinera ces d\u00e9cisions<\/em>\u00ab\u00a0.\u00a0<\/li>\n<\/ul>\n<p>Les chiffres de l&rsquo;\u00e9pid\u00e9mie de Covid-19 en France sont publi\u00e9s quotidiennement par le site <a href=\"http:\/\/www.gouvernement.fr\/info-coronavirus\/carte-et-donnees\" target=\"_blank\" rel=\"noopener noreferrer\">Carte-et-donn\u00e9es<\/a> du gouvernement et par <a href=\"https:\/\/www.santepubliquefrance.fr\/dossiers\/coronavirus-covid-19\/coronavirus-chiffres-cles-et-evolution-de-la-covid-19-en-france-et-dans-le-monde\" target=\"_blank\" rel=\"noopener noreferrer\">Sant\u00e9 Publique France<\/a>.<\/p>\n<p><a id=\"covid-france-chiffre-du-jour-bilan\" name=\"covid-france-chiffre-du-jour-bilan\" style=\"font-size: 1.125rem; background-color: rgb(255, 255, 255);\" target=\"_blank\" rel=\"noopener noreferrer\">Quels sont les chiffres du jour ?<\/a><\/p>\n<section>\n<table border=\"1\" cellpadding=\"1\" cellspacing=\"1\" style=\"width:100%;\">\n<thead>\n<tr>\n<th scope=\"col\" style=\"width: 205px; text-align: center;\">Nombre de cas de Covid (13 juillet)<\/th>\n<th scope=\"col\" style=\"width: 229px; text-align: center;\">Nombre de morts du Covid (13 juillet)<\/th>\n<th scope=\"col\" style=\"width: 244px; text-align: center;\">Nombre de personnes en soins critiques (12 juillet)<\/th>\n<th scope=\"col\" style=\"width: 119px; text-align: center;\">R0 (3 juillet)<\/th>\n<\/tr>\n<\/thead>\n<tbody>\n<tr>\n<td style=\"width: 205px; text-align: center;\">5 820 849<\/td>\n<td style=\"width: 229px; text-align: center;\">111 436 (+22 en 24h)<\/td>\n<td style=\"width: 244px; text-align: center;\">957<\/td>\n<td style=\"width: 119px; text-align: center;\">1.1 (+71.9% en 7 jours)<\/td>\n<\/tr>\n<\/tbody>\n<\/table>\n<table border=\"1\" cellpadding=\"1\" cellspacing=\"1\" style=\"width:100%;\">\n<thead>\n<tr>\n<th scope=\"col\" style=\"width: 205px; text-align: center;\">Nombre de cas de Covid (13 juillet)<\/th>\n<th scope=\"col\" style=\"width: 229px; text-align: center;\"><a id=\"cas-covid-24-heures\" name=\"cas-covid-24-heures\">Evolution sur 24 heures<\/a><\/th>\n<th scope=\"col\" style=\"width: 244px; text-align: center;\">Nombre moyen de nouveaux cas confirm\u00e9s quotidiens (8 juillet)<\/th>\n<th scope=\"col\" style=\"width: 244px; text-align: center;\">Taux d&rsquo;incidence (8 juillet)<\/th>\n<th scope=\"col\" style=\"width: 197px; text-align: center;\">Evolution du taux d&rsquo;incidence sur 7 jrs<\/th>\n<\/tr>\n<tr>\n<td style=\"width: 205px; text-align: center;\">5\u00a0820 849<\/td>\n<td style=\"width: 229px; text-align: center;\">+ 6 950<\/td>\n<td style=\"width: 244px; text-align: center;\">3250<\/td>\n<td style=\"width: 244px; text-align: center;\">34.7\/100 000 habitants<\/td>\n<td style=\"width: 197px; text-align: center;\"><strong>+60.6%<\/strong><\/td>\n<\/tr>\n<\/thead>\n<\/table>\n<p>Le nombre de d\u00e9clarations de nouvelles hospitalisations et admissions en services de soins critiques diminuait encore en semaine 26 (5-11 juillet) respectivement<strong> -16% et -23% <\/strong>par rapport \u00e0 la semaine 25. N\u00e9anmoins,<strong> l&rsquo;\u00e9volution du taux d&rsquo;hospitalisations doit \u00eatre suivie avec attention ces prochaines semaines <\/strong>en raison de l&rsquo;augmentation du taux d&rsquo;incidence en semaine 26.\u00a0Au 8 juillet, le nombre d&rsquo;hospitalisation est toujours en baisse. Voici les chiffres \u00e0 jour selon\u00a0le <a href=\"https:\/\/www.gouvernement.fr\/info-coronavirus\/carte-et-donnees\" target=\"_blank\" rel=\"noopener noreferrer\">site du\u00a0gouvernement<\/a>\u00a0et\u00a0<a href=\"https:\/\/dashboard.covid19.data.gouv.fr\/vue-d-ensemble?location=FRA\" target=\"_blank\" rel=\"noopener noreferrer\">Data-gouv.fr<\/a>.\u00a0<\/p>\n<table border=\"1\" cellpadding=\"1\" cellspacing=\"1\" style=\"width:100%;\">\n<thead>\n<tr>\n<th scope=\"col\" style=\"width: 205px; text-align: center;\">\u00a0<\/th>\n<th scope=\"col\" style=\"width: 205px; text-align: center;\">Nombre de patients Covid hospitalis\u00e9s\u00a0<\/th>\n<th scope=\"col\" style=\"width: 229px; text-align: center;\">Nombre moyen de nouvelles hospitalisations quotidiennes (11 juillet)<\/th>\n<th scope=\"col\" style=\"width: 244px; text-align: center;\">Nombre de patients Covid en soins critiques<\/th>\n<th scope=\"col\" style=\"width: 244px; text-align: center;\">Nombre moyen de nouvelles entr\u00e9es en soins critiques quotidiennes (11 juillet)\u00a0<\/th>\n<\/tr>\n<tr>\n<td style=\"width: 205px; text-align: center;\"><strong>Au 12 juillet<\/strong><\/td>\n<td style=\"width: 205px; text-align: center;\">7137<\/td>\n<td style=\"width: 229px; text-align: center;\">114 (-1.7% en 7 jours)<\/td>\n<td style=\"width: 244px; text-align: center;\">957<\/td>\n<td style=\"width: 244px; text-align: center;\">23 (-8% en 7 jours)<\/td>\n<\/tr>\n<\/thead>\n<\/table>\n<h3><u>Nombre de personnes actuellement hospitalis\u00e9es par r\u00e9gion au 12\u00a0juillet<\/u><u>\u00a02021 (source : gouvernement.fr)<\/u><\/h3>\n<table align=\"center\" border=\"1\" cellpadding=\"1\" cellspacing=\"1\" style=\"width:100%;\">\n<thead>\n<tr>\n<th scope=\"col\" style=\"width: 260px;\">R\u00e9gion<\/th>\n<th scope=\"col\" style=\"width: 283px;\">Nombre de personnes actuellement hospitalis\u00e9es<\/th>\n<th scope=\"col\" style=\"width: 220px;\">Evolution en 7 jours<\/th>\n<\/tr>\n<\/thead>\n<tbody>\n<tr>\n<td style=\"width: 260px;\"><strong>Auvergne-Rh\u00f4ne-Alpes<\/strong><\/td>\n<td style=\"width: 283px;\">629<\/td>\n<td style=\"width: 220px;\">-15.9%<\/td>\n<\/tr>\n<tr>\n<td style=\"width: 260px;\"><strong>Hauts-de-France<\/strong><\/td>\n<td style=\"width: 283px;\">1 090<\/td>\n<td style=\"width: 220px;\">-6.3%<\/td>\n<\/tr>\n<tr>\n<td style=\"width: 260px;\"><strong>Provence-Alpes-C\u00f4te d&rsquo;Azur<\/strong><\/td>\n<td style=\"width: 283px;\">680<\/td>\n<td style=\"width: 220px;\">-13.8%<\/td>\n<\/tr>\n<tr>\n<td style=\"width: 260px;\"><strong>Grand Est<\/strong><\/td>\n<td style=\"width: 283px;\">469<\/td>\n<td style=\"width: 220px;\">-10%<\/td>\n<\/tr>\n<tr>\n<td style=\"width: 260px;\"><strong>Occitanie<\/strong><\/td>\n<td style=\"width: 283px;\">447<\/td>\n<td style=\"width: 220px;\">-0.9%<\/td>\n<\/tr>\n<tr>\n<td style=\"width: 260px;\"><strong><a href=\"http:\/\/www.affinite.fr\/index.php\/2024\/11\/21\/construire-votre-maison-en-normandie\/\">Normandie<\/a><\/strong><\/td>\n<td style=\"width: 283px;\">467<\/td>\n<td style=\"width: 220px;\">-1.5%<\/td>\n<\/tr>\n<tr>\n<td style=\"width: 260px;\"><strong>Nouvelle-Aquitaine<\/strong><\/td>\n<td style=\"width: 283px;\">387<\/td>\n<td style=\"width: 220px;\">-8.7%<\/td>\n<\/tr>\n<tr>\n<td style=\"width: 260px;\"><strong>Centre-Val de Loire<\/strong><\/td>\n<td style=\"width: 283px;\">223<\/td>\n<td style=\"width: 220px;\">-14.9%<\/td>\n<\/tr>\n<tr>\n<td style=\"width: 260px;\"><strong>Bourgogne-Franche-Comt\u00e9<\/strong><\/td>\n<td style=\"width: 283px;\">296<\/td>\n<td style=\"width: 220px;\">-11.9%\u00a0<\/td>\n<\/tr>\n<tr>\n<td style=\"width: 260px;\"><strong>Bretagne<\/strong><\/td>\n<td style=\"width: 283px;\">290<\/td>\n<td style=\"width: 220px;\">-6.5%<\/td>\n<\/tr>\n<tr>\n<td style=\"width: 260px;\"><strong>Corse<\/strong><\/td>\n<td style=\"width: 283px;\">29<\/td>\n<td style=\"width: 220px;\"><strong>+16%<\/strong><\/td>\n<\/tr>\n<tr>\n<td style=\"width: 260px;\"><strong>Pays de la Loire<\/strong><\/td>\n<td style=\"width: 283px;\">135<\/td>\n<td style=\"width: 220px;\">-11.8%<\/td>\n<\/tr>\n<tr>\n<td style=\"width: 260px;\"><strong>\u00cele-de-France<\/strong><\/td>\n<td style=\"width: 283px;\">1 611<\/td>\n<td style=\"width: 220px;\">-8.6%<\/td>\n<\/tr>\n<tr>\n<td style=\"width: 260px;\"><strong>Guadeloupe<\/strong><\/td>\n<td style=\"width: 283px;\">103<\/td>\n<td style=\"width: 220px;\">-1<strong>%\u00a0<\/strong><\/td>\n<\/tr>\n<tr>\n<td style=\"width: 260px;\"><strong>Martinique<\/strong><\/td>\n<td style=\"width: 283px;\">35<\/td>\n<td style=\"width: 220px;\"><strong>+45.8%<\/strong><\/td>\n<\/tr>\n<tr>\n<td style=\"width: 260px;\"><strong>Guyane<\/strong><\/td>\n<td style=\"width: 283px;\">93<\/td>\n<td style=\"width: 220px;\">-15.4%<\/td>\n<\/tr>\n<tr>\n<td style=\"width: 260px;\"><strong>La R\u00e9union<\/strong><\/td>\n<td style=\"width: 283px;\">153<\/td>\n<td style=\"width: 220px;\">-2.5%<\/td>\n<\/tr>\n<tr>\n<td style=\"width: 260px;\"><strong>Mayotte<\/strong><\/td>\n<td style=\"width: 283px;\">0<\/td>\n<td style=\"width: 220px;\">NC<\/td>\n<\/tr>\n<\/tbody>\n<\/table>\n<\/section>\n<p>La mortalit\u00e9 li\u00e9e \u00e0 la COVID-19 a faibli. <strong>111 436\u00a0d\u00e9c\u00e8s sont recens\u00e9s au 13<\/strong>\u00a0<strong>juillet\u00a0<\/strong>dont 84 931\u00a0\u00e0 l&rsquo;h\u00f4pital\u00a0(+22\u00a0au cours des 24\u00a0derni\u00e8res heures), selon les chiffres de <a href=\"https:\/\/www.santepubliquefrance.fr\/dossiers\/coronavirus-covid-19\/coronavirus-chiffres-cles-et-evolution-de-la-covid-19-en-france-et-dans-le-monde\" target=\"_blank\" rel=\"noopener noreferrer\">Sant\u00e9 Publique France<\/a>. Ce chiffre ne comprend pas les d\u00e9c\u00e8s \u00e0 domicile.\u00a0<\/p>\n<p>\u25baLes d\u00e9c\u00e8s de patients COVID-19\u00a0hospitalis\u00e9s \u00e9taient toujours en diminution en semaine 26<strong>\u00a0(-24%) <\/strong>et ceux survenus dans les \u00e9tablissements sociaux et m\u00e9dico-sociaux (ESMS) restaient \u00e0 un niveau tr\u00e8s faible.<\/p>\n<div style=\"text-align:center\">\n<figure class=\"image\" style=\"display:inline-block\"><a class=\"fancy\" href=\"https:\/\/img-3.journaldesfemmes.fr\/dPZmWk0j55r5_E2zNbWH7GSirZQ=\/1080x\/smart\/6e12c83ab34544888baee5e0a846c84a\/ccmcms-jdf\/26138739.jpg\"><img decoding=\"async\" alt=\"courbe-covid-deces-morts-france\" src=\"https:\/\/img-3.journaldesfemmes.fr\/dPZmWk0j55r5_E2zNbWH7GSirZQ=\/1080x\/smart\/6e12c83ab34544888baee5e0a846c84a\/ccmcms-jdf\/26138739.jpg\"\/><\/a><figcaption data-credit=\"Sant\u00e9 Publique France\"><small>\u00a9\u00a0Sant\u00e9 Publique France<\/small><\/figcaption><\/figure>\n<\/div>\n<p>En semaine 26 (28 juin-4 juillet), Sant\u00e9 Publique France indique une <strong>d\u00e9gradation de la situation <\/strong>apr\u00e8s plusieurs semaines d&rsquo;am\u00e9lioration des indicateurs \u00e9pid\u00e9miologiques, avec une <strong>augmentation de la circulation du SARS-CoV-2\u00a0chez les moins de 65\u00a0ans<\/strong> et une<strong> forte progression de la d\u00e9tection du variant Delta<\/strong>.<\/p>\n<div style=\"text-align:center\">\n<figure class=\"image\" style=\"display:inline-block\"><a class=\"fancy\" href=\"https:\/\/img-3.journaldesfemmes.fr\/5BROwXkEgNdbylkKXgV7mEk4w2M=\/1080x\/smart\/97303e87713c4c20a0f2d2f1dae8b8d7\/ccmcms-jdf\/26138844.jpg\"><img decoding=\"async\" alt=\"courbe-covid-nombre-de-cas-france\" src=\"https:\/\/img-3.journaldesfemmes.fr\/5BROwXkEgNdbylkKXgV7mEk4w2M=\/1080x\/smart\/97303e87713c4c20a0f2d2f1dae8b8d7\/ccmcms-jdf\/26138844.jpg\"\/><\/a><figcaption data-credit=\"Sant\u00e9 Publique France\"><small>\u00a9\u00a0Sant\u00e9 Publique France<\/small><\/figcaption><\/figure>\n<\/div>\n<p><strong>Pour rappel, la France a connu trois \u00ab\u00a0vagues\u00a0\u00bb \u00e9pid\u00e9miques depuis janvier 2020 :\u00a0<\/strong><\/p>\n<p>\u2192 Une premi\u00e8re vague marqu\u00e9e par un\u00a0<strong>pic \u00e9pid\u00e9mique<\/strong>\u00a0au cours de la\u00a0<strong>semaine du 6\u00a0au 12\u00a0avril 2020<\/strong>, soit 15\u00a0jours\u00a0apr\u00e8s la mise en \u0153uvre du premier\u00a0confinement de la population (le 17\u00a0mars 2020).<\/p>\n<p>\u2192 Une deuxi\u00e8me vague marqu\u00e9e par un\u00a0<strong>pic au cours de la semaine du<\/strong>\u00a0<strong>16\u00a0au 20\u00a0novembre 2020,\u00a0<\/strong>trois semaines apr\u00e8s le deuxi\u00e8me confinement (29 octobre 2020).<\/p>\n<p>\u2192 Une troisi\u00e8me vague dont le <strong>pic \u00e9pid\u00e9mique a \u00e9t\u00e9 estim\u00e9 \u00e0 la mi-avril 2021.<\/strong>\u00a0<\/p>\n<p>Les r\u00e9sultats pr\u00e9liminaires de l&rsquo;enqu\u00eate Flash #12\u00a0du 22\u00a0juin 2021\u00a0montrent que la<strong> part du variant pr\u00e9occupant Alpha \u00e9tait en nette diminution.<\/strong> En revanche, l&rsquo;<strong>augmentation de la part du variant Delta <\/strong>\u00e9tait marqu\u00e9e (de 8,5% \u00e0 30,5% en deux semaines). Le variant Delta circule sur la majeure partie du territoire avec des transmissions communautaires rapport\u00e9es dans de nombreux d\u00e9partements. La diffusion croissante de ce variant est suivie avec la plus grande attention, compte tenu de sa<strong> transmissibilit\u00e9 accrue<\/strong> par rapport aux souches virales de r\u00e9f\u00e9rence et au VOC Alpha, d&rsquo;une possible augmentation de la s\u00e9v\u00e9rit\u00e9 de l&rsquo;infection et de donn\u00e9es pr\u00e9liminaires en faveur d&rsquo;une moindre efficacit\u00e9 vaccinale lors d&rsquo;un sch\u00e9ma vaccinal incomplet.\u00a0En semaine 26, les<strong> mutations E484K et E484Q ont \u00e9t\u00e9 d\u00e9tect\u00e9es dans respectivement 19,1% et 0,8%<\/strong> des pr\u00e9l\u00e8vements positifs cribl\u00e9s recherchant ces mutations. La d\u00e9tection de la <strong>mutation L452R<\/strong> (port\u00e9e principalement par le variant Delta) augmentait fortement\u00a0: elle \u00e9tait retrouv\u00e9e dans <strong>43% des pr\u00e9l\u00e8vements<\/strong> positifs cribl\u00e9s (21% en S25).<\/p>\n<p>Il n&rsquo;y a plus de<strong> couvre-feu <\/strong>en France depuis le 20 juin. Le <strong>port du masque en ext\u00e9rieur <\/strong>n&rsquo;est aussi plus obligatoire au niveau national depuis cette date mais des villes ont recommenc\u00e9 \u00e0 l&rsquo;imposer d\u00e9but juillet \u00e0 cause de la diffusion du variant indien (Lille, Saint-Malo, Touquet&#8230;). La<strong> r\u00e9ouverture des discoth\u00e8ques est pr\u00e9vue le 9 juillet<\/strong> avec un protocole tr\u00e8s strict. Il n&rsquo;y a plus de jauge impos\u00e9e dans les restaurants, bars et salles de sport.\u00a0<\/p>\n<p>La vaccination contre la Covid-19\u00a0se poursuit en France avec les vaccins Pfizer-BioNTech,\u00a0Moderna,\u00a0AstraZeneca et Janssen (chez les m\u00e9decins g\u00e9n\u00e9ralistes,\u00a0au travail et en pharmacie). Selon les <a href=\"https:\/\/solidarites-sante.gouv.fr\/actualites\/presse\/communiques-de-presse\/article\/vaccination-contre-la-covid-19-en-france-au-8-juillet-2021-plus-de-59-000-000\" target=\"_blank\" rel=\"noopener noreferrer\">chiffres du minist\u00e8re de la Sant\u00e9<\/a>, au 9\u00a0juillet, 35\u00a0556\u00a0011\u00a0personnes ont re\u00e7u au moins une injection (soit 52,4% de la population totale) et 26\u00a0302\u00a0376\u00a0personnes ont d\u00e9sormais un <strong>sch\u00e9ma vaccinal complet<\/strong> (soit<strong> 39% de la population totale<\/strong>). Les \u00e9pid\u00e9miologistes recommandent un taux de vaccination de 90% de la population pour atteindre l&rsquo;immunit\u00e9 collective. La prise de<strong> rendez-vous<\/strong> est possible sur les sites Internet <strong>Doctolib, Maiia et KelDoc<\/strong> et peut aussi se faire en contactant par t\u00e9l\u00e9phone le <strong>centre de vaccination<\/strong> le plus proche de chez soi (liste disponible sur\u00a0<a href=\"https:\/\/www.sante.fr\/centres-vaccination-covid.html\" target=\"_blank\" rel=\"noopener noreferrer\">Sante.fr<\/a>).\u00a0En cas de difficult\u00e9, le num\u00e9ro vert national\u00a0:<strong> 0\u00a0800\u00a0009\u00a0110<\/strong>,\u00a0permet d&rsquo;\u00eatre redirig\u00e9 vers le standard t\u00e9l\u00e9phonique d&rsquo;un centre ou d&rsquo;obtenir un accompagnement \u00e0 la prise de rendez-vous.<\/p>\n<div style=\"text-align:center\">\n<figure class=\"image\" style=\"display:inline-block\"><a class=\"fancy\" href=\"https:\/\/img-3.journaldesfemmes.fr\/3OtQncVpI1oRk_YFzssA_fLgD_0=\/1080x\/smart\/91318aa267134f2f8db89c00f65a6b53\/ccmcms-jdf\/26174935.png\"><img decoding=\"async\" alt=\"Nombre de personnes vaccin\u00e9es en France au 8 juillet 2021\" src=\"https:\/\/img-3.journaldesfemmes.fr\/iftVgNsXMT0Ib9EJlncjVW-G7cs=\/600x\/smart\/91318aa267134f2f8db89c00f65a6b53\/ccmcms-jdf\/26174935.png\"\/><\/a><figcaption data-credit=\"Gouvernement.fr\" data-legend=\"Nombre de personnes vaccin\u00e9es en France au 8 juillet 2021\">Nombre de personnes vaccin\u00e9es en France au 8 juillet 2021 <small>\u00a9\u00a0Gouvernement.fr<\/small><\/figcaption><\/figure>\n<\/div>\n<aside id=\"NL_252479902\" class=\"newsletter_subscription jNlBlock\"><noscript><br \/>\n            <\/noscript><\/p>\n<h3 class=\"newsletter_subscription-title\">Newsletter <\/h3>\n<p><a href=\"\/\/mailing.ccmbg.com\/archive\/last-85\" target=\"_blank\" class=\"a_hover\" rel=\"noopener noreferrer\">Voir un exemple<\/a><\/p>\n<\/aside>\n<p>Les<strong> Europ\u00e9ens vaccin\u00e9s<\/strong> contre le Covid-19\u00a0peuvent entrer en France sans test PCR<strong> depuis le 9\u00a0juin. <\/strong>Une\u00a0preuve de test n\u00e9gatif (PCR ou antig\u00e9nique) sera toujours exig\u00e9e pour les voyageurs en provenance du Royaume-Uni et des Etats-Unis. A partir du 9\u00a0juin \u00e9galement, les flux de voyageurs entre la France et les <strong>pays \u00e9trangers <\/strong>seront rouverts selon des modalit\u00e9s de chaque\u00a0pays\u00a0et de la vaccination. Le pass sanitaire europ\u00e9en est entr\u00e9 en vigueur le 1er juillet pour pouvoir <a href=\"http:\/\/www.affinite.fr\/index.php\/2023\/07\/29\/changer-de-vie-voyager-complement-de-retraite-devenez-vendeur-de-glace-a-litalienne\/\">voyager<\/a> en Europe.<\/p>\n<section>\n<p>Le d\u00e9pistage du Covid-19 est r\u00e9alis\u00e9 en France par <strong>RT-PCT<\/strong> et par tests <strong>antig\u00e9niques (sans avance de frais et 100% pris en charge par la S\u00e9curit\u00e9 sociale)<\/strong>. Depuis le 11 f\u00e9vrier 2021, les <strong>tests salivaires<\/strong> sont d\u00e9ploy\u00e9s dans les\u00a0\u00e9tablissements scolaires et peuvent \u00eatre utilis\u00e9s en premi\u00e8re intention pour d\u00e9pister la Covid-19, conform\u00e9ment aux recommandations de la <a href=\"https:\/\/www.has-sante.fr\/maintenance\/index.html\" target=\"_blank\" rel=\"noopener noreferrer\">HAS<\/a>. Depuis le 12 avril, des <strong>autotests <\/strong>Covid sont aussi disponibles en vente libre dans les pharmacies fran\u00e7aises (non rembours\u00e9) et peuvent \u00eatre utilis\u00e9s dans les \u00e9coles. Enfin, des <strong>tests s\u00e9rologiques <\/strong>peuvent \u00eatre r\u00e9alis\u00e9s en laboratoires (moins en pharmacie) pour avoir connaissance d&rsquo;une infection pass\u00e9e au Covid (ils ne sont pas rembours\u00e9s par la S\u00e9curit\u00e9 sociale).\u00a0<em>\u00ab\u00a0Il reste d\u00e9terminant que chaque personne pr\u00e9sentant des sympt\u00f4mes \u00e9vocateurs de COVID-19\u00a0s&rsquo;isole imm\u00e9diatement et r\u00e9alise un test diagnostique dans les plus brefs d\u00e9lais\u00a0\u00bb<\/em> rappelle Sant\u00e9 Publique France dans ses bulletins hebdomadaires.<\/p>\n<div class=\"ccminsert\">\n<aside class=\"app_widget_fo app_widget_fo--call\">\n<ul>\n<li>\n                <a href=\"https:\/\/sante.journaldesfemmes.fr\/fiches-maladies\/2623965-test-covid-pcr-salivaire-antigenique-pharmacie-sans-rdv-delai-resultats-serologique-payant-trod\/\" class=\"jGTMWidgetGAEventClick\" data-gtmwidgetgaeventaction=\"clickWidgetCall\" data-gtmwidgetgaeventlabel=\"Test Covid-19\u00a0: PCR payant, d\u00e9lai de r\u00e9sultat, rapide, antig\u00e9nique, salivaire...\"><\/p>\n<figure><picture><source media=\"(max-width: 480px)\" srcset=\"https:\/\/img-3.journaldesfemmes.fr\/F_aDL7vErHcLxWAmx-CULuZKhv4=\/160x105\/smart\/f28351d46bec4409becfdf210237516d\/ccmcms-jdf\/25936534.jpg\" width=\"160\" height=\"105\"><img decoding=\"async\" src=\"https:\/\/img-3.journaldesfemmes.fr\/mozSlFvoQZK42R9whuoClSrjtTA=\/200x132\/smart\/f28351d46bec4409becfdf210237516d\/ccmcms-jdf\/25936534.jpg\" alt=\"\" width=\"200\" height=\"132\" loading=\"lazy\"\/><\/source><\/picture><figcaption>\n<h3>Test Covid-19\u00a0: PCR payant, d\u00e9lai de r\u00e9sultat, rapide, antig\u00e9nique, salivaire&#8230;<\/h3>\n<p>PCR, antig\u00e9nique, salivaire, autotest&#8230; Plusieurs tests de d\u00e9pistage de la Covid-19\u00a0sont disponibles en France. Le plus fiable est le test PCR nasal. Il sera payant \u00e0 partir de cet automne a annonc\u00e9 Emmanuel Macron. Prix, test pour savoir si on a eu le Covid, en pharmacie, au laboratoire, d\u00e9lai de r\u00e9sultats&#8230; Guide.<\/p>\n<\/figcaption><\/figure>\n<p><\/a>\n            <\/li>\n<\/ul>\n<\/aside>\n<\/div>\n<p>Si au d\u00e9but, on ne parlait que de <strong>fi\u00e8vre<\/strong>, toux s\u00e8che, rhume, \u00e9tat grippal et de fatigue, les sympt\u00f4mes de l&rsquo;infection par le coronavirus ont \u00e9volu\u00e9. On sait d\u00e9sormais que le virus peut avoir des <strong>effets sur la peau<\/strong> (urticaire, l\u00e9sions inflammatoires sur les orteils), la sph\u00e8re digestive (vomissements, diarrh\u00e9es&#8230;), <strong>l&rsquo;odorat<\/strong>, le <strong>go\u00fbt <\/strong>et m\u00eame le cerveau.<em> <\/em><\/p>\n<p>\u2192<strong> Chaque personne pr\u00e9sentant des sympt\u00f4mes \u00e9vocateurs de COVID-19 doit s&rsquo;isoler imm\u00e9diatement et r\u00e9aliser un test diagnostique<\/strong> dans les plus brefs d\u00e9lais (sans avoir d&rsquo;ordonnance).<\/p>\n<p>\u2192<strong> <\/strong><strong>Appeler le\u00a015\u00a0en cas de\u00a0difficult\u00e9s respiratoires\u00a0: \u00ab\u00a0<\/strong><em>Si la toux et la\u00a0fi\u00e8vre s&rsquo;accompagnent d&rsquo;une g\u00eane respiratoire qui devient permanente avec souffle court, difficult\u00e9 \u00e0 inspirer et \u00e0 expirer, d&rsquo;une aggravation importante de la toux, cela peut signifier une \u00e9volution de la maladie sous la forme d&rsquo;une pneumopathie. Il s&rsquo;agit alors d&rsquo;une urgence respiratoire potentielle et comme dans tous les cas d&rsquo;urgence, il faut alors appeler le 15\u00a0qui prendra les meilleures dispositions pour r\u00e9pondre \u00e0 la situation\u00a0\u00bb, <\/em>pr\u00e9vient le Dr\u00a0Patrick Aub\u00e9, m\u00e9decin g\u00e9n\u00e9raliste. \u00a0<\/p>\n<div class=\"ccminsert\">\n<aside class=\"app_widget_fo app_widget_fo--list app_widget_fo--list-2-col\">\n<ul>\n<li>\n<h3>\n                    <a href=\"https:\/\/sante.journaldesfemmes.fr\/fiches-maladies\/2696267-covid-long-c-est-quoi-symptomes-contagieux-fatigue-prise-en-charge-france-traitement-vaccination\/\" class=\"jGTMWidgetGAEventClick\" data-gtmwidgetgaeventaction=\"clickWidgetListOnTwoColumns\" data-gtmwidgetgaeventlabel=\"Covid long\u00a0: sympt\u00f4mes, vaccination, contagieux ou pas\u00a0?\"><br \/>\n                        Covid long\u00a0: sympt\u00f4mes, vaccination, contagieux ou pas\u00a0?<br \/>\n                    <\/a><br \/>\n                <\/h3>\n<\/li>\n<li>\n<h3>\n                    <a href=\"https:\/\/sante.journaldesfemmes.fr\/fiches-sante-du-quotidien\/2627657-perte-odorat-anosmie-symptome-covid-19-duree-definition-cause-traitement-reeducation\/\" class=\"jGTMWidgetGAEventClick\" data-gtmwidgetgaeventaction=\"clickWidgetListOnTwoColumns\" data-gtmwidgetgaeventlabel=\"Perte de l'odorat\u00a0(anosmie)\u00a0: sympt\u00f4mes du Covid, dur\u00e9e, r\u00e9\u00e9ducation\"><br \/>\n                        Perte de l&rsquo;odorat\u00a0(anosmie)\u00a0: sympt\u00f4mes du Covid, dur\u00e9e, r\u00e9\u00e9ducation<br \/>\n                    <\/a><br \/>\n                <\/h3>\n<\/li>\n<li>\n<h3>\n                    <a href=\"https:\/\/sante.journaldesfemmes.fr\/fiches-maladies\/2625903-porteur-sain-covid-19-coronavirus-asymptomatique-definition-duree-isolement-anticorps-isolement-test\/\" class=\"jGTMWidgetGAEventClick\" data-gtmwidgetgaeventaction=\"clickWidgetListOnTwoColumns\" data-gtmwidgetgaeventlabel=\"Porteur sain Covid\u00a0(asymptomatique)\u00a0: d\u00e9finition, test, isolement\"><br \/>\n                        Porteur sain Covid\u00a0(asymptomatique)\u00a0: d\u00e9finition, test, isolement<br \/>\n                    <\/a><br \/>\n                <\/h3>\n<\/li>\n<li>\n<h3>\n                    <a href=\"https:\/\/sante.journaldesfemmes.fr\/fiches-maladies\/2665621-angine-ou-covid-19-symptomes-signes-fievre-mal-gorge-test-difference-contagion\/\" class=\"jGTMWidgetGAEventClick\" data-gtmwidgetgaeventaction=\"clickWidgetListOnTwoColumns\" data-gtmwidgetgaeventlabel=\"Angine ou Covid-19\u00a0: sympt\u00f4mes, diff\u00e9rences, test, contagion\"><br \/>\n                        Angine ou Covid-19\u00a0: sympt\u00f4mes, diff\u00e9rences, test, contagion<br \/>\n                    <\/a><br \/>\n                <\/h3>\n<\/li>\n<li>\n<h3>\n                    <a href=\"https:\/\/sante.journaldesfemmes.fr\/fiches-maladies\/2701631-probleme-maladie-foie-covid-atteinte-cancer-complication-sequelles-symptomes-risque-vaccination\/\" class=\"jGTMWidgetGAEventClick\" data-gtmwidgetgaeventaction=\"clickWidgetListOnTwoColumns\" data-gtmwidgetgaeventlabel=\"Probl\u00e8me au foie et Covid\u00a0: risques, s\u00e9quelles, vaccination\"><br \/>\n                        Probl\u00e8me au foie et Covid\u00a0: risques, s\u00e9quelles, vaccination<br \/>\n                    <\/a><br \/>\n                <\/h3>\n<\/li>\n<li>\n<h3>\n                    <a href=\"https:\/\/sante.journaldesfemmes.fr\/fiches-maladies\/2701633-fievre-covid-duree-obligatoire-que-faire-que-prendre-combien-temperature\/\" class=\"jGTMWidgetGAEventClick\" data-gtmwidgetgaeventaction=\"clickWidgetListOnTwoColumns\" data-gtmwidgetgaeventlabel=\"Fi\u00e8vre et Covid\u00a0: dur\u00e9e, temp\u00e9rature, est-ce obligatoire\u00a0?\"><br \/>\n                        Fi\u00e8vre et Covid\u00a0: dur\u00e9e, temp\u00e9rature, est-ce obligatoire\u00a0?<br \/>\n                    <\/a><br \/>\n                <\/h3>\n<\/li>\n<li>\n<h3>\n                    <a href=\"https:\/\/sante.journaldesfemmes.fr\/fiches-maladies\/2661241-rhume-ou-covid-19-symptomes-tableau-differences-ecole-que-faire-comment-savoir-travail\/\" class=\"jGTMWidgetGAEventClick\" data-gtmwidgetgaeventaction=\"clickWidgetListOnTwoColumns\" data-gtmwidgetgaeventlabel=\"Rhume ou Covid-19\u00a0: sympt\u00f4mes, tableau, \u00e9cole, que faire\u00a0?\"><br \/>\n                        Rhume ou Covid-19\u00a0: sympt\u00f4mes, tableau, \u00e9cole, que faire\u00a0?<br \/>\n                    <\/a><br \/>\n                <\/h3>\n<\/li>\n<li>\n<h3>\n                    <a href=\"https:\/\/sante.journaldesfemmes.fr\/fiches-maladies\/2626825-covid-ou-allergie-pollen-coronavirus-asthme-symptomes-toux-yeux-traitement\/\" class=\"jGTMWidgetGAEventClick\" data-gtmwidgetgaeventaction=\"clickWidgetListOnTwoColumns\" data-gtmwidgetgaeventlabel=\"Covid ou allergie au pollen\u00a0: sympt\u00f4mes, diff\u00e9rences, traitements\"><br \/>\n                        Covid ou allergie au pollen\u00a0: sympt\u00f4mes, diff\u00e9rences, traitements<br \/>\n                    <\/a><br \/>\n                <\/h3>\n<\/li>\n<li>\n<h3>\n                    <a href=\"https:\/\/sante.journaldesfemmes.fr\/fiches-maladies\/2676955-covid-19-ou-gastro-enterite-difference-symptomes-fievre-diarrhee-que-faire-complications\/\" class=\"jGTMWidgetGAEventClick\" data-gtmwidgetgaeventaction=\"clickWidgetListOnTwoColumns\" data-gtmwidgetgaeventlabel=\"Covid\u00a0ou gastro-ent\u00e9rite\u00a0: sympt\u00f4mes, quelles diff\u00e9rences\u00a0?\"><br \/>\n                        Covid\u00a0ou gastro-ent\u00e9rite\u00a0: sympt\u00f4mes, quelles diff\u00e9rences\u00a0?<br \/>\n                    <\/a><br \/>\n                <\/h3>\n<\/li>\n<li>\n<h3>\n                    <a href=\"https:\/\/sante.journaldesfemmes.fr\/fiches-sante-du-quotidien\/2627543-perte-gout-agueusie-covid-19-def-duree-cause-partielle-traitement-soigner\/\" class=\"jGTMWidgetGAEventClick\" data-gtmwidgetgaeventaction=\"clickWidgetListOnTwoColumns\" data-gtmwidgetgaeventlabel=\"Perte du go\u00fbt (agueusie)\u00a0: dur\u00e9e, Covid, comment soigner\u00a0?\"><br \/>\n                        Perte du go\u00fbt (agueusie)\u00a0: dur\u00e9e, Covid, comment soigner\u00a0?<br \/>\n                    <\/a><br \/>\n                <\/h3>\n<\/li>\n<\/ul>\n<\/aside>\n<\/div>\n<table border=\"1\" cellpadding=\"1\" cellspacing=\"1\" style=\"width:100%;\">\n<thead>\n<tr>\n<th scope=\"col\" style=\"text-align: center;\"><a id=\"date-cle-epidemie-covid-france-confinement\" name=\"date-cle-epidemie-covid-france-confinement\"><strong>DATES CL\u00c9S DE L&rsquo;\u00c9PID\u00c9MIE EN FRANCE<\/strong><\/a><\/th>\n<\/tr>\n<\/thead>\n<tbody>\n<tr>\n<td>\n<p><u><strong>2019<\/strong><\/u><\/p>\n<ul>\n<li><strong>31\u00a0d\u00e9cembre 2019,<\/strong> l&rsquo;Organisation mondiale de la Sant\u00e9 en Chine est inform\u00e9e de plusieurs cas de pneumonies dans la ville de Wuhan. 44\u00a0personnes sont infect\u00e9es entre cette date et le 3\u00a0janvier 2020.<\/li>\n<\/ul>\n<p><u><strong>2020<\/strong><\/u><\/p>\n<ul>\n<li><strong>7\u00a0janvier 2020, <\/strong>les autorit\u00e9s chinoises identifient un \u00ab\u00a0nouveau type de coronavirus\u00a0\u00bb.<\/li>\n<li><strong>13\u00a0janvier, <\/strong>un cas import\u00e9 est recens\u00e9 en Tha\u00eflande.<\/li>\n<li><strong>15\u00a0janvier<\/strong>, le virus cause\u00a0la mort d&rsquo;<strong>une premi\u00e8re\u00a0personne \u00e0 Wuhan<\/strong>, un homme de 69\u00a0ans.\u00a0<\/li>\n<li><strong>23\u00a0janvier,<\/strong> trois villes chinoises dont Wuhan sont plac\u00e9es en quarantaine.<\/li>\n<li><strong>25\u00a0janvier, trois personnes\u00a0contamin\u00e9es sont recens\u00e9es en France<\/strong>, deux \u00e0 Paris et une Bordeaux. Ce sont les premiers cas enregistr\u00e9s sur le continent europ\u00e9en.<\/li>\n<li><strong>30\u00a0janvier, <\/strong>l&rsquo;Organisation mondiale de la Sant\u00e9 <strong>d\u00e9cr\u00e8te\u00a0l&rsquo;<a href=\"https:\/\/sante.journaldesfemmes.fr\/fiches-maladies\/2608035-urgence-de-sante-publique-de-portee-internationale-definition-oms-coronavirus\/\" target=\"_blank\" rel=\"noopener noreferrer\">urgence de sant\u00e9 mondiale<\/a><\/strong>.\u00a0Cette mesure n&rsquo;avait \u00e9t\u00e9 d\u00e9cr\u00e9t\u00e9e que 5\u00a0fois depuis sa cr\u00e9ation (pour Ebola (deux fois), la grippe H1N1, Zika et la poliomy\u00e9lite).\u00a0<\/li>\n<li><strong>23\u00a0f\u00e9vrier, <\/strong>la France d\u00e9clenche le <a href=\"https:\/\/sante.journaldesfemmes.fr\/fiches-maladies\/2622449-plan-orsan-reb-definition-signification-qui-declenche-coronavirus-definition-duree\/\" target=\"_blank\" rel=\"noopener noreferrer\">plan ORSAN<\/a>, un dispositif exceptionnel d&rsquo;organisation des soins.<\/li>\n<li><strong>28\u00a0f\u00e9vrier,<\/strong> la France passe en stade 2\u00a0de l&rsquo;\u00e9pid\u00e9mie.<\/li>\n<li><strong>11\u00a0mars, <\/strong>l&rsquo;OMS classifie de <strong>pand\u00e9mie <\/strong>la diffusion de la maladie \u00e0 coronavirus Covid-19\u00a0dans le monde.<\/li>\n<li><strong>12\u00a0mars<\/strong>, le pr\u00e9sident de la R\u00e9publique Emmanuel Macron annonce la fermeture nationale des cr\u00e8ches et \u00e9tablissements scolaires de France \u00e0 compter du 16\u00a0mars et \u00ab\u00a0jusqu&rsquo;\u00e0 nouvel ordre\u00a0\u00bb.<\/li>\n<li><strong>14\u00a0mars<\/strong>, la France passe au <a href=\"https:\/\/sante.journaldesfemmes.fr\/fiches-maladies\/2625289-coronavirus-covid-19-stade-1-2-3-4-duree-mesure-france-signification-quand\/\" target=\"_blank\" rel=\"noopener noreferrer\"><strong>stade 3 <\/strong><\/a>de l&rsquo;\u00e9pid\u00e9mie.<\/li>\n<li><strong>16\u00a0mars\u00a0:\u00a0la France met en place un premier\u00a0confinement interdisant les d\u00e9placements.<\/strong><\/li>\n<li><strong>26\u00a0mars<\/strong>, un premier cas jeune meurt en France, une adolescente de 16\u00a0ans, en Ile-de-France originaire de Morsang-sur-Orge.<\/li>\n<li><strong>27\u00a0mars,<\/strong> le confinement de la population fran\u00e7aise est renouvel\u00e9 jusqu&rsquo;au 15\u00a0avril.<\/li>\n<li><strong>13\u00a0avril,<\/strong> Emmanuel Macron annonce le prolongement du confinement jusqu&rsquo;au 11\u00a0mai.<\/li>\n<li><strong>11\u00a0mai, la France commence son d\u00e9confinement.<\/strong><\/li>\n<li><strong>20\u00a0juillet,<\/strong>\u00a0le <strong>port du masque est rendu obligatoire <\/strong>dans les lieux publics clos en France.<\/li>\n<li><strong>17 octobre,<\/strong>\u00a0un <strong>couvre-feu <\/strong>est instaur\u00e9 dans 9 territoires fran\u00e7ais (Paris-Ile-de-France, Rouen, Grenoble, Lille, Lyon, Aix-Marseille, Montpellier, Saint-Etienne, Toulouse).<\/li>\n<li><strong>29 octobre<\/strong>\u00a0:<strong> un deuxi\u00e8me confinement est instaur\u00e9 en France.<\/strong><\/li>\n<li><strong>28 novembre : <\/strong>r\u00e9ouverture des commerces non essentiels un mois avant les f\u00eates de fin d&rsquo;ann\u00e9e.<\/li>\n<li><strong>15 d\u00e9cembre : d\u00e9confinement <\/strong>avec\u00a0couvre-feu de 20 heures \u00e0 6 heures du matin.<\/li>\n<li><strong>24 d\u00e9cembre<\/strong> <strong>: autorisation du vaccin Pfizer-BioNTech en France.<\/strong><\/li>\n<li><strong>27 d\u00e9cembre :<\/strong> d\u00e9but de la vaccination en France avec le vaccin Pfizer BioNTech.<\/li>\n<\/ul>\n<p><u><strong>2021<\/strong><\/u><\/p>\n<ul>\n<li><strong>8 janvier 2021<\/strong> <strong>:\u00a0autorisation du vaccin Moderna en France.<\/strong><\/li>\n<li><strong>31 janvier\u00a0<\/strong>: fermeture des fronti\u00e8res de la France\u00a0aux pays ext\u00e9rieurs \u00e0 l&rsquo;Union europ\u00e9enne<\/li>\n<li><strong>2 f\u00e9vrier<\/strong>\u00a0<strong>:\u00a0autorisation du vaccin AstraZeneca en France<\/strong>.<\/li>\n<li><strong>11 f\u00e9vrier : <\/strong>d\u00e9ploiement des tests salivaires dans les \u00e9tablissements scolaires.<\/li>\n<li><strong>12 mars :\u00a0autorisation du\u00a0vaccin\u00a0Johnson&amp;Johnson.<\/strong><\/li>\n<li><strong>16 mars <\/strong>: autorisation des autotests en France.<\/li>\n<li><strong>19 mars :<\/strong> confinement de 16 d\u00e9partements pour une dur\u00e9e de 4 semaines. Le couvre-feu repasse \u00e0 19 heures dans toute la France au lieu de 18 heures.<\/li>\n<li><strong>25 mars<\/strong> :\u00a0confinement de 3 nouveaux d\u00e9partements pour une dur\u00e9e de 4\u00a0semaines.<\/li>\n<li><strong>3 avril\u00a0: la France met en place son troisi\u00e8me confinement,<\/strong>\u00a0les \u00e9coles ferment pour trois semaines, les d\u00e9placements sont limit\u00e9s \u00e0 10 km.<\/li>\n<li><strong>12 avril :<\/strong> ouverture de la vaccination\u00a0\u00e0 tous les Fran\u00e7ais \u00e2g\u00e9s de\u00a055\u00a0ans ou plus.<\/li>\n<li><strong>3 mai : premi\u00e8re \u00e9tape du d\u00e9confinement <\/strong>avec la<strong>\u00a0<\/strong>fin de l&rsquo;attestation de d\u00e9placement et de la limitation des d\u00e9placements \u00e0 10 km. Le couvre-feu est en vigueur de 19h \u00e0 6h.<\/li>\n<li><strong>10 mai <\/strong>: ouverture de la vaccination aux plus de 50 ans.<\/li>\n<li><strong>19 mai :<\/strong>\u00a0deuxi\u00e8me \u00e9tape du d\u00e9confinement avec la r\u00e9ouverture des lieux essentiels ferm\u00e9s (terrasses des bars et restaurants, mus\u00e9es, cin\u00e9mas, th\u00e9\u00e2tres, commerces&#8230;) et couvre-feu de 21 h \u00e0 6 h.\u00a0<\/li>\n<li><strong>31 mai :<\/strong> ouverture de la vaccination \u00e0 toutes les personnes majeures, sans aucune condition.\u00a0<\/li>\n<li><strong>9 juin : <\/strong>troisi\u00e8me \u00e9tape du d\u00e9confinement avec la r\u00e9ouverture de plusieurs lieux (piscines, salles de sport, restaurants, bars, parcs d&rsquo;attractions&#8230;), la mise en place d&rsquo;un couvre-feu de 23h \u00e0 6h et du pass sanitaire national.\u00a0<\/li>\n<li><strong>17 juin <\/strong>: fin de l&rsquo;obligation de porter le masque en ext\u00e9rieur.<\/li>\n<li><strong>20 juin :<\/strong> fin du couvre-feu.<\/li>\n<li><strong>30 juin<\/strong> : d\u00e9confinement total de la France, suppression des jauges.<\/li>\n<li><strong>21\u00a0juillet<\/strong>\u00a0: Extension du<em>\u00a0<\/em>pass sanitaire \u00e0 tous les lieux de loisirs et de culture r\u00e9unissant plus de 50\u00a0personnes<\/li>\n<\/ul>\n<\/td>\n<\/tr>\n<\/tbody>\n<\/table>\n<p><em>Cet article est mis \u00e0 jour quotidiennement par <a href=\"https:\/\/www.journaldesfemmes.fr\/account\/ablaize-11409696\" target=\"_blank\" rel=\"noopener noreferrer\">Aur\u00e9lie Blaize<\/a>\u00a0et\u00a0<a href=\"https:\/\/www.journaldesfemmes.fr\/account\/anaisthiebaux-10573564\" target=\"_blank\" rel=\"noopener noreferrer\">Ana\u00efs Thi\u00e9baux<\/a>.<\/em><\/p>\n<\/section>\n<\/div>\n<p><script async src=\"http:\/\/platform.twitter.com\/widgets.js\" charset=\"utf-8\"><\/script><br \/>\n<br \/>[ad_2]<br \/>\n<br \/><a href=\"https:\/\/sante.journaldesfemmes.fr\/fiches-maladies\/2605417-covid-19-france-chiffres-nombre-cas-mort-carte-nouvelles-mesures-espagne-vaccin-soignant-pass-sanitaire\/\">Source link <\/a><\/p>\n","protected":false},"excerpt":{"rendered":"<p>[ad_1] CORONAVIRUS DIRECT &#8211; Emmanuel Macron s&rsquo;est exprim\u00e9 hier et a annonc\u00e9 des mesures fortes comme l&rsquo;obligation vaccinale pour les &hellip; <a href=\"http:\/\/www.affinite.fr\/index.php\/2021\/07\/13\/record-de-vaccinations-mardi-792-339-injections\/\" class=\"more-link\">Plus <span class=\"screen-reader-text\">record de vaccinations mardi, 792\u00a0339\u00a0injections<\/span> <span class=\"meta-nav\">&rarr;<\/span><\/a><\/p>\n","protected":false},"author":1,"featured_media":6660,"comment_status":"open","ping_status":"open","sticky":false,"template":"","format":"standard","meta":{"_sitemap_exclude":false,"_sitemap_priority":"","_sitemap_frequency":"","footnotes":""},"categories":[1],"tags":[],"class_list":["post-6659","post","type-post","status-publish","format-standard","has-post-thumbnail","hentry","category-tous"],"_links":{"self":[{"href":"http:\/\/www.affinite.fr\/index.php\/wp-json\/wp\/v2\/posts\/6659"}],"collection":[{"href":"http:\/\/www.affinite.fr\/index.php\/wp-json\/wp\/v2\/posts"}],"about":[{"href":"http:\/\/www.affinite.fr\/index.php\/wp-json\/wp\/v2\/types\/post"}],"author":[{"embeddable":true,"href":"http:\/\/www.affinite.fr\/index.php\/wp-json\/wp\/v2\/users\/1"}],"replies":[{"embeddable":true,"href":"http:\/\/www.affinite.fr\/index.php\/wp-json\/wp\/v2\/comments?post=6659"}],"version-history":[{"count":0,"href":"http:\/\/www.affinite.fr\/index.php\/wp-json\/wp\/v2\/posts\/6659\/revisions"}],"wp:featuredmedia":[{"embeddable":true,"href":"http:\/\/www.affinite.fr\/index.php\/wp-json\/wp\/v2\/media\/6660"}],"wp:attachment":[{"href":"http:\/\/www.affinite.fr\/index.php\/wp-json\/wp\/v2\/media?parent=6659"}],"wp:term":[{"taxonomy":"category","embeddable":true,"href":"http:\/\/www.affinite.fr\/index.php\/wp-json\/wp\/v2\/categories?post=6659"},{"taxonomy":"post_tag","embeddable":true,"href":"http:\/\/www.affinite.fr\/index.php\/wp-json\/wp\/v2\/tags?post=6659"}],"curies":[{"name":"wp","href":"https:\/\/api.w.org\/{rel}","templated":true}]}}